{"id":196854,"date":"2026-02-04T11:09:48","date_gmt":"2026-02-04T14:09:48","guid":{"rendered":"https:\/\/portaltela.pt\/noticias\/2026\/02\/04\/condutor-que-abalroou-a-psp-encontrava-se-a-operar-ilegalmente\/"},"modified":"2026-02-04T11:09:48","modified_gmt":"2026-02-04T14:09:48","slug":"condutor-que-abalroou-a-psp-encontrava-se-a-operar-ilegalmente","status":"publish","type":"post","link":"https:\/\/portaltela.pt\/noticias\/2026\/02\/04\/condutor-que-abalroou-a-psp-encontrava-se-a-operar-ilegalmente\/","title":{"rendered":"Condutor que abalroou a PSP encontrava-se a operar ilegalmente"},"content":{"rendered":"<p>Na ter\u00e7a-feira de manh\u00e3, no aeroporto Francisco S\u00e1 Carneiro, no Porto, um condutor de t\u00e1xi reformado abalroou um agente da PSP que tentava abordar o ve\u00edculo, ap\u00f3s este ter detectado atividade suspeita de transporte ilegal de passageiros.<\/p>\n<p>A Pol\u00edcia Judici\u00e1ria (PJ) confirmou que o suspeito, de 63 anos, dedicava-se reiteradamente ao angariar e transportar passageiros sem licen\u00e7a. O agente agarrou-se ao capot para evitar atropelamento e acabou por ser arrastado por v\u00e1rios metros.<\/p>\n<p>O motorista foi detido pela pr\u00e1tica de homic\u00eddio qualificado na forma tentada e de resist\u00eancia e coa\u00e7\u00e3o sobre funcion\u00e1rio. A viatura foi localizada pouco depois com a colabora\u00e7\u00e3o da PSP.<\/p>\n<p>A v\u00edtima foi encaminhada para uma unidade hospitalar, onde recebeu tratamento, apresentando apenas ferimentos leves devido \u00e0 sua r\u00e1pida rea\u00e7\u00e3o. O detido ser\u00e1 apresentado a primeiro interrogat\u00f3rio judicial para aplica\u00e7\u00e3o de medidas de coa\u00e7\u00e3o.<\/p>\n","protected":false},"excerpt":{"rendered":"<ul>\n<li>O condutor de 63 anos, taxista reformado, percorre o aeroporto Francisco S\u00e1 Carneiro, no Porto, com alegado transporte ilegal de passageiros.<\/li>\n<li>Na ter\u00e7a-feira de manh\u00e3, ao abordar o ve\u00edculo, o agente da Pol\u00edcia de Seguran\u00e7a P\u00fablica foi abalroado pelo condutor, que se manteve agarrado ao capot para n\u00e3o atropelar o agente.<\/li>\n<li>A v\u00edtima foi transportada para uma unidade hospitalar e decididamente tratada, tendo evitado ferimentos graves devido \u00e0 agilidade do agente.<\/li>\n<li>O suspeito foi detido pela pr\u00e1tica de homic\u00eddio qualificado na forma tentada e resist\u00eancia e coa\u00e7\u00e3o sobre funcion\u00e1rio, sendo o alvo um agente da PSP.<\/li>\n<li>A PJ indicou que o condutor e o ve\u00edculo foram localizados pouco depois com a colabora\u00e7\u00e3o da PSP, e o detido ser\u00e1 apresentado a primeiro interrogat\u00f3rio judicial para aplica\u00e7\u00e3o de medidas de coa\u00e7\u00e3o.<\/li>\n<\/ul>\n","protected":false},"author":2,"featured_media":196856,"comment_status":"closed","ping_status":"closed","sticky":false,"template":"","format":"standard","meta":{"footnotes":""},"categories":[1],"tags":[2079,1189,982,1381,488,192],"class_list":["post-196854","post","type-post","status-publish","format-standard","has-post-thumbnail","hentry","category-noticias","tag-agressoes","tag-homicidio-qualificado","tag-porto","tag-psp","tag-resistencia-e-coacao","tag-transporte"],"yoast_head":"<!-- This site is optimized with the Yoast SEO plugin v27.2 - https:\/\/yoast.com\/product\/yoast-seo-wordpress\/ -->\n<title>Condutor que abalroou a PSP encontrava-se a operar ilegalmente - Portal Tela Portugal<\/title>\n<meta name=\"robots\" content=\"index, follow, max-snippet:-1, max-image-preview:large, max-video-preview:-1\" \/>\n<meta property=\"og:locale\" content=\"pt_PT\" \/>\n<meta property=\"og:type\" content=\"article\" \/>\n<meta property=\"og:title\" content=\"Condutor que abalroou a PSP encontrava-se a operar ilegalmente - Portal Tela Portugal\" \/>\n<meta property=\"og:description\" content=\"O condutor de 63 anos, taxista reformado, percorre o aeroporto Francisco S\u00e1 Carneiro, no Porto, com alegado transporte ilegal de passageiros. Na ter\u00e7a-feira de manh\u00e3, ao abordar o ve\u00edculo, o agente da Pol\u00edcia de Seguran\u00e7a P\u00fablica foi abalroado pelo condutor, que se manteve agarrado ao capot para n\u00e3o atropelar o agente. A v\u00edtima foi transportada para uma unidade hospitalar e decididamente tratada, tendo evitado ferimentos graves devido \u00e0 agilidade do agente. O suspeito foi detido pela pr\u00e1tica de homic\u00eddio qualificado na forma tentada e resist\u00eancia e coa\u00e7\u00e3o sobre funcion\u00e1rio, sendo o alvo um agente da PSP. A PJ indicou que o condutor e o ve\u00edculo foram localizados pouco depois com a colabora\u00e7\u00e3o da PSP, e o detido ser\u00e1 apresentado a primeiro interrogat\u00f3rio judicial para aplica\u00e7\u00e3o de medidas de coa\u00e7\u00e3o.\" \/>\n<meta property=\"og:url\" content=\"https:\/\/portaltela.pt\/noticias\/2026\/02\/04\/condutor-que-abalroou-a-psp-encontrava-se-a-operar-ilegalmente\/\" \/>\n<meta property=\"og:site_name\" content=\"Portal Tela Portugal\" \/>\n<meta property=\"article:published_time\" content=\"2026-02-04T14:09:48+00:00\" \/>\n<meta name=\"author\" content=\"Telinha\" \/>\n<meta name=\"twitter:card\" content=\"summary_large_image\" \/>\n<meta name=\"twitter:label1\" content=\"Escrito por\" \/>\n\t<meta name=\"twitter:data1\" content=\"Telinha\" \/>\n\t<meta name=\"twitter:label2\" content=\"Tempo estimado de leitura\" \/>\n\t<meta name=\"twitter:data2\" content=\"1 minuto\" \/>\n<script type=\"application\/ld+json\" class=\"yoast-schema-graph\">{\"@context\":\"https:\/\/schema.org\",\"@graph\":[{\"@type\":\"Article\",\"@id\":\"https:\/\/portaltela.pt\/noticias\/2026\/02\/04\/condutor-que-abalroou-a-psp-encontrava-se-a-operar-ilegalmente\/#article\",\"isPartOf\":{\"@id\":\"https:\/\/portaltela.pt\/noticias\/2026\/02\/04\/condutor-que-abalroou-a-psp-encontrava-se-a-operar-ilegalmente\/\"},\"author\":{\"name\":\"Telinha\",\"@id\":\"https:\/\/portaltela.pt\/#\/schema\/person\/c4278d4a6028830caff9ee44b42d32ed\"},\"headline\":\"Condutor que abalroou a PSP encontrava-se a operar ilegalmente\",\"datePublished\":\"2026-02-04T14:09:48+00:00\",\"mainEntityOfPage\":{\"@id\":\"https:\/\/portaltela.pt\/noticias\/2026\/02\/04\/condutor-que-abalroou-a-psp-encontrava-se-a-operar-ilegalmente\/\"},\"wordCount\":164,\"image\":{\"@id\":\"https:\/\/portaltela.pt\/noticias\/2026\/02\/04\/condutor-que-abalroou-a-psp-encontrava-se-a-operar-ilegalmente\/#primaryimage\"},\"thumbnailUrl\":\"https:\/\/portaltela.pt\/s.01k8rhncp4jt1\/2026\/02\/gettyimages-2227549546-1.jpg\",\"keywords\":[\"agress\u00f5es\",\"homic\u00eddio qualificado\",\"Porto\",\"PSP\",\"resist\u00eancia e coa\u00e7\u00e3o\",\"transporte\"],\"articleSection\":[\"Not\u00edcias\"],\"inLanguage\":\"pt-PT\"},{\"@type\":\"WebPage\",\"@id\":\"https:\/\/portaltela.pt\/noticias\/2026\/02\/04\/condutor-que-abalroou-a-psp-encontrava-se-a-operar-ilegalmente\/\",\"url\":\"https:\/\/portaltela.pt\/noticias\/2026\/02\/04\/condutor-que-abalroou-a-psp-encontrava-se-a-operar-ilegalmente\/\",\"name\":\"Condutor que abalroou a PSP encontrava-se a operar ilegalmente - Portal Tela Portugal\",\"isPartOf\":{\"@id\":\"https:\/\/portaltela.pt\/#website\"},\"primaryImageOfPage\":{\"@id\":\"https:\/\/portaltela.pt\/noticias\/2026\/02\/04\/condutor-que-abalroou-a-psp-encontrava-se-a-operar-ilegalmente\/#primaryimage\"},\"image\":{\"@id\":\"https:\/\/portaltela.pt\/noticias\/2026\/02\/04\/condutor-que-abalroou-a-psp-encontrava-se-a-operar-ilegalmente\/#primaryimage\"},\"thumbnailUrl\":\"https:\/\/portaltela.pt\/s.01k8rhncp4jt1\/2026\/02\/gettyimages-2227549546-1.jpg\",\"datePublished\":\"2026-02-04T14:09:48+00:00\",\"author\":{\"@id\":\"https:\/\/portaltela.pt\/#\/schema\/person\/c4278d4a6028830caff9ee44b42d32ed\"},\"breadcrumb\":{\"@id\":\"https:\/\/portaltela.pt\/noticias\/2026\/02\/04\/condutor-que-abalroou-a-psp-encontrava-se-a-operar-ilegalmente\/#breadcrumb\"},\"inLanguage\":\"pt-PT\",\"potentialAction\":[{\"@type\":\"ReadAction\",\"target\":[\"https:\/\/portaltela.pt\/noticias\/2026\/02\/04\/condutor-que-abalroou-a-psp-encontrava-se-a-operar-ilegalmente\/\"]}]},{\"@type\":\"ImageObject\",\"inLanguage\":\"pt-PT\",\"@id\":\"https:\/\/portaltela.pt\/noticias\/2026\/02\/04\/condutor-que-abalroou-a-psp-encontrava-se-a-operar-ilegalmente\/#primaryimage\",\"url\":\"https:\/\/portaltela.pt\/s.01k8rhncp4jt1\/2026\/02\/gettyimages-2227549546-1.jpg\",\"contentUrl\":\"https:\/\/portaltela.pt\/s.01k8rhncp4jt1\/2026\/02\/gettyimages-2227549546-1.jpg\",\"width\":796,\"height\":448,\"caption\":\"De referir que a v\u00edtima se encontra numa situa\u00e7\u00e3o de especial vulnerabilidade, afirma a PJ\"},{\"@type\":\"BreadcrumbList\",\"@id\":\"https:\/\/portaltela.pt\/noticias\/2026\/02\/04\/condutor-que-abalroou-a-psp-encontrava-se-a-operar-ilegalmente\/#breadcrumb\",\"itemListElement\":[{\"@type\":\"ListItem\",\"position\":1,\"name\":\"In\u00edcio\",\"item\":\"https:\/\/portaltela.pt\/\"},{\"@type\":\"ListItem\",\"position\":2,\"name\":\"Condutor que abalroou a PSP encontrava-se a operar ilegalmente\"}]},{\"@type\":\"WebSite\",\"@id\":\"https:\/\/portaltela.pt\/#website\",\"url\":\"https:\/\/portaltela.pt\/\",\"name\":\"Portal Tela Portugal\",\"description\":\"\",\"potentialAction\":[{\"@type\":\"SearchAction\",\"target\":{\"@type\":\"EntryPoint\",\"urlTemplate\":\"https:\/\/portaltela.pt\/?s={search_term_string}\"},\"query-input\":{\"@type\":\"PropertyValueSpecification\",\"valueRequired\":true,\"valueName\":\"search_term_string\"}}],\"inLanguage\":\"pt-PT\"},{\"@type\":\"Person\",\"@id\":\"https:\/\/portaltela.pt\/#\/schema\/person\/c4278d4a6028830caff9ee44b42d32ed\",\"name\":\"Telinha\",\"image\":{\"@type\":\"ImageObject\",\"inLanguage\":\"pt-PT\",\"@id\":\"https:\/\/portaltela.pt\/s.01k8rhncp4jt1\/2025\/11\/talking-bot-125x125.png\",\"url\":\"https:\/\/portaltela.pt\/s.01k8rhncp4jt1\/2025\/11\/talking-bot-125x125.png\",\"contentUrl\":\"https:\/\/portaltela.pt\/s.01k8rhncp4jt1\/2025\/11\/talking-bot-125x125.png\",\"caption\":\"Telinha\"},\"sameAs\":[\"https:\/\/portaltela.pt\/\"],\"url\":\"https:\/\/portaltela.pt\/por\/367410592786\/\"}]}<\/script>\n<!-- \/ Yoast SEO plugin. -->","yoast_head_json":{"title":"Condutor que abalroou a PSP encontrava-se a operar ilegalmente - Portal Tela Portugal","robots":{"index":"index","follow":"follow","max-snippet":"max-snippet:-1","max-image-preview":"max-image-preview:large","max-video-preview":"max-video-preview:-1"},"og_locale":"pt_PT","og_type":"article","og_title":"Condutor que abalroou a PSP encontrava-se a operar ilegalmente - Portal Tela Portugal","og_description":"O condutor de 63 anos, taxista reformado, percorre o aeroporto Francisco S\u00e1 Carneiro, no Porto, com alegado transporte ilegal de passageiros. Na ter\u00e7a-feira de manh\u00e3, ao abordar o ve\u00edculo, o agente da Pol\u00edcia de Seguran\u00e7a P\u00fablica foi abalroado pelo condutor, que se manteve agarrado ao capot para n\u00e3o atropelar o agente. A v\u00edtima foi transportada para uma unidade hospitalar e decididamente tratada, tendo evitado ferimentos graves devido \u00e0 agilidade do agente. O suspeito foi detido pela pr\u00e1tica de homic\u00eddio qualificado na forma tentada e resist\u00eancia e coa\u00e7\u00e3o sobre funcion\u00e1rio, sendo o alvo um agente da PSP. A PJ indicou que o condutor e o ve\u00edculo foram localizados pouco depois com a colabora\u00e7\u00e3o da PSP, e o detido ser\u00e1 apresentado a primeiro interrogat\u00f3rio judicial para aplica\u00e7\u00e3o de medidas de coa\u00e7\u00e3o.","og_url":"https:\/\/portaltela.pt\/noticias\/2026\/02\/04\/condutor-que-abalroou-a-psp-encontrava-se-a-operar-ilegalmente\/","og_site_name":"Portal Tela Portugal","article_published_time":"2026-02-04T14:09:48+00:00","author":"Telinha","twitter_card":"summary_large_image","twitter_misc":{"Escrito por":"Telinha","Tempo estimado de leitura":"1 minuto"},"schema":{"@context":"https:\/\/schema.org","@graph":[{"@type":"Article","@id":"https:\/\/portaltela.pt\/noticias\/2026\/02\/04\/condutor-que-abalroou-a-psp-encontrava-se-a-operar-ilegalmente\/#article","isPartOf":{"@id":"https:\/\/portaltela.pt\/noticias\/2026\/02\/04\/condutor-que-abalroou-a-psp-encontrava-se-a-operar-ilegalmente\/"},"author":{"name":"Telinha","@id":"https:\/\/portaltela.pt\/#\/schema\/person\/c4278d4a6028830caff9ee44b42d32ed"},"headline":"Condutor que abalroou a PSP encontrava-se a operar ilegalmente","datePublished":"2026-02-04T14:09:48+00:00","mainEntityOfPage":{"@id":"https:\/\/portaltela.pt\/noticias\/2026\/02\/04\/condutor-que-abalroou-a-psp-encontrava-se-a-operar-ilegalmente\/"},"wordCount":164,"image":{"@id":"https:\/\/portaltela.pt\/noticias\/2026\/02\/04\/condutor-que-abalroou-a-psp-encontrava-se-a-operar-ilegalmente\/#primaryimage"},"thumbnailUrl":"https:\/\/portaltela.pt\/s.01k8rhncp4jt1\/2026\/02\/gettyimages-2227549546-1.jpg","keywords":["agress\u00f5es","homic\u00eddio qualificado","Porto","PSP","resist\u00eancia e coa\u00e7\u00e3o","transporte"],"articleSection":["Not\u00edcias"],"inLanguage":"pt-PT"},{"@type":"WebPage","@id":"https:\/\/portaltela.pt\/noticias\/2026\/02\/04\/condutor-que-abalroou-a-psp-encontrava-se-a-operar-ilegalmente\/","url":"https:\/\/portaltela.pt\/noticias\/2026\/02\/04\/condutor-que-abalroou-a-psp-encontrava-se-a-operar-ilegalmente\/","name":"Condutor que abalroou a PSP encontrava-se a operar ilegalmente - Portal Tela Portugal","isPartOf":{"@id":"https:\/\/portaltela.pt\/#website"},"primaryImageOfPage":{"@id":"https:\/\/portaltela.pt\/noticias\/2026\/02\/04\/condutor-que-abalroou-a-psp-encontrava-se-a-operar-ilegalmente\/#primaryimage"},"image":{"@id":"https:\/\/portaltela.pt\/noticias\/2026\/02\/04\/condutor-que-abalroou-a-psp-encontrava-se-a-operar-ilegalmente\/#primaryimage"},"thumbnailUrl":"https:\/\/portaltela.pt\/s.01k8rhncp4jt1\/2026\/02\/gettyimages-2227549546-1.jpg","datePublished":"2026-02-04T14:09:48+00:00","author":{"@id":"https:\/\/portaltela.pt\/#\/schema\/person\/c4278d4a6028830caff9ee44b42d32ed"},"breadcrumb":{"@id":"https:\/\/portaltela.pt\/noticias\/2026\/02\/04\/condutor-que-abalroou-a-psp-encontrava-se-a-operar-ilegalmente\/#breadcrumb"},"inLanguage":"pt-PT","potentialAction":[{"@type":"ReadAction","target":["https:\/\/portaltela.pt\/noticias\/2026\/02\/04\/condutor-que-abalroou-a-psp-encontrava-se-a-operar-ilegalmente\/"]}]},{"@type":"ImageObject","inLanguage":"pt-PT","@id":"https:\/\/portaltela.pt\/noticias\/2026\/02\/04\/condutor-que-abalroou-a-psp-encontrava-se-a-operar-ilegalmente\/#primaryimage","url":"https:\/\/portaltela.pt\/s.01k8rhncp4jt1\/2026\/02\/gettyimages-2227549546-1.jpg","contentUrl":"https:\/\/portaltela.pt\/s.01k8rhncp4jt1\/2026\/02\/gettyimages-2227549546-1.jpg","width":796,"height":448,"caption":"De referir que a v\u00edtima se encontra numa situa\u00e7\u00e3o de especial vulnerabilidade, afirma a PJ"},{"@type":"BreadcrumbList","@id":"https:\/\/portaltela.pt\/noticias\/2026\/02\/04\/condutor-que-abalroou-a-psp-encontrava-se-a-operar-ilegalmente\/#breadcrumb","itemListElement":[{"@type":"ListItem","position":1,"name":"In\u00edcio","item":"https:\/\/portaltela.pt\/"},{"@type":"ListItem","position":2,"name":"Condutor que abalroou a PSP encontrava-se a operar ilegalmente"}]},{"@type":"WebSite","@id":"https:\/\/portaltela.pt\/#website","url":"https:\/\/portaltela.pt\/","name":"Portal Tela Portugal","description":"","potentialAction":[{"@type":"SearchAction","target":{"@type":"EntryPoint","urlTemplate":"https:\/\/portaltela.pt\/?s={search_term_string}"},"query-input":{"@type":"PropertyValueSpecification","valueRequired":true,"valueName":"search_term_string"}}],"inLanguage":"pt-PT"},{"@type":"Person","@id":"https:\/\/portaltela.pt\/#\/schema\/person\/c4278d4a6028830caff9ee44b42d32ed","name":"Telinha","image":{"@type":"ImageObject","inLanguage":"pt-PT","@id":"https:\/\/portaltela.pt\/s.01k8rhncp4jt1\/2025\/11\/talking-bot-125x125.png","url":"https:\/\/portaltela.pt\/s.01k8rhncp4jt1\/2025\/11\/talking-bot-125x125.png","contentUrl":"https:\/\/portaltela.pt\/s.01k8rhncp4jt1\/2025\/11\/talking-bot-125x125.png","caption":"Telinha"},"sameAs":["https:\/\/portaltela.pt\/"],"url":"https:\/\/portaltela.pt\/por\/367410592786\/"}]}},"_links":{"self":[{"href":"https:\/\/portaltela.pt\/api\/wp\/v2\/posts\/196854","targetHints":{"allow":["GET"]}}],"collection":[{"href":"https:\/\/portaltela.pt\/api\/wp\/v2\/posts"}],"about":[{"href":"https:\/\/portaltela.pt\/api\/wp\/v2\/types\/post"}],"author":[{"embeddable":true,"href":"https:\/\/portaltela.pt\/api\/wp\/v2\/users\/2"}],"replies":[{"embeddable":true,"href":"https:\/\/portaltela.pt\/api\/wp\/v2\/comments?post=196854"}],"version-history":[{"count":0,"href":"https:\/\/portaltela.pt\/api\/wp\/v2\/posts\/196854\/revisions"}],"wp:featuredmedia":[{"embeddable":true,"href":"https:\/\/portaltela.pt\/api\/wp\/v2\/media\/196856"}],"wp:attachment":[{"href":"https:\/\/portaltela.pt\/api\/wp\/v2\/media?parent=196854"}],"wp:term":[{"taxonomy":"category","embeddable":true,"href":"https:\/\/portaltela.pt\/api\/wp\/v2\/categories?post=196854"},{"taxonomy":"post_tag","embeddable":true,"href":"https:\/\/portaltela.pt\/api\/wp\/v2\/tags?post=196854"}],"curies":[{"name":"wp","href":"https:\/\/api.w.org\/{rel}","templated":true}]}}