{"id":196810,"date":"2026-02-04T10:45:00","date_gmt":"2026-02-04T13:45:00","guid":{"rendered":"https:\/\/portaltela.pt\/noticias\/2026\/02\/04\/academia-politica-da-jsd-madeira-discute-papel-do-presidente-da-republica\/"},"modified":"2026-02-04T10:45:00","modified_gmt":"2026-02-04T13:45:00","slug":"academia-politica-da-jsd-madeira-discute-papel-do-presidente-da-republica","status":"publish","type":"post","link":"https:\/\/portaltela.pt\/noticias\/politica\/2026\/02\/04\/academia-politica-da-jsd-madeira-discute-papel-do-presidente-da-republica\/","title":{"rendered":"Academia Pol\u00edtica da JSD\/Madeira discute papel do Presidente da Rep\u00fablica"},"content":{"rendered":"<p>A Academia Pol\u00edtica da JSD\/Madeira, espa\u00e7o formativo dos jovens social-democratas, realizou ontem a sua quarta iniciativa, dedicada ao tema As Presidenciais e os Desafios Futuros do Pa\u00eds. O objetivo foi analisar a atual situa\u00e7\u00e3o pol\u00edtica e refletir sobre o papel da principal figura do Estado frente \u00e0 Autonomia.<\/p>\n<p>O evento decorreu no Mercado dos Lavradores, reunindo jovens militantes e simpatizantes em ambiente de participa\u00e7\u00e3o aberta. O orador convidado foi Jo\u00e3o Paulo Marques, l\u00edder de bancada da coliga\u00e7\u00e3o Funchal Sempre Melhor na C\u00e2mara Municipal do Funchal.<\/p>\n<p>A sess\u00e3o dividiu-se em tr\u00eas \u00e1reas tem\u00e1ticas escolhidas pelos participantes. O debate iniciou com o potencial impacto da segunda volta das Elei\u00e7\u00f5es Presidenciais no panorama pol\u00edtico nacional, prosseguindo com discuss\u00f5es sobre Rela\u00e7\u00f5es Rep\u00fablica versus Regi\u00f5es Aut\u00f3nomas e o aprofundamento da Autonomia Pol\u00edtica.<\/p>\n<h3>Temas discutidos<\/h3>\n<p>Jo\u00e3o Paulo Marques defendeu que a Autonomia plena da Madeira passa pela revis\u00e3o constitucional, seguida de altera\u00e7\u00f5es ao Estatuto Pol\u00edtico-Administrativo e \u00e0 Lei das Finan\u00e7as Regionais. Outros pontos abordados inclu\u00edram a extin\u00e7\u00e3o do cargo de Representante da Rep\u00fablica e o estatuto da Madeira como Regi\u00e3o Ultraperif\u00e9rica.<\/p>\n<p>Ricardo Freitas, vice-presidente da estrutura e coordenador da Academia, destacou que a iniciativa cumpre o objetivo de fomentar forma\u00e7\u00e3o pol\u00edtica, pensamento cr\u00edtico e trabalho em equipa. Reiterou que as atividades s\u00e3o alinhadas com a atualidade pol\u00edtica e, sempre que poss\u00edvel, com componentes pr\u00e1ticas.<\/p>\n<p>Sobre o ato eleitoral do pr\u00f3ximo domingo, Freitas sublinhou a import\u00e2ncia de refletir sobre as implica\u00e7\u00f5es para a estabilidade democr\u00e1tica da Madeira e de Portugal, enfatizando a relev\u00e2ncia de os jovens compreenderem o funcionamento das institui\u00e7\u00f5es regionais e nacionais.<\/p>\n","protected":false},"excerpt":{"rendered":"<ul>\n<li>A Academia Pol\u00edtica da JSD\/Madeira realizou ontem a sua quarta iniciativa, dedicada ao tema \u201cAs Presidenciais e os Desafios Futuros do Pa\u00eds\u201d, no Mercado dos Lavradores.<\/li>\n<li>O orador convidado foi Jo\u00e3o Paulo Marques, l\u00edder de bancada da coliga\u00e7\u00e3o Funchal Sempre Melhor na C\u00e2mara Municipal do Funchal.<\/li>\n<li>O debate dividiu-se em tr\u00eas \u00e1reas: impacto da segunda volta das presidenciais no panorama pol\u00edtico nacional; rela\u00e7\u00f5es entre a Rep\u00fablica e as regi\u00f5es aut\u00f3nomas; e aprofundamento da autonomia pol\u00edtica.<\/li>\n<li>Marques afirmou que a autonomia plena da Madeira passa por uma revis\u00e3o constitucional, seguida de altera\u00e7\u00f5es ao Estatuto Pol\u00edtico-Administrativo e \u00e0 Lei das Finan\u00e7as Regionais.<\/li>\n<li>Ricardo Freitas, vice-presidente da JSD\/Madeira, destacou que a iniciativa cumpre o objetivo formativo e refor\u00e7ou a import\u00e2ncia de refletir sobre as implica\u00e7\u00f5es do pr\u00f3ximo ato eleitoral para a estabilidade democr\u00e1tica da Madeira e de Portugal.<\/li>\n<\/ul>\n","protected":false},"author":2,"featured_media":196819,"comment_status":"closed","ping_status":"closed","sticky":false,"template":"","format":"standard","meta":{"footnotes":""},"categories":[1,5],"tags":[3344,68,859,2832,30,2974],"class_list":["post-196810","post","type-post","status-publish","format-standard","has-post-thumbnail","hentry","category-noticias","category-politica","tag-autonomia-regional","tag-eleicoes","tag-madeira","tag-politica","tag-presidente","tag-regioes-autonomas"],"yoast_head":"<!-- This site is optimized with the Yoast SEO plugin v27.2 - https:\/\/yoast.com\/product\/yoast-seo-wordpress\/ -->\n<title>Academia Pol\u00edtica da JSD\/Madeira discute papel do Presidente da Rep\u00fablica - Portal Tela Portugal<\/title>\n<meta name=\"robots\" content=\"index, follow, max-snippet:-1, max-image-preview:large, max-video-preview:-1\" \/>\n<meta property=\"og:locale\" content=\"pt_PT\" \/>\n<meta property=\"og:type\" content=\"article\" \/>\n<meta property=\"og:title\" content=\"Academia Pol\u00edtica da JSD\/Madeira discute papel do Presidente da Rep\u00fablica - Portal Tela Portugal\" \/>\n<meta property=\"og:description\" content=\"A Academia Pol\u00edtica da JSD\/Madeira realizou ontem a sua quarta iniciativa, dedicada ao tema \u201cAs Presidenciais e os Desafios Futuros do Pa\u00eds\u201d, no Mercado dos Lavradores. O orador convidado foi Jo\u00e3o Paulo Marques, l\u00edder de bancada da coliga\u00e7\u00e3o Funchal Sempre Melhor na C\u00e2mara Municipal do Funchal. O debate dividiu-se em tr\u00eas \u00e1reas: impacto da segunda volta das presidenciais no panorama pol\u00edtico nacional; rela\u00e7\u00f5es entre a Rep\u00fablica e as regi\u00f5es aut\u00f3nomas; e aprofundamento da autonomia pol\u00edtica. Marques afirmou que a autonomia plena da Madeira passa por uma revis\u00e3o constitucional, seguida de altera\u00e7\u00f5es ao Estatuto Pol\u00edtico-Administrativo e \u00e0 Lei das Finan\u00e7as Regionais. Ricardo Freitas, vice-presidente da JSD\/Madeira, destacou que a iniciativa cumpre o objetivo formativo e refor\u00e7ou a import\u00e2ncia de refletir sobre as implica\u00e7\u00f5es do pr\u00f3ximo ato eleitoral para a estabilidade democr\u00e1tica da Madeira e de Portugal.\" \/>\n<meta property=\"og:url\" content=\"https:\/\/portaltela.pt\/noticias\/2026\/02\/04\/academia-politica-da-jsd-madeira-discute-papel-do-presidente-da-republica\/\" \/>\n<meta property=\"og:site_name\" content=\"Portal Tela Portugal\" \/>\n<meta property=\"article:published_time\" content=\"2026-02-04T13:45:00+00:00\" \/>\n<meta name=\"author\" content=\"Telinha\" \/>\n<meta name=\"twitter:card\" content=\"summary_large_image\" \/>\n<meta name=\"twitter:label1\" content=\"Escrito por\" \/>\n\t<meta name=\"twitter:data1\" content=\"Telinha\" \/>\n\t<meta name=\"twitter:label2\" content=\"Tempo estimado de leitura\" \/>\n\t<meta name=\"twitter:data2\" content=\"2 minutos\" \/>\n<script type=\"application\/ld+json\" class=\"yoast-schema-graph\">{\"@context\":\"https:\/\/schema.org\",\"@graph\":[{\"@type\":\"Article\",\"@id\":\"https:\/\/portaltela.pt\/noticias\/2026\/02\/04\/academia-politica-da-jsd-madeira-discute-papel-do-presidente-da-republica\/#article\",\"isPartOf\":{\"@id\":\"https:\/\/portaltela.pt\/noticias\/2026\/02\/04\/academia-politica-da-jsd-madeira-discute-papel-do-presidente-da-republica\/\"},\"author\":{\"name\":\"Telinha\",\"@id\":\"https:\/\/portaltela.pt\/#\/schema\/person\/c4278d4a6028830caff9ee44b42d32ed\"},\"headline\":\"Academia Pol\u00edtica da JSD\/Madeira discute papel do Presidente da Rep\u00fablica\",\"datePublished\":\"2026-02-04T13:45:00+00:00\",\"mainEntityOfPage\":{\"@id\":\"https:\/\/portaltela.pt\/noticias\/2026\/02\/04\/academia-politica-da-jsd-madeira-discute-papel-do-presidente-da-republica\/\"},\"wordCount\":313,\"image\":{\"@id\":\"https:\/\/portaltela.pt\/noticias\/2026\/02\/04\/academia-politica-da-jsd-madeira-discute-papel-do-presidente-da-republica\/#primaryimage\"},\"thumbnailUrl\":\"https:\/\/portaltela.pt\/s.01k8rhncp4jt1\/2026\/02\/unnamed-file-1238.jpg\",\"keywords\":[\"autonomia regional\",\"elei\u00e7\u00f5es\",\"Madeira\",\"pol\u00edtica\",\"presidente\",\"Regi\u00f5es Aut\u00f3nomas\"],\"articleSection\":[\"Not\u00edcias\",\"Pol\u00edtica\"],\"inLanguage\":\"pt-PT\"},{\"@type\":\"WebPage\",\"@id\":\"https:\/\/portaltela.pt\/noticias\/2026\/02\/04\/academia-politica-da-jsd-madeira-discute-papel-do-presidente-da-republica\/\",\"url\":\"https:\/\/portaltela.pt\/noticias\/2026\/02\/04\/academia-politica-da-jsd-madeira-discute-papel-do-presidente-da-republica\/\",\"name\":\"Academia Pol\u00edtica da JSD\/Madeira discute papel do Presidente da Rep\u00fablica - Portal Tela Portugal\",\"isPartOf\":{\"@id\":\"https:\/\/portaltela.pt\/#website\"},\"primaryImageOfPage\":{\"@id\":\"https:\/\/portaltela.pt\/noticias\/2026\/02\/04\/academia-politica-da-jsd-madeira-discute-papel-do-presidente-da-republica\/#primaryimage\"},\"image\":{\"@id\":\"https:\/\/portaltela.pt\/noticias\/2026\/02\/04\/academia-politica-da-jsd-madeira-discute-papel-do-presidente-da-republica\/#primaryimage\"},\"thumbnailUrl\":\"https:\/\/portaltela.pt\/s.01k8rhncp4jt1\/2026\/02\/unnamed-file-1238.jpg\",\"datePublished\":\"2026-02-04T13:45:00+00:00\",\"author\":{\"@id\":\"https:\/\/portaltela.pt\/#\/schema\/person\/c4278d4a6028830caff9ee44b42d32ed\"},\"breadcrumb\":{\"@id\":\"https:\/\/portaltela.pt\/noticias\/2026\/02\/04\/academia-politica-da-jsd-madeira-discute-papel-do-presidente-da-republica\/#breadcrumb\"},\"inLanguage\":\"pt-PT\",\"potentialAction\":[{\"@type\":\"ReadAction\",\"target\":[\"https:\/\/portaltela.pt\/noticias\/2026\/02\/04\/academia-politica-da-jsd-madeira-discute-papel-do-presidente-da-republica\/\"]}]},{\"@type\":\"ImageObject\",\"inLanguage\":\"pt-PT\",\"@id\":\"https:\/\/portaltela.pt\/noticias\/2026\/02\/04\/academia-politica-da-jsd-madeira-discute-papel-do-presidente-da-republica\/#primaryimage\",\"url\":\"https:\/\/portaltela.pt\/s.01k8rhncp4jt1\/2026\/02\/unnamed-file-1238.jpg\",\"contentUrl\":\"https:\/\/portaltela.pt\/s.01k8rhncp4jt1\/2026\/02\/unnamed-file-1238.jpg\",\"caption\":\"Academia Pol\u00edtica da JSD\/Madeira debateu papel do Presidente da Rep\u00fablica\"},{\"@type\":\"BreadcrumbList\",\"@id\":\"https:\/\/portaltela.pt\/noticias\/2026\/02\/04\/academia-politica-da-jsd-madeira-discute-papel-do-presidente-da-republica\/#breadcrumb\",\"itemListElement\":[{\"@type\":\"ListItem\",\"position\":1,\"name\":\"In\u00edcio\",\"item\":\"https:\/\/portaltela.pt\/\"},{\"@type\":\"ListItem\",\"position\":2,\"name\":\"Academia Pol\u00edtica da JSD\/Madeira discute papel do Presidente da Rep\u00fablica\"}]},{\"@type\":\"WebSite\",\"@id\":\"https:\/\/portaltela.pt\/#website\",\"url\":\"https:\/\/portaltela.pt\/\",\"name\":\"Portal Tela Portugal\",\"description\":\"\",\"potentialAction\":[{\"@type\":\"SearchAction\",\"target\":{\"@type\":\"EntryPoint\",\"urlTemplate\":\"https:\/\/portaltela.pt\/?s={search_term_string}\"},\"query-input\":{\"@type\":\"PropertyValueSpecification\",\"valueRequired\":true,\"valueName\":\"search_term_string\"}}],\"inLanguage\":\"pt-PT\"},{\"@type\":\"Person\",\"@id\":\"https:\/\/portaltela.pt\/#\/schema\/person\/c4278d4a6028830caff9ee44b42d32ed\",\"name\":\"Telinha\",\"image\":{\"@type\":\"ImageObject\",\"inLanguage\":\"pt-PT\",\"@id\":\"https:\/\/portaltela.pt\/s.01k8rhncp4jt1\/2025\/11\/talking-bot-125x125.png\",\"url\":\"https:\/\/portaltela.pt\/s.01k8rhncp4jt1\/2025\/11\/talking-bot-125x125.png\",\"contentUrl\":\"https:\/\/portaltela.pt\/s.01k8rhncp4jt1\/2025\/11\/talking-bot-125x125.png\",\"caption\":\"Telinha\"},\"sameAs\":[\"https:\/\/portaltela.pt\/\"],\"url\":\"https:\/\/portaltela.pt\/por\/367410592786\/\"}]}<\/script>\n<!-- \/ Yoast SEO plugin. -->","yoast_head_json":{"title":"Academia Pol\u00edtica da JSD\/Madeira discute papel do Presidente da Rep\u00fablica - Portal Tela Portugal","robots":{"index":"index","follow":"follow","max-snippet":"max-snippet:-1","max-image-preview":"max-image-preview:large","max-video-preview":"max-video-preview:-1"},"og_locale":"pt_PT","og_type":"article","og_title":"Academia Pol\u00edtica da JSD\/Madeira discute papel do Presidente da Rep\u00fablica - Portal Tela Portugal","og_description":"A Academia Pol\u00edtica da JSD\/Madeira realizou ontem a sua quarta iniciativa, dedicada ao tema \u201cAs Presidenciais e os Desafios Futuros do Pa\u00eds\u201d, no Mercado dos Lavradores. O orador convidado foi Jo\u00e3o Paulo Marques, l\u00edder de bancada da coliga\u00e7\u00e3o Funchal Sempre Melhor na C\u00e2mara Municipal do Funchal. O debate dividiu-se em tr\u00eas \u00e1reas: impacto da segunda volta das presidenciais no panorama pol\u00edtico nacional; rela\u00e7\u00f5es entre a Rep\u00fablica e as regi\u00f5es aut\u00f3nomas; e aprofundamento da autonomia pol\u00edtica. Marques afirmou que a autonomia plena da Madeira passa por uma revis\u00e3o constitucional, seguida de altera\u00e7\u00f5es ao Estatuto Pol\u00edtico-Administrativo e \u00e0 Lei das Finan\u00e7as Regionais. Ricardo Freitas, vice-presidente da JSD\/Madeira, destacou que a iniciativa cumpre o objetivo formativo e refor\u00e7ou a import\u00e2ncia de refletir sobre as implica\u00e7\u00f5es do pr\u00f3ximo ato eleitoral para a estabilidade democr\u00e1tica da Madeira e de Portugal.","og_url":"https:\/\/portaltela.pt\/noticias\/2026\/02\/04\/academia-politica-da-jsd-madeira-discute-papel-do-presidente-da-republica\/","og_site_name":"Portal Tela Portugal","article_published_time":"2026-02-04T13:45:00+00:00","author":"Telinha","twitter_card":"summary_large_image","twitter_misc":{"Escrito por":"Telinha","Tempo estimado de leitura":"2 minutos"},"schema":{"@context":"https:\/\/schema.org","@graph":[{"@type":"Article","@id":"https:\/\/portaltela.pt\/noticias\/2026\/02\/04\/academia-politica-da-jsd-madeira-discute-papel-do-presidente-da-republica\/#article","isPartOf":{"@id":"https:\/\/portaltela.pt\/noticias\/2026\/02\/04\/academia-politica-da-jsd-madeira-discute-papel-do-presidente-da-republica\/"},"author":{"name":"Telinha","@id":"https:\/\/portaltela.pt\/#\/schema\/person\/c4278d4a6028830caff9ee44b42d32ed"},"headline":"Academia Pol\u00edtica da JSD\/Madeira discute papel do Presidente da Rep\u00fablica","datePublished":"2026-02-04T13:45:00+00:00","mainEntityOfPage":{"@id":"https:\/\/portaltela.pt\/noticias\/2026\/02\/04\/academia-politica-da-jsd-madeira-discute-papel-do-presidente-da-republica\/"},"wordCount":313,"image":{"@id":"https:\/\/portaltela.pt\/noticias\/2026\/02\/04\/academia-politica-da-jsd-madeira-discute-papel-do-presidente-da-republica\/#primaryimage"},"thumbnailUrl":"https:\/\/portaltela.pt\/s.01k8rhncp4jt1\/2026\/02\/unnamed-file-1238.jpg","keywords":["autonomia regional","elei\u00e7\u00f5es","Madeira","pol\u00edtica","presidente","Regi\u00f5es Aut\u00f3nomas"],"articleSection":["Not\u00edcias","Pol\u00edtica"],"inLanguage":"pt-PT"},{"@type":"WebPage","@id":"https:\/\/portaltela.pt\/noticias\/2026\/02\/04\/academia-politica-da-jsd-madeira-discute-papel-do-presidente-da-republica\/","url":"https:\/\/portaltela.pt\/noticias\/2026\/02\/04\/academia-politica-da-jsd-madeira-discute-papel-do-presidente-da-republica\/","name":"Academia Pol\u00edtica da JSD\/Madeira discute papel do Presidente da Rep\u00fablica - Portal Tela Portugal","isPartOf":{"@id":"https:\/\/portaltela.pt\/#website"},"primaryImageOfPage":{"@id":"https:\/\/portaltela.pt\/noticias\/2026\/02\/04\/academia-politica-da-jsd-madeira-discute-papel-do-presidente-da-republica\/#primaryimage"},"image":{"@id":"https:\/\/portaltela.pt\/noticias\/2026\/02\/04\/academia-politica-da-jsd-madeira-discute-papel-do-presidente-da-republica\/#primaryimage"},"thumbnailUrl":"https:\/\/portaltela.pt\/s.01k8rhncp4jt1\/2026\/02\/unnamed-file-1238.jpg","datePublished":"2026-02-04T13:45:00+00:00","author":{"@id":"https:\/\/portaltela.pt\/#\/schema\/person\/c4278d4a6028830caff9ee44b42d32ed"},"breadcrumb":{"@id":"https:\/\/portaltela.pt\/noticias\/2026\/02\/04\/academia-politica-da-jsd-madeira-discute-papel-do-presidente-da-republica\/#breadcrumb"},"inLanguage":"pt-PT","potentialAction":[{"@type":"ReadAction","target":["https:\/\/portaltela.pt\/noticias\/2026\/02\/04\/academia-politica-da-jsd-madeira-discute-papel-do-presidente-da-republica\/"]}]},{"@type":"ImageObject","inLanguage":"pt-PT","@id":"https:\/\/portaltela.pt\/noticias\/2026\/02\/04\/academia-politica-da-jsd-madeira-discute-papel-do-presidente-da-republica\/#primaryimage","url":"https:\/\/portaltela.pt\/s.01k8rhncp4jt1\/2026\/02\/unnamed-file-1238.jpg","contentUrl":"https:\/\/portaltela.pt\/s.01k8rhncp4jt1\/2026\/02\/unnamed-file-1238.jpg","caption":"Academia Pol\u00edtica da JSD\/Madeira debateu papel do Presidente da Rep\u00fablica"},{"@type":"BreadcrumbList","@id":"https:\/\/portaltela.pt\/noticias\/2026\/02\/04\/academia-politica-da-jsd-madeira-discute-papel-do-presidente-da-republica\/#breadcrumb","itemListElement":[{"@type":"ListItem","position":1,"name":"In\u00edcio","item":"https:\/\/portaltela.pt\/"},{"@type":"ListItem","position":2,"name":"Academia Pol\u00edtica da JSD\/Madeira discute papel do Presidente da Rep\u00fablica"}]},{"@type":"WebSite","@id":"https:\/\/portaltela.pt\/#website","url":"https:\/\/portaltela.pt\/","name":"Portal Tela Portugal","description":"","potentialAction":[{"@type":"SearchAction","target":{"@type":"EntryPoint","urlTemplate":"https:\/\/portaltela.pt\/?s={search_term_string}"},"query-input":{"@type":"PropertyValueSpecification","valueRequired":true,"valueName":"search_term_string"}}],"inLanguage":"pt-PT"},{"@type":"Person","@id":"https:\/\/portaltela.pt\/#\/schema\/person\/c4278d4a6028830caff9ee44b42d32ed","name":"Telinha","image":{"@type":"ImageObject","inLanguage":"pt-PT","@id":"https:\/\/portaltela.pt\/s.01k8rhncp4jt1\/2025\/11\/talking-bot-125x125.png","url":"https:\/\/portaltela.pt\/s.01k8rhncp4jt1\/2025\/11\/talking-bot-125x125.png","contentUrl":"https:\/\/portaltela.pt\/s.01k8rhncp4jt1\/2025\/11\/talking-bot-125x125.png","caption":"Telinha"},"sameAs":["https:\/\/portaltela.pt\/"],"url":"https:\/\/portaltela.pt\/por\/367410592786\/"}]}},"_links":{"self":[{"href":"https:\/\/portaltela.pt\/api\/wp\/v2\/posts\/196810","targetHints":{"allow":["GET"]}}],"collection":[{"href":"https:\/\/portaltela.pt\/api\/wp\/v2\/posts"}],"about":[{"href":"https:\/\/portaltela.pt\/api\/wp\/v2\/types\/post"}],"author":[{"embeddable":true,"href":"https:\/\/portaltela.pt\/api\/wp\/v2\/users\/2"}],"replies":[{"embeddable":true,"href":"https:\/\/portaltela.pt\/api\/wp\/v2\/comments?post=196810"}],"version-history":[{"count":0,"href":"https:\/\/portaltela.pt\/api\/wp\/v2\/posts\/196810\/revisions"}],"wp:featuredmedia":[{"embeddable":true,"href":"https:\/\/portaltela.pt\/api\/wp\/v2\/media\/196819"}],"wp:attachment":[{"href":"https:\/\/portaltela.pt\/api\/wp\/v2\/media?parent=196810"}],"wp:term":[{"taxonomy":"category","embeddable":true,"href":"https:\/\/portaltela.pt\/api\/wp\/v2\/categories?post=196810"},{"taxonomy":"post_tag","embeddable":true,"href":"https:\/\/portaltela.pt\/api\/wp\/v2\/tags?post=196810"}],"curies":[{"name":"wp","href":"https:\/\/api.w.org\/{rel}","templated":true}]}}