{"id":196779,"date":"2026-02-04T10:33:00","date_gmt":"2026-02-04T13:33:00","guid":{"rendered":"https:\/\/portaltela.pt\/noticias\/2026\/02\/04\/lojas-afetadas-por-obras-na-rua-ferreira-borges-com-isencao-de-taxas\/"},"modified":"2026-02-04T10:33:00","modified_gmt":"2026-02-04T13:33:00","slug":"lojas-afetadas-por-obras-na-rua-ferreira-borges-com-isencao-de-taxas","status":"publish","type":"post","link":"https:\/\/portaltela.pt\/noticias\/economia\/2026\/02\/04\/lojas-afetadas-por-obras-na-rua-ferreira-borges-com-isencao-de-taxas\/","title":{"rendered":"Lojas afetadas por obras na rua Ferreira Borges com isen\u00e7\u00e3o de taxas"},"content":{"rendered":"<p>A C\u00e2mara Municipal de Lisboa (CML) e a Junta de Freguesia de Campo de Ourique aprovam isen\u00e7\u00f5es de taxas para comerciantes afetados pelas obras na rua Ferreira Borges. A medida decorre entre 1 de janeiro de 2026 e 31 de agosto de 2027, com o objetivo de proteger o tecido comercial durante a requalifica\u00e7\u00e3o. A proposta foi aprovada hoje de forma un\u00e2nime pelo executivo.<\/p>\n<h3>Medidas e objetivos<\/h3>\n<p>A isen\u00e7\u00e3o incide sobre taxas de ocupa\u00e7\u00e3o do espa\u00e7o p\u00fablico e de publicidade, previstas no Regulamento Geral de Taxas, Pre\u00e7os e Outras Receitas do Munic\u00edpio de Lisboa. A iniciativa pretende mitigar o impacto econ\u00f3mico provocado pelas obras na via.<\/p>\n<h3>Impacto financeiro e detalhes da comparticipa\u00e7\u00e3o<\/h3>\n<p>A proje\u00e7\u00e3o aponta para um custo superior a 131 mil euros, repartido entre o munic\u00edpio (14.359 euros) e a junta (116.748 euros) ao longo de 20 meses. A CML vai ainda conceder apoio financeiro \u00e0 Junta de Campo de Ourique, de 58.374 euros, correspondente a 50% da perda de receita prevista.<\/p>\n<h3>Sobre as obras e benef\u00edcios previstos<\/h3>\n<p>A interven\u00e7\u00e3o em Ferreira Borges envolve cerca de 80 lojas e uma circula\u00e7\u00e3o di\u00e1ria estimada de 6 mil ve\u00edculos. Prev\u00ea a retirada da linha do el\u00e9trico, requalifica\u00e7\u00e3o da via, pavimentos, passeios, sem\u00e1foros inteligentes e novas zonas de descanso. Haver\u00e1 ajustes para reduzir o ru\u00eddo e facilitar cargas e descargas, promovendo o contacto entre residentes e comerciantes.<\/p>\n<p>Fonte\/Foto: CM Lisboa<\/p>\n","protected":false},"excerpt":{"rendered":"<ul>\n<li>A C\u00e2mara Municipal de Lisboa (CML) e a Junta de Freguesia de Campo de Ourique aprovaram, por unanimidade, isentar taxas de ocupa\u00e7\u00e3o de espa\u00e7o p\u00fablico e de publicidade para os comerciantes afetados pelas obras na rua Ferreira Borges, entre 1 de janeiro de 2026 e 31 de agosto de 2027.<\/li>\n<li>O objetivo \u00e9 apoiar o tecido comercial e mitigar o impacto econ\u00f3mico da requalifica\u00e7\u00e3o da rua, que envolve cerca de 80 lojas e uma circula\u00e7\u00e3o de cerca de 6 mil autom\u00f3veis por dia.<\/li>\n<li>O Regulamento Geral de Taxas prev\u00ea reduzir, isentar ou suspender temporariamente taxas sempre que ocorram interven\u00e7\u00f5es municipais na rede vi\u00e1ria ou outras que alterem atividades econ\u00f3micas.<\/li>\n<li>O impacto financeiro estimado supera os 131 mil euros, com perda de receitas de 14.358,95 euros para o munic\u00edpio e 116.747,51 euros para a Junta; a CML prev\u00ea ainda atribuir 58.373,75 euros \u00e0 Junta como contrapartida.<\/li>\n<li>Entre as melhorias planeadas est\u00e3o a retirada da linha do el\u00e9trico, requalifica\u00e7\u00e3o da via, pavimentos e passeios, sem\u00e1foros inteligentes e medidas para facilitar o contacto entre residentes e comerciantes; a proposta segue para aprova\u00e7\u00e3o na Assembleia Municipal de Lisboa.<\/li>\n<\/ul>\n","protected":false},"author":2,"featured_media":196790,"comment_status":"closed","ping_status":"closed","sticky":false,"template":"","format":"standard","meta":{"footnotes":""},"categories":[2,1],"tags":[244,981,2972,3148,1563,1632],"class_list":["post-196779","post","type-post","status-publish","format-standard","has-post-thumbnail","hentry","category-economia","category-noticias","tag-comercio","tag-lisboa","tag-pavimentacao","tag-planeamento-urbano","tag-regeneracao-urbana","tag-taxas"],"yoast_head":"<!-- This site is optimized with the Yoast SEO plugin v27.2 - https:\/\/yoast.com\/product\/yoast-seo-wordpress\/ -->\n<title>Lojas afetadas por obras na rua Ferreira Borges com isen\u00e7\u00e3o de taxas - Portal Tela Portugal<\/title>\n<meta name=\"robots\" content=\"index, follow, max-snippet:-1, max-image-preview:large, max-video-preview:-1\" \/>\n<meta property=\"og:locale\" content=\"pt_PT\" \/>\n<meta property=\"og:type\" content=\"article\" \/>\n<meta property=\"og:title\" content=\"Lojas afetadas por obras na rua Ferreira Borges com isen\u00e7\u00e3o de taxas - Portal Tela Portugal\" \/>\n<meta property=\"og:description\" content=\"A C\u00e2mara Municipal de Lisboa (CML) e a Junta de Freguesia de Campo de Ourique aprovaram, por unanimidade, isentar taxas de ocupa\u00e7\u00e3o de espa\u00e7o p\u00fablico e de publicidade para os comerciantes afetados pelas obras na rua Ferreira Borges, entre 1 de janeiro de 2026 e 31 de agosto de 2027. O objetivo \u00e9 apoiar o tecido comercial e mitigar o impacto econ\u00f3mico da requalifica\u00e7\u00e3o da rua, que envolve cerca de 80 lojas e uma circula\u00e7\u00e3o de cerca de 6 mil autom\u00f3veis por dia. O Regulamento Geral de Taxas prev\u00ea reduzir, isentar ou suspender temporariamente taxas sempre que ocorram interven\u00e7\u00f5es municipais na rede vi\u00e1ria ou outras que alterem atividades econ\u00f3micas. O impacto financeiro estimado supera os 131 mil euros, com perda de receitas de 14.358,95 euros para o munic\u00edpio e 116.747,51 euros para a Junta; a CML prev\u00ea ainda atribuir 58.373,75 euros \u00e0 Junta como contrapartida. Entre as melhorias planeadas est\u00e3o a retirada da linha do el\u00e9trico, requalifica\u00e7\u00e3o da via, pavimentos e passeios, sem\u00e1foros inteligentes e medidas para facilitar o contacto entre residentes e comerciantes; a proposta segue para aprova\u00e7\u00e3o na Assembleia Municipal de Lisboa.\" \/>\n<meta property=\"og:url\" content=\"https:\/\/portaltela.pt\/noticias\/2026\/02\/04\/lojas-afetadas-por-obras-na-rua-ferreira-borges-com-isencao-de-taxas\/\" \/>\n<meta property=\"og:site_name\" content=\"Portal Tela Portugal\" \/>\n<meta property=\"article:published_time\" content=\"2026-02-04T13:33:00+00:00\" \/>\n<meta name=\"author\" content=\"Telinha\" \/>\n<meta name=\"twitter:card\" content=\"summary_large_image\" \/>\n<meta name=\"twitter:label1\" content=\"Escrito por\" \/>\n\t<meta name=\"twitter:data1\" content=\"Telinha\" \/>\n\t<meta name=\"twitter:label2\" content=\"Tempo estimado de leitura\" \/>\n\t<meta name=\"twitter:data2\" content=\"1 minuto\" \/>\n<script type=\"application\/ld+json\" class=\"yoast-schema-graph\">{\"@context\":\"https:\/\/schema.org\",\"@graph\":[{\"@type\":\"Article\",\"@id\":\"https:\/\/portaltela.pt\/noticias\/2026\/02\/04\/lojas-afetadas-por-obras-na-rua-ferreira-borges-com-isencao-de-taxas\/#article\",\"isPartOf\":{\"@id\":\"https:\/\/portaltela.pt\/noticias\/2026\/02\/04\/lojas-afetadas-por-obras-na-rua-ferreira-borges-com-isencao-de-taxas\/\"},\"author\":{\"name\":\"Telinha\",\"@id\":\"https:\/\/portaltela.pt\/#\/schema\/person\/c4278d4a6028830caff9ee44b42d32ed\"},\"headline\":\"Lojas afetadas por obras na rua Ferreira Borges com isen\u00e7\u00e3o de taxas\",\"datePublished\":\"2026-02-04T13:33:00+00:00\",\"mainEntityOfPage\":{\"@id\":\"https:\/\/portaltela.pt\/noticias\/2026\/02\/04\/lojas-afetadas-por-obras-na-rua-ferreira-borges-com-isencao-de-taxas\/\"},\"wordCount\":252,\"image\":{\"@id\":\"https:\/\/portaltela.pt\/noticias\/2026\/02\/04\/lojas-afetadas-por-obras-na-rua-ferreira-borges-com-isencao-de-taxas\/#primaryimage\"},\"thumbnailUrl\":\"https:\/\/portaltela.pt\/s.01k8rhncp4jt1\/2026\/02\/unnamed-file-1234.jpg\",\"keywords\":[\"com\u00e9rcio\",\"Lisboa\",\"pavimenta\u00e7\u00e3o\",\"planeamento urbano\",\"Regenera\u00e7\u00e3o Urbana\",\"taxas\"],\"articleSection\":[\"Economia\",\"Not\u00edcias\"],\"inLanguage\":\"pt-PT\"},{\"@type\":\"WebPage\",\"@id\":\"https:\/\/portaltela.pt\/noticias\/2026\/02\/04\/lojas-afetadas-por-obras-na-rua-ferreira-borges-com-isencao-de-taxas\/\",\"url\":\"https:\/\/portaltela.pt\/noticias\/2026\/02\/04\/lojas-afetadas-por-obras-na-rua-ferreira-borges-com-isencao-de-taxas\/\",\"name\":\"Lojas afetadas por obras na rua Ferreira Borges com isen\u00e7\u00e3o de taxas - Portal Tela Portugal\",\"isPartOf\":{\"@id\":\"https:\/\/portaltela.pt\/#website\"},\"primaryImageOfPage\":{\"@id\":\"https:\/\/portaltela.pt\/noticias\/2026\/02\/04\/lojas-afetadas-por-obras-na-rua-ferreira-borges-com-isencao-de-taxas\/#primaryimage\"},\"image\":{\"@id\":\"https:\/\/portaltela.pt\/noticias\/2026\/02\/04\/lojas-afetadas-por-obras-na-rua-ferreira-borges-com-isencao-de-taxas\/#primaryimage\"},\"thumbnailUrl\":\"https:\/\/portaltela.pt\/s.01k8rhncp4jt1\/2026\/02\/unnamed-file-1234.jpg\",\"datePublished\":\"2026-02-04T13:33:00+00:00\",\"author\":{\"@id\":\"https:\/\/portaltela.pt\/#\/schema\/person\/c4278d4a6028830caff9ee44b42d32ed\"},\"breadcrumb\":{\"@id\":\"https:\/\/portaltela.pt\/noticias\/2026\/02\/04\/lojas-afetadas-por-obras-na-rua-ferreira-borges-com-isencao-de-taxas\/#breadcrumb\"},\"inLanguage\":\"pt-PT\",\"potentialAction\":[{\"@type\":\"ReadAction\",\"target\":[\"https:\/\/portaltela.pt\/noticias\/2026\/02\/04\/lojas-afetadas-por-obras-na-rua-ferreira-borges-com-isencao-de-taxas\/\"]}]},{\"@type\":\"ImageObject\",\"inLanguage\":\"pt-PT\",\"@id\":\"https:\/\/portaltela.pt\/noticias\/2026\/02\/04\/lojas-afetadas-por-obras-na-rua-ferreira-borges-com-isencao-de-taxas\/#primaryimage\",\"url\":\"https:\/\/portaltela.pt\/s.01k8rhncp4jt1\/2026\/02\/unnamed-file-1234.jpg\",\"contentUrl\":\"https:\/\/portaltela.pt\/s.01k8rhncp4jt1\/2026\/02\/unnamed-file-1234.jpg\",\"width\":796,\"height\":448,\"caption\":\"Lojas afetadas pelas obras na rua Ferreira Borges com isen\u00e7\u00e3o de taxas\"},{\"@type\":\"BreadcrumbList\",\"@id\":\"https:\/\/portaltela.pt\/noticias\/2026\/02\/04\/lojas-afetadas-por-obras-na-rua-ferreira-borges-com-isencao-de-taxas\/#breadcrumb\",\"itemListElement\":[{\"@type\":\"ListItem\",\"position\":1,\"name\":\"In\u00edcio\",\"item\":\"https:\/\/portaltela.pt\/\"},{\"@type\":\"ListItem\",\"position\":2,\"name\":\"Lojas afetadas por obras na rua Ferreira Borges com isen\u00e7\u00e3o de taxas\"}]},{\"@type\":\"WebSite\",\"@id\":\"https:\/\/portaltela.pt\/#website\",\"url\":\"https:\/\/portaltela.pt\/\",\"name\":\"Portal Tela Portugal\",\"description\":\"\",\"potentialAction\":[{\"@type\":\"SearchAction\",\"target\":{\"@type\":\"EntryPoint\",\"urlTemplate\":\"https:\/\/portaltela.pt\/?s={search_term_string}\"},\"query-input\":{\"@type\":\"PropertyValueSpecification\",\"valueRequired\":true,\"valueName\":\"search_term_string\"}}],\"inLanguage\":\"pt-PT\"},{\"@type\":\"Person\",\"@id\":\"https:\/\/portaltela.pt\/#\/schema\/person\/c4278d4a6028830caff9ee44b42d32ed\",\"name\":\"Telinha\",\"image\":{\"@type\":\"ImageObject\",\"inLanguage\":\"pt-PT\",\"@id\":\"https:\/\/portaltela.pt\/s.01k8rhncp4jt1\/2025\/11\/talking-bot-125x125.png\",\"url\":\"https:\/\/portaltela.pt\/s.01k8rhncp4jt1\/2025\/11\/talking-bot-125x125.png\",\"contentUrl\":\"https:\/\/portaltela.pt\/s.01k8rhncp4jt1\/2025\/11\/talking-bot-125x125.png\",\"caption\":\"Telinha\"},\"sameAs\":[\"https:\/\/portaltela.pt\/\"],\"url\":\"https:\/\/portaltela.pt\/por\/367410592786\/\"}]}<\/script>\n<!-- \/ Yoast SEO plugin. -->","yoast_head_json":{"title":"Lojas afetadas por obras na rua Ferreira Borges com isen\u00e7\u00e3o de taxas - Portal Tela Portugal","robots":{"index":"index","follow":"follow","max-snippet":"max-snippet:-1","max-image-preview":"max-image-preview:large","max-video-preview":"max-video-preview:-1"},"og_locale":"pt_PT","og_type":"article","og_title":"Lojas afetadas por obras na rua Ferreira Borges com isen\u00e7\u00e3o de taxas - Portal Tela Portugal","og_description":"A C\u00e2mara Municipal de Lisboa (CML) e a Junta de Freguesia de Campo de Ourique aprovaram, por unanimidade, isentar taxas de ocupa\u00e7\u00e3o de espa\u00e7o p\u00fablico e de publicidade para os comerciantes afetados pelas obras na rua Ferreira Borges, entre 1 de janeiro de 2026 e 31 de agosto de 2027. O objetivo \u00e9 apoiar o tecido comercial e mitigar o impacto econ\u00f3mico da requalifica\u00e7\u00e3o da rua, que envolve cerca de 80 lojas e uma circula\u00e7\u00e3o de cerca de 6 mil autom\u00f3veis por dia. O Regulamento Geral de Taxas prev\u00ea reduzir, isentar ou suspender temporariamente taxas sempre que ocorram interven\u00e7\u00f5es municipais na rede vi\u00e1ria ou outras que alterem atividades econ\u00f3micas. O impacto financeiro estimado supera os 131 mil euros, com perda de receitas de 14.358,95 euros para o munic\u00edpio e 116.747,51 euros para a Junta; a CML prev\u00ea ainda atribuir 58.373,75 euros \u00e0 Junta como contrapartida. Entre as melhorias planeadas est\u00e3o a retirada da linha do el\u00e9trico, requalifica\u00e7\u00e3o da via, pavimentos e passeios, sem\u00e1foros inteligentes e medidas para facilitar o contacto entre residentes e comerciantes; a proposta segue para aprova\u00e7\u00e3o na Assembleia Municipal de Lisboa.","og_url":"https:\/\/portaltela.pt\/noticias\/2026\/02\/04\/lojas-afetadas-por-obras-na-rua-ferreira-borges-com-isencao-de-taxas\/","og_site_name":"Portal Tela Portugal","article_published_time":"2026-02-04T13:33:00+00:00","author":"Telinha","twitter_card":"summary_large_image","twitter_misc":{"Escrito por":"Telinha","Tempo estimado de leitura":"1 minuto"},"schema":{"@context":"https:\/\/schema.org","@graph":[{"@type":"Article","@id":"https:\/\/portaltela.pt\/noticias\/2026\/02\/04\/lojas-afetadas-por-obras-na-rua-ferreira-borges-com-isencao-de-taxas\/#article","isPartOf":{"@id":"https:\/\/portaltela.pt\/noticias\/2026\/02\/04\/lojas-afetadas-por-obras-na-rua-ferreira-borges-com-isencao-de-taxas\/"},"author":{"name":"Telinha","@id":"https:\/\/portaltela.pt\/#\/schema\/person\/c4278d4a6028830caff9ee44b42d32ed"},"headline":"Lojas afetadas por obras na rua Ferreira Borges com isen\u00e7\u00e3o de taxas","datePublished":"2026-02-04T13:33:00+00:00","mainEntityOfPage":{"@id":"https:\/\/portaltela.pt\/noticias\/2026\/02\/04\/lojas-afetadas-por-obras-na-rua-ferreira-borges-com-isencao-de-taxas\/"},"wordCount":252,"image":{"@id":"https:\/\/portaltela.pt\/noticias\/2026\/02\/04\/lojas-afetadas-por-obras-na-rua-ferreira-borges-com-isencao-de-taxas\/#primaryimage"},"thumbnailUrl":"https:\/\/portaltela.pt\/s.01k8rhncp4jt1\/2026\/02\/unnamed-file-1234.jpg","keywords":["com\u00e9rcio","Lisboa","pavimenta\u00e7\u00e3o","planeamento urbano","Regenera\u00e7\u00e3o Urbana","taxas"],"articleSection":["Economia","Not\u00edcias"],"inLanguage":"pt-PT"},{"@type":"WebPage","@id":"https:\/\/portaltela.pt\/noticias\/2026\/02\/04\/lojas-afetadas-por-obras-na-rua-ferreira-borges-com-isencao-de-taxas\/","url":"https:\/\/portaltela.pt\/noticias\/2026\/02\/04\/lojas-afetadas-por-obras-na-rua-ferreira-borges-com-isencao-de-taxas\/","name":"Lojas afetadas por obras na rua Ferreira Borges com isen\u00e7\u00e3o de taxas - Portal Tela Portugal","isPartOf":{"@id":"https:\/\/portaltela.pt\/#website"},"primaryImageOfPage":{"@id":"https:\/\/portaltela.pt\/noticias\/2026\/02\/04\/lojas-afetadas-por-obras-na-rua-ferreira-borges-com-isencao-de-taxas\/#primaryimage"},"image":{"@id":"https:\/\/portaltela.pt\/noticias\/2026\/02\/04\/lojas-afetadas-por-obras-na-rua-ferreira-borges-com-isencao-de-taxas\/#primaryimage"},"thumbnailUrl":"https:\/\/portaltela.pt\/s.01k8rhncp4jt1\/2026\/02\/unnamed-file-1234.jpg","datePublished":"2026-02-04T13:33:00+00:00","author":{"@id":"https:\/\/portaltela.pt\/#\/schema\/person\/c4278d4a6028830caff9ee44b42d32ed"},"breadcrumb":{"@id":"https:\/\/portaltela.pt\/noticias\/2026\/02\/04\/lojas-afetadas-por-obras-na-rua-ferreira-borges-com-isencao-de-taxas\/#breadcrumb"},"inLanguage":"pt-PT","potentialAction":[{"@type":"ReadAction","target":["https:\/\/portaltela.pt\/noticias\/2026\/02\/04\/lojas-afetadas-por-obras-na-rua-ferreira-borges-com-isencao-de-taxas\/"]}]},{"@type":"ImageObject","inLanguage":"pt-PT","@id":"https:\/\/portaltela.pt\/noticias\/2026\/02\/04\/lojas-afetadas-por-obras-na-rua-ferreira-borges-com-isencao-de-taxas\/#primaryimage","url":"https:\/\/portaltela.pt\/s.01k8rhncp4jt1\/2026\/02\/unnamed-file-1234.jpg","contentUrl":"https:\/\/portaltela.pt\/s.01k8rhncp4jt1\/2026\/02\/unnamed-file-1234.jpg","width":796,"height":448,"caption":"Lojas afetadas pelas obras na rua Ferreira Borges com isen\u00e7\u00e3o de taxas"},{"@type":"BreadcrumbList","@id":"https:\/\/portaltela.pt\/noticias\/2026\/02\/04\/lojas-afetadas-por-obras-na-rua-ferreira-borges-com-isencao-de-taxas\/#breadcrumb","itemListElement":[{"@type":"ListItem","position":1,"name":"In\u00edcio","item":"https:\/\/portaltela.pt\/"},{"@type":"ListItem","position":2,"name":"Lojas afetadas por obras na rua Ferreira Borges com isen\u00e7\u00e3o de taxas"}]},{"@type":"WebSite","@id":"https:\/\/portaltela.pt\/#website","url":"https:\/\/portaltela.pt\/","name":"Portal Tela Portugal","description":"","potentialAction":[{"@type":"SearchAction","target":{"@type":"EntryPoint","urlTemplate":"https:\/\/portaltela.pt\/?s={search_term_string}"},"query-input":{"@type":"PropertyValueSpecification","valueRequired":true,"valueName":"search_term_string"}}],"inLanguage":"pt-PT"},{"@type":"Person","@id":"https:\/\/portaltela.pt\/#\/schema\/person\/c4278d4a6028830caff9ee44b42d32ed","name":"Telinha","image":{"@type":"ImageObject","inLanguage":"pt-PT","@id":"https:\/\/portaltela.pt\/s.01k8rhncp4jt1\/2025\/11\/talking-bot-125x125.png","url":"https:\/\/portaltela.pt\/s.01k8rhncp4jt1\/2025\/11\/talking-bot-125x125.png","contentUrl":"https:\/\/portaltela.pt\/s.01k8rhncp4jt1\/2025\/11\/talking-bot-125x125.png","caption":"Telinha"},"sameAs":["https:\/\/portaltela.pt\/"],"url":"https:\/\/portaltela.pt\/por\/367410592786\/"}]}},"_links":{"self":[{"href":"https:\/\/portaltela.pt\/api\/wp\/v2\/posts\/196779","targetHints":{"allow":["GET"]}}],"collection":[{"href":"https:\/\/portaltela.pt\/api\/wp\/v2\/posts"}],"about":[{"href":"https:\/\/portaltela.pt\/api\/wp\/v2\/types\/post"}],"author":[{"embeddable":true,"href":"https:\/\/portaltela.pt\/api\/wp\/v2\/users\/2"}],"replies":[{"embeddable":true,"href":"https:\/\/portaltela.pt\/api\/wp\/v2\/comments?post=196779"}],"version-history":[{"count":0,"href":"https:\/\/portaltela.pt\/api\/wp\/v2\/posts\/196779\/revisions"}],"wp:featuredmedia":[{"embeddable":true,"href":"https:\/\/portaltela.pt\/api\/wp\/v2\/media\/196790"}],"wp:attachment":[{"href":"https:\/\/portaltela.pt\/api\/wp\/v2\/media?parent=196779"}],"wp:term":[{"taxonomy":"category","embeddable":true,"href":"https:\/\/portaltela.pt\/api\/wp\/v2\/categories?post=196779"},{"taxonomy":"post_tag","embeddable":true,"href":"https:\/\/portaltela.pt\/api\/wp\/v2\/tags?post=196779"}],"curies":[{"name":"wp","href":"https:\/\/api.w.org\/{rel}","templated":true}]}}