{"id":196771,"date":"2026-02-04T10:57:48","date_gmt":"2026-02-04T13:57:48","guid":{"rendered":"https:\/\/portaltela.pt\/noticias\/2026\/02\/04\/parlamento-agenda-novo-debate-quinzenal-com-primeiro-ministro-para-25-de-fevereiro\/"},"modified":"2026-02-04T10:57:48","modified_gmt":"2026-02-04T13:57:48","slug":"parlamento-agenda-novo-debate-quinzenal-com-primeiro-ministro-para-25-de-fevereiro","status":"publish","type":"post","link":"https:\/\/portaltela.pt\/noticias\/politica\/2026\/02\/04\/parlamento-agenda-novo-debate-quinzenal-com-primeiro-ministro-para-25-de-fevereiro\/","title":{"rendered":"Parlamento agenda novo debate quinzenal com primeiro-ministro para 25 de fevereiro"},"content":{"rendered":"<p>A confer\u00eancia de l\u00edderes parlamentares agendou um novo debate quinzenal com o primeiro-ministro, Lu\u00eds Montenegro, para 25 de fevereiro. O encontro refor\u00e7a o que j\u00e1 estava marcado para 11 de fevereiro.<\/p>\n<p>Al\u00e9m disso, ficou marcado um debate setorial com o ministro Adjunto e da Reforma do Estado, Gon\u00e7alo Matias, para 27 de fevereiro. As datas foram decididas na reuni\u00e3o de l\u00edderes.<\/p>\n<p>Par\u00e1grafo \u00fanico: no dia 20 de fevereiro, o plen\u00e1rio discute propostas do Governo sobre viol\u00eancia dom\u00e9stica, com altera\u00e7\u00f5es ao C\u00f3digo Penal e ao regulamento das custas judiciais, bem como a transposi\u00e7\u00e3o de uma diretiva de dados pessoais.<\/p>\n<h3>Debate sobre Substitui\u00e7\u00e3o do SSM<\/h3>\n<p>O PS confirmou o agendamento potestativo para 18 de fevereiro sobre o Subs\u00eddio Social de Mobilidade (SSM). O objetivo \u00e9 discutir e votar a aprecia\u00e7\u00e3o parlamentar para revogar o novo regime do subs\u00eddio.<\/p>\n<h3>Agenda parlamentar de 19 a 21 de fevereiro<\/h3>\n<p>O plen\u00e1rio de 19 de fevereiro ter\u00e1 declara\u00e7\u00f5es pol\u00edticas de v\u00e1rios partidos. No dia 20, al\u00e9m das medidas sobre viol\u00eancia dom\u00e9stica, v\u00e3o debater-se propostas do Chega sobre o uso de armas por for\u00e7as de seguran\u00e7a e uma do PSD sobre radiocomunica\u00e7\u00f5es de amador.<\/p>\n<h3>Outros diplomas relevantes<\/h3>\n<p>Em 26 de fevereiro, o plen\u00e1rio discute um diploma do PS sobre as camas sociais nos hospitais. O IL apresenta uma altera\u00e7\u00e3o ao C\u00f3digo do Processo Tribut\u00e1rio dos Tribunais Administrativos.<\/p>\n<h3>Medidas para cat\u00e1strofes e pens\u00f5es<\/h3>\n<p>Tamb\u00e9m est\u00e3o previstas propostas do Livre para preven\u00e7\u00e3o de cat\u00e1strofes, em resposta \u00e0 depress\u00e3o Kristin, que causou mortes. O PCP traz um diploma sobre os complementos de pens\u00e3o para for\u00e7as militares e de seguran\u00e7a, e o CDS-PP trata de cuidados paliativos pedi\u00e1tricos.<\/p>\n<h3>D\u00e1divas de sangue e adiamento de jornadas<\/h3>\n<p>O BE apresenta uma iniciativa sobre d\u00e1divas de sangue. A confer\u00eancia de l\u00edderes comunicou ainda o adiamento das jornadas parlamentares, devido \u00e0s intemp\u00e9ries que o pa\u00eds enfrenta.<\/p>\n","protected":false},"excerpt":{"rendered":"<ul>\n<li>A confer\u00eancia de l\u00edderes agenda um novo debate quinzenal com o primeiro-ministro Lu\u00eds Montenegro para 25 de fevereiro, al\u00e9m do que j\u00e1 estava marcado para o pr\u00f3ximo dia 11.<\/li>\n<li>No dia 27 de fevereiro est\u00e1 previsto um debate setorial com o ministro Adjunto e da Reforma do Estado, Gon\u00e7alo Matias.<\/li>\n<li>No dia 20 de fevereiro o plen\u00e1rio debater\u00e1 propostas de lei do Governo sobre viol\u00eancia dom\u00e9stica, incluindo altera\u00e7\u00f5es ao C\u00f3digo Penal e ao regulamento das custas judiciais, bem como a transposi\u00e7\u00e3o de uma diretiva sobre dados pessoais.<\/li>\n<li>O grupo parlamentar socialista confirmou o agendamento para 18 de fevereiro sobre o Subs\u00eddio Social de Mobilidade e apresentar\u00e1 uma aprecia\u00e7\u00e3o parlamentar para revogar o novo regime do subs\u00eddio.<\/li>\n<li>Em 26 de fevereiro, o plen\u00e1rio discutir\u00e1 diplomas do PS sobre camas sociais, da IL sobre o C\u00f3digo do Processo Tribut\u00e1rio, e iniciativas do Livre sobre preven\u00e7\u00e3o de cat\u00e1strofes, entre outras mat\u00e9rias.<\/li>\n<\/ul>\n","protected":false},"author":2,"featured_media":196777,"comment_status":"closed","ping_status":"closed","sticky":false,"template":"","format":"standard","meta":{"footnotes":""},"categories":[1,5],"tags":[4230,2581,2832,2215,5399,214],"class_list":["post-196771","post","type-post","status-publish","format-standard","has-post-thumbnail","hentry","category-noticias","category-politica","tag-codigo-penal","tag-hospitais","tag-politica","tag-protecao-da-privacidade","tag-radiocomunicacoes","tag-violencia-domestica"],"yoast_head":"<!-- This site is optimized with the Yoast SEO plugin v27.2 - https:\/\/yoast.com\/product\/yoast-seo-wordpress\/ -->\n<title>Parlamento agenda novo debate quinzenal com primeiro-ministro para 25 de fevereiro - Portal Tela Portugal<\/title>\n<meta name=\"robots\" content=\"index, follow, max-snippet:-1, max-image-preview:large, max-video-preview:-1\" \/>\n<meta property=\"og:locale\" content=\"pt_PT\" \/>\n<meta property=\"og:type\" content=\"article\" \/>\n<meta property=\"og:title\" content=\"Parlamento agenda novo debate quinzenal com primeiro-ministro para 25 de fevereiro - Portal Tela Portugal\" \/>\n<meta property=\"og:description\" content=\"A confer\u00eancia de l\u00edderes agenda um novo debate quinzenal com o primeiro-ministro Lu\u00eds Montenegro para 25 de fevereiro, al\u00e9m do que j\u00e1 estava marcado para o pr\u00f3ximo dia 11. No dia 27 de fevereiro est\u00e1 previsto um debate setorial com o ministro Adjunto e da Reforma do Estado, Gon\u00e7alo Matias. No dia 20 de fevereiro o plen\u00e1rio debater\u00e1 propostas de lei do Governo sobre viol\u00eancia dom\u00e9stica, incluindo altera\u00e7\u00f5es ao C\u00f3digo Penal e ao regulamento das custas judiciais, bem como a transposi\u00e7\u00e3o de uma diretiva sobre dados pessoais. O grupo parlamentar socialista confirmou o agendamento para 18 de fevereiro sobre o Subs\u00eddio Social de Mobilidade e apresentar\u00e1 uma aprecia\u00e7\u00e3o parlamentar para revogar o novo regime do subs\u00eddio. Em 26 de fevereiro, o plen\u00e1rio discutir\u00e1 diplomas do PS sobre camas sociais, da IL sobre o C\u00f3digo do Processo Tribut\u00e1rio, e iniciativas do Livre sobre preven\u00e7\u00e3o de cat\u00e1strofes, entre outras mat\u00e9rias.\" \/>\n<meta property=\"og:url\" content=\"https:\/\/portaltela.pt\/noticias\/2026\/02\/04\/parlamento-agenda-novo-debate-quinzenal-com-primeiro-ministro-para-25-de-fevereiro\/\" \/>\n<meta property=\"og:site_name\" content=\"Portal Tela Portugal\" \/>\n<meta property=\"article:published_time\" content=\"2026-02-04T13:57:48+00:00\" \/>\n<meta name=\"author\" content=\"Telinha\" \/>\n<meta name=\"twitter:card\" content=\"summary_large_image\" \/>\n<meta name=\"twitter:label1\" content=\"Escrito por\" \/>\n\t<meta name=\"twitter:data1\" content=\"Telinha\" \/>\n\t<meta name=\"twitter:label2\" content=\"Tempo estimado de leitura\" \/>\n\t<meta name=\"twitter:data2\" content=\"2 minutos\" \/>\n<script type=\"application\/ld+json\" class=\"yoast-schema-graph\">{\"@context\":\"https:\/\/schema.org\",\"@graph\":[{\"@type\":\"Article\",\"@id\":\"https:\/\/portaltela.pt\/noticias\/2026\/02\/04\/parlamento-agenda-novo-debate-quinzenal-com-primeiro-ministro-para-25-de-fevereiro\/#article\",\"isPartOf\":{\"@id\":\"https:\/\/portaltela.pt\/noticias\/2026\/02\/04\/parlamento-agenda-novo-debate-quinzenal-com-primeiro-ministro-para-25-de-fevereiro\/\"},\"author\":{\"name\":\"Telinha\",\"@id\":\"https:\/\/portaltela.pt\/#\/schema\/person\/c4278d4a6028830caff9ee44b42d32ed\"},\"headline\":\"Parlamento agenda novo debate quinzenal com primeiro-ministro para 25 de fevereiro\",\"datePublished\":\"2026-02-04T13:57:48+00:00\",\"mainEntityOfPage\":{\"@id\":\"https:\/\/portaltela.pt\/noticias\/2026\/02\/04\/parlamento-agenda-novo-debate-quinzenal-com-primeiro-ministro-para-25-de-fevereiro\/\"},\"wordCount\":350,\"image\":{\"@id\":\"https:\/\/portaltela.pt\/noticias\/2026\/02\/04\/parlamento-agenda-novo-debate-quinzenal-com-primeiro-ministro-para-25-de-fevereiro\/#primaryimage\"},\"thumbnailUrl\":\"https:\/\/portaltela.pt\/s.01k8rhncp4jt1\/2026\/02\/img_1500x1000uu2026-01-08-15-43-44-2258843.jpg\",\"keywords\":[\"C\u00f3digo Penal\",\"hospitais\",\"pol\u00edtica\",\"prote\u00e7\u00e3o da privacidade\",\"radiocomunica\u00e7\u00f5es\",\"viol\u00eancia dom\u00e9stica\"],\"articleSection\":[\"Not\u00edcias\",\"Pol\u00edtica\"],\"inLanguage\":\"pt-PT\"},{\"@type\":\"WebPage\",\"@id\":\"https:\/\/portaltela.pt\/noticias\/2026\/02\/04\/parlamento-agenda-novo-debate-quinzenal-com-primeiro-ministro-para-25-de-fevereiro\/\",\"url\":\"https:\/\/portaltela.pt\/noticias\/2026\/02\/04\/parlamento-agenda-novo-debate-quinzenal-com-primeiro-ministro-para-25-de-fevereiro\/\",\"name\":\"Parlamento agenda novo debate quinzenal com primeiro-ministro para 25 de fevereiro - Portal Tela Portugal\",\"isPartOf\":{\"@id\":\"https:\/\/portaltela.pt\/#website\"},\"primaryImageOfPage\":{\"@id\":\"https:\/\/portaltela.pt\/noticias\/2026\/02\/04\/parlamento-agenda-novo-debate-quinzenal-com-primeiro-ministro-para-25-de-fevereiro\/#primaryimage\"},\"image\":{\"@id\":\"https:\/\/portaltela.pt\/noticias\/2026\/02\/04\/parlamento-agenda-novo-debate-quinzenal-com-primeiro-ministro-para-25-de-fevereiro\/#primaryimage\"},\"thumbnailUrl\":\"https:\/\/portaltela.pt\/s.01k8rhncp4jt1\/2026\/02\/img_1500x1000uu2026-01-08-15-43-44-2258843.jpg\",\"datePublished\":\"2026-02-04T13:57:48+00:00\",\"author\":{\"@id\":\"https:\/\/portaltela.pt\/#\/schema\/person\/c4278d4a6028830caff9ee44b42d32ed\"},\"breadcrumb\":{\"@id\":\"https:\/\/portaltela.pt\/noticias\/2026\/02\/04\/parlamento-agenda-novo-debate-quinzenal-com-primeiro-ministro-para-25-de-fevereiro\/#breadcrumb\"},\"inLanguage\":\"pt-PT\",\"potentialAction\":[{\"@type\":\"ReadAction\",\"target\":[\"https:\/\/portaltela.pt\/noticias\/2026\/02\/04\/parlamento-agenda-novo-debate-quinzenal-com-primeiro-ministro-para-25-de-fevereiro\/\"]}]},{\"@type\":\"ImageObject\",\"inLanguage\":\"pt-PT\",\"@id\":\"https:\/\/portaltela.pt\/noticias\/2026\/02\/04\/parlamento-agenda-novo-debate-quinzenal-com-primeiro-ministro-para-25-de-fevereiro\/#primaryimage\",\"url\":\"https:\/\/portaltela.pt\/s.01k8rhncp4jt1\/2026\/02\/img_1500x1000uu2026-01-08-15-43-44-2258843.jpg\",\"contentUrl\":\"https:\/\/portaltela.pt\/s.01k8rhncp4jt1\/2026\/02\/img_1500x1000uu2026-01-08-15-43-44-2258843.jpg\",\"width\":796,\"height\":448,\"caption\":\"Lu\u00eds Montenegro, primeiro-ministro\"},{\"@type\":\"BreadcrumbList\",\"@id\":\"https:\/\/portaltela.pt\/noticias\/2026\/02\/04\/parlamento-agenda-novo-debate-quinzenal-com-primeiro-ministro-para-25-de-fevereiro\/#breadcrumb\",\"itemListElement\":[{\"@type\":\"ListItem\",\"position\":1,\"name\":\"In\u00edcio\",\"item\":\"https:\/\/portaltela.pt\/\"},{\"@type\":\"ListItem\",\"position\":2,\"name\":\"Parlamento agenda novo debate quinzenal com primeiro-ministro para 25 de fevereiro\"}]},{\"@type\":\"WebSite\",\"@id\":\"https:\/\/portaltela.pt\/#website\",\"url\":\"https:\/\/portaltela.pt\/\",\"name\":\"Portal Tela Portugal\",\"description\":\"\",\"potentialAction\":[{\"@type\":\"SearchAction\",\"target\":{\"@type\":\"EntryPoint\",\"urlTemplate\":\"https:\/\/portaltela.pt\/?s={search_term_string}\"},\"query-input\":{\"@type\":\"PropertyValueSpecification\",\"valueRequired\":true,\"valueName\":\"search_term_string\"}}],\"inLanguage\":\"pt-PT\"},{\"@type\":\"Person\",\"@id\":\"https:\/\/portaltela.pt\/#\/schema\/person\/c4278d4a6028830caff9ee44b42d32ed\",\"name\":\"Telinha\",\"image\":{\"@type\":\"ImageObject\",\"inLanguage\":\"pt-PT\",\"@id\":\"https:\/\/portaltela.pt\/s.01k8rhncp4jt1\/2025\/11\/talking-bot-125x125.png\",\"url\":\"https:\/\/portaltela.pt\/s.01k8rhncp4jt1\/2025\/11\/talking-bot-125x125.png\",\"contentUrl\":\"https:\/\/portaltela.pt\/s.01k8rhncp4jt1\/2025\/11\/talking-bot-125x125.png\",\"caption\":\"Telinha\"},\"sameAs\":[\"https:\/\/portaltela.pt\/\"],\"url\":\"https:\/\/portaltela.pt\/por\/367410592786\/\"}]}<\/script>\n<!-- \/ Yoast SEO plugin. -->","yoast_head_json":{"title":"Parlamento agenda novo debate quinzenal com primeiro-ministro para 25 de fevereiro - Portal Tela Portugal","robots":{"index":"index","follow":"follow","max-snippet":"max-snippet:-1","max-image-preview":"max-image-preview:large","max-video-preview":"max-video-preview:-1"},"og_locale":"pt_PT","og_type":"article","og_title":"Parlamento agenda novo debate quinzenal com primeiro-ministro para 25 de fevereiro - Portal Tela Portugal","og_description":"A confer\u00eancia de l\u00edderes agenda um novo debate quinzenal com o primeiro-ministro Lu\u00eds Montenegro para 25 de fevereiro, al\u00e9m do que j\u00e1 estava marcado para o pr\u00f3ximo dia 11. No dia 27 de fevereiro est\u00e1 previsto um debate setorial com o ministro Adjunto e da Reforma do Estado, Gon\u00e7alo Matias. No dia 20 de fevereiro o plen\u00e1rio debater\u00e1 propostas de lei do Governo sobre viol\u00eancia dom\u00e9stica, incluindo altera\u00e7\u00f5es ao C\u00f3digo Penal e ao regulamento das custas judiciais, bem como a transposi\u00e7\u00e3o de uma diretiva sobre dados pessoais. O grupo parlamentar socialista confirmou o agendamento para 18 de fevereiro sobre o Subs\u00eddio Social de Mobilidade e apresentar\u00e1 uma aprecia\u00e7\u00e3o parlamentar para revogar o novo regime do subs\u00eddio. Em 26 de fevereiro, o plen\u00e1rio discutir\u00e1 diplomas do PS sobre camas sociais, da IL sobre o C\u00f3digo do Processo Tribut\u00e1rio, e iniciativas do Livre sobre preven\u00e7\u00e3o de cat\u00e1strofes, entre outras mat\u00e9rias.","og_url":"https:\/\/portaltela.pt\/noticias\/2026\/02\/04\/parlamento-agenda-novo-debate-quinzenal-com-primeiro-ministro-para-25-de-fevereiro\/","og_site_name":"Portal Tela Portugal","article_published_time":"2026-02-04T13:57:48+00:00","author":"Telinha","twitter_card":"summary_large_image","twitter_misc":{"Escrito por":"Telinha","Tempo estimado de leitura":"2 minutos"},"schema":{"@context":"https:\/\/schema.org","@graph":[{"@type":"Article","@id":"https:\/\/portaltela.pt\/noticias\/2026\/02\/04\/parlamento-agenda-novo-debate-quinzenal-com-primeiro-ministro-para-25-de-fevereiro\/#article","isPartOf":{"@id":"https:\/\/portaltela.pt\/noticias\/2026\/02\/04\/parlamento-agenda-novo-debate-quinzenal-com-primeiro-ministro-para-25-de-fevereiro\/"},"author":{"name":"Telinha","@id":"https:\/\/portaltela.pt\/#\/schema\/person\/c4278d4a6028830caff9ee44b42d32ed"},"headline":"Parlamento agenda novo debate quinzenal com primeiro-ministro para 25 de fevereiro","datePublished":"2026-02-04T13:57:48+00:00","mainEntityOfPage":{"@id":"https:\/\/portaltela.pt\/noticias\/2026\/02\/04\/parlamento-agenda-novo-debate-quinzenal-com-primeiro-ministro-para-25-de-fevereiro\/"},"wordCount":350,"image":{"@id":"https:\/\/portaltela.pt\/noticias\/2026\/02\/04\/parlamento-agenda-novo-debate-quinzenal-com-primeiro-ministro-para-25-de-fevereiro\/#primaryimage"},"thumbnailUrl":"https:\/\/portaltela.pt\/s.01k8rhncp4jt1\/2026\/02\/img_1500x1000uu2026-01-08-15-43-44-2258843.jpg","keywords":["C\u00f3digo Penal","hospitais","pol\u00edtica","prote\u00e7\u00e3o da privacidade","radiocomunica\u00e7\u00f5es","viol\u00eancia dom\u00e9stica"],"articleSection":["Not\u00edcias","Pol\u00edtica"],"inLanguage":"pt-PT"},{"@type":"WebPage","@id":"https:\/\/portaltela.pt\/noticias\/2026\/02\/04\/parlamento-agenda-novo-debate-quinzenal-com-primeiro-ministro-para-25-de-fevereiro\/","url":"https:\/\/portaltela.pt\/noticias\/2026\/02\/04\/parlamento-agenda-novo-debate-quinzenal-com-primeiro-ministro-para-25-de-fevereiro\/","name":"Parlamento agenda novo debate quinzenal com primeiro-ministro para 25 de fevereiro - Portal Tela Portugal","isPartOf":{"@id":"https:\/\/portaltela.pt\/#website"},"primaryImageOfPage":{"@id":"https:\/\/portaltela.pt\/noticias\/2026\/02\/04\/parlamento-agenda-novo-debate-quinzenal-com-primeiro-ministro-para-25-de-fevereiro\/#primaryimage"},"image":{"@id":"https:\/\/portaltela.pt\/noticias\/2026\/02\/04\/parlamento-agenda-novo-debate-quinzenal-com-primeiro-ministro-para-25-de-fevereiro\/#primaryimage"},"thumbnailUrl":"https:\/\/portaltela.pt\/s.01k8rhncp4jt1\/2026\/02\/img_1500x1000uu2026-01-08-15-43-44-2258843.jpg","datePublished":"2026-02-04T13:57:48+00:00","author":{"@id":"https:\/\/portaltela.pt\/#\/schema\/person\/c4278d4a6028830caff9ee44b42d32ed"},"breadcrumb":{"@id":"https:\/\/portaltela.pt\/noticias\/2026\/02\/04\/parlamento-agenda-novo-debate-quinzenal-com-primeiro-ministro-para-25-de-fevereiro\/#breadcrumb"},"inLanguage":"pt-PT","potentialAction":[{"@type":"ReadAction","target":["https:\/\/portaltela.pt\/noticias\/2026\/02\/04\/parlamento-agenda-novo-debate-quinzenal-com-primeiro-ministro-para-25-de-fevereiro\/"]}]},{"@type":"ImageObject","inLanguage":"pt-PT","@id":"https:\/\/portaltela.pt\/noticias\/2026\/02\/04\/parlamento-agenda-novo-debate-quinzenal-com-primeiro-ministro-para-25-de-fevereiro\/#primaryimage","url":"https:\/\/portaltela.pt\/s.01k8rhncp4jt1\/2026\/02\/img_1500x1000uu2026-01-08-15-43-44-2258843.jpg","contentUrl":"https:\/\/portaltela.pt\/s.01k8rhncp4jt1\/2026\/02\/img_1500x1000uu2026-01-08-15-43-44-2258843.jpg","width":796,"height":448,"caption":"Lu\u00eds Montenegro, primeiro-ministro"},{"@type":"BreadcrumbList","@id":"https:\/\/portaltela.pt\/noticias\/2026\/02\/04\/parlamento-agenda-novo-debate-quinzenal-com-primeiro-ministro-para-25-de-fevereiro\/#breadcrumb","itemListElement":[{"@type":"ListItem","position":1,"name":"In\u00edcio","item":"https:\/\/portaltela.pt\/"},{"@type":"ListItem","position":2,"name":"Parlamento agenda novo debate quinzenal com primeiro-ministro para 25 de fevereiro"}]},{"@type":"WebSite","@id":"https:\/\/portaltela.pt\/#website","url":"https:\/\/portaltela.pt\/","name":"Portal Tela Portugal","description":"","potentialAction":[{"@type":"SearchAction","target":{"@type":"EntryPoint","urlTemplate":"https:\/\/portaltela.pt\/?s={search_term_string}"},"query-input":{"@type":"PropertyValueSpecification","valueRequired":true,"valueName":"search_term_string"}}],"inLanguage":"pt-PT"},{"@type":"Person","@id":"https:\/\/portaltela.pt\/#\/schema\/person\/c4278d4a6028830caff9ee44b42d32ed","name":"Telinha","image":{"@type":"ImageObject","inLanguage":"pt-PT","@id":"https:\/\/portaltela.pt\/s.01k8rhncp4jt1\/2025\/11\/talking-bot-125x125.png","url":"https:\/\/portaltela.pt\/s.01k8rhncp4jt1\/2025\/11\/talking-bot-125x125.png","contentUrl":"https:\/\/portaltela.pt\/s.01k8rhncp4jt1\/2025\/11\/talking-bot-125x125.png","caption":"Telinha"},"sameAs":["https:\/\/portaltela.pt\/"],"url":"https:\/\/portaltela.pt\/por\/367410592786\/"}]}},"_links":{"self":[{"href":"https:\/\/portaltela.pt\/api\/wp\/v2\/posts\/196771","targetHints":{"allow":["GET"]}}],"collection":[{"href":"https:\/\/portaltela.pt\/api\/wp\/v2\/posts"}],"about":[{"href":"https:\/\/portaltela.pt\/api\/wp\/v2\/types\/post"}],"author":[{"embeddable":true,"href":"https:\/\/portaltela.pt\/api\/wp\/v2\/users\/2"}],"replies":[{"embeddable":true,"href":"https:\/\/portaltela.pt\/api\/wp\/v2\/comments?post=196771"}],"version-history":[{"count":0,"href":"https:\/\/portaltela.pt\/api\/wp\/v2\/posts\/196771\/revisions"}],"wp:featuredmedia":[{"embeddable":true,"href":"https:\/\/portaltela.pt\/api\/wp\/v2\/media\/196777"}],"wp:attachment":[{"href":"https:\/\/portaltela.pt\/api\/wp\/v2\/media?parent=196771"}],"wp:term":[{"taxonomy":"category","embeddable":true,"href":"https:\/\/portaltela.pt\/api\/wp\/v2\/categories?post=196771"},{"taxonomy":"post_tag","embeddable":true,"href":"https:\/\/portaltela.pt\/api\/wp\/v2\/tags?post=196771"}],"curies":[{"name":"wp","href":"https:\/\/api.w.org\/{rel}","templated":true}]}}