{"id":196727,"date":"2026-02-04T10:25:00","date_gmt":"2026-02-04T13:25:00","guid":{"rendered":"https:\/\/portaltela.pt\/noticias\/2026\/02\/04\/il-diz-ter-duas-queixas-de-assedio-nenhuma-contra-joao-cotrim-figueiredo\/"},"modified":"2026-02-04T10:25:00","modified_gmt":"2026-02-04T13:25:00","slug":"il-diz-ter-duas-queixas-de-assedio-nenhuma-contra-joao-cotrim-figueiredo","status":"publish","type":"post","link":"https:\/\/portaltela.pt\/noticias\/politica\/2026\/02\/04\/il-diz-ter-duas-queixas-de-assedio-nenhuma-contra-joao-cotrim-figueiredo\/","title":{"rendered":"IL diz ter duas queixas de ass\u00e9dio, nenhuma contra Jo\u00e3o Cotrim Figueiredo"},"content":{"rendered":"<p>A Iniciativa Liberal (IL) afirmou, numa mensagem enviada \u00e0s redac\u00e7\u00f5es, que n\u00e3o houve qualquer insinua\u00e7\u00e3o, relato, queixa ou den\u00fancia envolvendo Jo\u00e3o Cotrim Figueiredo ao longo da hist\u00f3ria do partido. A leitura \u00e9 de que n\u00e3o existem acusa\u00e7\u00f5es contra o antigo l\u00edder.<\/p>\n<p>Segundo o comunicado, houve apenas duas queixas de ass\u00e9dio, mas nenhuma dirigida ao ex-l\u00edder e activo eurodeputado. A IL sustenta que as queixas n\u00e3o atingem Jo\u00e3o Cotrim Figueiredo nem o seu trabalho no partido.<\/p>\n<p>A IL informou ainda a nomea\u00e7\u00e3o de Paulo Sarago\u00e7a da Matta como representante do partido nas reac\u00e7\u00f5es judiciais que se imponham. A decis\u00e3o visa acompanhar processos legais com a equipa jur\u00eddica do partido.<\/p>\n<p>A atual Dire\u00e7\u00e3o sublinha que a clarifica\u00e7\u00e3o visa assegurar transpar\u00eancia sobre as alega\u00e7\u00f5es internas. O conte\u00fado foi partilhado para evitar interpreta\u00e7\u00f5es incorretas sobre o historial de lideran\u00e7a do partido.<\/p>\n","protected":false},"excerpt":{"rendered":"<ul>\n<li>A Iniciativa Liberal afirma n\u00e3o existir qualquer insinua\u00e7\u00e3o, relato, queixa ou den\u00fancia envolvendo Jo\u00e3o Cotrim Figueiredo ao longo da hist\u00f3ria do partido.<\/li>\n<li>Segundo o comunicado, houve duas queixas de ass\u00e9dio, mas nenhuma dirigida ao antigo l\u00edder e atual eurodeputado.<\/li>\n<li>A liberta\u00e7\u00e3o de informa\u00e7\u00f5es foi feita por meio de um comunicado enviado \u00e0s redac\u00e7\u00f5es pela dire\u00e7\u00e3o do partido.<\/li>\n<li>A IL tamb\u00e9m anunciou a nomea\u00e7\u00e3o de Paulo Sarago\u00e7a da Matta como representante do partido nas reac\u00e7\u00f5es judiciais que se imp\u00f5em.<\/li>\n<li>A not\u00edcia refere-se ao contexto de alegadas situa\u00e7\u00f5es de ass\u00e9dio dentro da IL, sem atribuir casos ao l\u00edder mencionado.<\/li>\n<\/ul>\n","protected":false},"author":2,"featured_media":196729,"comment_status":"closed","ping_status":"closed","sticky":false,"template":"","format":"standard","meta":{"footnotes":""},"categories":[1,5],"tags":[3200,1482,3145,1732,2832,332],"class_list":["post-196727","post","type-post","status-publish","format-standard","has-post-thumbnail","hentry","category-noticias","category-politica","tag-assedio","tag-iniciativa-liberal","tag-joao-cotrim-de-figueiredo","tag-partidos","tag-politica","tag-transparencia"],"yoast_head":"<!-- This site is optimized with the Yoast SEO plugin v27.2 - https:\/\/yoast.com\/product\/yoast-seo-wordpress\/ -->\n<title>IL diz ter duas queixas de ass\u00e9dio, nenhuma contra Jo\u00e3o Cotrim Figueiredo - Portal Tela Portugal<\/title>\n<meta name=\"robots\" content=\"index, follow, max-snippet:-1, max-image-preview:large, max-video-preview:-1\" \/>\n<meta property=\"og:locale\" content=\"pt_PT\" \/>\n<meta property=\"og:type\" content=\"article\" \/>\n<meta property=\"og:title\" content=\"IL diz ter duas queixas de ass\u00e9dio, nenhuma contra Jo\u00e3o Cotrim Figueiredo - Portal Tela Portugal\" \/>\n<meta property=\"og:description\" content=\"A Iniciativa Liberal afirma n\u00e3o existir qualquer insinua\u00e7\u00e3o, relato, queixa ou den\u00fancia envolvendo Jo\u00e3o Cotrim Figueiredo ao longo da hist\u00f3ria do partido. Segundo o comunicado, houve duas queixas de ass\u00e9dio, mas nenhuma dirigida ao antigo l\u00edder e atual eurodeputado. A liberta\u00e7\u00e3o de informa\u00e7\u00f5es foi feita por meio de um comunicado enviado \u00e0s redac\u00e7\u00f5es pela dire\u00e7\u00e3o do partido. A IL tamb\u00e9m anunciou a nomea\u00e7\u00e3o de Paulo Sarago\u00e7a da Matta como representante do partido nas reac\u00e7\u00f5es judiciais que se imp\u00f5em. A not\u00edcia refere-se ao contexto de alegadas situa\u00e7\u00f5es de ass\u00e9dio dentro da IL, sem atribuir casos ao l\u00edder mencionado.\" \/>\n<meta property=\"og:url\" content=\"https:\/\/portaltela.pt\/noticias\/2026\/02\/04\/il-diz-ter-duas-queixas-de-assedio-nenhuma-contra-joao-cotrim-figueiredo\/\" \/>\n<meta property=\"og:site_name\" content=\"Portal Tela Portugal\" \/>\n<meta property=\"article:published_time\" content=\"2026-02-04T13:25:00+00:00\" \/>\n<meta name=\"author\" content=\"Telinha\" \/>\n<meta name=\"twitter:card\" content=\"summary_large_image\" \/>\n<meta name=\"twitter:label1\" content=\"Escrito por\" \/>\n\t<meta name=\"twitter:data1\" content=\"Telinha\" \/>\n\t<meta name=\"twitter:label2\" content=\"Tempo estimado de leitura\" \/>\n\t<meta name=\"twitter:data2\" content=\"1 minuto\" \/>\n<script type=\"application\/ld+json\" class=\"yoast-schema-graph\">{\"@context\":\"https:\/\/schema.org\",\"@graph\":[{\"@type\":\"Article\",\"@id\":\"https:\/\/portaltela.pt\/noticias\/2026\/02\/04\/il-diz-ter-duas-queixas-de-assedio-nenhuma-contra-joao-cotrim-figueiredo\/#article\",\"isPartOf\":{\"@id\":\"https:\/\/portaltela.pt\/noticias\/2026\/02\/04\/il-diz-ter-duas-queixas-de-assedio-nenhuma-contra-joao-cotrim-figueiredo\/\"},\"author\":{\"name\":\"Telinha\",\"@id\":\"https:\/\/portaltela.pt\/#\/schema\/person\/c4278d4a6028830caff9ee44b42d32ed\"},\"headline\":\"IL diz ter duas queixas de ass\u00e9dio, nenhuma contra Jo\u00e3o Cotrim Figueiredo\",\"datePublished\":\"2026-02-04T13:25:00+00:00\",\"mainEntityOfPage\":{\"@id\":\"https:\/\/portaltela.pt\/noticias\/2026\/02\/04\/il-diz-ter-duas-queixas-de-assedio-nenhuma-contra-joao-cotrim-figueiredo\/\"},\"wordCount\":175,\"image\":{\"@id\":\"https:\/\/portaltela.pt\/noticias\/2026\/02\/04\/il-diz-ter-duas-queixas-de-assedio-nenhuma-contra-joao-cotrim-figueiredo\/#primaryimage\"},\"thumbnailUrl\":\"https:\/\/portaltela.pt\/s.01k8rhncp4jt1\/2026\/02\/2064420.jpg\",\"keywords\":[\"ass\u00e9dio\",\"Iniciativa Liberal\",\"Jo\u00e3o Cotrim de Figueiredo\",\"partidos\",\"pol\u00edtica\",\"transpar\u00eancia\"],\"articleSection\":[\"Not\u00edcias\",\"Pol\u00edtica\"],\"inLanguage\":\"pt-PT\"},{\"@type\":\"WebPage\",\"@id\":\"https:\/\/portaltela.pt\/noticias\/2026\/02\/04\/il-diz-ter-duas-queixas-de-assedio-nenhuma-contra-joao-cotrim-figueiredo\/\",\"url\":\"https:\/\/portaltela.pt\/noticias\/2026\/02\/04\/il-diz-ter-duas-queixas-de-assedio-nenhuma-contra-joao-cotrim-figueiredo\/\",\"name\":\"IL diz ter duas queixas de ass\u00e9dio, nenhuma contra Jo\u00e3o Cotrim Figueiredo - Portal Tela Portugal\",\"isPartOf\":{\"@id\":\"https:\/\/portaltela.pt\/#website\"},\"primaryImageOfPage\":{\"@id\":\"https:\/\/portaltela.pt\/noticias\/2026\/02\/04\/il-diz-ter-duas-queixas-de-assedio-nenhuma-contra-joao-cotrim-figueiredo\/#primaryimage\"},\"image\":{\"@id\":\"https:\/\/portaltela.pt\/noticias\/2026\/02\/04\/il-diz-ter-duas-queixas-de-assedio-nenhuma-contra-joao-cotrim-figueiredo\/#primaryimage\"},\"thumbnailUrl\":\"https:\/\/portaltela.pt\/s.01k8rhncp4jt1\/2026\/02\/2064420.jpg\",\"datePublished\":\"2026-02-04T13:25:00+00:00\",\"author\":{\"@id\":\"https:\/\/portaltela.pt\/#\/schema\/person\/c4278d4a6028830caff9ee44b42d32ed\"},\"breadcrumb\":{\"@id\":\"https:\/\/portaltela.pt\/noticias\/2026\/02\/04\/il-diz-ter-duas-queixas-de-assedio-nenhuma-contra-joao-cotrim-figueiredo\/#breadcrumb\"},\"inLanguage\":\"pt-PT\",\"potentialAction\":[{\"@type\":\"ReadAction\",\"target\":[\"https:\/\/portaltela.pt\/noticias\/2026\/02\/04\/il-diz-ter-duas-queixas-de-assedio-nenhuma-contra-joao-cotrim-figueiredo\/\"]}]},{\"@type\":\"ImageObject\",\"inLanguage\":\"pt-PT\",\"@id\":\"https:\/\/portaltela.pt\/noticias\/2026\/02\/04\/il-diz-ter-duas-queixas-de-assedio-nenhuma-contra-joao-cotrim-figueiredo\/#primaryimage\",\"url\":\"https:\/\/portaltela.pt\/s.01k8rhncp4jt1\/2026\/02\/2064420.jpg\",\"contentUrl\":\"https:\/\/portaltela.pt\/s.01k8rhncp4jt1\/2026\/02\/2064420.jpg\",\"width\":796,\"height\":448,\"caption\":\"Jo\u00e3o Cotrim Figueiredo negou todas as acusa\u00e7\u00f5es\"},{\"@type\":\"BreadcrumbList\",\"@id\":\"https:\/\/portaltela.pt\/noticias\/2026\/02\/04\/il-diz-ter-duas-queixas-de-assedio-nenhuma-contra-joao-cotrim-figueiredo\/#breadcrumb\",\"itemListElement\":[{\"@type\":\"ListItem\",\"position\":1,\"name\":\"In\u00edcio\",\"item\":\"https:\/\/portaltela.pt\/\"},{\"@type\":\"ListItem\",\"position\":2,\"name\":\"IL diz ter duas queixas de ass\u00e9dio, nenhuma contra Jo\u00e3o Cotrim Figueiredo\"}]},{\"@type\":\"WebSite\",\"@id\":\"https:\/\/portaltela.pt\/#website\",\"url\":\"https:\/\/portaltela.pt\/\",\"name\":\"Portal Tela Portugal\",\"description\":\"\",\"potentialAction\":[{\"@type\":\"SearchAction\",\"target\":{\"@type\":\"EntryPoint\",\"urlTemplate\":\"https:\/\/portaltela.pt\/?s={search_term_string}\"},\"query-input\":{\"@type\":\"PropertyValueSpecification\",\"valueRequired\":true,\"valueName\":\"search_term_string\"}}],\"inLanguage\":\"pt-PT\"},{\"@type\":\"Person\",\"@id\":\"https:\/\/portaltela.pt\/#\/schema\/person\/c4278d4a6028830caff9ee44b42d32ed\",\"name\":\"Telinha\",\"image\":{\"@type\":\"ImageObject\",\"inLanguage\":\"pt-PT\",\"@id\":\"https:\/\/portaltela.pt\/s.01k8rhncp4jt1\/2025\/11\/talking-bot-125x125.png\",\"url\":\"https:\/\/portaltela.pt\/s.01k8rhncp4jt1\/2025\/11\/talking-bot-125x125.png\",\"contentUrl\":\"https:\/\/portaltela.pt\/s.01k8rhncp4jt1\/2025\/11\/talking-bot-125x125.png\",\"caption\":\"Telinha\"},\"sameAs\":[\"https:\/\/portaltela.pt\/\"],\"url\":\"https:\/\/portaltela.pt\/por\/367410592786\/\"}]}<\/script>\n<!-- \/ Yoast SEO plugin. -->","yoast_head_json":{"title":"IL diz ter duas queixas de ass\u00e9dio, nenhuma contra Jo\u00e3o Cotrim Figueiredo - Portal Tela Portugal","robots":{"index":"index","follow":"follow","max-snippet":"max-snippet:-1","max-image-preview":"max-image-preview:large","max-video-preview":"max-video-preview:-1"},"og_locale":"pt_PT","og_type":"article","og_title":"IL diz ter duas queixas de ass\u00e9dio, nenhuma contra Jo\u00e3o Cotrim Figueiredo - Portal Tela Portugal","og_description":"A Iniciativa Liberal afirma n\u00e3o existir qualquer insinua\u00e7\u00e3o, relato, queixa ou den\u00fancia envolvendo Jo\u00e3o Cotrim Figueiredo ao longo da hist\u00f3ria do partido. Segundo o comunicado, houve duas queixas de ass\u00e9dio, mas nenhuma dirigida ao antigo l\u00edder e atual eurodeputado. A liberta\u00e7\u00e3o de informa\u00e7\u00f5es foi feita por meio de um comunicado enviado \u00e0s redac\u00e7\u00f5es pela dire\u00e7\u00e3o do partido. A IL tamb\u00e9m anunciou a nomea\u00e7\u00e3o de Paulo Sarago\u00e7a da Matta como representante do partido nas reac\u00e7\u00f5es judiciais que se imp\u00f5em. A not\u00edcia refere-se ao contexto de alegadas situa\u00e7\u00f5es de ass\u00e9dio dentro da IL, sem atribuir casos ao l\u00edder mencionado.","og_url":"https:\/\/portaltela.pt\/noticias\/2026\/02\/04\/il-diz-ter-duas-queixas-de-assedio-nenhuma-contra-joao-cotrim-figueiredo\/","og_site_name":"Portal Tela Portugal","article_published_time":"2026-02-04T13:25:00+00:00","author":"Telinha","twitter_card":"summary_large_image","twitter_misc":{"Escrito por":"Telinha","Tempo estimado de leitura":"1 minuto"},"schema":{"@context":"https:\/\/schema.org","@graph":[{"@type":"Article","@id":"https:\/\/portaltela.pt\/noticias\/2026\/02\/04\/il-diz-ter-duas-queixas-de-assedio-nenhuma-contra-joao-cotrim-figueiredo\/#article","isPartOf":{"@id":"https:\/\/portaltela.pt\/noticias\/2026\/02\/04\/il-diz-ter-duas-queixas-de-assedio-nenhuma-contra-joao-cotrim-figueiredo\/"},"author":{"name":"Telinha","@id":"https:\/\/portaltela.pt\/#\/schema\/person\/c4278d4a6028830caff9ee44b42d32ed"},"headline":"IL diz ter duas queixas de ass\u00e9dio, nenhuma contra Jo\u00e3o Cotrim Figueiredo","datePublished":"2026-02-04T13:25:00+00:00","mainEntityOfPage":{"@id":"https:\/\/portaltela.pt\/noticias\/2026\/02\/04\/il-diz-ter-duas-queixas-de-assedio-nenhuma-contra-joao-cotrim-figueiredo\/"},"wordCount":175,"image":{"@id":"https:\/\/portaltela.pt\/noticias\/2026\/02\/04\/il-diz-ter-duas-queixas-de-assedio-nenhuma-contra-joao-cotrim-figueiredo\/#primaryimage"},"thumbnailUrl":"https:\/\/portaltela.pt\/s.01k8rhncp4jt1\/2026\/02\/2064420.jpg","keywords":["ass\u00e9dio","Iniciativa Liberal","Jo\u00e3o Cotrim de Figueiredo","partidos","pol\u00edtica","transpar\u00eancia"],"articleSection":["Not\u00edcias","Pol\u00edtica"],"inLanguage":"pt-PT"},{"@type":"WebPage","@id":"https:\/\/portaltela.pt\/noticias\/2026\/02\/04\/il-diz-ter-duas-queixas-de-assedio-nenhuma-contra-joao-cotrim-figueiredo\/","url":"https:\/\/portaltela.pt\/noticias\/2026\/02\/04\/il-diz-ter-duas-queixas-de-assedio-nenhuma-contra-joao-cotrim-figueiredo\/","name":"IL diz ter duas queixas de ass\u00e9dio, nenhuma contra Jo\u00e3o Cotrim Figueiredo - Portal Tela Portugal","isPartOf":{"@id":"https:\/\/portaltela.pt\/#website"},"primaryImageOfPage":{"@id":"https:\/\/portaltela.pt\/noticias\/2026\/02\/04\/il-diz-ter-duas-queixas-de-assedio-nenhuma-contra-joao-cotrim-figueiredo\/#primaryimage"},"image":{"@id":"https:\/\/portaltela.pt\/noticias\/2026\/02\/04\/il-diz-ter-duas-queixas-de-assedio-nenhuma-contra-joao-cotrim-figueiredo\/#primaryimage"},"thumbnailUrl":"https:\/\/portaltela.pt\/s.01k8rhncp4jt1\/2026\/02\/2064420.jpg","datePublished":"2026-02-04T13:25:00+00:00","author":{"@id":"https:\/\/portaltela.pt\/#\/schema\/person\/c4278d4a6028830caff9ee44b42d32ed"},"breadcrumb":{"@id":"https:\/\/portaltela.pt\/noticias\/2026\/02\/04\/il-diz-ter-duas-queixas-de-assedio-nenhuma-contra-joao-cotrim-figueiredo\/#breadcrumb"},"inLanguage":"pt-PT","potentialAction":[{"@type":"ReadAction","target":["https:\/\/portaltela.pt\/noticias\/2026\/02\/04\/il-diz-ter-duas-queixas-de-assedio-nenhuma-contra-joao-cotrim-figueiredo\/"]}]},{"@type":"ImageObject","inLanguage":"pt-PT","@id":"https:\/\/portaltela.pt\/noticias\/2026\/02\/04\/il-diz-ter-duas-queixas-de-assedio-nenhuma-contra-joao-cotrim-figueiredo\/#primaryimage","url":"https:\/\/portaltela.pt\/s.01k8rhncp4jt1\/2026\/02\/2064420.jpg","contentUrl":"https:\/\/portaltela.pt\/s.01k8rhncp4jt1\/2026\/02\/2064420.jpg","width":796,"height":448,"caption":"Jo\u00e3o Cotrim Figueiredo negou todas as acusa\u00e7\u00f5es"},{"@type":"BreadcrumbList","@id":"https:\/\/portaltela.pt\/noticias\/2026\/02\/04\/il-diz-ter-duas-queixas-de-assedio-nenhuma-contra-joao-cotrim-figueiredo\/#breadcrumb","itemListElement":[{"@type":"ListItem","position":1,"name":"In\u00edcio","item":"https:\/\/portaltela.pt\/"},{"@type":"ListItem","position":2,"name":"IL diz ter duas queixas de ass\u00e9dio, nenhuma contra Jo\u00e3o Cotrim Figueiredo"}]},{"@type":"WebSite","@id":"https:\/\/portaltela.pt\/#website","url":"https:\/\/portaltela.pt\/","name":"Portal Tela Portugal","description":"","potentialAction":[{"@type":"SearchAction","target":{"@type":"EntryPoint","urlTemplate":"https:\/\/portaltela.pt\/?s={search_term_string}"},"query-input":{"@type":"PropertyValueSpecification","valueRequired":true,"valueName":"search_term_string"}}],"inLanguage":"pt-PT"},{"@type":"Person","@id":"https:\/\/portaltela.pt\/#\/schema\/person\/c4278d4a6028830caff9ee44b42d32ed","name":"Telinha","image":{"@type":"ImageObject","inLanguage":"pt-PT","@id":"https:\/\/portaltela.pt\/s.01k8rhncp4jt1\/2025\/11\/talking-bot-125x125.png","url":"https:\/\/portaltela.pt\/s.01k8rhncp4jt1\/2025\/11\/talking-bot-125x125.png","contentUrl":"https:\/\/portaltela.pt\/s.01k8rhncp4jt1\/2025\/11\/talking-bot-125x125.png","caption":"Telinha"},"sameAs":["https:\/\/portaltela.pt\/"],"url":"https:\/\/portaltela.pt\/por\/367410592786\/"}]}},"_links":{"self":[{"href":"https:\/\/portaltela.pt\/api\/wp\/v2\/posts\/196727","targetHints":{"allow":["GET"]}}],"collection":[{"href":"https:\/\/portaltela.pt\/api\/wp\/v2\/posts"}],"about":[{"href":"https:\/\/portaltela.pt\/api\/wp\/v2\/types\/post"}],"author":[{"embeddable":true,"href":"https:\/\/portaltela.pt\/api\/wp\/v2\/users\/2"}],"replies":[{"embeddable":true,"href":"https:\/\/portaltela.pt\/api\/wp\/v2\/comments?post=196727"}],"version-history":[{"count":0,"href":"https:\/\/portaltela.pt\/api\/wp\/v2\/posts\/196727\/revisions"}],"wp:featuredmedia":[{"embeddable":true,"href":"https:\/\/portaltela.pt\/api\/wp\/v2\/media\/196729"}],"wp:attachment":[{"href":"https:\/\/portaltela.pt\/api\/wp\/v2\/media?parent=196727"}],"wp:term":[{"taxonomy":"category","embeddable":true,"href":"https:\/\/portaltela.pt\/api\/wp\/v2\/categories?post=196727"},{"taxonomy":"post_tag","embeddable":true,"href":"https:\/\/portaltela.pt\/api\/wp\/v2\/tags?post=196727"}],"curies":[{"name":"wp","href":"https:\/\/api.w.org\/{rel}","templated":true}]}}