{"id":196698,"date":"2026-02-04T10:17:33","date_gmt":"2026-02-04T13:17:33","guid":{"rendered":"https:\/\/portaltela.pt\/noticias\/2026\/02\/04\/deputado-alemao-de-extrema-direita-detido-por-negocios-com-bielorrussia\/"},"modified":"2026-02-04T10:17:33","modified_gmt":"2026-02-04T13:17:33","slug":"deputado-alemao-de-extrema-direita-detido-por-negocios-com-bielorrussia","status":"publish","type":"post","link":"https:\/\/portaltela.pt\/noticias\/politica\/2026\/02\/04\/deputado-alemao-de-extrema-direita-detido-por-negocios-com-bielorrussia\/","title":{"rendered":"Deputado alem\u00e3o de extrema-direita detido por neg\u00f3cios com Bielorr\u00fassia"},"content":{"rendered":"<p>O deputado regional da Sax\u00f3nia, Jorg Dornau, do partido AfD, foi detido na quarta-feira em Leipzig, por suspeitas de exporta\u00e7\u00f5es proibidas para a Bielorr\u00fassia. A a\u00e7\u00e3o ocorreu durante uma opera\u00e7\u00e3o da pol\u00edcia, que incluiu buscas ao escrit\u00f3rio, resid\u00eancia e ve\u00edculos do parlamentar. A investiga\u00e7\u00e3o \u00e9 de viola\u00e7\u00e3o da Lei do Com\u00e9rcio Externo.<\/p>\n<p>As buscas foram conduzidas pelo Departamento de Investiga\u00e7\u00e3o Aduaneira de Dresden, com base em mandados do juiz de instru\u00e7\u00e3o do Tribunal Distrital de Leipzig. O objetivo foi apreender documentos e bens que possam servir de prova na dilig\u00eancia.<\/p>\n<p>A Procuradoria Regional de Leipzig lidera o caso, que envolve alegadas viola\u00e7\u00f5es de san\u00e7\u00f5es da Uni\u00e3o Europeia contra a Bielorr\u00fassia. Dornau \u00e9 acusado de indicar o Cazaquist\u00e3o como destino nas alf\u00e2ndegas em agosto de 2022, para dissimular o verdadeiro destino.<\/p>\n<p>Segundo o processo, as opera\u00e7\u00f5es visaram ocultar o envio de mercadorias para a Bielorr\u00fassia, tornando-as proibidas pela legisla\u00e7\u00e3o alem\u00e3 e pelos regulamentos da UE. As autoridades indicam que as transa\u00e7\u00f5es violaram normas aduaneiras.<\/p>\n<p>O Parlamento Regional suspendeu temporariamente a imunidade do deputado para permitir as buscas. Dornau, de 56 anos, tem hist\u00f3rico de atividade comercial com a Bielorr\u00fassia, incluindo uma explora\u00e7\u00e3o agr\u00edcola com parceiros locais.<\/p>\n<p>O caso tamb\u00e9m envolve uma condena\u00e7\u00e3o anterior, em 2024, de 20.862 euros por n\u00e3o ter declarado rendimentos de neg\u00f3cios na Bielorr\u00fassia. Dornau mant\u00e9m-se em sil\u00eancio sobre as acusa\u00e7\u00f5es, segundo reportagens locais.<\/p>\n","protected":false},"excerpt":{"rendered":"<ul>\n<li>A pol\u00edcia alem\u00e3 deteve o deputado regional do AfD, Jorg Dornau, na Sax\u00f3nia, por suspeitas de exporta\u00e7\u00f5es proibidas para a Bielorr\u00fassia.<\/li>\n<li>Buscas foram realizadas no gabinete, resid\u00eancia e ve\u00edculos do deputado, com o objetivo de recolher provas para a investiga\u00e7\u00e3o do Minist\u00e9rio P\u00fablico de Leipzig.<\/li>\n<li>A investiga\u00e7\u00e3o envolve alegadas viola\u00e7\u00f5es da Lei do Com\u00e9rcio Externo e san\u00e7\u00f5es da Uni\u00e3o Europeia aplicadas \u00e0 Bielorr\u00fassia.<\/li>\n<li>O deputado \u00e9 acusado de ter indicado incorretamente o Cazaquist\u00e3o como destino numa declara\u00e7\u00e3o alfandeg\u00e1ria em agosto de 2022 para ocultar o destino real das mercadorias.<\/li>\n<li>Dornau j\u00e1 tinha sido multado, em 2024, pelo Presidente do Parlamento da Sax\u00f3nia por n\u00e3o declarar rendimentos de neg\u00f3cios na Bielorr\u00fassia, e o Parlamento suspendeu a imunidade parlamentar para as buscas.<\/li>\n<\/ul>\n","protected":false},"author":2,"featured_media":196706,"comment_status":"closed","ping_status":"closed","sticky":false,"template":"","format":"standard","meta":{"footnotes":""},"categories":[1,5],"tags":[1603,3055,2541,3446,1840,2055],"class_list":["post-196698","post","type-post","status-publish","format-standard","has-post-thumbnail","hentry","category-noticias","category-politica","tag-alemanha","tag-autoridade-aduaneira","tag-exportacoes","tag-extremismo","tag-sancoes-internacionais","tag-uniao-europeia"],"yoast_head":"<!-- This site is optimized with the Yoast SEO plugin v27.2 - https:\/\/yoast.com\/product\/yoast-seo-wordpress\/ -->\n<title>Deputado alem\u00e3o de extrema-direita detido por neg\u00f3cios com Bielorr\u00fassia - Portal Tela Portugal<\/title>\n<meta name=\"robots\" content=\"index, follow, max-snippet:-1, max-image-preview:large, max-video-preview:-1\" \/>\n<meta property=\"og:locale\" content=\"pt_PT\" \/>\n<meta property=\"og:type\" content=\"article\" \/>\n<meta property=\"og:title\" content=\"Deputado alem\u00e3o de extrema-direita detido por neg\u00f3cios com Bielorr\u00fassia - Portal Tela Portugal\" \/>\n<meta property=\"og:description\" content=\"A pol\u00edcia alem\u00e3 deteve o deputado regional do AfD, Jorg Dornau, na Sax\u00f3nia, por suspeitas de exporta\u00e7\u00f5es proibidas para a Bielorr\u00fassia. Buscas foram realizadas no gabinete, resid\u00eancia e ve\u00edculos do deputado, com o objetivo de recolher provas para a investiga\u00e7\u00e3o do Minist\u00e9rio P\u00fablico de Leipzig. A investiga\u00e7\u00e3o envolve alegadas viola\u00e7\u00f5es da Lei do Com\u00e9rcio Externo e san\u00e7\u00f5es da Uni\u00e3o Europeia aplicadas \u00e0 Bielorr\u00fassia. O deputado \u00e9 acusado de ter indicado incorretamente o Cazaquist\u00e3o como destino numa declara\u00e7\u00e3o alfandeg\u00e1ria em agosto de 2022 para ocultar o destino real das mercadorias. Dornau j\u00e1 tinha sido multado, em 2024, pelo Presidente do Parlamento da Sax\u00f3nia por n\u00e3o declarar rendimentos de neg\u00f3cios na Bielorr\u00fassia, e o Parlamento suspendeu a imunidade parlamentar para as buscas.\" \/>\n<meta property=\"og:url\" content=\"https:\/\/portaltela.pt\/noticias\/2026\/02\/04\/deputado-alemao-de-extrema-direita-detido-por-negocios-com-bielorrussia\/\" \/>\n<meta property=\"og:site_name\" content=\"Portal Tela Portugal\" \/>\n<meta property=\"article:published_time\" content=\"2026-02-04T13:17:33+00:00\" \/>\n<meta name=\"author\" content=\"Telinha\" \/>\n<meta name=\"twitter:card\" content=\"summary_large_image\" \/>\n<meta name=\"twitter:label1\" content=\"Escrito por\" \/>\n\t<meta name=\"twitter:data1\" content=\"Telinha\" \/>\n\t<meta name=\"twitter:label2\" content=\"Tempo estimado de leitura\" \/>\n\t<meta name=\"twitter:data2\" content=\"1 minuto\" \/>\n<script type=\"application\/ld+json\" class=\"yoast-schema-graph\">{\"@context\":\"https:\/\/schema.org\",\"@graph\":[{\"@type\":\"Article\",\"@id\":\"https:\/\/portaltela.pt\/noticias\/2026\/02\/04\/deputado-alemao-de-extrema-direita-detido-por-negocios-com-bielorrussia\/#article\",\"isPartOf\":{\"@id\":\"https:\/\/portaltela.pt\/noticias\/2026\/02\/04\/deputado-alemao-de-extrema-direita-detido-por-negocios-com-bielorrussia\/\"},\"author\":{\"name\":\"Telinha\",\"@id\":\"https:\/\/portaltela.pt\/#\/schema\/person\/c4278d4a6028830caff9ee44b42d32ed\"},\"headline\":\"Deputado alem\u00e3o de extrema-direita detido por neg\u00f3cios com Bielorr\u00fassia\",\"datePublished\":\"2026-02-04T13:17:33+00:00\",\"mainEntityOfPage\":{\"@id\":\"https:\/\/portaltela.pt\/noticias\/2026\/02\/04\/deputado-alemao-de-extrema-direita-detido-por-negocios-com-bielorrussia\/\"},\"wordCount\":269,\"image\":{\"@id\":\"https:\/\/portaltela.pt\/noticias\/2026\/02\/04\/deputado-alemao-de-extrema-direita-detido-por-negocios-com-bielorrussia\/#primaryimage\"},\"thumbnailUrl\":\"https:\/\/portaltela.pt\/s.01k8rhncp4jt1\/2026\/02\/img_1500x1000uu2025-04-06-18-57-39-2202153.jpg\",\"keywords\":[\"Alemanha\",\"Autoridade Aduaneira\",\"exporta\u00e7\u00f5es\",\"extremismo\",\"san\u00e7\u00f5es internacionais\",\"Uni\u00e3o Europeia\"],\"articleSection\":[\"Not\u00edcias\",\"Pol\u00edtica\"],\"inLanguage\":\"pt-PT\"},{\"@type\":\"WebPage\",\"@id\":\"https:\/\/portaltela.pt\/noticias\/2026\/02\/04\/deputado-alemao-de-extrema-direita-detido-por-negocios-com-bielorrussia\/\",\"url\":\"https:\/\/portaltela.pt\/noticias\/2026\/02\/04\/deputado-alemao-de-extrema-direita-detido-por-negocios-com-bielorrussia\/\",\"name\":\"Deputado alem\u00e3o de extrema-direita detido por neg\u00f3cios com Bielorr\u00fassia - Portal Tela Portugal\",\"isPartOf\":{\"@id\":\"https:\/\/portaltela.pt\/#website\"},\"primaryImageOfPage\":{\"@id\":\"https:\/\/portaltela.pt\/noticias\/2026\/02\/04\/deputado-alemao-de-extrema-direita-detido-por-negocios-com-bielorrussia\/#primaryimage\"},\"image\":{\"@id\":\"https:\/\/portaltela.pt\/noticias\/2026\/02\/04\/deputado-alemao-de-extrema-direita-detido-por-negocios-com-bielorrussia\/#primaryimage\"},\"thumbnailUrl\":\"https:\/\/portaltela.pt\/s.01k8rhncp4jt1\/2026\/02\/img_1500x1000uu2025-04-06-18-57-39-2202153.jpg\",\"datePublished\":\"2026-02-04T13:17:33+00:00\",\"author\":{\"@id\":\"https:\/\/portaltela.pt\/#\/schema\/person\/c4278d4a6028830caff9ee44b42d32ed\"},\"breadcrumb\":{\"@id\":\"https:\/\/portaltela.pt\/noticias\/2026\/02\/04\/deputado-alemao-de-extrema-direita-detido-por-negocios-com-bielorrussia\/#breadcrumb\"},\"inLanguage\":\"pt-PT\",\"potentialAction\":[{\"@type\":\"ReadAction\",\"target\":[\"https:\/\/portaltela.pt\/noticias\/2026\/02\/04\/deputado-alemao-de-extrema-direita-detido-por-negocios-com-bielorrussia\/\"]}]},{\"@type\":\"ImageObject\",\"inLanguage\":\"pt-PT\",\"@id\":\"https:\/\/portaltela.pt\/noticias\/2026\/02\/04\/deputado-alemao-de-extrema-direita-detido-por-negocios-com-bielorrussia\/#primaryimage\",\"url\":\"https:\/\/portaltela.pt\/s.01k8rhncp4jt1\/2026\/02\/img_1500x1000uu2025-04-06-18-57-39-2202153.jpg\",\"contentUrl\":\"https:\/\/portaltela.pt\/s.01k8rhncp4jt1\/2026\/02\/img_1500x1000uu2025-04-06-18-57-39-2202153.jpg\",\"width\":796,\"height\":448,\"caption\":\"Pol\u00edcia alem\u00e3\"},{\"@type\":\"BreadcrumbList\",\"@id\":\"https:\/\/portaltela.pt\/noticias\/2026\/02\/04\/deputado-alemao-de-extrema-direita-detido-por-negocios-com-bielorrussia\/#breadcrumb\",\"itemListElement\":[{\"@type\":\"ListItem\",\"position\":1,\"name\":\"In\u00edcio\",\"item\":\"https:\/\/portaltela.pt\/\"},{\"@type\":\"ListItem\",\"position\":2,\"name\":\"Deputado alem\u00e3o de extrema-direita detido por neg\u00f3cios com Bielorr\u00fassia\"}]},{\"@type\":\"WebSite\",\"@id\":\"https:\/\/portaltela.pt\/#website\",\"url\":\"https:\/\/portaltela.pt\/\",\"name\":\"Portal Tela Portugal\",\"description\":\"\",\"potentialAction\":[{\"@type\":\"SearchAction\",\"target\":{\"@type\":\"EntryPoint\",\"urlTemplate\":\"https:\/\/portaltela.pt\/?s={search_term_string}\"},\"query-input\":{\"@type\":\"PropertyValueSpecification\",\"valueRequired\":true,\"valueName\":\"search_term_string\"}}],\"inLanguage\":\"pt-PT\"},{\"@type\":\"Person\",\"@id\":\"https:\/\/portaltela.pt\/#\/schema\/person\/c4278d4a6028830caff9ee44b42d32ed\",\"name\":\"Telinha\",\"image\":{\"@type\":\"ImageObject\",\"inLanguage\":\"pt-PT\",\"@id\":\"https:\/\/portaltela.pt\/s.01k8rhncp4jt1\/2025\/11\/talking-bot-125x125.png\",\"url\":\"https:\/\/portaltela.pt\/s.01k8rhncp4jt1\/2025\/11\/talking-bot-125x125.png\",\"contentUrl\":\"https:\/\/portaltela.pt\/s.01k8rhncp4jt1\/2025\/11\/talking-bot-125x125.png\",\"caption\":\"Telinha\"},\"sameAs\":[\"https:\/\/portaltela.pt\/\"],\"url\":\"https:\/\/portaltela.pt\/por\/367410592786\/\"}]}<\/script>\n<!-- \/ Yoast SEO plugin. -->","yoast_head_json":{"title":"Deputado alem\u00e3o de extrema-direita detido por neg\u00f3cios com Bielorr\u00fassia - Portal Tela Portugal","robots":{"index":"index","follow":"follow","max-snippet":"max-snippet:-1","max-image-preview":"max-image-preview:large","max-video-preview":"max-video-preview:-1"},"og_locale":"pt_PT","og_type":"article","og_title":"Deputado alem\u00e3o de extrema-direita detido por neg\u00f3cios com Bielorr\u00fassia - Portal Tela Portugal","og_description":"A pol\u00edcia alem\u00e3 deteve o deputado regional do AfD, Jorg Dornau, na Sax\u00f3nia, por suspeitas de exporta\u00e7\u00f5es proibidas para a Bielorr\u00fassia. Buscas foram realizadas no gabinete, resid\u00eancia e ve\u00edculos do deputado, com o objetivo de recolher provas para a investiga\u00e7\u00e3o do Minist\u00e9rio P\u00fablico de Leipzig. A investiga\u00e7\u00e3o envolve alegadas viola\u00e7\u00f5es da Lei do Com\u00e9rcio Externo e san\u00e7\u00f5es da Uni\u00e3o Europeia aplicadas \u00e0 Bielorr\u00fassia. O deputado \u00e9 acusado de ter indicado incorretamente o Cazaquist\u00e3o como destino numa declara\u00e7\u00e3o alfandeg\u00e1ria em agosto de 2022 para ocultar o destino real das mercadorias. Dornau j\u00e1 tinha sido multado, em 2024, pelo Presidente do Parlamento da Sax\u00f3nia por n\u00e3o declarar rendimentos de neg\u00f3cios na Bielorr\u00fassia, e o Parlamento suspendeu a imunidade parlamentar para as buscas.","og_url":"https:\/\/portaltela.pt\/noticias\/2026\/02\/04\/deputado-alemao-de-extrema-direita-detido-por-negocios-com-bielorrussia\/","og_site_name":"Portal Tela Portugal","article_published_time":"2026-02-04T13:17:33+00:00","author":"Telinha","twitter_card":"summary_large_image","twitter_misc":{"Escrito por":"Telinha","Tempo estimado de leitura":"1 minuto"},"schema":{"@context":"https:\/\/schema.org","@graph":[{"@type":"Article","@id":"https:\/\/portaltela.pt\/noticias\/2026\/02\/04\/deputado-alemao-de-extrema-direita-detido-por-negocios-com-bielorrussia\/#article","isPartOf":{"@id":"https:\/\/portaltela.pt\/noticias\/2026\/02\/04\/deputado-alemao-de-extrema-direita-detido-por-negocios-com-bielorrussia\/"},"author":{"name":"Telinha","@id":"https:\/\/portaltela.pt\/#\/schema\/person\/c4278d4a6028830caff9ee44b42d32ed"},"headline":"Deputado alem\u00e3o de extrema-direita detido por neg\u00f3cios com Bielorr\u00fassia","datePublished":"2026-02-04T13:17:33+00:00","mainEntityOfPage":{"@id":"https:\/\/portaltela.pt\/noticias\/2026\/02\/04\/deputado-alemao-de-extrema-direita-detido-por-negocios-com-bielorrussia\/"},"wordCount":269,"image":{"@id":"https:\/\/portaltela.pt\/noticias\/2026\/02\/04\/deputado-alemao-de-extrema-direita-detido-por-negocios-com-bielorrussia\/#primaryimage"},"thumbnailUrl":"https:\/\/portaltela.pt\/s.01k8rhncp4jt1\/2026\/02\/img_1500x1000uu2025-04-06-18-57-39-2202153.jpg","keywords":["Alemanha","Autoridade Aduaneira","exporta\u00e7\u00f5es","extremismo","san\u00e7\u00f5es internacionais","Uni\u00e3o Europeia"],"articleSection":["Not\u00edcias","Pol\u00edtica"],"inLanguage":"pt-PT"},{"@type":"WebPage","@id":"https:\/\/portaltela.pt\/noticias\/2026\/02\/04\/deputado-alemao-de-extrema-direita-detido-por-negocios-com-bielorrussia\/","url":"https:\/\/portaltela.pt\/noticias\/2026\/02\/04\/deputado-alemao-de-extrema-direita-detido-por-negocios-com-bielorrussia\/","name":"Deputado alem\u00e3o de extrema-direita detido por neg\u00f3cios com Bielorr\u00fassia - Portal Tela Portugal","isPartOf":{"@id":"https:\/\/portaltela.pt\/#website"},"primaryImageOfPage":{"@id":"https:\/\/portaltela.pt\/noticias\/2026\/02\/04\/deputado-alemao-de-extrema-direita-detido-por-negocios-com-bielorrussia\/#primaryimage"},"image":{"@id":"https:\/\/portaltela.pt\/noticias\/2026\/02\/04\/deputado-alemao-de-extrema-direita-detido-por-negocios-com-bielorrussia\/#primaryimage"},"thumbnailUrl":"https:\/\/portaltela.pt\/s.01k8rhncp4jt1\/2026\/02\/img_1500x1000uu2025-04-06-18-57-39-2202153.jpg","datePublished":"2026-02-04T13:17:33+00:00","author":{"@id":"https:\/\/portaltela.pt\/#\/schema\/person\/c4278d4a6028830caff9ee44b42d32ed"},"breadcrumb":{"@id":"https:\/\/portaltela.pt\/noticias\/2026\/02\/04\/deputado-alemao-de-extrema-direita-detido-por-negocios-com-bielorrussia\/#breadcrumb"},"inLanguage":"pt-PT","potentialAction":[{"@type":"ReadAction","target":["https:\/\/portaltela.pt\/noticias\/2026\/02\/04\/deputado-alemao-de-extrema-direita-detido-por-negocios-com-bielorrussia\/"]}]},{"@type":"ImageObject","inLanguage":"pt-PT","@id":"https:\/\/portaltela.pt\/noticias\/2026\/02\/04\/deputado-alemao-de-extrema-direita-detido-por-negocios-com-bielorrussia\/#primaryimage","url":"https:\/\/portaltela.pt\/s.01k8rhncp4jt1\/2026\/02\/img_1500x1000uu2025-04-06-18-57-39-2202153.jpg","contentUrl":"https:\/\/portaltela.pt\/s.01k8rhncp4jt1\/2026\/02\/img_1500x1000uu2025-04-06-18-57-39-2202153.jpg","width":796,"height":448,"caption":"Pol\u00edcia alem\u00e3"},{"@type":"BreadcrumbList","@id":"https:\/\/portaltela.pt\/noticias\/2026\/02\/04\/deputado-alemao-de-extrema-direita-detido-por-negocios-com-bielorrussia\/#breadcrumb","itemListElement":[{"@type":"ListItem","position":1,"name":"In\u00edcio","item":"https:\/\/portaltela.pt\/"},{"@type":"ListItem","position":2,"name":"Deputado alem\u00e3o de extrema-direita detido por neg\u00f3cios com Bielorr\u00fassia"}]},{"@type":"WebSite","@id":"https:\/\/portaltela.pt\/#website","url":"https:\/\/portaltela.pt\/","name":"Portal Tela Portugal","description":"","potentialAction":[{"@type":"SearchAction","target":{"@type":"EntryPoint","urlTemplate":"https:\/\/portaltela.pt\/?s={search_term_string}"},"query-input":{"@type":"PropertyValueSpecification","valueRequired":true,"valueName":"search_term_string"}}],"inLanguage":"pt-PT"},{"@type":"Person","@id":"https:\/\/portaltela.pt\/#\/schema\/person\/c4278d4a6028830caff9ee44b42d32ed","name":"Telinha","image":{"@type":"ImageObject","inLanguage":"pt-PT","@id":"https:\/\/portaltela.pt\/s.01k8rhncp4jt1\/2025\/11\/talking-bot-125x125.png","url":"https:\/\/portaltela.pt\/s.01k8rhncp4jt1\/2025\/11\/talking-bot-125x125.png","contentUrl":"https:\/\/portaltela.pt\/s.01k8rhncp4jt1\/2025\/11\/talking-bot-125x125.png","caption":"Telinha"},"sameAs":["https:\/\/portaltela.pt\/"],"url":"https:\/\/portaltela.pt\/por\/367410592786\/"}]}},"_links":{"self":[{"href":"https:\/\/portaltela.pt\/api\/wp\/v2\/posts\/196698","targetHints":{"allow":["GET"]}}],"collection":[{"href":"https:\/\/portaltela.pt\/api\/wp\/v2\/posts"}],"about":[{"href":"https:\/\/portaltela.pt\/api\/wp\/v2\/types\/post"}],"author":[{"embeddable":true,"href":"https:\/\/portaltela.pt\/api\/wp\/v2\/users\/2"}],"replies":[{"embeddable":true,"href":"https:\/\/portaltela.pt\/api\/wp\/v2\/comments?post=196698"}],"version-history":[{"count":0,"href":"https:\/\/portaltela.pt\/api\/wp\/v2\/posts\/196698\/revisions"}],"wp:featuredmedia":[{"embeddable":true,"href":"https:\/\/portaltela.pt\/api\/wp\/v2\/media\/196706"}],"wp:attachment":[{"href":"https:\/\/portaltela.pt\/api\/wp\/v2\/media?parent=196698"}],"wp:term":[{"taxonomy":"category","embeddable":true,"href":"https:\/\/portaltela.pt\/api\/wp\/v2\/categories?post=196698"},{"taxonomy":"post_tag","embeddable":true,"href":"https:\/\/portaltela.pt\/api\/wp\/v2\/tags?post=196698"}],"curies":[{"name":"wp","href":"https:\/\/api.w.org\/{rel}","templated":true}]}}