{"id":196680,"date":"2026-02-04T09:56:00","date_gmt":"2026-02-04T12:56:00","guid":{"rendered":"https:\/\/portaltela.pt\/noticias\/2026\/02\/04\/ruben-neves-renova-com-o-al-hilal-ate-2029\/"},"modified":"2026-02-04T09:56:00","modified_gmt":"2026-02-04T12:56:00","slug":"ruben-neves-renova-com-o-al-hilal-ate-2029","status":"publish","type":"post","link":"https:\/\/portaltela.pt\/desporto\/futebol\/2026\/02\/04\/ruben-neves-renova-com-o-al-hilal-ate-2029\/","title":{"rendered":"R\u00faben Neves renova com o Al Hilal at\u00e9 2029"},"content":{"rendered":"<p>R\u00faben Neves renovou o v\u00ednculo com o Al Hilal, mantendo-se no clube saudita at\u00e9 2029. A informa\u00e7\u00e3o surge junto da comunica\u00e7\u00e3o publicada pela equipa, sem indica\u00e7\u00e3o de valores.<\/p>\n<p>O conte\u00fado completo da not\u00edcia est\u00e1 dispon\u00edvel apenas para subscritores. Assim, detalhes sobre cl\u00e1usulas contratuais, remunera\u00e7\u00e3o ou condi\u00e7\u00f5es da renova\u00e7\u00e3o n\u00e3o s\u00e3o divulgados no trecho hoje acess\u00edvel.<\/p>\n<p>N\u00e3o foram apresentados dados adicionais no material partilhado, limitando-se a confirmar a extens\u00e3o do acordo e a continuidade do jogador no clube.<\/p>\n","protected":false},"excerpt":{"rendered":"<ul>\n<li>R\u00faben Neves renova com o Al Hilal at\u00e9 2029.<\/li>\n<li>O novo contrato mant\u00e9m o jogador no clube saudita por mais anos.<\/li>\n<li>O acordo estende o v\u00ednculo do m\u00e9dio portugu\u00eas at\u00e9 ao ano de 2029.<\/li>\n<li>A renova\u00e7\u00e3o refor\u00e7a a continuidade de R\u00faben Neves no Al Hilal.<\/li>\n<\/ul>\n","protected":false},"author":2,"featured_media":196686,"comment_status":"closed","ping_status":"closed","sticky":false,"template":"","format":"standard","meta":{"footnotes":""},"categories":[21,24],"tags":[152,2681,32,3338,1747,2674],"class_list":["post-196680","post","type-post","status-publish","format-standard","has-post-thumbnail","hentry","category-desporto","category-futebol","tag-desporto","tag-desporto-internacional","tag-futebol","tag-futebol-internacional","tag-futebol-profissional","tag-ruben-neves"],"yoast_head":"<!-- This site is optimized with the Yoast SEO plugin v27.2 - https:\/\/yoast.com\/product\/yoast-seo-wordpress\/ -->\n<title>R\u00faben Neves renova com o Al Hilal at\u00e9 2029 - Portal Tela Portugal<\/title>\n<meta name=\"robots\" content=\"index, follow, max-snippet:-1, max-image-preview:large, max-video-preview:-1\" \/>\n<meta property=\"og:locale\" content=\"pt_PT\" \/>\n<meta property=\"og:type\" content=\"article\" \/>\n<meta property=\"og:title\" content=\"R\u00faben Neves renova com o Al Hilal at\u00e9 2029 - Portal Tela Portugal\" \/>\n<meta property=\"og:description\" content=\"R\u00faben Neves renova com o Al Hilal at\u00e9 2029. O novo contrato mant\u00e9m o jogador no clube saudita por mais anos. O acordo estende o v\u00ednculo do m\u00e9dio portugu\u00eas at\u00e9 ao ano de 2029. A renova\u00e7\u00e3o refor\u00e7a a continuidade de R\u00faben Neves no Al Hilal.\" \/>\n<meta property=\"og:url\" content=\"https:\/\/portaltela.pt\/noticias\/2026\/02\/04\/ruben-neves-renova-com-o-al-hilal-ate-2029\/\" \/>\n<meta property=\"og:site_name\" content=\"Portal Tela Portugal\" \/>\n<meta property=\"article:published_time\" content=\"2026-02-04T12:56:00+00:00\" \/>\n<meta name=\"author\" content=\"Telinha\" \/>\n<meta name=\"twitter:card\" content=\"summary_large_image\" \/>\n<meta name=\"twitter:label1\" content=\"Escrito por\" \/>\n\t<meta name=\"twitter:data1\" content=\"Telinha\" \/>\n<script type=\"application\/ld+json\" class=\"yoast-schema-graph\">{\"@context\":\"https:\/\/schema.org\",\"@graph\":[{\"@type\":\"Article\",\"@id\":\"https:\/\/portaltela.pt\/noticias\/2026\/02\/04\/ruben-neves-renova-com-o-al-hilal-ate-2029\/#article\",\"isPartOf\":{\"@id\":\"https:\/\/portaltela.pt\/noticias\/2026\/02\/04\/ruben-neves-renova-com-o-al-hilal-ate-2029\/\"},\"author\":{\"name\":\"Telinha\",\"@id\":\"https:\/\/portaltela.pt\/#\/schema\/person\/c4278d4a6028830caff9ee44b42d32ed\"},\"headline\":\"R\u00faben Neves renova com o Al Hilal at\u00e9 2029\",\"datePublished\":\"2026-02-04T12:56:00+00:00\",\"mainEntityOfPage\":{\"@id\":\"https:\/\/portaltela.pt\/noticias\/2026\/02\/04\/ruben-neves-renova-com-o-al-hilal-ate-2029\/\"},\"wordCount\":102,\"image\":{\"@id\":\"https:\/\/portaltela.pt\/noticias\/2026\/02\/04\/ruben-neves-renova-com-o-al-hilal-ate-2029\/#primaryimage\"},\"thumbnailUrl\":\"https:\/\/portaltela.pt\/s.01k8rhncp4jt1\/2026\/02\/CACHE_780X1200_ANALOG_WATERMARKED_45827146_255962211190349.jpg\",\"keywords\":[\"desporto\",\"desporto internacional\",\"futebol\",\"futebol internacional\",\"Futebol Profissional\",\"R\u00faben Neves\"],\"articleSection\":[\"Desporto\",\"Futebol\"],\"inLanguage\":\"pt-PT\"},{\"@type\":\"WebPage\",\"@id\":\"https:\/\/portaltela.pt\/noticias\/2026\/02\/04\/ruben-neves-renova-com-o-al-hilal-ate-2029\/\",\"url\":\"https:\/\/portaltela.pt\/noticias\/2026\/02\/04\/ruben-neves-renova-com-o-al-hilal-ate-2029\/\",\"name\":\"R\u00faben Neves renova com o Al Hilal at\u00e9 2029 - Portal Tela Portugal\",\"isPartOf\":{\"@id\":\"https:\/\/portaltela.pt\/#website\"},\"primaryImageOfPage\":{\"@id\":\"https:\/\/portaltela.pt\/noticias\/2026\/02\/04\/ruben-neves-renova-com-o-al-hilal-ate-2029\/#primaryimage\"},\"image\":{\"@id\":\"https:\/\/portaltela.pt\/noticias\/2026\/02\/04\/ruben-neves-renova-com-o-al-hilal-ate-2029\/#primaryimage\"},\"thumbnailUrl\":\"https:\/\/portaltela.pt\/s.01k8rhncp4jt1\/2026\/02\/CACHE_780X1200_ANALOG_WATERMARKED_45827146_255962211190349.jpg\",\"datePublished\":\"2026-02-04T12:56:00+00:00\",\"author\":{\"@id\":\"https:\/\/portaltela.pt\/#\/schema\/person\/c4278d4a6028830caff9ee44b42d32ed\"},\"breadcrumb\":{\"@id\":\"https:\/\/portaltela.pt\/noticias\/2026\/02\/04\/ruben-neves-renova-com-o-al-hilal-ate-2029\/#breadcrumb\"},\"inLanguage\":\"pt-PT\",\"potentialAction\":[{\"@type\":\"ReadAction\",\"target\":[\"https:\/\/portaltela.pt\/noticias\/2026\/02\/04\/ruben-neves-renova-com-o-al-hilal-ate-2029\/\"]}]},{\"@type\":\"ImageObject\",\"inLanguage\":\"pt-PT\",\"@id\":\"https:\/\/portaltela.pt\/noticias\/2026\/02\/04\/ruben-neves-renova-com-o-al-hilal-ate-2029\/#primaryimage\",\"url\":\"https:\/\/portaltela.pt\/s.01k8rhncp4jt1\/2026\/02\/CACHE_780X1200_ANALOG_WATERMARKED_45827146_255962211190349.jpg\",\"contentUrl\":\"https:\/\/portaltela.pt\/s.01k8rhncp4jt1\/2026\/02\/CACHE_780X1200_ANALOG_WATERMARKED_45827146_255962211190349.jpg\",\"width\":796,\"height\":448,\"caption\":\"R\u00faben Neves renova com o Al Hilal at\u00e9 2029\"},{\"@type\":\"BreadcrumbList\",\"@id\":\"https:\/\/portaltela.pt\/noticias\/2026\/02\/04\/ruben-neves-renova-com-o-al-hilal-ate-2029\/#breadcrumb\",\"itemListElement\":[{\"@type\":\"ListItem\",\"position\":1,\"name\":\"In\u00edcio\",\"item\":\"https:\/\/portaltela.pt\/\"},{\"@type\":\"ListItem\",\"position\":2,\"name\":\"R\u00faben Neves renova com o Al Hilal at\u00e9 2029\"}]},{\"@type\":\"WebSite\",\"@id\":\"https:\/\/portaltela.pt\/#website\",\"url\":\"https:\/\/portaltela.pt\/\",\"name\":\"Portal Tela Portugal\",\"description\":\"\",\"potentialAction\":[{\"@type\":\"SearchAction\",\"target\":{\"@type\":\"EntryPoint\",\"urlTemplate\":\"https:\/\/portaltela.pt\/?s={search_term_string}\"},\"query-input\":{\"@type\":\"PropertyValueSpecification\",\"valueRequired\":true,\"valueName\":\"search_term_string\"}}],\"inLanguage\":\"pt-PT\"},{\"@type\":\"Person\",\"@id\":\"https:\/\/portaltela.pt\/#\/schema\/person\/c4278d4a6028830caff9ee44b42d32ed\",\"name\":\"Telinha\",\"image\":{\"@type\":\"ImageObject\",\"inLanguage\":\"pt-PT\",\"@id\":\"https:\/\/portaltela.pt\/s.01k8rhncp4jt1\/2025\/11\/talking-bot-125x125.png\",\"url\":\"https:\/\/portaltela.pt\/s.01k8rhncp4jt1\/2025\/11\/talking-bot-125x125.png\",\"contentUrl\":\"https:\/\/portaltela.pt\/s.01k8rhncp4jt1\/2025\/11\/talking-bot-125x125.png\",\"caption\":\"Telinha\"},\"sameAs\":[\"https:\/\/portaltela.pt\/\"],\"url\":\"https:\/\/portaltela.pt\/por\/367410592786\/\"}]}<\/script>\n<!-- \/ Yoast SEO plugin. -->","yoast_head_json":{"title":"R\u00faben Neves renova com o Al Hilal at\u00e9 2029 - Portal Tela Portugal","robots":{"index":"index","follow":"follow","max-snippet":"max-snippet:-1","max-image-preview":"max-image-preview:large","max-video-preview":"max-video-preview:-1"},"og_locale":"pt_PT","og_type":"article","og_title":"R\u00faben Neves renova com o Al Hilal at\u00e9 2029 - Portal Tela Portugal","og_description":"R\u00faben Neves renova com o Al Hilal at\u00e9 2029. O novo contrato mant\u00e9m o jogador no clube saudita por mais anos. O acordo estende o v\u00ednculo do m\u00e9dio portugu\u00eas at\u00e9 ao ano de 2029. A renova\u00e7\u00e3o refor\u00e7a a continuidade de R\u00faben Neves no Al Hilal.","og_url":"https:\/\/portaltela.pt\/noticias\/2026\/02\/04\/ruben-neves-renova-com-o-al-hilal-ate-2029\/","og_site_name":"Portal Tela Portugal","article_published_time":"2026-02-04T12:56:00+00:00","author":"Telinha","twitter_card":"summary_large_image","twitter_misc":{"Escrito por":"Telinha"},"schema":{"@context":"https:\/\/schema.org","@graph":[{"@type":"Article","@id":"https:\/\/portaltela.pt\/noticias\/2026\/02\/04\/ruben-neves-renova-com-o-al-hilal-ate-2029\/#article","isPartOf":{"@id":"https:\/\/portaltela.pt\/noticias\/2026\/02\/04\/ruben-neves-renova-com-o-al-hilal-ate-2029\/"},"author":{"name":"Telinha","@id":"https:\/\/portaltela.pt\/#\/schema\/person\/c4278d4a6028830caff9ee44b42d32ed"},"headline":"R\u00faben Neves renova com o Al Hilal at\u00e9 2029","datePublished":"2026-02-04T12:56:00+00:00","mainEntityOfPage":{"@id":"https:\/\/portaltela.pt\/noticias\/2026\/02\/04\/ruben-neves-renova-com-o-al-hilal-ate-2029\/"},"wordCount":102,"image":{"@id":"https:\/\/portaltela.pt\/noticias\/2026\/02\/04\/ruben-neves-renova-com-o-al-hilal-ate-2029\/#primaryimage"},"thumbnailUrl":"https:\/\/portaltela.pt\/s.01k8rhncp4jt1\/2026\/02\/CACHE_780X1200_ANALOG_WATERMARKED_45827146_255962211190349.jpg","keywords":["desporto","desporto internacional","futebol","futebol internacional","Futebol Profissional","R\u00faben Neves"],"articleSection":["Desporto","Futebol"],"inLanguage":"pt-PT"},{"@type":"WebPage","@id":"https:\/\/portaltela.pt\/noticias\/2026\/02\/04\/ruben-neves-renova-com-o-al-hilal-ate-2029\/","url":"https:\/\/portaltela.pt\/noticias\/2026\/02\/04\/ruben-neves-renova-com-o-al-hilal-ate-2029\/","name":"R\u00faben Neves renova com o Al Hilal at\u00e9 2029 - Portal Tela Portugal","isPartOf":{"@id":"https:\/\/portaltela.pt\/#website"},"primaryImageOfPage":{"@id":"https:\/\/portaltela.pt\/noticias\/2026\/02\/04\/ruben-neves-renova-com-o-al-hilal-ate-2029\/#primaryimage"},"image":{"@id":"https:\/\/portaltela.pt\/noticias\/2026\/02\/04\/ruben-neves-renova-com-o-al-hilal-ate-2029\/#primaryimage"},"thumbnailUrl":"https:\/\/portaltela.pt\/s.01k8rhncp4jt1\/2026\/02\/CACHE_780X1200_ANALOG_WATERMARKED_45827146_255962211190349.jpg","datePublished":"2026-02-04T12:56:00+00:00","author":{"@id":"https:\/\/portaltela.pt\/#\/schema\/person\/c4278d4a6028830caff9ee44b42d32ed"},"breadcrumb":{"@id":"https:\/\/portaltela.pt\/noticias\/2026\/02\/04\/ruben-neves-renova-com-o-al-hilal-ate-2029\/#breadcrumb"},"inLanguage":"pt-PT","potentialAction":[{"@type":"ReadAction","target":["https:\/\/portaltela.pt\/noticias\/2026\/02\/04\/ruben-neves-renova-com-o-al-hilal-ate-2029\/"]}]},{"@type":"ImageObject","inLanguage":"pt-PT","@id":"https:\/\/portaltela.pt\/noticias\/2026\/02\/04\/ruben-neves-renova-com-o-al-hilal-ate-2029\/#primaryimage","url":"https:\/\/portaltela.pt\/s.01k8rhncp4jt1\/2026\/02\/CACHE_780X1200_ANALOG_WATERMARKED_45827146_255962211190349.jpg","contentUrl":"https:\/\/portaltela.pt\/s.01k8rhncp4jt1\/2026\/02\/CACHE_780X1200_ANALOG_WATERMARKED_45827146_255962211190349.jpg","width":796,"height":448,"caption":"R\u00faben Neves renova com o Al Hilal at\u00e9 2029"},{"@type":"BreadcrumbList","@id":"https:\/\/portaltela.pt\/noticias\/2026\/02\/04\/ruben-neves-renova-com-o-al-hilal-ate-2029\/#breadcrumb","itemListElement":[{"@type":"ListItem","position":1,"name":"In\u00edcio","item":"https:\/\/portaltela.pt\/"},{"@type":"ListItem","position":2,"name":"R\u00faben Neves renova com o Al Hilal at\u00e9 2029"}]},{"@type":"WebSite","@id":"https:\/\/portaltela.pt\/#website","url":"https:\/\/portaltela.pt\/","name":"Portal Tela Portugal","description":"","potentialAction":[{"@type":"SearchAction","target":{"@type":"EntryPoint","urlTemplate":"https:\/\/portaltela.pt\/?s={search_term_string}"},"query-input":{"@type":"PropertyValueSpecification","valueRequired":true,"valueName":"search_term_string"}}],"inLanguage":"pt-PT"},{"@type":"Person","@id":"https:\/\/portaltela.pt\/#\/schema\/person\/c4278d4a6028830caff9ee44b42d32ed","name":"Telinha","image":{"@type":"ImageObject","inLanguage":"pt-PT","@id":"https:\/\/portaltela.pt\/s.01k8rhncp4jt1\/2025\/11\/talking-bot-125x125.png","url":"https:\/\/portaltela.pt\/s.01k8rhncp4jt1\/2025\/11\/talking-bot-125x125.png","contentUrl":"https:\/\/portaltela.pt\/s.01k8rhncp4jt1\/2025\/11\/talking-bot-125x125.png","caption":"Telinha"},"sameAs":["https:\/\/portaltela.pt\/"],"url":"https:\/\/portaltela.pt\/por\/367410592786\/"}]}},"_links":{"self":[{"href":"https:\/\/portaltela.pt\/api\/wp\/v2\/posts\/196680","targetHints":{"allow":["GET"]}}],"collection":[{"href":"https:\/\/portaltela.pt\/api\/wp\/v2\/posts"}],"about":[{"href":"https:\/\/portaltela.pt\/api\/wp\/v2\/types\/post"}],"author":[{"embeddable":true,"href":"https:\/\/portaltela.pt\/api\/wp\/v2\/users\/2"}],"replies":[{"embeddable":true,"href":"https:\/\/portaltela.pt\/api\/wp\/v2\/comments?post=196680"}],"version-history":[{"count":0,"href":"https:\/\/portaltela.pt\/api\/wp\/v2\/posts\/196680\/revisions"}],"wp:featuredmedia":[{"embeddable":true,"href":"https:\/\/portaltela.pt\/api\/wp\/v2\/media\/196686"}],"wp:attachment":[{"href":"https:\/\/portaltela.pt\/api\/wp\/v2\/media?parent=196680"}],"wp:term":[{"taxonomy":"category","embeddable":true,"href":"https:\/\/portaltela.pt\/api\/wp\/v2\/categories?post=196680"},{"taxonomy":"post_tag","embeddable":true,"href":"https:\/\/portaltela.pt\/api\/wp\/v2\/tags?post=196680"}],"curies":[{"name":"wp","href":"https:\/\/api.w.org\/{rel}","templated":true}]}}