{"id":196668,"date":"2026-02-04T10:04:00","date_gmt":"2026-02-04T13:04:00","guid":{"rendered":"https:\/\/portaltela.pt\/noticias\/2026\/02\/04\/zero-acusa-governo-de-ceder-ao-agronegocio-ampliar-agua-de-alqueva-para-regadio\/"},"modified":"2026-02-04T10:04:00","modified_gmt":"2026-02-04T13:04:00","slug":"zero-acusa-governo-de-ceder-ao-agronegocio-ampliar-agua-de-alqueva-para-regadio","status":"publish","type":"post","link":"https:\/\/portaltela.pt\/noticias\/2026\/02\/04\/zero-acusa-governo-de-ceder-ao-agronegocio-ampliar-agua-de-alqueva-para-regadio\/","title":{"rendered":"Zero acusa Governo de ceder ao agroneg\u00f3cio, ampliar \u00e1gua de Alqueva para regadio"},"content":{"rendered":"<p>Dois despachos recentes ampliam o volume de \u00e1gua dispon\u00edvel para o regadio em Alqueva, segundo a Zero, associando a decis\u00e3o ao incremento do agroneg\u00f3cio no territ\u00f3rio. O despacho n.\u00ba 423-A\/2026, de 14 de Janeiro, determina o aumento de 620 hm\u00b3\/ano para 730 hm\u00b3\/ano, com a maior parte destinada ao regadio.<\/p>\n<p>A partir deste aumento, o regadio passa a dispor de 690 hm\u00b3\/ano, enquanto o abastecimento p\u00fablico e industrial fica com 40 hm\u00b3\/ano. Actualmente, 590 hm\u00b3\/ano v\u00e3o para rega e 30 hm\u00b3\/ano para consumo p\u00fablico e industrial. A organiza\u00e7\u00e3o ambientalista descreve a mudan\u00e7a como uma perda de resili\u00eancia da albufeira.<\/p>\n<p>Para a Zero, a decis\u00e3o compromete a garantia de fornecimento de \u00e1gua por tr\u00eas anos do EFMA e reduz a reserva m\u00ednima para o abastecimento p\u00fablico a menos de 5% do total. A organiza\u00e7\u00e3o alerta para impactos na gest\u00e3o h\u00eddrica da regi\u00e3o.<\/p>\n<p>Em termos de parcelas de \u00e1gua, os blocos de rega cobrir\u00e3o 120 mil hectares servidos por Alqueva, com novas \u00e1reas a beneficiar de \u00e1gua da barragem. A Zero afirma que os caudais do Guadiana ficam em risco com este cen\u00e1rio de expans\u00e3o h\u00eddrica.<\/p>\n<p>O conjunto de depend\u00eancias h\u00eddricas do EFMA tem vindo a aumentar, com cr\u00edticas \u00e0 manuten\u00e7\u00e3o de \u00e1gua para culturas permanentes fora dos per\u00edmetros de rega oficiais e \u00e0 expans\u00e3o para mais 35 mil hectares na segunda fase. A associa\u00e7\u00e3o aponta incompatibilidades com o papel de reserva estrat\u00e9gica.<\/p>\n<p>Al\u00e9m disso, a Zero menciona solicita\u00e7\u00f5es de novos regadios e a necessidade de proteger o tro\u00e7o internacional do Guadiana (Pomar\u00e3o-Vila Real de Santo Ant\u00f3nio) e o abastecimento da albufeira de Odeleite\/Beliche. O transvase para as bacias do Algarve tamb\u00e9m \u00e9 citado.<\/p>\n<p>A organiza\u00e7\u00e3o sustenta que a situa\u00e7\u00e3o atual da \u00e1rea regada j\u00e1 revela sinais de esgotamento. O regadio p\u00fablico representa a maior fatia da \u00e1gua captada, enquanto o investimento no agroneg\u00f3cio volta-se para a exporta\u00e7\u00e3o de produtos com valor agregado baixo para o pa\u00eds.<\/p>\n<p>Limites \u00e0s monoculturas aparecem entre as cr\u00edticas da Zero. O olival domina cerca de 80% da \u00e1rea regada, empurrando solos de cereal e outros alimentos para margens sens\u00edveis. A associa\u00e7\u00e3o defende medidas para reduzir a press\u00e3o sobre a reserva de \u00e1gua.<\/p>\n<p>Entre as propostas, a Zero sugere refor\u00e7ar a rigorosidade na distribui\u00e7\u00e3o de \u00e1gua para agricultura, limitar \u00e1reas de monoculturas permanentes e eliminar subs\u00eddios \u00e0 \u00e1gua de rega. A organiza\u00e7\u00e3o prop\u00f5e ainda fontes alternativas para reduzir a press\u00e3o sobre Alqueva.<\/p>\n","protected":false},"excerpt":{"rendered":"<ul>\n<li>O despacho de 14 de janeiro aumenta o volume de \u00e1guas para usos consumptivos do EFMA de 620 hm\u00b3\/ano para 730 hm\u00b3\/ano, com rega a subir de 590 hm\u00b3\/ano para 690 hm\u00b3\/ano e abastecimento p\u00fablico\/industrial de 30 hm\u00b3\/ano para 40 hm\u00b3\/ano.<\/li>\n<li>A associa\u00e7\u00e3o Zero afirma que a medida comprova expans\u00e3o desregulada do regadio, quebra a garantia de tr\u00eas anos de fornecimento e reduz a reserva estrat\u00e9gica de \u00e1gua, ficando o abastecimento p\u00fablico com menos de 5% do total.<\/li>\n<li>Para a regi\u00e3o, o regadio ligado a Alqueva abrange 120.000 hectares, com mais 100 milh\u00f5es de metros c\u00fabicos por ano a doar a novas \u00e1reas no Sado e no Mira, colocando em risco os caudais do Guadiana.<\/li>\n<li>A organiza\u00e7\u00e3o critica ainda o peso da monocultura de olival, que ocupa cerca de 80% da \u00e1rea regada, mais associada \u00e0 exporta\u00e7\u00e3o do que \u00e0 seguran\u00e7a alimentar nacional.<\/li>\n<li>Zero prop\u00f5e medidas como maior rigor na atribui\u00e7\u00e3o de disponibilidades h\u00eddricas, limite de ocupa\u00e7\u00e3o de \u043f\u043b\u043e\u0449\u0430\u0434\u0438 para monoculturas, fim de subs\u00eddios \u00e0 \u00e1gua para rega e explora\u00e7\u00e3o de alternativas como a Cascata do Guadiana.<\/li>\n<\/ul>\n","protected":false},"author":2,"featured_media":196673,"comment_status":"closed","ping_status":"closed","sticky":false,"template":"","format":"standard","meta":{"footnotes":""},"categories":[1],"tags":[1503,179,1090,5080,167,811],"class_list":["post-196668","post","type-post","status-publish","format-standard","has-post-thumbnail","hentry","category-noticias","tag-abastecimento-de-agua","tag-agricultura","tag-agua","tag-alqueva","tag-ambiente","tag-protecao-ambiental"],"yoast_head":"<!-- This site is optimized with the Yoast SEO plugin v27.2 - https:\/\/yoast.com\/product\/yoast-seo-wordpress\/ -->\n<title>Zero acusa Governo de ceder ao agroneg\u00f3cio, ampliar \u00e1gua de Alqueva para regadio - Portal Tela Portugal<\/title>\n<meta name=\"robots\" content=\"index, follow, max-snippet:-1, max-image-preview:large, max-video-preview:-1\" \/>\n<meta property=\"og:locale\" content=\"pt_PT\" \/>\n<meta property=\"og:type\" content=\"article\" \/>\n<meta property=\"og:title\" content=\"Zero acusa Governo de ceder ao agroneg\u00f3cio, ampliar \u00e1gua de Alqueva para regadio - Portal Tela Portugal\" \/>\n<meta property=\"og:description\" content=\"O despacho de 14 de janeiro aumenta o volume de \u00e1guas para usos consumptivos do EFMA de 620 hm\u00b3\/ano para 730 hm\u00b3\/ano, com rega a subir de 590 hm\u00b3\/ano para 690 hm\u00b3\/ano e abastecimento p\u00fablico\/industrial de 30 hm\u00b3\/ano para 40 hm\u00b3\/ano. A associa\u00e7\u00e3o Zero afirma que a medida comprova expans\u00e3o desregulada do regadio, quebra a garantia de tr\u00eas anos de fornecimento e reduz a reserva estrat\u00e9gica de \u00e1gua, ficando o abastecimento p\u00fablico com menos de 5% do total. Para a regi\u00e3o, o regadio ligado a Alqueva abrange 120.000 hectares, com mais 100 milh\u00f5es de metros c\u00fabicos por ano a doar a novas \u00e1reas no Sado e no Mira, colocando em risco os caudais do Guadiana. A organiza\u00e7\u00e3o critica ainda o peso da monocultura de olival, que ocupa cerca de 80% da \u00e1rea regada, mais associada \u00e0 exporta\u00e7\u00e3o do que \u00e0 seguran\u00e7a alimentar nacional. Zero prop\u00f5e medidas como maior rigor na atribui\u00e7\u00e3o de disponibilidades h\u00eddricas, limite de ocupa\u00e7\u00e3o de \u043f\u043b\u043e\u0449\u0430\u0434\u0438 para monoculturas, fim de subs\u00eddios \u00e0 \u00e1gua para rega e explora\u00e7\u00e3o de alternativas como a Cascata do Guadiana.\" \/>\n<meta property=\"og:url\" content=\"https:\/\/portaltela.pt\/noticias\/2026\/02\/04\/zero-acusa-governo-de-ceder-ao-agronegocio-ampliar-agua-de-alqueva-para-regadio\/\" \/>\n<meta property=\"og:site_name\" content=\"Portal Tela Portugal\" \/>\n<meta property=\"article:published_time\" content=\"2026-02-04T13:04:00+00:00\" \/>\n<meta name=\"author\" content=\"Telinha\" \/>\n<meta name=\"twitter:card\" content=\"summary_large_image\" \/>\n<meta name=\"twitter:label1\" content=\"Escrito por\" \/>\n\t<meta name=\"twitter:data1\" content=\"Telinha\" \/>\n\t<meta name=\"twitter:label2\" content=\"Tempo estimado de leitura\" \/>\n\t<meta name=\"twitter:data2\" content=\"2 minutos\" \/>\n<script type=\"application\/ld+json\" class=\"yoast-schema-graph\">{\"@context\":\"https:\/\/schema.org\",\"@graph\":[{\"@type\":\"Article\",\"@id\":\"https:\/\/portaltela.pt\/noticias\/2026\/02\/04\/zero-acusa-governo-de-ceder-ao-agronegocio-ampliar-agua-de-alqueva-para-regadio\/#article\",\"isPartOf\":{\"@id\":\"https:\/\/portaltela.pt\/noticias\/2026\/02\/04\/zero-acusa-governo-de-ceder-ao-agronegocio-ampliar-agua-de-alqueva-para-regadio\/\"},\"author\":{\"name\":\"Telinha\",\"@id\":\"https:\/\/portaltela.pt\/#\/schema\/person\/c4278d4a6028830caff9ee44b42d32ed\"},\"headline\":\"Zero acusa Governo de ceder ao agroneg\u00f3cio, ampliar \u00e1gua de Alqueva para regadio\",\"datePublished\":\"2026-02-04T13:04:00+00:00\",\"mainEntityOfPage\":{\"@id\":\"https:\/\/portaltela.pt\/noticias\/2026\/02\/04\/zero-acusa-governo-de-ceder-ao-agronegocio-ampliar-agua-de-alqueva-para-regadio\/\"},\"wordCount\":453,\"image\":{\"@id\":\"https:\/\/portaltela.pt\/noticias\/2026\/02\/04\/zero-acusa-governo-de-ceder-ao-agronegocio-ampliar-agua-de-alqueva-para-regadio\/#primaryimage\"},\"thumbnailUrl\":\"https:\/\/portaltela.pt\/s.01k8rhncp4jt1\/2026\/02\/2064425.jpg\",\"keywords\":[\"abastecimento de \u00e1gua\",\"agricultura\",\"\u00e1gua\",\"Alqueva\",\"ambiente\",\"prote\u00e7\u00e3o ambiental\"],\"articleSection\":[\"Not\u00edcias\"],\"inLanguage\":\"pt-PT\"},{\"@type\":\"WebPage\",\"@id\":\"https:\/\/portaltela.pt\/noticias\/2026\/02\/04\/zero-acusa-governo-de-ceder-ao-agronegocio-ampliar-agua-de-alqueva-para-regadio\/\",\"url\":\"https:\/\/portaltela.pt\/noticias\/2026\/02\/04\/zero-acusa-governo-de-ceder-ao-agronegocio-ampliar-agua-de-alqueva-para-regadio\/\",\"name\":\"Zero acusa Governo de ceder ao agroneg\u00f3cio, ampliar \u00e1gua de Alqueva para regadio - Portal Tela Portugal\",\"isPartOf\":{\"@id\":\"https:\/\/portaltela.pt\/#website\"},\"primaryImageOfPage\":{\"@id\":\"https:\/\/portaltela.pt\/noticias\/2026\/02\/04\/zero-acusa-governo-de-ceder-ao-agronegocio-ampliar-agua-de-alqueva-para-regadio\/#primaryimage\"},\"image\":{\"@id\":\"https:\/\/portaltela.pt\/noticias\/2026\/02\/04\/zero-acusa-governo-de-ceder-ao-agronegocio-ampliar-agua-de-alqueva-para-regadio\/#primaryimage\"},\"thumbnailUrl\":\"https:\/\/portaltela.pt\/s.01k8rhncp4jt1\/2026\/02\/2064425.jpg\",\"datePublished\":\"2026-02-04T13:04:00+00:00\",\"author\":{\"@id\":\"https:\/\/portaltela.pt\/#\/schema\/person\/c4278d4a6028830caff9ee44b42d32ed\"},\"breadcrumb\":{\"@id\":\"https:\/\/portaltela.pt\/noticias\/2026\/02\/04\/zero-acusa-governo-de-ceder-ao-agronegocio-ampliar-agua-de-alqueva-para-regadio\/#breadcrumb\"},\"inLanguage\":\"pt-PT\",\"potentialAction\":[{\"@type\":\"ReadAction\",\"target\":[\"https:\/\/portaltela.pt\/noticias\/2026\/02\/04\/zero-acusa-governo-de-ceder-ao-agronegocio-ampliar-agua-de-alqueva-para-regadio\/\"]}]},{\"@type\":\"ImageObject\",\"inLanguage\":\"pt-PT\",\"@id\":\"https:\/\/portaltela.pt\/noticias\/2026\/02\/04\/zero-acusa-governo-de-ceder-ao-agronegocio-ampliar-agua-de-alqueva-para-regadio\/#primaryimage\",\"url\":\"https:\/\/portaltela.pt\/s.01k8rhncp4jt1\/2026\/02\/2064425.jpg\",\"contentUrl\":\"https:\/\/portaltela.pt\/s.01k8rhncp4jt1\/2026\/02\/2064425.jpg\",\"width\":796,\"height\":448,\"caption\":\"Olival intensivo no Alqueva\"},{\"@type\":\"BreadcrumbList\",\"@id\":\"https:\/\/portaltela.pt\/noticias\/2026\/02\/04\/zero-acusa-governo-de-ceder-ao-agronegocio-ampliar-agua-de-alqueva-para-regadio\/#breadcrumb\",\"itemListElement\":[{\"@type\":\"ListItem\",\"position\":1,\"name\":\"In\u00edcio\",\"item\":\"https:\/\/portaltela.pt\/\"},{\"@type\":\"ListItem\",\"position\":2,\"name\":\"Zero acusa Governo de ceder ao agroneg\u00f3cio, ampliar \u00e1gua de Alqueva para regadio\"}]},{\"@type\":\"WebSite\",\"@id\":\"https:\/\/portaltela.pt\/#website\",\"url\":\"https:\/\/portaltela.pt\/\",\"name\":\"Portal Tela Portugal\",\"description\":\"\",\"potentialAction\":[{\"@type\":\"SearchAction\",\"target\":{\"@type\":\"EntryPoint\",\"urlTemplate\":\"https:\/\/portaltela.pt\/?s={search_term_string}\"},\"query-input\":{\"@type\":\"PropertyValueSpecification\",\"valueRequired\":true,\"valueName\":\"search_term_string\"}}],\"inLanguage\":\"pt-PT\"},{\"@type\":\"Person\",\"@id\":\"https:\/\/portaltela.pt\/#\/schema\/person\/c4278d4a6028830caff9ee44b42d32ed\",\"name\":\"Telinha\",\"image\":{\"@type\":\"ImageObject\",\"inLanguage\":\"pt-PT\",\"@id\":\"https:\/\/portaltela.pt\/s.01k8rhncp4jt1\/2025\/11\/talking-bot-125x125.png\",\"url\":\"https:\/\/portaltela.pt\/s.01k8rhncp4jt1\/2025\/11\/talking-bot-125x125.png\",\"contentUrl\":\"https:\/\/portaltela.pt\/s.01k8rhncp4jt1\/2025\/11\/talking-bot-125x125.png\",\"caption\":\"Telinha\"},\"sameAs\":[\"https:\/\/portaltela.pt\/\"],\"url\":\"https:\/\/portaltela.pt\/por\/367410592786\/\"}]}<\/script>\n<!-- \/ Yoast SEO plugin. -->","yoast_head_json":{"title":"Zero acusa Governo de ceder ao agroneg\u00f3cio, ampliar \u00e1gua de Alqueva para regadio - Portal Tela Portugal","robots":{"index":"index","follow":"follow","max-snippet":"max-snippet:-1","max-image-preview":"max-image-preview:large","max-video-preview":"max-video-preview:-1"},"og_locale":"pt_PT","og_type":"article","og_title":"Zero acusa Governo de ceder ao agroneg\u00f3cio, ampliar \u00e1gua de Alqueva para regadio - Portal Tela Portugal","og_description":"O despacho de 14 de janeiro aumenta o volume de \u00e1guas para usos consumptivos do EFMA de 620 hm\u00b3\/ano para 730 hm\u00b3\/ano, com rega a subir de 590 hm\u00b3\/ano para 690 hm\u00b3\/ano e abastecimento p\u00fablico\/industrial de 30 hm\u00b3\/ano para 40 hm\u00b3\/ano. A associa\u00e7\u00e3o Zero afirma que a medida comprova expans\u00e3o desregulada do regadio, quebra a garantia de tr\u00eas anos de fornecimento e reduz a reserva estrat\u00e9gica de \u00e1gua, ficando o abastecimento p\u00fablico com menos de 5% do total. Para a regi\u00e3o, o regadio ligado a Alqueva abrange 120.000 hectares, com mais 100 milh\u00f5es de metros c\u00fabicos por ano a doar a novas \u00e1reas no Sado e no Mira, colocando em risco os caudais do Guadiana. A organiza\u00e7\u00e3o critica ainda o peso da monocultura de olival, que ocupa cerca de 80% da \u00e1rea regada, mais associada \u00e0 exporta\u00e7\u00e3o do que \u00e0 seguran\u00e7a alimentar nacional. Zero prop\u00f5e medidas como maior rigor na atribui\u00e7\u00e3o de disponibilidades h\u00eddricas, limite de ocupa\u00e7\u00e3o de \u043f\u043b\u043e\u0449\u0430\u0434\u0438 para monoculturas, fim de subs\u00eddios \u00e0 \u00e1gua para rega e explora\u00e7\u00e3o de alternativas como a Cascata do Guadiana.","og_url":"https:\/\/portaltela.pt\/noticias\/2026\/02\/04\/zero-acusa-governo-de-ceder-ao-agronegocio-ampliar-agua-de-alqueva-para-regadio\/","og_site_name":"Portal Tela Portugal","article_published_time":"2026-02-04T13:04:00+00:00","author":"Telinha","twitter_card":"summary_large_image","twitter_misc":{"Escrito por":"Telinha","Tempo estimado de leitura":"2 minutos"},"schema":{"@context":"https:\/\/schema.org","@graph":[{"@type":"Article","@id":"https:\/\/portaltela.pt\/noticias\/2026\/02\/04\/zero-acusa-governo-de-ceder-ao-agronegocio-ampliar-agua-de-alqueva-para-regadio\/#article","isPartOf":{"@id":"https:\/\/portaltela.pt\/noticias\/2026\/02\/04\/zero-acusa-governo-de-ceder-ao-agronegocio-ampliar-agua-de-alqueva-para-regadio\/"},"author":{"name":"Telinha","@id":"https:\/\/portaltela.pt\/#\/schema\/person\/c4278d4a6028830caff9ee44b42d32ed"},"headline":"Zero acusa Governo de ceder ao agroneg\u00f3cio, ampliar \u00e1gua de Alqueva para regadio","datePublished":"2026-02-04T13:04:00+00:00","mainEntityOfPage":{"@id":"https:\/\/portaltela.pt\/noticias\/2026\/02\/04\/zero-acusa-governo-de-ceder-ao-agronegocio-ampliar-agua-de-alqueva-para-regadio\/"},"wordCount":453,"image":{"@id":"https:\/\/portaltela.pt\/noticias\/2026\/02\/04\/zero-acusa-governo-de-ceder-ao-agronegocio-ampliar-agua-de-alqueva-para-regadio\/#primaryimage"},"thumbnailUrl":"https:\/\/portaltela.pt\/s.01k8rhncp4jt1\/2026\/02\/2064425.jpg","keywords":["abastecimento de \u00e1gua","agricultura","\u00e1gua","Alqueva","ambiente","prote\u00e7\u00e3o ambiental"],"articleSection":["Not\u00edcias"],"inLanguage":"pt-PT"},{"@type":"WebPage","@id":"https:\/\/portaltela.pt\/noticias\/2026\/02\/04\/zero-acusa-governo-de-ceder-ao-agronegocio-ampliar-agua-de-alqueva-para-regadio\/","url":"https:\/\/portaltela.pt\/noticias\/2026\/02\/04\/zero-acusa-governo-de-ceder-ao-agronegocio-ampliar-agua-de-alqueva-para-regadio\/","name":"Zero acusa Governo de ceder ao agroneg\u00f3cio, ampliar \u00e1gua de Alqueva para regadio - Portal Tela Portugal","isPartOf":{"@id":"https:\/\/portaltela.pt\/#website"},"primaryImageOfPage":{"@id":"https:\/\/portaltela.pt\/noticias\/2026\/02\/04\/zero-acusa-governo-de-ceder-ao-agronegocio-ampliar-agua-de-alqueva-para-regadio\/#primaryimage"},"image":{"@id":"https:\/\/portaltela.pt\/noticias\/2026\/02\/04\/zero-acusa-governo-de-ceder-ao-agronegocio-ampliar-agua-de-alqueva-para-regadio\/#primaryimage"},"thumbnailUrl":"https:\/\/portaltela.pt\/s.01k8rhncp4jt1\/2026\/02\/2064425.jpg","datePublished":"2026-02-04T13:04:00+00:00","author":{"@id":"https:\/\/portaltela.pt\/#\/schema\/person\/c4278d4a6028830caff9ee44b42d32ed"},"breadcrumb":{"@id":"https:\/\/portaltela.pt\/noticias\/2026\/02\/04\/zero-acusa-governo-de-ceder-ao-agronegocio-ampliar-agua-de-alqueva-para-regadio\/#breadcrumb"},"inLanguage":"pt-PT","potentialAction":[{"@type":"ReadAction","target":["https:\/\/portaltela.pt\/noticias\/2026\/02\/04\/zero-acusa-governo-de-ceder-ao-agronegocio-ampliar-agua-de-alqueva-para-regadio\/"]}]},{"@type":"ImageObject","inLanguage":"pt-PT","@id":"https:\/\/portaltela.pt\/noticias\/2026\/02\/04\/zero-acusa-governo-de-ceder-ao-agronegocio-ampliar-agua-de-alqueva-para-regadio\/#primaryimage","url":"https:\/\/portaltela.pt\/s.01k8rhncp4jt1\/2026\/02\/2064425.jpg","contentUrl":"https:\/\/portaltela.pt\/s.01k8rhncp4jt1\/2026\/02\/2064425.jpg","width":796,"height":448,"caption":"Olival intensivo no Alqueva"},{"@type":"BreadcrumbList","@id":"https:\/\/portaltela.pt\/noticias\/2026\/02\/04\/zero-acusa-governo-de-ceder-ao-agronegocio-ampliar-agua-de-alqueva-para-regadio\/#breadcrumb","itemListElement":[{"@type":"ListItem","position":1,"name":"In\u00edcio","item":"https:\/\/portaltela.pt\/"},{"@type":"ListItem","position":2,"name":"Zero acusa Governo de ceder ao agroneg\u00f3cio, ampliar \u00e1gua de Alqueva para regadio"}]},{"@type":"WebSite","@id":"https:\/\/portaltela.pt\/#website","url":"https:\/\/portaltela.pt\/","name":"Portal Tela Portugal","description":"","potentialAction":[{"@type":"SearchAction","target":{"@type":"EntryPoint","urlTemplate":"https:\/\/portaltela.pt\/?s={search_term_string}"},"query-input":{"@type":"PropertyValueSpecification","valueRequired":true,"valueName":"search_term_string"}}],"inLanguage":"pt-PT"},{"@type":"Person","@id":"https:\/\/portaltela.pt\/#\/schema\/person\/c4278d4a6028830caff9ee44b42d32ed","name":"Telinha","image":{"@type":"ImageObject","inLanguage":"pt-PT","@id":"https:\/\/portaltela.pt\/s.01k8rhncp4jt1\/2025\/11\/talking-bot-125x125.png","url":"https:\/\/portaltela.pt\/s.01k8rhncp4jt1\/2025\/11\/talking-bot-125x125.png","contentUrl":"https:\/\/portaltela.pt\/s.01k8rhncp4jt1\/2025\/11\/talking-bot-125x125.png","caption":"Telinha"},"sameAs":["https:\/\/portaltela.pt\/"],"url":"https:\/\/portaltela.pt\/por\/367410592786\/"}]}},"_links":{"self":[{"href":"https:\/\/portaltela.pt\/api\/wp\/v2\/posts\/196668","targetHints":{"allow":["GET"]}}],"collection":[{"href":"https:\/\/portaltela.pt\/api\/wp\/v2\/posts"}],"about":[{"href":"https:\/\/portaltela.pt\/api\/wp\/v2\/types\/post"}],"author":[{"embeddable":true,"href":"https:\/\/portaltela.pt\/api\/wp\/v2\/users\/2"}],"replies":[{"embeddable":true,"href":"https:\/\/portaltela.pt\/api\/wp\/v2\/comments?post=196668"}],"version-history":[{"count":0,"href":"https:\/\/portaltela.pt\/api\/wp\/v2\/posts\/196668\/revisions"}],"wp:featuredmedia":[{"embeddable":true,"href":"https:\/\/portaltela.pt\/api\/wp\/v2\/media\/196673"}],"wp:attachment":[{"href":"https:\/\/portaltela.pt\/api\/wp\/v2\/media?parent=196668"}],"wp:term":[{"taxonomy":"category","embeddable":true,"href":"https:\/\/portaltela.pt\/api\/wp\/v2\/categories?post=196668"},{"taxonomy":"post_tag","embeddable":true,"href":"https:\/\/portaltela.pt\/api\/wp\/v2\/tags?post=196668"}],"curies":[{"name":"wp","href":"https:\/\/api.w.org\/{rel}","templated":true}]}}