{"id":196660,"date":"2026-02-04T10:14:52","date_gmt":"2026-02-04T13:14:52","guid":{"rendered":"https:\/\/portaltela.pt\/noticias\/2026\/02\/04\/escolas-de-alcacer-do-sal-encerradas-quinta-e-sexta-feira\/"},"modified":"2026-02-04T10:14:52","modified_gmt":"2026-02-04T13:14:52","slug":"escolas-de-alcacer-do-sal-encerradas-quinta-e-sexta-feira","status":"publish","type":"post","link":"https:\/\/portaltela.pt\/noticias\/2026\/02\/04\/escolas-de-alcacer-do-sal-encerradas-quinta-e-sexta-feira\/","title":{"rendered":"Escolas de Alc\u00e1cer do Sal encerradas quinta e sexta-feira"},"content":{"rendered":"<p>As escolas de Alc\u00e1cer do Sal v\u00e3o permanecer encerradas na quinta e na sexta-feira devido ao agravamento das condi\u00e7\u00f5es meteorol\u00f3gicas. Mais de 1.000 alunos v\u00e3o seguir as aulas a partir de casa, segundo an\u00fancio feito na quarta-feira.<\/p>\n<p>As escolas situadas em Alc\u00e1cer do Sal, Palma e Casebres v\u00e3o encerrar face \u00e0 situa\u00e7\u00e3o no concelho alentejano, no distrito de Set\u00fabal. A medida foi comunicada numa nota interna do Agrupamento de Escolas de Alc\u00e1cer do Sal (AEAS) \u00e0 Lusa.<\/p>\n<p>O munic\u00edpio confirmou o fecho tempor\u00e1rio, acrescentando que se est\u00e3o a criar condi\u00e7\u00f5es para que as aulas prossigam \u00e0 dist\u00e2ncia, caso seja vi\u00e1vel. A Comporta n\u00e3o integra a suspens\u00e3o.<\/p>\n<p>Ao todo, 1.082 alunos da rede p\u00fablica ficam afetados, conforme informa\u00e7\u00e3o recolhida pela Lusa junto da C\u00e2mara Municipal. Al\u00e9m disso, 82 crian\u00e7as de IPSS com creches e pr\u00e9-escolar est\u00e3o a ser consideradas para permanecerem em casa, se poss\u00edvel.<\/p>\n<h3>Medidas e desdobramentos<\/h3>\n<p>A C\u00e2mara informou que o transporte escolar ir\u00e1 decorrer no hor\u00e1rio habitual, com percursos ajustados devido a estradas cortadas. O munic\u00edpio tamb\u00e9m comunicou o cancelamento do mercado marcado para este s\u00e1bado e a suspens\u00e3o de atividades desportivas e culturais at\u00e9 ao fim da calamidade.<\/p>\n<p>A confirma\u00e7\u00e3o das medidas ocorreu num dia em que o n\u00edvel de cheia na zona baixa de Alc\u00e1cer do Sal ultrapassou 1,20 metros, segundo o comandante Tiago Bugio, do Sub-Regional de Emerg\u00eancia e Prote\u00e7\u00e3o Civil do Alentejo Litoral. O deslizamento na estrada de Santa Luzia impede a circula\u00e7\u00e3o.<\/p>\n<h3>Condi\u00e7\u00f5es clim\u00e1ticas<\/h3>\n<p>A depress\u00e3o Leonardo mant\u00e9m o cen\u00e1rio de previs\u00f5es de precipita\u00e7\u00e3o persistente e por vezes forte at\u00e9 s\u00e1bado, com eventual queda de neve nas zonas altas do Norte e Centro, al\u00e9m de vento intenso e agita\u00e7\u00e3o mar\u00edtima, segundo o IPMA. O pa\u00eds encontra-se sob aviso amarelo devido \u00e0 chuva.<\/p>\n<p>A situa\u00e7\u00e3o de cheias vivida na cidade h\u00e1 precisamente uma semana, com galgamento do Rio Sado sobre a Avenida dos Aviadores, levou \u00e0 evacua\u00e7\u00e3o do lar de idosos da AURPICAS para uma instala\u00e7\u00e3o no Porto de Arr\u00e1bida, mantendo alguns utentes com familiares. Bombas r\u00e1pidas est\u00e3o a operar para reduzir o n\u00edvel de \u00e1gua.<\/p>\n<p>O Sado continua a provocar inunda\u00e7\u00f5es em \u00e1reas da zona ribeirinha quando a mar\u00e9 alta coincide com as descargas de barragens cheias. Bombas e equipas de prote\u00e7\u00e3o civil est\u00e3o mobilizadas para reduzir impactos.<\/p>\n","protected":false},"excerpt":{"rendered":"<ul>\n<li>Escolas de Alc\u00e1cer do Sal, Palma e Casebres v\u00e3o encerrar na quinta e na sexta-feira devido ao mau tempo, afetando 1.082 alunos da rede p\u00fablica (mais 82 de IPSS).<\/li>\n<li>A C\u00e2mara Municipal confirmou o fecho tempor\u00e1rio e disse que se tentar\u00e1 assegurar que as aulas ocorram em casa, quando poss\u00edvel.<\/li>\n<li>O transporte escolar vai manter-se hoje, com percursos ajustados a estradas cortadas; a escola da Comporta n\u00e3o est\u00e1 encerrada.<\/li>\n<li>O mercado de s\u00e1bado, bem como atividades desportivas e culturais, ficam cancelados at\u00e9 terminar a situa\u00e7\u00e3o de calamidade.<\/li>\n<li>A regi\u00e3o regista cheias no centro de Alc\u00e1cer do Sal, deslizamento em Santa Luzia e cortes de estradas, com alerta amarelo em Portugal continental devido \u00e0 depress\u00e3o Leonardo.<\/li>\n<\/ul>\n","protected":false},"author":2,"featured_media":196675,"comment_status":"closed","ping_status":"closed","sticky":false,"template":"","format":"standard","meta":{"footnotes":""},"categories":[1],"tags":[3812,1998,4687,3701,101,3912],"class_list":["post-196660","post","type-post","status-publish","format-standard","has-post-thumbnail","hentry","category-noticias","tag-alagamentos","tag-alcacer-do-sal","tag-calamidade-publica","tag-cheias","tag-escolas","tag-transporte-escolar"],"yoast_head":"<!-- This site is optimized with the Yoast SEO plugin v27.2 - https:\/\/yoast.com\/product\/yoast-seo-wordpress\/ -->\n<title>Escolas de Alc\u00e1cer do Sal encerradas quinta e sexta-feira - Portal Tela Portugal<\/title>\n<meta name=\"robots\" content=\"index, follow, max-snippet:-1, max-image-preview:large, max-video-preview:-1\" \/>\n<meta property=\"og:locale\" content=\"pt_PT\" \/>\n<meta property=\"og:type\" content=\"article\" \/>\n<meta property=\"og:title\" content=\"Escolas de Alc\u00e1cer do Sal encerradas quinta e sexta-feira - Portal Tela Portugal\" \/>\n<meta property=\"og:description\" content=\"Escolas de Alc\u00e1cer do Sal, Palma e Casebres v\u00e3o encerrar na quinta e na sexta-feira devido ao mau tempo, afetando 1.082 alunos da rede p\u00fablica (mais 82 de IPSS). A C\u00e2mara Municipal confirmou o fecho tempor\u00e1rio e disse que se tentar\u00e1 assegurar que as aulas ocorram em casa, quando poss\u00edvel. O transporte escolar vai manter-se hoje, com percursos ajustados a estradas cortadas; a escola da Comporta n\u00e3o est\u00e1 encerrada. O mercado de s\u00e1bado, bem como atividades desportivas e culturais, ficam cancelados at\u00e9 terminar a situa\u00e7\u00e3o de calamidade. A regi\u00e3o regista cheias no centro de Alc\u00e1cer do Sal, deslizamento em Santa Luzia e cortes de estradas, com alerta amarelo em Portugal continental devido \u00e0 depress\u00e3o Leonardo.\" \/>\n<meta property=\"og:url\" content=\"https:\/\/portaltela.pt\/noticias\/2026\/02\/04\/escolas-de-alcacer-do-sal-encerradas-quinta-e-sexta-feira\/\" \/>\n<meta property=\"og:site_name\" content=\"Portal Tela Portugal\" \/>\n<meta property=\"article:published_time\" content=\"2026-02-04T13:14:52+00:00\" \/>\n<meta name=\"author\" content=\"Telinha\" \/>\n<meta name=\"twitter:card\" content=\"summary_large_image\" \/>\n<meta name=\"twitter:label1\" content=\"Escrito por\" \/>\n\t<meta name=\"twitter:data1\" content=\"Telinha\" \/>\n\t<meta name=\"twitter:label2\" content=\"Tempo estimado de leitura\" \/>\n\t<meta name=\"twitter:data2\" content=\"2 minutos\" \/>\n<script type=\"application\/ld+json\" class=\"yoast-schema-graph\">{\"@context\":\"https:\/\/schema.org\",\"@graph\":[{\"@type\":\"Article\",\"@id\":\"https:\/\/portaltela.pt\/noticias\/2026\/02\/04\/escolas-de-alcacer-do-sal-encerradas-quinta-e-sexta-feira\/#article\",\"isPartOf\":{\"@id\":\"https:\/\/portaltela.pt\/noticias\/2026\/02\/04\/escolas-de-alcacer-do-sal-encerradas-quinta-e-sexta-feira\/\"},\"author\":{\"name\":\"Telinha\",\"@id\":\"https:\/\/portaltela.pt\/#\/schema\/person\/c4278d4a6028830caff9ee44b42d32ed\"},\"headline\":\"Escolas de Alc\u00e1cer do Sal encerradas quinta e sexta-feira\",\"datePublished\":\"2026-02-04T13:14:52+00:00\",\"mainEntityOfPage\":{\"@id\":\"https:\/\/portaltela.pt\/noticias\/2026\/02\/04\/escolas-de-alcacer-do-sal-encerradas-quinta-e-sexta-feira\/\"},\"wordCount\":437,\"image\":{\"@id\":\"https:\/\/portaltela.pt\/noticias\/2026\/02\/04\/escolas-de-alcacer-do-sal-encerradas-quinta-e-sexta-feira\/#primaryimage\"},\"thumbnailUrl\":\"https:\/\/portaltela.pt\/s.01k8rhncp4jt1\/2026\/02\/img_1500x1000uu2026-02-03-10-17-26-2264380.jpg\",\"keywords\":[\"alagamentos\",\"Alc\u00e1cer do Sal\",\"calamidade p\u00fablica\",\"cheias\",\"escolas\",\"transporte escolar\"],\"articleSection\":[\"Not\u00edcias\"],\"inLanguage\":\"pt-PT\"},{\"@type\":\"WebPage\",\"@id\":\"https:\/\/portaltela.pt\/noticias\/2026\/02\/04\/escolas-de-alcacer-do-sal-encerradas-quinta-e-sexta-feira\/\",\"url\":\"https:\/\/portaltela.pt\/noticias\/2026\/02\/04\/escolas-de-alcacer-do-sal-encerradas-quinta-e-sexta-feira\/\",\"name\":\"Escolas de Alc\u00e1cer do Sal encerradas quinta e sexta-feira - Portal Tela Portugal\",\"isPartOf\":{\"@id\":\"https:\/\/portaltela.pt\/#website\"},\"primaryImageOfPage\":{\"@id\":\"https:\/\/portaltela.pt\/noticias\/2026\/02\/04\/escolas-de-alcacer-do-sal-encerradas-quinta-e-sexta-feira\/#primaryimage\"},\"image\":{\"@id\":\"https:\/\/portaltela.pt\/noticias\/2026\/02\/04\/escolas-de-alcacer-do-sal-encerradas-quinta-e-sexta-feira\/#primaryimage\"},\"thumbnailUrl\":\"https:\/\/portaltela.pt\/s.01k8rhncp4jt1\/2026\/02\/img_1500x1000uu2026-02-03-10-17-26-2264380.jpg\",\"datePublished\":\"2026-02-04T13:14:52+00:00\",\"author\":{\"@id\":\"https:\/\/portaltela.pt\/#\/schema\/person\/c4278d4a6028830caff9ee44b42d32ed\"},\"breadcrumb\":{\"@id\":\"https:\/\/portaltela.pt\/noticias\/2026\/02\/04\/escolas-de-alcacer-do-sal-encerradas-quinta-e-sexta-feira\/#breadcrumb\"},\"inLanguage\":\"pt-PT\",\"potentialAction\":[{\"@type\":\"ReadAction\",\"target\":[\"https:\/\/portaltela.pt\/noticias\/2026\/02\/04\/escolas-de-alcacer-do-sal-encerradas-quinta-e-sexta-feira\/\"]}]},{\"@type\":\"ImageObject\",\"inLanguage\":\"pt-PT\",\"@id\":\"https:\/\/portaltela.pt\/noticias\/2026\/02\/04\/escolas-de-alcacer-do-sal-encerradas-quinta-e-sexta-feira\/#primaryimage\",\"url\":\"https:\/\/portaltela.pt\/s.01k8rhncp4jt1\/2026\/02\/img_1500x1000uu2026-02-03-10-17-26-2264380.jpg\",\"contentUrl\":\"https:\/\/portaltela.pt\/s.01k8rhncp4jt1\/2026\/02\/img_1500x1000uu2026-02-03-10-17-26-2264380.jpg\",\"width\":796,\"height\":448,\"caption\":\"Baixa de Alc\u00e1cer do Sal outra vez inundada com subida do Rio Sado\"},{\"@type\":\"BreadcrumbList\",\"@id\":\"https:\/\/portaltela.pt\/noticias\/2026\/02\/04\/escolas-de-alcacer-do-sal-encerradas-quinta-e-sexta-feira\/#breadcrumb\",\"itemListElement\":[{\"@type\":\"ListItem\",\"position\":1,\"name\":\"In\u00edcio\",\"item\":\"https:\/\/portaltela.pt\/\"},{\"@type\":\"ListItem\",\"position\":2,\"name\":\"Escolas de Alc\u00e1cer do Sal encerradas quinta e sexta-feira\"}]},{\"@type\":\"WebSite\",\"@id\":\"https:\/\/portaltela.pt\/#website\",\"url\":\"https:\/\/portaltela.pt\/\",\"name\":\"Portal Tela Portugal\",\"description\":\"\",\"potentialAction\":[{\"@type\":\"SearchAction\",\"target\":{\"@type\":\"EntryPoint\",\"urlTemplate\":\"https:\/\/portaltela.pt\/?s={search_term_string}\"},\"query-input\":{\"@type\":\"PropertyValueSpecification\",\"valueRequired\":true,\"valueName\":\"search_term_string\"}}],\"inLanguage\":\"pt-PT\"},{\"@type\":\"Person\",\"@id\":\"https:\/\/portaltela.pt\/#\/schema\/person\/c4278d4a6028830caff9ee44b42d32ed\",\"name\":\"Telinha\",\"image\":{\"@type\":\"ImageObject\",\"inLanguage\":\"pt-PT\",\"@id\":\"https:\/\/portaltela.pt\/s.01k8rhncp4jt1\/2025\/11\/talking-bot-125x125.png\",\"url\":\"https:\/\/portaltela.pt\/s.01k8rhncp4jt1\/2025\/11\/talking-bot-125x125.png\",\"contentUrl\":\"https:\/\/portaltela.pt\/s.01k8rhncp4jt1\/2025\/11\/talking-bot-125x125.png\",\"caption\":\"Telinha\"},\"sameAs\":[\"https:\/\/portaltela.pt\/\"],\"url\":\"https:\/\/portaltela.pt\/por\/367410592786\/\"}]}<\/script>\n<!-- \/ Yoast SEO plugin. -->","yoast_head_json":{"title":"Escolas de Alc\u00e1cer do Sal encerradas quinta e sexta-feira - Portal Tela Portugal","robots":{"index":"index","follow":"follow","max-snippet":"max-snippet:-1","max-image-preview":"max-image-preview:large","max-video-preview":"max-video-preview:-1"},"og_locale":"pt_PT","og_type":"article","og_title":"Escolas de Alc\u00e1cer do Sal encerradas quinta e sexta-feira - Portal Tela Portugal","og_description":"Escolas de Alc\u00e1cer do Sal, Palma e Casebres v\u00e3o encerrar na quinta e na sexta-feira devido ao mau tempo, afetando 1.082 alunos da rede p\u00fablica (mais 82 de IPSS). A C\u00e2mara Municipal confirmou o fecho tempor\u00e1rio e disse que se tentar\u00e1 assegurar que as aulas ocorram em casa, quando poss\u00edvel. O transporte escolar vai manter-se hoje, com percursos ajustados a estradas cortadas; a escola da Comporta n\u00e3o est\u00e1 encerrada. O mercado de s\u00e1bado, bem como atividades desportivas e culturais, ficam cancelados at\u00e9 terminar a situa\u00e7\u00e3o de calamidade. A regi\u00e3o regista cheias no centro de Alc\u00e1cer do Sal, deslizamento em Santa Luzia e cortes de estradas, com alerta amarelo em Portugal continental devido \u00e0 depress\u00e3o Leonardo.","og_url":"https:\/\/portaltela.pt\/noticias\/2026\/02\/04\/escolas-de-alcacer-do-sal-encerradas-quinta-e-sexta-feira\/","og_site_name":"Portal Tela Portugal","article_published_time":"2026-02-04T13:14:52+00:00","author":"Telinha","twitter_card":"summary_large_image","twitter_misc":{"Escrito por":"Telinha","Tempo estimado de leitura":"2 minutos"},"schema":{"@context":"https:\/\/schema.org","@graph":[{"@type":"Article","@id":"https:\/\/portaltela.pt\/noticias\/2026\/02\/04\/escolas-de-alcacer-do-sal-encerradas-quinta-e-sexta-feira\/#article","isPartOf":{"@id":"https:\/\/portaltela.pt\/noticias\/2026\/02\/04\/escolas-de-alcacer-do-sal-encerradas-quinta-e-sexta-feira\/"},"author":{"name":"Telinha","@id":"https:\/\/portaltela.pt\/#\/schema\/person\/c4278d4a6028830caff9ee44b42d32ed"},"headline":"Escolas de Alc\u00e1cer do Sal encerradas quinta e sexta-feira","datePublished":"2026-02-04T13:14:52+00:00","mainEntityOfPage":{"@id":"https:\/\/portaltela.pt\/noticias\/2026\/02\/04\/escolas-de-alcacer-do-sal-encerradas-quinta-e-sexta-feira\/"},"wordCount":437,"image":{"@id":"https:\/\/portaltela.pt\/noticias\/2026\/02\/04\/escolas-de-alcacer-do-sal-encerradas-quinta-e-sexta-feira\/#primaryimage"},"thumbnailUrl":"https:\/\/portaltela.pt\/s.01k8rhncp4jt1\/2026\/02\/img_1500x1000uu2026-02-03-10-17-26-2264380.jpg","keywords":["alagamentos","Alc\u00e1cer do Sal","calamidade p\u00fablica","cheias","escolas","transporte escolar"],"articleSection":["Not\u00edcias"],"inLanguage":"pt-PT"},{"@type":"WebPage","@id":"https:\/\/portaltela.pt\/noticias\/2026\/02\/04\/escolas-de-alcacer-do-sal-encerradas-quinta-e-sexta-feira\/","url":"https:\/\/portaltela.pt\/noticias\/2026\/02\/04\/escolas-de-alcacer-do-sal-encerradas-quinta-e-sexta-feira\/","name":"Escolas de Alc\u00e1cer do Sal encerradas quinta e sexta-feira - Portal Tela Portugal","isPartOf":{"@id":"https:\/\/portaltela.pt\/#website"},"primaryImageOfPage":{"@id":"https:\/\/portaltela.pt\/noticias\/2026\/02\/04\/escolas-de-alcacer-do-sal-encerradas-quinta-e-sexta-feira\/#primaryimage"},"image":{"@id":"https:\/\/portaltela.pt\/noticias\/2026\/02\/04\/escolas-de-alcacer-do-sal-encerradas-quinta-e-sexta-feira\/#primaryimage"},"thumbnailUrl":"https:\/\/portaltela.pt\/s.01k8rhncp4jt1\/2026\/02\/img_1500x1000uu2026-02-03-10-17-26-2264380.jpg","datePublished":"2026-02-04T13:14:52+00:00","author":{"@id":"https:\/\/portaltela.pt\/#\/schema\/person\/c4278d4a6028830caff9ee44b42d32ed"},"breadcrumb":{"@id":"https:\/\/portaltela.pt\/noticias\/2026\/02\/04\/escolas-de-alcacer-do-sal-encerradas-quinta-e-sexta-feira\/#breadcrumb"},"inLanguage":"pt-PT","potentialAction":[{"@type":"ReadAction","target":["https:\/\/portaltela.pt\/noticias\/2026\/02\/04\/escolas-de-alcacer-do-sal-encerradas-quinta-e-sexta-feira\/"]}]},{"@type":"ImageObject","inLanguage":"pt-PT","@id":"https:\/\/portaltela.pt\/noticias\/2026\/02\/04\/escolas-de-alcacer-do-sal-encerradas-quinta-e-sexta-feira\/#primaryimage","url":"https:\/\/portaltela.pt\/s.01k8rhncp4jt1\/2026\/02\/img_1500x1000uu2026-02-03-10-17-26-2264380.jpg","contentUrl":"https:\/\/portaltela.pt\/s.01k8rhncp4jt1\/2026\/02\/img_1500x1000uu2026-02-03-10-17-26-2264380.jpg","width":796,"height":448,"caption":"Baixa de Alc\u00e1cer do Sal outra vez inundada com subida do Rio Sado"},{"@type":"BreadcrumbList","@id":"https:\/\/portaltela.pt\/noticias\/2026\/02\/04\/escolas-de-alcacer-do-sal-encerradas-quinta-e-sexta-feira\/#breadcrumb","itemListElement":[{"@type":"ListItem","position":1,"name":"In\u00edcio","item":"https:\/\/portaltela.pt\/"},{"@type":"ListItem","position":2,"name":"Escolas de Alc\u00e1cer do Sal encerradas quinta e sexta-feira"}]},{"@type":"WebSite","@id":"https:\/\/portaltela.pt\/#website","url":"https:\/\/portaltela.pt\/","name":"Portal Tela Portugal","description":"","potentialAction":[{"@type":"SearchAction","target":{"@type":"EntryPoint","urlTemplate":"https:\/\/portaltela.pt\/?s={search_term_string}"},"query-input":{"@type":"PropertyValueSpecification","valueRequired":true,"valueName":"search_term_string"}}],"inLanguage":"pt-PT"},{"@type":"Person","@id":"https:\/\/portaltela.pt\/#\/schema\/person\/c4278d4a6028830caff9ee44b42d32ed","name":"Telinha","image":{"@type":"ImageObject","inLanguage":"pt-PT","@id":"https:\/\/portaltela.pt\/s.01k8rhncp4jt1\/2025\/11\/talking-bot-125x125.png","url":"https:\/\/portaltela.pt\/s.01k8rhncp4jt1\/2025\/11\/talking-bot-125x125.png","contentUrl":"https:\/\/portaltela.pt\/s.01k8rhncp4jt1\/2025\/11\/talking-bot-125x125.png","caption":"Telinha"},"sameAs":["https:\/\/portaltela.pt\/"],"url":"https:\/\/portaltela.pt\/por\/367410592786\/"}]}},"_links":{"self":[{"href":"https:\/\/portaltela.pt\/api\/wp\/v2\/posts\/196660","targetHints":{"allow":["GET"]}}],"collection":[{"href":"https:\/\/portaltela.pt\/api\/wp\/v2\/posts"}],"about":[{"href":"https:\/\/portaltela.pt\/api\/wp\/v2\/types\/post"}],"author":[{"embeddable":true,"href":"https:\/\/portaltela.pt\/api\/wp\/v2\/users\/2"}],"replies":[{"embeddable":true,"href":"https:\/\/portaltela.pt\/api\/wp\/v2\/comments?post=196660"}],"version-history":[{"count":0,"href":"https:\/\/portaltela.pt\/api\/wp\/v2\/posts\/196660\/revisions"}],"wp:featuredmedia":[{"embeddable":true,"href":"https:\/\/portaltela.pt\/api\/wp\/v2\/media\/196675"}],"wp:attachment":[{"href":"https:\/\/portaltela.pt\/api\/wp\/v2\/media?parent=196660"}],"wp:term":[{"taxonomy":"category","embeddable":true,"href":"https:\/\/portaltela.pt\/api\/wp\/v2\/categories?post=196660"},{"taxonomy":"post_tag","embeddable":true,"href":"https:\/\/portaltela.pt\/api\/wp\/v2\/tags?post=196660"}],"curies":[{"name":"wp","href":"https:\/\/api.w.org\/{rel}","templated":true}]}}