{"id":196635,"date":"2026-02-04T10:13:00","date_gmt":"2026-02-04T13:13:00","guid":{"rendered":"https:\/\/portaltela.pt\/noticias\/2026\/02\/04\/micas-costureira-celebra-104-anos-e-recorda-costura-com-pouco-pano\/"},"modified":"2026-02-04T10:13:00","modified_gmt":"2026-02-04T13:13:00","slug":"micas-costureira-celebra-104-anos-e-recorda-costura-com-pouco-pano","status":"publish","type":"post","link":"https:\/\/portaltela.pt\/noticias\/2026\/02\/04\/micas-costureira-celebra-104-anos-e-recorda-costura-com-pouco-pano\/","title":{"rendered":"Micas Costureira celebra 104 anos e recorda costura com pouco pano"},"content":{"rendered":"<p>No Centro Social Dr. Crespim Borges de Castro, em Milheir\u00f3s de Poiares, Santa Maria da Feira, celebra-se hoje o 104\u00ba anivers\u00e1rio de Maria da Costa Bastos, conhecida como Micas Costureira. A comemora\u00e7\u00e3o reuniu utentes, amigos e funcion\u00e1rios.<\/p>\n<p>A festa assinala uma vida de resist\u00eancia e mem\u00f3rias geracionais, segundo a organiza\u00e7\u00e3o do centro. O apelido de Micas Costureira deve-se ao seu trabalho de costura, onde, dizem, fazia muita roupa com pouco tecido.<\/p>\n<p>A celebra\u00e7\u00e3o decorre num ambiente de encontro e homenagem. O foco \u00e9 a pessoa e a sua trajet\u00f3ria, que atravessa v\u00e1rias d\u00e9cadas e gera\u00e7\u00f5es da comunidade.<\/p>\n","protected":false},"excerpt":{"rendered":"<ul>\n<li>Micas Costureira, batizada Maria da Costa Bastos, celebra 104 anos no Centro Social Dr. Crespim Borges de Castro, em Milheir\u00f3s de Poiares, Santa Maria da Feira.<\/li>\n<li>A comemora\u00e7\u00e3o decorreu nesta quarta-feira, num ambiente de festa simples mas carregado de significado.<\/li>\n<li>Amigos, utentes e funcion\u00e1rios juntaram-se para lhe cantar os parab\u00e9ns.<\/li>\n<li>O momento foi descrito como uma celebra\u00e7\u00e3o de vida, resist\u00eancia e mem\u00f3rias que atravessam gera\u00e7\u00f5es.<\/li>\n<\/ul>\n","protected":false},"author":2,"featured_media":196644,"comment_status":"closed","ping_status":"closed","sticky":false,"template":"","format":"standard","meta":{"footnotes":""},"categories":[1],"tags":[3035,4824,64,299,40,1308],"class_list":["post-196635","post","type-post","status-publish","format-standard","has-post-thumbnail","hentry","category-noticias","tag-comunidade","tag-costura-criativa","tag-familia","tag-historia","tag-pessoas","tag-santa-maria-da-feira"],"yoast_head":"<!-- This site is optimized with the Yoast SEO plugin v27.2 - https:\/\/yoast.com\/product\/yoast-seo-wordpress\/ -->\n<title>Micas Costureira celebra 104 anos e recorda costura com pouco pano - Portal Tela Portugal<\/title>\n<meta name=\"robots\" content=\"index, follow, max-snippet:-1, max-image-preview:large, max-video-preview:-1\" \/>\n<meta property=\"og:locale\" content=\"pt_PT\" \/>\n<meta property=\"og:type\" content=\"article\" \/>\n<meta property=\"og:title\" content=\"Micas Costureira celebra 104 anos e recorda costura com pouco pano - Portal Tela Portugal\" \/>\n<meta property=\"og:description\" content=\"Micas Costureira, batizada Maria da Costa Bastos, celebra 104 anos no Centro Social Dr. Crespim Borges de Castro, em Milheir\u00f3s de Poiares, Santa Maria da Feira. A comemora\u00e7\u00e3o decorreu nesta quarta-feira, num ambiente de festa simples mas carregado de significado. Amigos, utentes e funcion\u00e1rios juntaram-se para lhe cantar os parab\u00e9ns. O momento foi descrito como uma celebra\u00e7\u00e3o de vida, resist\u00eancia e mem\u00f3rias que atravessam gera\u00e7\u00f5es.\" \/>\n<meta property=\"og:url\" content=\"https:\/\/portaltela.pt\/noticias\/2026\/02\/04\/micas-costureira-celebra-104-anos-e-recorda-costura-com-pouco-pano\/\" \/>\n<meta property=\"og:site_name\" content=\"Portal Tela Portugal\" \/>\n<meta property=\"article:published_time\" content=\"2026-02-04T13:13:00+00:00\" \/>\n<meta name=\"author\" content=\"Telinha\" \/>\n<meta name=\"twitter:card\" content=\"summary_large_image\" \/>\n<meta name=\"twitter:label1\" content=\"Escrito por\" \/>\n\t<meta name=\"twitter:data1\" content=\"Telinha\" \/>\n\t<meta name=\"twitter:label2\" content=\"Tempo estimado de leitura\" \/>\n\t<meta name=\"twitter:data2\" content=\"1 minuto\" \/>\n<script type=\"application\/ld+json\" class=\"yoast-schema-graph\">{\"@context\":\"https:\/\/schema.org\",\"@graph\":[{\"@type\":\"Article\",\"@id\":\"https:\/\/portaltela.pt\/noticias\/2026\/02\/04\/micas-costureira-celebra-104-anos-e-recorda-costura-com-pouco-pano\/#article\",\"isPartOf\":{\"@id\":\"https:\/\/portaltela.pt\/noticias\/2026\/02\/04\/micas-costureira-celebra-104-anos-e-recorda-costura-com-pouco-pano\/\"},\"author\":{\"name\":\"Telinha\",\"@id\":\"https:\/\/portaltela.pt\/#\/schema\/person\/c4278d4a6028830caff9ee44b42d32ed\"},\"headline\":\"Micas Costureira celebra 104 anos e recorda costura com pouco pano\",\"datePublished\":\"2026-02-04T13:13:00+00:00\",\"mainEntityOfPage\":{\"@id\":\"https:\/\/portaltela.pt\/noticias\/2026\/02\/04\/micas-costureira-celebra-104-anos-e-recorda-costura-com-pouco-pano\/\"},\"wordCount\":117,\"image\":{\"@id\":\"https:\/\/portaltela.pt\/noticias\/2026\/02\/04\/micas-costureira-celebra-104-anos-e-recorda-costura-com-pouco-pano\/#primaryimage\"},\"thumbnailUrl\":\"https:\/\/portaltela.pt\/s.01k8rhncp4jt1\/2026\/02\/image-294.jpg\",\"keywords\":[\"comunidade\",\"Costura Criativa\",\"fam\u00edlia\",\"hist\u00f3ria\",\"pessoas\",\"Santa Maria da Feira\"],\"articleSection\":[\"Not\u00edcias\"],\"inLanguage\":\"pt-PT\"},{\"@type\":\"WebPage\",\"@id\":\"https:\/\/portaltela.pt\/noticias\/2026\/02\/04\/micas-costureira-celebra-104-anos-e-recorda-costura-com-pouco-pano\/\",\"url\":\"https:\/\/portaltela.pt\/noticias\/2026\/02\/04\/micas-costureira-celebra-104-anos-e-recorda-costura-com-pouco-pano\/\",\"name\":\"Micas Costureira celebra 104 anos e recorda costura com pouco pano - Portal Tela Portugal\",\"isPartOf\":{\"@id\":\"https:\/\/portaltela.pt\/#website\"},\"primaryImageOfPage\":{\"@id\":\"https:\/\/portaltela.pt\/noticias\/2026\/02\/04\/micas-costureira-celebra-104-anos-e-recorda-costura-com-pouco-pano\/#primaryimage\"},\"image\":{\"@id\":\"https:\/\/portaltela.pt\/noticias\/2026\/02\/04\/micas-costureira-celebra-104-anos-e-recorda-costura-com-pouco-pano\/#primaryimage\"},\"thumbnailUrl\":\"https:\/\/portaltela.pt\/s.01k8rhncp4jt1\/2026\/02\/image-294.jpg\",\"datePublished\":\"2026-02-04T13:13:00+00:00\",\"author\":{\"@id\":\"https:\/\/portaltela.pt\/#\/schema\/person\/c4278d4a6028830caff9ee44b42d32ed\"},\"breadcrumb\":{\"@id\":\"https:\/\/portaltela.pt\/noticias\/2026\/02\/04\/micas-costureira-celebra-104-anos-e-recorda-costura-com-pouco-pano\/#breadcrumb\"},\"inLanguage\":\"pt-PT\",\"potentialAction\":[{\"@type\":\"ReadAction\",\"target\":[\"https:\/\/portaltela.pt\/noticias\/2026\/02\/04\/micas-costureira-celebra-104-anos-e-recorda-costura-com-pouco-pano\/\"]}]},{\"@type\":\"ImageObject\",\"inLanguage\":\"pt-PT\",\"@id\":\"https:\/\/portaltela.pt\/noticias\/2026\/02\/04\/micas-costureira-celebra-104-anos-e-recorda-costura-com-pouco-pano\/#primaryimage\",\"url\":\"https:\/\/portaltela.pt\/s.01k8rhncp4jt1\/2026\/02\/image-294.jpg\",\"contentUrl\":\"https:\/\/portaltela.pt\/s.01k8rhncp4jt1\/2026\/02\/image-294.jpg\",\"width\":796,\"height\":448,\"caption\":\"Micas Costureira celebra 104 anos\"},{\"@type\":\"BreadcrumbList\",\"@id\":\"https:\/\/portaltela.pt\/noticias\/2026\/02\/04\/micas-costureira-celebra-104-anos-e-recorda-costura-com-pouco-pano\/#breadcrumb\",\"itemListElement\":[{\"@type\":\"ListItem\",\"position\":1,\"name\":\"In\u00edcio\",\"item\":\"https:\/\/portaltela.pt\/\"},{\"@type\":\"ListItem\",\"position\":2,\"name\":\"Micas Costureira celebra 104 anos e recorda costura com pouco pano\"}]},{\"@type\":\"WebSite\",\"@id\":\"https:\/\/portaltela.pt\/#website\",\"url\":\"https:\/\/portaltela.pt\/\",\"name\":\"Portal Tela Portugal\",\"description\":\"\",\"potentialAction\":[{\"@type\":\"SearchAction\",\"target\":{\"@type\":\"EntryPoint\",\"urlTemplate\":\"https:\/\/portaltela.pt\/?s={search_term_string}\"},\"query-input\":{\"@type\":\"PropertyValueSpecification\",\"valueRequired\":true,\"valueName\":\"search_term_string\"}}],\"inLanguage\":\"pt-PT\"},{\"@type\":\"Person\",\"@id\":\"https:\/\/portaltela.pt\/#\/schema\/person\/c4278d4a6028830caff9ee44b42d32ed\",\"name\":\"Telinha\",\"image\":{\"@type\":\"ImageObject\",\"inLanguage\":\"pt-PT\",\"@id\":\"https:\/\/portaltela.pt\/s.01k8rhncp4jt1\/2025\/11\/talking-bot-125x125.png\",\"url\":\"https:\/\/portaltela.pt\/s.01k8rhncp4jt1\/2025\/11\/talking-bot-125x125.png\",\"contentUrl\":\"https:\/\/portaltela.pt\/s.01k8rhncp4jt1\/2025\/11\/talking-bot-125x125.png\",\"caption\":\"Telinha\"},\"sameAs\":[\"https:\/\/portaltela.pt\/\"],\"url\":\"https:\/\/portaltela.pt\/por\/367410592786\/\"}]}<\/script>\n<!-- \/ Yoast SEO plugin. -->","yoast_head_json":{"title":"Micas Costureira celebra 104 anos e recorda costura com pouco pano - Portal Tela Portugal","robots":{"index":"index","follow":"follow","max-snippet":"max-snippet:-1","max-image-preview":"max-image-preview:large","max-video-preview":"max-video-preview:-1"},"og_locale":"pt_PT","og_type":"article","og_title":"Micas Costureira celebra 104 anos e recorda costura com pouco pano - Portal Tela Portugal","og_description":"Micas Costureira, batizada Maria da Costa Bastos, celebra 104 anos no Centro Social Dr. Crespim Borges de Castro, em Milheir\u00f3s de Poiares, Santa Maria da Feira. A comemora\u00e7\u00e3o decorreu nesta quarta-feira, num ambiente de festa simples mas carregado de significado. Amigos, utentes e funcion\u00e1rios juntaram-se para lhe cantar os parab\u00e9ns. O momento foi descrito como uma celebra\u00e7\u00e3o de vida, resist\u00eancia e mem\u00f3rias que atravessam gera\u00e7\u00f5es.","og_url":"https:\/\/portaltela.pt\/noticias\/2026\/02\/04\/micas-costureira-celebra-104-anos-e-recorda-costura-com-pouco-pano\/","og_site_name":"Portal Tela Portugal","article_published_time":"2026-02-04T13:13:00+00:00","author":"Telinha","twitter_card":"summary_large_image","twitter_misc":{"Escrito por":"Telinha","Tempo estimado de leitura":"1 minuto"},"schema":{"@context":"https:\/\/schema.org","@graph":[{"@type":"Article","@id":"https:\/\/portaltela.pt\/noticias\/2026\/02\/04\/micas-costureira-celebra-104-anos-e-recorda-costura-com-pouco-pano\/#article","isPartOf":{"@id":"https:\/\/portaltela.pt\/noticias\/2026\/02\/04\/micas-costureira-celebra-104-anos-e-recorda-costura-com-pouco-pano\/"},"author":{"name":"Telinha","@id":"https:\/\/portaltela.pt\/#\/schema\/person\/c4278d4a6028830caff9ee44b42d32ed"},"headline":"Micas Costureira celebra 104 anos e recorda costura com pouco pano","datePublished":"2026-02-04T13:13:00+00:00","mainEntityOfPage":{"@id":"https:\/\/portaltela.pt\/noticias\/2026\/02\/04\/micas-costureira-celebra-104-anos-e-recorda-costura-com-pouco-pano\/"},"wordCount":117,"image":{"@id":"https:\/\/portaltela.pt\/noticias\/2026\/02\/04\/micas-costureira-celebra-104-anos-e-recorda-costura-com-pouco-pano\/#primaryimage"},"thumbnailUrl":"https:\/\/portaltela.pt\/s.01k8rhncp4jt1\/2026\/02\/image-294.jpg","keywords":["comunidade","Costura Criativa","fam\u00edlia","hist\u00f3ria","pessoas","Santa Maria da Feira"],"articleSection":["Not\u00edcias"],"inLanguage":"pt-PT"},{"@type":"WebPage","@id":"https:\/\/portaltela.pt\/noticias\/2026\/02\/04\/micas-costureira-celebra-104-anos-e-recorda-costura-com-pouco-pano\/","url":"https:\/\/portaltela.pt\/noticias\/2026\/02\/04\/micas-costureira-celebra-104-anos-e-recorda-costura-com-pouco-pano\/","name":"Micas Costureira celebra 104 anos e recorda costura com pouco pano - Portal Tela Portugal","isPartOf":{"@id":"https:\/\/portaltela.pt\/#website"},"primaryImageOfPage":{"@id":"https:\/\/portaltela.pt\/noticias\/2026\/02\/04\/micas-costureira-celebra-104-anos-e-recorda-costura-com-pouco-pano\/#primaryimage"},"image":{"@id":"https:\/\/portaltela.pt\/noticias\/2026\/02\/04\/micas-costureira-celebra-104-anos-e-recorda-costura-com-pouco-pano\/#primaryimage"},"thumbnailUrl":"https:\/\/portaltela.pt\/s.01k8rhncp4jt1\/2026\/02\/image-294.jpg","datePublished":"2026-02-04T13:13:00+00:00","author":{"@id":"https:\/\/portaltela.pt\/#\/schema\/person\/c4278d4a6028830caff9ee44b42d32ed"},"breadcrumb":{"@id":"https:\/\/portaltela.pt\/noticias\/2026\/02\/04\/micas-costureira-celebra-104-anos-e-recorda-costura-com-pouco-pano\/#breadcrumb"},"inLanguage":"pt-PT","potentialAction":[{"@type":"ReadAction","target":["https:\/\/portaltela.pt\/noticias\/2026\/02\/04\/micas-costureira-celebra-104-anos-e-recorda-costura-com-pouco-pano\/"]}]},{"@type":"ImageObject","inLanguage":"pt-PT","@id":"https:\/\/portaltela.pt\/noticias\/2026\/02\/04\/micas-costureira-celebra-104-anos-e-recorda-costura-com-pouco-pano\/#primaryimage","url":"https:\/\/portaltela.pt\/s.01k8rhncp4jt1\/2026\/02\/image-294.jpg","contentUrl":"https:\/\/portaltela.pt\/s.01k8rhncp4jt1\/2026\/02\/image-294.jpg","width":796,"height":448,"caption":"Micas Costureira celebra 104 anos"},{"@type":"BreadcrumbList","@id":"https:\/\/portaltela.pt\/noticias\/2026\/02\/04\/micas-costureira-celebra-104-anos-e-recorda-costura-com-pouco-pano\/#breadcrumb","itemListElement":[{"@type":"ListItem","position":1,"name":"In\u00edcio","item":"https:\/\/portaltela.pt\/"},{"@type":"ListItem","position":2,"name":"Micas Costureira celebra 104 anos e recorda costura com pouco pano"}]},{"@type":"WebSite","@id":"https:\/\/portaltela.pt\/#website","url":"https:\/\/portaltela.pt\/","name":"Portal Tela Portugal","description":"","potentialAction":[{"@type":"SearchAction","target":{"@type":"EntryPoint","urlTemplate":"https:\/\/portaltela.pt\/?s={search_term_string}"},"query-input":{"@type":"PropertyValueSpecification","valueRequired":true,"valueName":"search_term_string"}}],"inLanguage":"pt-PT"},{"@type":"Person","@id":"https:\/\/portaltela.pt\/#\/schema\/person\/c4278d4a6028830caff9ee44b42d32ed","name":"Telinha","image":{"@type":"ImageObject","inLanguage":"pt-PT","@id":"https:\/\/portaltela.pt\/s.01k8rhncp4jt1\/2025\/11\/talking-bot-125x125.png","url":"https:\/\/portaltela.pt\/s.01k8rhncp4jt1\/2025\/11\/talking-bot-125x125.png","contentUrl":"https:\/\/portaltela.pt\/s.01k8rhncp4jt1\/2025\/11\/talking-bot-125x125.png","caption":"Telinha"},"sameAs":["https:\/\/portaltela.pt\/"],"url":"https:\/\/portaltela.pt\/por\/367410592786\/"}]}},"_links":{"self":[{"href":"https:\/\/portaltela.pt\/api\/wp\/v2\/posts\/196635","targetHints":{"allow":["GET"]}}],"collection":[{"href":"https:\/\/portaltela.pt\/api\/wp\/v2\/posts"}],"about":[{"href":"https:\/\/portaltela.pt\/api\/wp\/v2\/types\/post"}],"author":[{"embeddable":true,"href":"https:\/\/portaltela.pt\/api\/wp\/v2\/users\/2"}],"replies":[{"embeddable":true,"href":"https:\/\/portaltela.pt\/api\/wp\/v2\/comments?post=196635"}],"version-history":[{"count":0,"href":"https:\/\/portaltela.pt\/api\/wp\/v2\/posts\/196635\/revisions"}],"wp:featuredmedia":[{"embeddable":true,"href":"https:\/\/portaltela.pt\/api\/wp\/v2\/media\/196644"}],"wp:attachment":[{"href":"https:\/\/portaltela.pt\/api\/wp\/v2\/media?parent=196635"}],"wp:term":[{"taxonomy":"category","embeddable":true,"href":"https:\/\/portaltela.pt\/api\/wp\/v2\/categories?post=196635"},{"taxonomy":"post_tag","embeddable":true,"href":"https:\/\/portaltela.pt\/api\/wp\/v2\/tags?post=196635"}],"curies":[{"name":"wp","href":"https:\/\/api.w.org\/{rel}","templated":true}]}}