{"id":196625,"date":"2026-02-04T09:55:00","date_gmt":"2026-02-04T12:55:00","guid":{"rendered":"https:\/\/portaltela.pt\/noticias\/2026\/02\/04\/igreja-catolica-suica-usa-testes-psicologicos-para-prevenir-abusos-sexuais\/"},"modified":"2026-02-04T09:55:00","modified_gmt":"2026-02-04T12:55:00","slug":"igreja-catolica-suica-usa-testes-psicologicos-para-prevenir-abusos-sexuais","status":"publish","type":"post","link":"https:\/\/portaltela.pt\/noticias\/2026\/02\/04\/igreja-catolica-suica-usa-testes-psicologicos-para-prevenir-abusos-sexuais\/","title":{"rendered":"Igreja Cat\u00f3lica su\u00ed\u00e7a usa testes psicol\u00f3gicos para prevenir abusos sexuais"},"content":{"rendered":"<p>A Igreja Cat\u00f3lica su\u00ed\u00e7a revelou, numa comunica\u00e7\u00e3o conjunta, que realizou 72 avalia\u00e7\u00f5es psicol\u00f3gicas no ano passado. O objetivo \u00e9 prevenir abusos sexuais entre candidatos ao sacerd\u00f3cio e futuros agentes pastorais leigos.<\/p>\n<p>As avalia\u00e7\u00f5es ocorreram entre abril e dezembro de 2025 em todas as dioceses da Su\u00ed\u00e7a. O processo faz parte de um projeto-piloto tornato obrigat\u00f3rio em mar\u00e7o de 2024, orientado pela Confer\u00eancia Episcopal Su\u00ed\u00e7a e por entidades ligadas \u00e0 vida consagrada.<\/p>\n<p>Contexto e m\u00e9todo<\/p>\n<p>O estudo de 2023 da Universidade de Zurique, citado pela hierarquia, documentou 1.002 casos de abuso na Igreja su\u00ed\u00e7a desde o s\u00e9culo XX, dos quais 74% envolviam menores. A avalia\u00e7\u00e3o passa por quatro fases, com fases iniciais a cargo de especialistas externos.<\/p>\n<p>O foco inclui um teste psicol\u00f3gico, uma entrevista por compet\u00eancias, uma avalia\u00e7\u00e3o cl\u00ednico-legal e uma decis\u00e3o final pelas autoridades diocesanas, com base nos resultados. A Unidade de Investiga\u00e7\u00e3o do Gabinete de Execu\u00e7\u00e3o e Reintegra\u00e7\u00e3o Judicial do Cant\u00e3o de Zurique coordena os pareceres.<\/p>\n<p>Acompanhamento e impacto<\/p>\n<p>Ao longo do processo, 10 profissionais em psicologia, psiquiatria forense e recursos humanos contribu\u00edram para as avalia\u00e7\u00f5es. Em alguns casos, as autoridades diocesanas interrup\u00e7\u00e3o a colabora\u00e7\u00e3o com indiv\u00edduos considerados inadequados.<\/p>\n<p>Resultados preliminares indicam que as avalia\u00e7\u00f5es s\u00e3o articuladas com entrevistas e avalia\u00e7\u00f5es adicionais, buscando identificar riscos e orientar decis\u00f5es institucionais para prote\u00e7\u00e3o de menores e comunidades.<\/p>\n","protected":false},"excerpt":{"rendered":"<ul>\n<li>Setenta e duas avalia\u00e7\u00f5es psicol\u00f3gicas foram realizadas, no ano passado, a candidatos ao sacerd\u00f3cio e a futuros agentes pastorais leigos, num projeto-piloto de preven\u00e7\u00e3o de abusos sexuais.<\/li>\n<li>A medida tornou-se obrigat\u00f3ria em mar\u00e7o do ano passado, segundo an\u00fancio conjunto de entidades religiosas su\u00ed\u00e7as.<\/li>\n<li>A decis\u00e3o ocorreu ap\u00f3s o estudo de 2023 da Universidade de Zurique, que documentou 1.002 casos de abuso sexual na Igreja Cat\u00f3lica su\u00ed\u00e7a desde meados do s\u00e9culo XX, 74% envolvendo menores.<\/li>\n<li>As avalia\u00e7\u00f5es foram feitas entre abril e dezembro de 2025 em todas as dioceses da Su\u00ed\u00e7a, com algumas pessoas afastadas com base nos resultados.<\/li>\n<li>O processo tem quatro etapas: teste psicol\u00f3gico, entrevista por compet\u00eancias, avalia\u00e7\u00e3o cl\u00ednico-legal e decis\u00e3o final pelas autoridades diocesanas, com as primeiras tr\u00eas fases conduzidas por especialistas externos; o conjunto \u00e9 elaborado pela Unidade de Investiga\u00e7\u00e3o e Desenvolvimento do Gabinete de Execu\u00e7\u00e3o e Reintegra\u00e7\u00e3o Judicial do Cant\u00e3o de Zurique, envolvendo dez profissionais.<\/li>\n<\/ul>\n","protected":false},"author":2,"featured_media":196640,"comment_status":"closed","ping_status":"closed","sticky":false,"template":"","format":"standard","meta":{"footnotes":""},"categories":[1],"tags":[1796,4999,103,215,2181,2249],"class_list":["post-196625","post","type-post","status-publish","format-standard","has-post-thumbnail","hentry","category-noticias","tag-abuso-sexual-de-menor-dependente","tag-abusos-sexuais","tag-catolicismo","tag-investigacao","tag-protecao-de-menores","tag-psicologia"],"yoast_head":"<!-- This site is optimized with the Yoast SEO plugin v27.2 - https:\/\/yoast.com\/product\/yoast-seo-wordpress\/ -->\n<title>Igreja Cat\u00f3lica su\u00ed\u00e7a usa testes psicol\u00f3gicos para prevenir abusos sexuais - Portal Tela Portugal<\/title>\n<meta name=\"robots\" content=\"index, follow, max-snippet:-1, max-image-preview:large, max-video-preview:-1\" \/>\n<meta property=\"og:locale\" content=\"pt_PT\" \/>\n<meta property=\"og:type\" content=\"article\" \/>\n<meta property=\"og:title\" content=\"Igreja Cat\u00f3lica su\u00ed\u00e7a usa testes psicol\u00f3gicos para prevenir abusos sexuais - Portal Tela Portugal\" \/>\n<meta property=\"og:description\" content=\"Setenta e duas avalia\u00e7\u00f5es psicol\u00f3gicas foram realizadas, no ano passado, a candidatos ao sacerd\u00f3cio e a futuros agentes pastorais leigos, num projeto-piloto de preven\u00e7\u00e3o de abusos sexuais. A medida tornou-se obrigat\u00f3ria em mar\u00e7o do ano passado, segundo an\u00fancio conjunto de entidades religiosas su\u00ed\u00e7as. A decis\u00e3o ocorreu ap\u00f3s o estudo de 2023 da Universidade de Zurique, que documentou 1.002 casos de abuso sexual na Igreja Cat\u00f3lica su\u00ed\u00e7a desde meados do s\u00e9culo XX, 74% envolvendo menores. As avalia\u00e7\u00f5es foram feitas entre abril e dezembro de 2025 em todas as dioceses da Su\u00ed\u00e7a, com algumas pessoas afastadas com base nos resultados. O processo tem quatro etapas: teste psicol\u00f3gico, entrevista por compet\u00eancias, avalia\u00e7\u00e3o cl\u00ednico-legal e decis\u00e3o final pelas autoridades diocesanas, com as primeiras tr\u00eas fases conduzidas por especialistas externos; o conjunto \u00e9 elaborado pela Unidade de Investiga\u00e7\u00e3o e Desenvolvimento do Gabinete de Execu\u00e7\u00e3o e Reintegra\u00e7\u00e3o Judicial do Cant\u00e3o de Zurique, envolvendo dez profissionais.\" \/>\n<meta property=\"og:url\" content=\"https:\/\/portaltela.pt\/noticias\/2026\/02\/04\/igreja-catolica-suica-usa-testes-psicologicos-para-prevenir-abusos-sexuais\/\" \/>\n<meta property=\"og:site_name\" content=\"Portal Tela Portugal\" \/>\n<meta property=\"article:published_time\" content=\"2026-02-04T12:55:00+00:00\" \/>\n<meta name=\"author\" content=\"Telinha\" \/>\n<meta name=\"twitter:card\" content=\"summary_large_image\" \/>\n<meta name=\"twitter:label1\" content=\"Escrito por\" \/>\n\t<meta name=\"twitter:data1\" content=\"Telinha\" \/>\n\t<meta name=\"twitter:label2\" content=\"Tempo estimado de leitura\" \/>\n\t<meta name=\"twitter:data2\" content=\"1 minuto\" \/>\n<script type=\"application\/ld+json\" class=\"yoast-schema-graph\">{\"@context\":\"https:\/\/schema.org\",\"@graph\":[{\"@type\":\"Article\",\"@id\":\"https:\/\/portaltela.pt\/noticias\/2026\/02\/04\/igreja-catolica-suica-usa-testes-psicologicos-para-prevenir-abusos-sexuais\/#article\",\"isPartOf\":{\"@id\":\"https:\/\/portaltela.pt\/noticias\/2026\/02\/04\/igreja-catolica-suica-usa-testes-psicologicos-para-prevenir-abusos-sexuais\/\"},\"author\":{\"name\":\"Telinha\",\"@id\":\"https:\/\/portaltela.pt\/#\/schema\/person\/c4278d4a6028830caff9ee44b42d32ed\"},\"headline\":\"Igreja Cat\u00f3lica su\u00ed\u00e7a usa testes psicol\u00f3gicos para prevenir abusos sexuais\",\"datePublished\":\"2026-02-04T12:55:00+00:00\",\"mainEntityOfPage\":{\"@id\":\"https:\/\/portaltela.pt\/noticias\/2026\/02\/04\/igreja-catolica-suica-usa-testes-psicologicos-para-prevenir-abusos-sexuais\/\"},\"wordCount\":256,\"image\":{\"@id\":\"https:\/\/portaltela.pt\/noticias\/2026\/02\/04\/igreja-catolica-suica-usa-testes-psicologicos-para-prevenir-abusos-sexuais\/#primaryimage\"},\"thumbnailUrl\":\"https:\/\/portaltela.pt\/s.01k8rhncp4jt1\/2026\/02\/unnamed-file-1218.jpg\",\"keywords\":[\"abuso sexual de menor dependente\",\"abusos sexuais\",\"catolicismo\",\"investiga\u00e7\u00e3o\",\"prote\u00e7\u00e3o de menores\",\"psicologia\"],\"articleSection\":[\"Not\u00edcias\"],\"inLanguage\":\"pt-PT\"},{\"@type\":\"WebPage\",\"@id\":\"https:\/\/portaltela.pt\/noticias\/2026\/02\/04\/igreja-catolica-suica-usa-testes-psicologicos-para-prevenir-abusos-sexuais\/\",\"url\":\"https:\/\/portaltela.pt\/noticias\/2026\/02\/04\/igreja-catolica-suica-usa-testes-psicologicos-para-prevenir-abusos-sexuais\/\",\"name\":\"Igreja Cat\u00f3lica su\u00ed\u00e7a usa testes psicol\u00f3gicos para prevenir abusos sexuais - Portal Tela Portugal\",\"isPartOf\":{\"@id\":\"https:\/\/portaltela.pt\/#website\"},\"primaryImageOfPage\":{\"@id\":\"https:\/\/portaltela.pt\/noticias\/2026\/02\/04\/igreja-catolica-suica-usa-testes-psicologicos-para-prevenir-abusos-sexuais\/#primaryimage\"},\"image\":{\"@id\":\"https:\/\/portaltela.pt\/noticias\/2026\/02\/04\/igreja-catolica-suica-usa-testes-psicologicos-para-prevenir-abusos-sexuais\/#primaryimage\"},\"thumbnailUrl\":\"https:\/\/portaltela.pt\/s.01k8rhncp4jt1\/2026\/02\/unnamed-file-1218.jpg\",\"datePublished\":\"2026-02-04T12:55:00+00:00\",\"author\":{\"@id\":\"https:\/\/portaltela.pt\/#\/schema\/person\/c4278d4a6028830caff9ee44b42d32ed\"},\"breadcrumb\":{\"@id\":\"https:\/\/portaltela.pt\/noticias\/2026\/02\/04\/igreja-catolica-suica-usa-testes-psicologicos-para-prevenir-abusos-sexuais\/#breadcrumb\"},\"inLanguage\":\"pt-PT\",\"potentialAction\":[{\"@type\":\"ReadAction\",\"target\":[\"https:\/\/portaltela.pt\/noticias\/2026\/02\/04\/igreja-catolica-suica-usa-testes-psicologicos-para-prevenir-abusos-sexuais\/\"]}]},{\"@type\":\"ImageObject\",\"inLanguage\":\"pt-PT\",\"@id\":\"https:\/\/portaltela.pt\/noticias\/2026\/02\/04\/igreja-catolica-suica-usa-testes-psicologicos-para-prevenir-abusos-sexuais\/#primaryimage\",\"url\":\"https:\/\/portaltela.pt\/s.01k8rhncp4jt1\/2026\/02\/unnamed-file-1218.jpg\",\"contentUrl\":\"https:\/\/portaltela.pt\/s.01k8rhncp4jt1\/2026\/02\/unnamed-file-1218.jpg\",\"width\":796,\"height\":448,\"caption\":\"Igreja Cat\u00f3lica su\u00ed\u00e7a faz testes psicol\u00f3gicos para prevenir abusos sexuais\"},{\"@type\":\"BreadcrumbList\",\"@id\":\"https:\/\/portaltela.pt\/noticias\/2026\/02\/04\/igreja-catolica-suica-usa-testes-psicologicos-para-prevenir-abusos-sexuais\/#breadcrumb\",\"itemListElement\":[{\"@type\":\"ListItem\",\"position\":1,\"name\":\"In\u00edcio\",\"item\":\"https:\/\/portaltela.pt\/\"},{\"@type\":\"ListItem\",\"position\":2,\"name\":\"Igreja Cat\u00f3lica su\u00ed\u00e7a usa testes psicol\u00f3gicos para prevenir abusos sexuais\"}]},{\"@type\":\"WebSite\",\"@id\":\"https:\/\/portaltela.pt\/#website\",\"url\":\"https:\/\/portaltela.pt\/\",\"name\":\"Portal Tela Portugal\",\"description\":\"\",\"potentialAction\":[{\"@type\":\"SearchAction\",\"target\":{\"@type\":\"EntryPoint\",\"urlTemplate\":\"https:\/\/portaltela.pt\/?s={search_term_string}\"},\"query-input\":{\"@type\":\"PropertyValueSpecification\",\"valueRequired\":true,\"valueName\":\"search_term_string\"}}],\"inLanguage\":\"pt-PT\"},{\"@type\":\"Person\",\"@id\":\"https:\/\/portaltela.pt\/#\/schema\/person\/c4278d4a6028830caff9ee44b42d32ed\",\"name\":\"Telinha\",\"image\":{\"@type\":\"ImageObject\",\"inLanguage\":\"pt-PT\",\"@id\":\"https:\/\/portaltela.pt\/s.01k8rhncp4jt1\/2025\/11\/talking-bot-125x125.png\",\"url\":\"https:\/\/portaltela.pt\/s.01k8rhncp4jt1\/2025\/11\/talking-bot-125x125.png\",\"contentUrl\":\"https:\/\/portaltela.pt\/s.01k8rhncp4jt1\/2025\/11\/talking-bot-125x125.png\",\"caption\":\"Telinha\"},\"sameAs\":[\"https:\/\/portaltela.pt\/\"],\"url\":\"https:\/\/portaltela.pt\/por\/367410592786\/\"}]}<\/script>\n<!-- \/ Yoast SEO plugin. -->","yoast_head_json":{"title":"Igreja Cat\u00f3lica su\u00ed\u00e7a usa testes psicol\u00f3gicos para prevenir abusos sexuais - Portal Tela Portugal","robots":{"index":"index","follow":"follow","max-snippet":"max-snippet:-1","max-image-preview":"max-image-preview:large","max-video-preview":"max-video-preview:-1"},"og_locale":"pt_PT","og_type":"article","og_title":"Igreja Cat\u00f3lica su\u00ed\u00e7a usa testes psicol\u00f3gicos para prevenir abusos sexuais - Portal Tela Portugal","og_description":"Setenta e duas avalia\u00e7\u00f5es psicol\u00f3gicas foram realizadas, no ano passado, a candidatos ao sacerd\u00f3cio e a futuros agentes pastorais leigos, num projeto-piloto de preven\u00e7\u00e3o de abusos sexuais. A medida tornou-se obrigat\u00f3ria em mar\u00e7o do ano passado, segundo an\u00fancio conjunto de entidades religiosas su\u00ed\u00e7as. A decis\u00e3o ocorreu ap\u00f3s o estudo de 2023 da Universidade de Zurique, que documentou 1.002 casos de abuso sexual na Igreja Cat\u00f3lica su\u00ed\u00e7a desde meados do s\u00e9culo XX, 74% envolvendo menores. As avalia\u00e7\u00f5es foram feitas entre abril e dezembro de 2025 em todas as dioceses da Su\u00ed\u00e7a, com algumas pessoas afastadas com base nos resultados. O processo tem quatro etapas: teste psicol\u00f3gico, entrevista por compet\u00eancias, avalia\u00e7\u00e3o cl\u00ednico-legal e decis\u00e3o final pelas autoridades diocesanas, com as primeiras tr\u00eas fases conduzidas por especialistas externos; o conjunto \u00e9 elaborado pela Unidade de Investiga\u00e7\u00e3o e Desenvolvimento do Gabinete de Execu\u00e7\u00e3o e Reintegra\u00e7\u00e3o Judicial do Cant\u00e3o de Zurique, envolvendo dez profissionais.","og_url":"https:\/\/portaltela.pt\/noticias\/2026\/02\/04\/igreja-catolica-suica-usa-testes-psicologicos-para-prevenir-abusos-sexuais\/","og_site_name":"Portal Tela Portugal","article_published_time":"2026-02-04T12:55:00+00:00","author":"Telinha","twitter_card":"summary_large_image","twitter_misc":{"Escrito por":"Telinha","Tempo estimado de leitura":"1 minuto"},"schema":{"@context":"https:\/\/schema.org","@graph":[{"@type":"Article","@id":"https:\/\/portaltela.pt\/noticias\/2026\/02\/04\/igreja-catolica-suica-usa-testes-psicologicos-para-prevenir-abusos-sexuais\/#article","isPartOf":{"@id":"https:\/\/portaltela.pt\/noticias\/2026\/02\/04\/igreja-catolica-suica-usa-testes-psicologicos-para-prevenir-abusos-sexuais\/"},"author":{"name":"Telinha","@id":"https:\/\/portaltela.pt\/#\/schema\/person\/c4278d4a6028830caff9ee44b42d32ed"},"headline":"Igreja Cat\u00f3lica su\u00ed\u00e7a usa testes psicol\u00f3gicos para prevenir abusos sexuais","datePublished":"2026-02-04T12:55:00+00:00","mainEntityOfPage":{"@id":"https:\/\/portaltela.pt\/noticias\/2026\/02\/04\/igreja-catolica-suica-usa-testes-psicologicos-para-prevenir-abusos-sexuais\/"},"wordCount":256,"image":{"@id":"https:\/\/portaltela.pt\/noticias\/2026\/02\/04\/igreja-catolica-suica-usa-testes-psicologicos-para-prevenir-abusos-sexuais\/#primaryimage"},"thumbnailUrl":"https:\/\/portaltela.pt\/s.01k8rhncp4jt1\/2026\/02\/unnamed-file-1218.jpg","keywords":["abuso sexual de menor dependente","abusos sexuais","catolicismo","investiga\u00e7\u00e3o","prote\u00e7\u00e3o de menores","psicologia"],"articleSection":["Not\u00edcias"],"inLanguage":"pt-PT"},{"@type":"WebPage","@id":"https:\/\/portaltela.pt\/noticias\/2026\/02\/04\/igreja-catolica-suica-usa-testes-psicologicos-para-prevenir-abusos-sexuais\/","url":"https:\/\/portaltela.pt\/noticias\/2026\/02\/04\/igreja-catolica-suica-usa-testes-psicologicos-para-prevenir-abusos-sexuais\/","name":"Igreja Cat\u00f3lica su\u00ed\u00e7a usa testes psicol\u00f3gicos para prevenir abusos sexuais - Portal Tela Portugal","isPartOf":{"@id":"https:\/\/portaltela.pt\/#website"},"primaryImageOfPage":{"@id":"https:\/\/portaltela.pt\/noticias\/2026\/02\/04\/igreja-catolica-suica-usa-testes-psicologicos-para-prevenir-abusos-sexuais\/#primaryimage"},"image":{"@id":"https:\/\/portaltela.pt\/noticias\/2026\/02\/04\/igreja-catolica-suica-usa-testes-psicologicos-para-prevenir-abusos-sexuais\/#primaryimage"},"thumbnailUrl":"https:\/\/portaltela.pt\/s.01k8rhncp4jt1\/2026\/02\/unnamed-file-1218.jpg","datePublished":"2026-02-04T12:55:00+00:00","author":{"@id":"https:\/\/portaltela.pt\/#\/schema\/person\/c4278d4a6028830caff9ee44b42d32ed"},"breadcrumb":{"@id":"https:\/\/portaltela.pt\/noticias\/2026\/02\/04\/igreja-catolica-suica-usa-testes-psicologicos-para-prevenir-abusos-sexuais\/#breadcrumb"},"inLanguage":"pt-PT","potentialAction":[{"@type":"ReadAction","target":["https:\/\/portaltela.pt\/noticias\/2026\/02\/04\/igreja-catolica-suica-usa-testes-psicologicos-para-prevenir-abusos-sexuais\/"]}]},{"@type":"ImageObject","inLanguage":"pt-PT","@id":"https:\/\/portaltela.pt\/noticias\/2026\/02\/04\/igreja-catolica-suica-usa-testes-psicologicos-para-prevenir-abusos-sexuais\/#primaryimage","url":"https:\/\/portaltela.pt\/s.01k8rhncp4jt1\/2026\/02\/unnamed-file-1218.jpg","contentUrl":"https:\/\/portaltela.pt\/s.01k8rhncp4jt1\/2026\/02\/unnamed-file-1218.jpg","width":796,"height":448,"caption":"Igreja Cat\u00f3lica su\u00ed\u00e7a faz testes psicol\u00f3gicos para prevenir abusos sexuais"},{"@type":"BreadcrumbList","@id":"https:\/\/portaltela.pt\/noticias\/2026\/02\/04\/igreja-catolica-suica-usa-testes-psicologicos-para-prevenir-abusos-sexuais\/#breadcrumb","itemListElement":[{"@type":"ListItem","position":1,"name":"In\u00edcio","item":"https:\/\/portaltela.pt\/"},{"@type":"ListItem","position":2,"name":"Igreja Cat\u00f3lica su\u00ed\u00e7a usa testes psicol\u00f3gicos para prevenir abusos sexuais"}]},{"@type":"WebSite","@id":"https:\/\/portaltela.pt\/#website","url":"https:\/\/portaltela.pt\/","name":"Portal Tela Portugal","description":"","potentialAction":[{"@type":"SearchAction","target":{"@type":"EntryPoint","urlTemplate":"https:\/\/portaltela.pt\/?s={search_term_string}"},"query-input":{"@type":"PropertyValueSpecification","valueRequired":true,"valueName":"search_term_string"}}],"inLanguage":"pt-PT"},{"@type":"Person","@id":"https:\/\/portaltela.pt\/#\/schema\/person\/c4278d4a6028830caff9ee44b42d32ed","name":"Telinha","image":{"@type":"ImageObject","inLanguage":"pt-PT","@id":"https:\/\/portaltela.pt\/s.01k8rhncp4jt1\/2025\/11\/talking-bot-125x125.png","url":"https:\/\/portaltela.pt\/s.01k8rhncp4jt1\/2025\/11\/talking-bot-125x125.png","contentUrl":"https:\/\/portaltela.pt\/s.01k8rhncp4jt1\/2025\/11\/talking-bot-125x125.png","caption":"Telinha"},"sameAs":["https:\/\/portaltela.pt\/"],"url":"https:\/\/portaltela.pt\/por\/367410592786\/"}]}},"_links":{"self":[{"href":"https:\/\/portaltela.pt\/api\/wp\/v2\/posts\/196625","targetHints":{"allow":["GET"]}}],"collection":[{"href":"https:\/\/portaltela.pt\/api\/wp\/v2\/posts"}],"about":[{"href":"https:\/\/portaltela.pt\/api\/wp\/v2\/types\/post"}],"author":[{"embeddable":true,"href":"https:\/\/portaltela.pt\/api\/wp\/v2\/users\/2"}],"replies":[{"embeddable":true,"href":"https:\/\/portaltela.pt\/api\/wp\/v2\/comments?post=196625"}],"version-history":[{"count":0,"href":"https:\/\/portaltela.pt\/api\/wp\/v2\/posts\/196625\/revisions"}],"wp:featuredmedia":[{"embeddable":true,"href":"https:\/\/portaltela.pt\/api\/wp\/v2\/media\/196640"}],"wp:attachment":[{"href":"https:\/\/portaltela.pt\/api\/wp\/v2\/media?parent=196625"}],"wp:term":[{"taxonomy":"category","embeddable":true,"href":"https:\/\/portaltela.pt\/api\/wp\/v2\/categories?post=196625"},{"taxonomy":"post_tag","embeddable":true,"href":"https:\/\/portaltela.pt\/api\/wp\/v2\/tags?post=196625"}],"curies":[{"name":"wp","href":"https:\/\/api.w.org\/{rel}","templated":true}]}}