{"id":196612,"date":"2026-02-04T09:57:06","date_gmt":"2026-02-04T12:57:06","guid":{"rendered":"https:\/\/portaltela.pt\/noticias\/2026\/02\/04\/cpcj-de-oliveira-do-hospital-monitora-44-casos-ativos-apos-163-sinalizacoes-2025\/"},"modified":"2026-02-04T09:57:06","modified_gmt":"2026-02-04T12:57:06","slug":"cpcj-de-oliveira-do-hospital-monitora-44-casos-ativos-apos-163-sinalizacoes-2025","status":"publish","type":"post","link":"https:\/\/portaltela.pt\/noticias\/2026\/02\/04\/cpcj-de-oliveira-do-hospital-monitora-44-casos-ativos-apos-163-sinalizacoes-2025\/","title":{"rendered":"CPCJ de Oliveira do Hospital monitora 44 casos ativos ap\u00f3s 163 sinaliza\u00e7\u00f5es 2025"},"content":{"rendered":"<p>A CPCJ de Oliveira do Hospital acompanha atualmente 44 casos ativos, entre 163 sinaliza\u00e7\u00f5es em 2025, no concelho. O dado foi partilhado durante um semin\u00e1rio promovido pela comiss\u00e3o, em parceria com o Munic\u00edpio, na Casa da Cultura C\u00e9sar Oliveira.<\/p>\n<p>O semin\u00e1rio, intitulado Cuidar e Proteger: entre o cuidado, a responsabilidade e o direito, ocorre nesta sexta-feira, 6 de mar\u00e7o. O objetivo \u00e9 reunir t\u00e9cnicos e comunidade para debater os desafios da interven\u00e7\u00e3o social e da prote\u00e7\u00e3o de crian\u00e7as e jovens.<\/p>\n<p>Segundo Carla Camacho, presidente da CPCJ local, o evento dirige-se a t\u00e9cnicos com interven\u00e7\u00e3o social e pretende promover uma reflex\u00e3o sobre o papel de quem trabalha com fam\u00edlias acompanhadas. A organiza\u00e7\u00e3o destaca o equil\u00edbrio entre cuidar e proteger, sem descurar os direitos das pessoas acompanhadas.<\/p>\n<p>Dados apresentados indicam que, em 2025, foram sinalizadas 163 situa\u00e7\u00f5es \u00e0 CPCJ de Oliveira do Hospital, com 44 em acompanhamento ativo. A presidente explicou que muitos casos n\u00e3o se confirmam ou s\u00e3o resolvidos, e que a interven\u00e7\u00e3o requer consentimento expresso de quem cuida das crian\u00e7as.<\/p>\n<h3>Viol\u00eancia dom\u00e9stica entre as principal preocupa\u00e7\u00f5es<\/h3>\n<p>A respons\u00e1vel sublinha que a viol\u00eancia dom\u00e9stica foi a problem\u00e1tica dominante no \u00faltimo ano, com a GNR a ser a principal denunciante. N\u00e3o h\u00e1 registos de casos extremos, mas a vigil\u00e2ncia permanece essencial para detectar sinais precoces de situa\u00e7\u00f5es graves.<\/p>\n<p>A CPCJ tem recebido um n\u00famero significativo de den\u00fancias an\u00f3nimas, algumas com fundamento e outras n\u00e3o. A presidente alerta para situa\u00e7\u00f5es motivadas apenas por boatos, que podem causar sofrimento \u00e0 fam\u00edlia. Den\u00fancias podem ser feitas online, por telefone, email ou presencialmente na C\u00e2mara Municipal.<\/p>\n<h3>Semin\u00e1rio com especialistas nacionais<\/h3>\n<p>A secret\u00e1ria da CPCJ, Catarina Cardoso, adianta que o programa inclui especialistas de v\u00e1rias \u00e1reas. O juiz desembargador Paulo Guerra falar\u00e1 sobre a justi\u00e7a que cuida e protege, e a professora Filomena Gaspar abordar\u00e1 o burnout parental. O debate tamb\u00e9m abrange sa\u00fade mental infantil e direitos de crian\u00e7as e jovens LGBTI.<\/p>\n<p>Apesar de dirigido a t\u00e9cnicos, o semin\u00e1rio est\u00e1 aberto ao p\u00fablico. A participa\u00e7\u00e3o presencial ainda tem vagas dispon\u00edveis, com inscri\u00e7\u00f5es atrav\u00e9s da p\u00e1gina de Facebook da CPCJ ou da C\u00e2mara Municipal.<\/p>\n","protected":false},"excerpt":{"rendered":"<ul>\n<li>CPCJ de Oliveira do Hospital acompanha 44 casos ativos em 2025, ap\u00f3s 163 sinaliza\u00e7\u00f5es.<\/li>\n<li>Sexta-feira, 6, realiza-se o semin\u00e1rio \u201cCuidar e Proteger: entre o cuidado, a responsabilidade e o direito\u201d na Casa da Cultura C\u00e9sar Oliveira, em parceria com o Munic\u00edpio.<\/li>\n<li>O encontro \u00e9 dirigido a t\u00e9cnicos de interven\u00e7\u00e3o social e pretende refletir sobre o equil\u00edbrio entre cuidar e proteger, mantendo os direitos das pessoas acompanhadas.<\/li>\n<li>Viol\u00eancia dom\u00e9stica \u00e9 a principal preocupa\u00e7\u00e3o do \u00faltimo ano, com a GNR a ser a principal fonte de den\u00fancias; \u00e9 essencial manter vigil\u00e2ncia para sinais de situa\u00e7\u00f5es que possam evoluir.<\/li>\n<li>O programa inclui especialistas nacionais, como o juiz desembargador Paulo Guerra e a professora Filomena Gaspar; o semin\u00e1rio \u00e9 aberto ao p\u00fablico e as inscri\u00e7\u00f5es est\u00e3o online via Facebook da CPCJ ou do munic\u00edpio.<\/li>\n<\/ul>\n","protected":false},"author":2,"featured_media":196615,"comment_status":"closed","ping_status":"closed","sticky":false,"template":"","format":"standard","meta":{"footnotes":""},"categories":[1],"tags":[5391,3953,1128,2181,939,214],"class_list":["post-196612","post","type-post","status-publish","format-standard","has-post-thumbnail","hentry","category-noticias","tag-a-cpcj","tag-criancas","tag-intervencao-social","tag-protecao-de-menores","tag-violencia","tag-violencia-domestica"],"yoast_head":"<!-- This site is optimized with the Yoast SEO plugin v27.2 - https:\/\/yoast.com\/product\/yoast-seo-wordpress\/ -->\n<title>CPCJ de Oliveira do Hospital monitora 44 casos ativos ap\u00f3s 163 sinaliza\u00e7\u00f5es 2025 - Portal Tela Portugal<\/title>\n<meta name=\"robots\" content=\"index, follow, max-snippet:-1, max-image-preview:large, max-video-preview:-1\" \/>\n<meta property=\"og:locale\" content=\"pt_PT\" \/>\n<meta property=\"og:type\" content=\"article\" \/>\n<meta property=\"og:title\" content=\"CPCJ de Oliveira do Hospital monitora 44 casos ativos ap\u00f3s 163 sinaliza\u00e7\u00f5es 2025 - Portal Tela Portugal\" \/>\n<meta property=\"og:description\" content=\"CPCJ de Oliveira do Hospital acompanha 44 casos ativos em 2025, ap\u00f3s 163 sinaliza\u00e7\u00f5es. Sexta-feira, 6, realiza-se o semin\u00e1rio \u201cCuidar e Proteger: entre o cuidado, a responsabilidade e o direito\u201d na Casa da Cultura C\u00e9sar Oliveira, em parceria com o Munic\u00edpio. O encontro \u00e9 dirigido a t\u00e9cnicos de interven\u00e7\u00e3o social e pretende refletir sobre o equil\u00edbrio entre cuidar e proteger, mantendo os direitos das pessoas acompanhadas. Viol\u00eancia dom\u00e9stica \u00e9 a principal preocupa\u00e7\u00e3o do \u00faltimo ano, com a GNR a ser a principal fonte de den\u00fancias; \u00e9 essencial manter vigil\u00e2ncia para sinais de situa\u00e7\u00f5es que possam evoluir. O programa inclui especialistas nacionais, como o juiz desembargador Paulo Guerra e a professora Filomena Gaspar; o semin\u00e1rio \u00e9 aberto ao p\u00fablico e as inscri\u00e7\u00f5es est\u00e3o online via Facebook da CPCJ ou do munic\u00edpio.\" \/>\n<meta property=\"og:url\" content=\"https:\/\/portaltela.pt\/noticias\/2026\/02\/04\/cpcj-de-oliveira-do-hospital-monitora-44-casos-ativos-apos-163-sinalizacoes-2025\/\" \/>\n<meta property=\"og:site_name\" content=\"Portal Tela Portugal\" \/>\n<meta property=\"article:published_time\" content=\"2026-02-04T12:57:06+00:00\" \/>\n<meta name=\"author\" content=\"Telinha\" \/>\n<meta name=\"twitter:card\" content=\"summary_large_image\" \/>\n<meta name=\"twitter:label1\" content=\"Escrito por\" \/>\n\t<meta name=\"twitter:data1\" content=\"Telinha\" \/>\n\t<meta name=\"twitter:label2\" content=\"Tempo estimado de leitura\" \/>\n\t<meta name=\"twitter:data2\" content=\"2 minutos\" \/>\n<script type=\"application\/ld+json\" class=\"yoast-schema-graph\">{\"@context\":\"https:\/\/schema.org\",\"@graph\":[{\"@type\":\"Article\",\"@id\":\"https:\/\/portaltela.pt\/noticias\/2026\/02\/04\/cpcj-de-oliveira-do-hospital-monitora-44-casos-ativos-apos-163-sinalizacoes-2025\/#article\",\"isPartOf\":{\"@id\":\"https:\/\/portaltela.pt\/noticias\/2026\/02\/04\/cpcj-de-oliveira-do-hospital-monitora-44-casos-ativos-apos-163-sinalizacoes-2025\/\"},\"author\":{\"name\":\"Telinha\",\"@id\":\"https:\/\/portaltela.pt\/#\/schema\/person\/c4278d4a6028830caff9ee44b42d32ed\"},\"headline\":\"CPCJ de Oliveira do Hospital monitora 44 casos ativos ap\u00f3s 163 sinaliza\u00e7\u00f5es 2025\",\"datePublished\":\"2026-02-04T12:57:06+00:00\",\"mainEntityOfPage\":{\"@id\":\"https:\/\/portaltela.pt\/noticias\/2026\/02\/04\/cpcj-de-oliveira-do-hospital-monitora-44-casos-ativos-apos-163-sinalizacoes-2025\/\"},\"wordCount\":404,\"image\":{\"@id\":\"https:\/\/portaltela.pt\/noticias\/2026\/02\/04\/cpcj-de-oliveira-do-hospital-monitora-44-casos-ativos-apos-163-sinalizacoes-2025\/#primaryimage\"},\"thumbnailUrl\":\"https:\/\/portaltela.pt\/s.01k8rhncp4jt1\/2026\/02\/unnamed-file-1216.jpg\",\"keywords\":[\"A CPCJ\",\"crian\u00e7as\",\"Interven\u00e7\u00e3o Social\",\"prote\u00e7\u00e3o de menores\",\"viol\u00eancia\",\"viol\u00eancia dom\u00e9stica\"],\"articleSection\":[\"Not\u00edcias\"],\"inLanguage\":\"pt-PT\"},{\"@type\":\"WebPage\",\"@id\":\"https:\/\/portaltela.pt\/noticias\/2026\/02\/04\/cpcj-de-oliveira-do-hospital-monitora-44-casos-ativos-apos-163-sinalizacoes-2025\/\",\"url\":\"https:\/\/portaltela.pt\/noticias\/2026\/02\/04\/cpcj-de-oliveira-do-hospital-monitora-44-casos-ativos-apos-163-sinalizacoes-2025\/\",\"name\":\"CPCJ de Oliveira do Hospital monitora 44 casos ativos ap\u00f3s 163 sinaliza\u00e7\u00f5es 2025 - Portal Tela Portugal\",\"isPartOf\":{\"@id\":\"https:\/\/portaltela.pt\/#website\"},\"primaryImageOfPage\":{\"@id\":\"https:\/\/portaltela.pt\/noticias\/2026\/02\/04\/cpcj-de-oliveira-do-hospital-monitora-44-casos-ativos-apos-163-sinalizacoes-2025\/#primaryimage\"},\"image\":{\"@id\":\"https:\/\/portaltela.pt\/noticias\/2026\/02\/04\/cpcj-de-oliveira-do-hospital-monitora-44-casos-ativos-apos-163-sinalizacoes-2025\/#primaryimage\"},\"thumbnailUrl\":\"https:\/\/portaltela.pt\/s.01k8rhncp4jt1\/2026\/02\/unnamed-file-1216.jpg\",\"datePublished\":\"2026-02-04T12:57:06+00:00\",\"author\":{\"@id\":\"https:\/\/portaltela.pt\/#\/schema\/person\/c4278d4a6028830caff9ee44b42d32ed\"},\"breadcrumb\":{\"@id\":\"https:\/\/portaltela.pt\/noticias\/2026\/02\/04\/cpcj-de-oliveira-do-hospital-monitora-44-casos-ativos-apos-163-sinalizacoes-2025\/#breadcrumb\"},\"inLanguage\":\"pt-PT\",\"potentialAction\":[{\"@type\":\"ReadAction\",\"target\":[\"https:\/\/portaltela.pt\/noticias\/2026\/02\/04\/cpcj-de-oliveira-do-hospital-monitora-44-casos-ativos-apos-163-sinalizacoes-2025\/\"]}]},{\"@type\":\"ImageObject\",\"inLanguage\":\"pt-PT\",\"@id\":\"https:\/\/portaltela.pt\/noticias\/2026\/02\/04\/cpcj-de-oliveira-do-hospital-monitora-44-casos-ativos-apos-163-sinalizacoes-2025\/#primaryimage\",\"url\":\"https:\/\/portaltela.pt\/s.01k8rhncp4jt1\/2026\/02\/unnamed-file-1216.jpg\",\"contentUrl\":\"https:\/\/portaltela.pt\/s.01k8rhncp4jt1\/2026\/02\/unnamed-file-1216.jpg\",\"width\":796,\"height\":448,\"caption\":\"CPCJ de Oliveira do Hospital acompanha atualmente 44 casos ativos ap\u00f3s 163 sinaliza\u00e7\u00f5es em 2025\"},{\"@type\":\"BreadcrumbList\",\"@id\":\"https:\/\/portaltela.pt\/noticias\/2026\/02\/04\/cpcj-de-oliveira-do-hospital-monitora-44-casos-ativos-apos-163-sinalizacoes-2025\/#breadcrumb\",\"itemListElement\":[{\"@type\":\"ListItem\",\"position\":1,\"name\":\"In\u00edcio\",\"item\":\"https:\/\/portaltela.pt\/\"},{\"@type\":\"ListItem\",\"position\":2,\"name\":\"CPCJ de Oliveira do Hospital monitora 44 casos ativos ap\u00f3s 163 sinaliza\u00e7\u00f5es 2025\"}]},{\"@type\":\"WebSite\",\"@id\":\"https:\/\/portaltela.pt\/#website\",\"url\":\"https:\/\/portaltela.pt\/\",\"name\":\"Portal Tela Portugal\",\"description\":\"\",\"potentialAction\":[{\"@type\":\"SearchAction\",\"target\":{\"@type\":\"EntryPoint\",\"urlTemplate\":\"https:\/\/portaltela.pt\/?s={search_term_string}\"},\"query-input\":{\"@type\":\"PropertyValueSpecification\",\"valueRequired\":true,\"valueName\":\"search_term_string\"}}],\"inLanguage\":\"pt-PT\"},{\"@type\":\"Person\",\"@id\":\"https:\/\/portaltela.pt\/#\/schema\/person\/c4278d4a6028830caff9ee44b42d32ed\",\"name\":\"Telinha\",\"image\":{\"@type\":\"ImageObject\",\"inLanguage\":\"pt-PT\",\"@id\":\"https:\/\/portaltela.pt\/s.01k8rhncp4jt1\/2025\/11\/talking-bot-125x125.png\",\"url\":\"https:\/\/portaltela.pt\/s.01k8rhncp4jt1\/2025\/11\/talking-bot-125x125.png\",\"contentUrl\":\"https:\/\/portaltela.pt\/s.01k8rhncp4jt1\/2025\/11\/talking-bot-125x125.png\",\"caption\":\"Telinha\"},\"sameAs\":[\"https:\/\/portaltela.pt\/\"],\"url\":\"https:\/\/portaltela.pt\/por\/367410592786\/\"}]}<\/script>\n<!-- \/ Yoast SEO plugin. -->","yoast_head_json":{"title":"CPCJ de Oliveira do Hospital monitora 44 casos ativos ap\u00f3s 163 sinaliza\u00e7\u00f5es 2025 - Portal Tela Portugal","robots":{"index":"index","follow":"follow","max-snippet":"max-snippet:-1","max-image-preview":"max-image-preview:large","max-video-preview":"max-video-preview:-1"},"og_locale":"pt_PT","og_type":"article","og_title":"CPCJ de Oliveira do Hospital monitora 44 casos ativos ap\u00f3s 163 sinaliza\u00e7\u00f5es 2025 - Portal Tela Portugal","og_description":"CPCJ de Oliveira do Hospital acompanha 44 casos ativos em 2025, ap\u00f3s 163 sinaliza\u00e7\u00f5es. Sexta-feira, 6, realiza-se o semin\u00e1rio \u201cCuidar e Proteger: entre o cuidado, a responsabilidade e o direito\u201d na Casa da Cultura C\u00e9sar Oliveira, em parceria com o Munic\u00edpio. O encontro \u00e9 dirigido a t\u00e9cnicos de interven\u00e7\u00e3o social e pretende refletir sobre o equil\u00edbrio entre cuidar e proteger, mantendo os direitos das pessoas acompanhadas. Viol\u00eancia dom\u00e9stica \u00e9 a principal preocupa\u00e7\u00e3o do \u00faltimo ano, com a GNR a ser a principal fonte de den\u00fancias; \u00e9 essencial manter vigil\u00e2ncia para sinais de situa\u00e7\u00f5es que possam evoluir. O programa inclui especialistas nacionais, como o juiz desembargador Paulo Guerra e a professora Filomena Gaspar; o semin\u00e1rio \u00e9 aberto ao p\u00fablico e as inscri\u00e7\u00f5es est\u00e3o online via Facebook da CPCJ ou do munic\u00edpio.","og_url":"https:\/\/portaltela.pt\/noticias\/2026\/02\/04\/cpcj-de-oliveira-do-hospital-monitora-44-casos-ativos-apos-163-sinalizacoes-2025\/","og_site_name":"Portal Tela Portugal","article_published_time":"2026-02-04T12:57:06+00:00","author":"Telinha","twitter_card":"summary_large_image","twitter_misc":{"Escrito por":"Telinha","Tempo estimado de leitura":"2 minutos"},"schema":{"@context":"https:\/\/schema.org","@graph":[{"@type":"Article","@id":"https:\/\/portaltela.pt\/noticias\/2026\/02\/04\/cpcj-de-oliveira-do-hospital-monitora-44-casos-ativos-apos-163-sinalizacoes-2025\/#article","isPartOf":{"@id":"https:\/\/portaltela.pt\/noticias\/2026\/02\/04\/cpcj-de-oliveira-do-hospital-monitora-44-casos-ativos-apos-163-sinalizacoes-2025\/"},"author":{"name":"Telinha","@id":"https:\/\/portaltela.pt\/#\/schema\/person\/c4278d4a6028830caff9ee44b42d32ed"},"headline":"CPCJ de Oliveira do Hospital monitora 44 casos ativos ap\u00f3s 163 sinaliza\u00e7\u00f5es 2025","datePublished":"2026-02-04T12:57:06+00:00","mainEntityOfPage":{"@id":"https:\/\/portaltela.pt\/noticias\/2026\/02\/04\/cpcj-de-oliveira-do-hospital-monitora-44-casos-ativos-apos-163-sinalizacoes-2025\/"},"wordCount":404,"image":{"@id":"https:\/\/portaltela.pt\/noticias\/2026\/02\/04\/cpcj-de-oliveira-do-hospital-monitora-44-casos-ativos-apos-163-sinalizacoes-2025\/#primaryimage"},"thumbnailUrl":"https:\/\/portaltela.pt\/s.01k8rhncp4jt1\/2026\/02\/unnamed-file-1216.jpg","keywords":["A CPCJ","crian\u00e7as","Interven\u00e7\u00e3o Social","prote\u00e7\u00e3o de menores","viol\u00eancia","viol\u00eancia dom\u00e9stica"],"articleSection":["Not\u00edcias"],"inLanguage":"pt-PT"},{"@type":"WebPage","@id":"https:\/\/portaltela.pt\/noticias\/2026\/02\/04\/cpcj-de-oliveira-do-hospital-monitora-44-casos-ativos-apos-163-sinalizacoes-2025\/","url":"https:\/\/portaltela.pt\/noticias\/2026\/02\/04\/cpcj-de-oliveira-do-hospital-monitora-44-casos-ativos-apos-163-sinalizacoes-2025\/","name":"CPCJ de Oliveira do Hospital monitora 44 casos ativos ap\u00f3s 163 sinaliza\u00e7\u00f5es 2025 - Portal Tela Portugal","isPartOf":{"@id":"https:\/\/portaltela.pt\/#website"},"primaryImageOfPage":{"@id":"https:\/\/portaltela.pt\/noticias\/2026\/02\/04\/cpcj-de-oliveira-do-hospital-monitora-44-casos-ativos-apos-163-sinalizacoes-2025\/#primaryimage"},"image":{"@id":"https:\/\/portaltela.pt\/noticias\/2026\/02\/04\/cpcj-de-oliveira-do-hospital-monitora-44-casos-ativos-apos-163-sinalizacoes-2025\/#primaryimage"},"thumbnailUrl":"https:\/\/portaltela.pt\/s.01k8rhncp4jt1\/2026\/02\/unnamed-file-1216.jpg","datePublished":"2026-02-04T12:57:06+00:00","author":{"@id":"https:\/\/portaltela.pt\/#\/schema\/person\/c4278d4a6028830caff9ee44b42d32ed"},"breadcrumb":{"@id":"https:\/\/portaltela.pt\/noticias\/2026\/02\/04\/cpcj-de-oliveira-do-hospital-monitora-44-casos-ativos-apos-163-sinalizacoes-2025\/#breadcrumb"},"inLanguage":"pt-PT","potentialAction":[{"@type":"ReadAction","target":["https:\/\/portaltela.pt\/noticias\/2026\/02\/04\/cpcj-de-oliveira-do-hospital-monitora-44-casos-ativos-apos-163-sinalizacoes-2025\/"]}]},{"@type":"ImageObject","inLanguage":"pt-PT","@id":"https:\/\/portaltela.pt\/noticias\/2026\/02\/04\/cpcj-de-oliveira-do-hospital-monitora-44-casos-ativos-apos-163-sinalizacoes-2025\/#primaryimage","url":"https:\/\/portaltela.pt\/s.01k8rhncp4jt1\/2026\/02\/unnamed-file-1216.jpg","contentUrl":"https:\/\/portaltela.pt\/s.01k8rhncp4jt1\/2026\/02\/unnamed-file-1216.jpg","width":796,"height":448,"caption":"CPCJ de Oliveira do Hospital acompanha atualmente 44 casos ativos ap\u00f3s 163 sinaliza\u00e7\u00f5es em 2025"},{"@type":"BreadcrumbList","@id":"https:\/\/portaltela.pt\/noticias\/2026\/02\/04\/cpcj-de-oliveira-do-hospital-monitora-44-casos-ativos-apos-163-sinalizacoes-2025\/#breadcrumb","itemListElement":[{"@type":"ListItem","position":1,"name":"In\u00edcio","item":"https:\/\/portaltela.pt\/"},{"@type":"ListItem","position":2,"name":"CPCJ de Oliveira do Hospital monitora 44 casos ativos ap\u00f3s 163 sinaliza\u00e7\u00f5es 2025"}]},{"@type":"WebSite","@id":"https:\/\/portaltela.pt\/#website","url":"https:\/\/portaltela.pt\/","name":"Portal Tela Portugal","description":"","potentialAction":[{"@type":"SearchAction","target":{"@type":"EntryPoint","urlTemplate":"https:\/\/portaltela.pt\/?s={search_term_string}"},"query-input":{"@type":"PropertyValueSpecification","valueRequired":true,"valueName":"search_term_string"}}],"inLanguage":"pt-PT"},{"@type":"Person","@id":"https:\/\/portaltela.pt\/#\/schema\/person\/c4278d4a6028830caff9ee44b42d32ed","name":"Telinha","image":{"@type":"ImageObject","inLanguage":"pt-PT","@id":"https:\/\/portaltela.pt\/s.01k8rhncp4jt1\/2025\/11\/talking-bot-125x125.png","url":"https:\/\/portaltela.pt\/s.01k8rhncp4jt1\/2025\/11\/talking-bot-125x125.png","contentUrl":"https:\/\/portaltela.pt\/s.01k8rhncp4jt1\/2025\/11\/talking-bot-125x125.png","caption":"Telinha"},"sameAs":["https:\/\/portaltela.pt\/"],"url":"https:\/\/portaltela.pt\/por\/367410592786\/"}]}},"_links":{"self":[{"href":"https:\/\/portaltela.pt\/api\/wp\/v2\/posts\/196612","targetHints":{"allow":["GET"]}}],"collection":[{"href":"https:\/\/portaltela.pt\/api\/wp\/v2\/posts"}],"about":[{"href":"https:\/\/portaltela.pt\/api\/wp\/v2\/types\/post"}],"author":[{"embeddable":true,"href":"https:\/\/portaltela.pt\/api\/wp\/v2\/users\/2"}],"replies":[{"embeddable":true,"href":"https:\/\/portaltela.pt\/api\/wp\/v2\/comments?post=196612"}],"version-history":[{"count":0,"href":"https:\/\/portaltela.pt\/api\/wp\/v2\/posts\/196612\/revisions"}],"wp:featuredmedia":[{"embeddable":true,"href":"https:\/\/portaltela.pt\/api\/wp\/v2\/media\/196615"}],"wp:attachment":[{"href":"https:\/\/portaltela.pt\/api\/wp\/v2\/media?parent=196612"}],"wp:term":[{"taxonomy":"category","embeddable":true,"href":"https:\/\/portaltela.pt\/api\/wp\/v2\/categories?post=196612"},{"taxonomy":"post_tag","embeddable":true,"href":"https:\/\/portaltela.pt\/api\/wp\/v2\/tags?post=196612"}],"curies":[{"name":"wp","href":"https:\/\/api.w.org\/{rel}","templated":true}]}}