{"id":196599,"date":"2026-02-04T09:34:51","date_gmt":"2026-02-04T12:34:51","guid":{"rendered":"https:\/\/portaltela.pt\/noticias\/2026\/02\/04\/o-cancro-pode-trazer-complicacoes-associadas-ao-diagnostico\/"},"modified":"2026-02-04T09:34:51","modified_gmt":"2026-02-04T12:34:51","slug":"o-cancro-pode-trazer-complicacoes-associadas-ao-diagnostico","status":"publish","type":"post","link":"https:\/\/portaltela.pt\/noticias\/2026\/02\/04\/o-cancro-pode-trazer-complicacoes-associadas-ao-diagnostico\/","title":{"rendered":"O cancro pode trazer complica\u00e7\u00f5es associadas ao diagn\u00f3stico"},"content":{"rendered":"<p>O Dia Mundial do Cancro, celebrado a 4 de fevereiro, inspira reflex\u00e3o sobre o impacto da doen\u00e7a para al\u00e9m do diagn\u00f3stico e do tratamento. A pergunta central \u00e9 se o cancro chega sempre acompanhado de crise social, emocional ou familiar.<\/p>\n<p>O texto analisa a evolu\u00e7\u00e3o do cancro para uma condi\u00e7\u00e3o cr\u00f3nica, com fases de tratamento e vigil\u00e2ncia cont\u00ednuos. O quotidiano dos doentes \u00e9 reorganizado, com incerteza constante e necessidade de adapta\u00e7\u00e3o permanente.<\/p>\n<p>Para muitos, a ideia de uma rede de apoio \u00e9 fr\u00e1gil ou inexistente. Viver com cancro pode implicar solid\u00e3o, especialmente quando n\u00e3o h\u00e1 fam\u00edlia reconhecida ou redes formais de cuidado \u00e0 m\u00e3o.<\/p>\n<h3>Realidades familiares e redes de apoio<\/h3>\n<p>Nem todas as pessoas t\u00eam fam\u00edlia tradicional, e o cancro n\u00e3o respeita contextos. Quem vive sozinho ou em redes n\u00e3o formais enfrenta maiores desafios no seguimento m\u00e9dico e emocional.<\/p>\n<p>Mesmo quando existe fam\u00edlia, o reconhecimento institucional pode falhar. Fam\u00edlias reconstru\u00eddas, casais do mesmo sexo e redes de amigos podem cuidar, mas s\u00e3o por vezes invis\u00edveis aos sistemas de sa\u00fade.<\/p>\n<h3>O papel dos profissionais de sa\u00fade<\/h3>\n<p>Os sistemas de sa\u00fade pressup\u00f5em cuidadores informais dispon\u00edveis, o que nem sempre corresponde \u00e0 realidade. A presen\u00e7a cont\u00ednua de profissionais de sa\u00fade \u00e9 crucial para evitar lacunas no apoio.<\/p>\n<p>O enfermeiro surge como elemento central no acompanhamento de quem vive com cancro, pela proximidade, pela vis\u00e3o integrada do percurso e pela defesa de contextos de vida reais no planeamento dos cuidados.<\/p>\n<h3>Caminhos para uma resposta coletiva<\/h3>\n<p>O Dia Mundial do Cancro deve estimular uma reflex\u00e3o coletiva sobre a necessidade de reconhecer a diversidade de situa\u00e7\u00f5es e redes de apoio. Cuidar \u00e9 tamb\u00e9m uma responsabilidade de toda a sociedade.<\/p>\n","protected":false},"excerpt":{"rendered":"<ul>\n<li>O cancro deixa de ser apenas uma doen\u00e7a aguda para muitos passar a cr\u00f3nica, com tratamento, vigil\u00e2ncia e reca\u00eddas ao longo do tempo.<\/li>\n<li>A cronicidade altera rotinas, identidades e rela\u00e7\u00f5es, exigindo adaptation cont\u00ednua e um aprender a viver com a doen\u00e7a.<\/li>\n<li>Muitas pessoas enfrentam solid\u00e3o prolongada devido \u00e0 aus\u00eancia ou fragilidade de redes de apoio familiares ou formais.<\/li>\n<li>Fam\u00edlias n\u00e3o tradicionais \u2014 como redes de amigos, casais do mesmo sexo ou fam\u00edlias reconstru\u00eddas \u2014 nem sempre s\u00e3o reconhecidas nos cuidados de sa\u00fade.<\/li>\n<li>O papel do enfermeiro \u00e9 crucial para identificar solid\u00e3o, reconhecer redes significativas e adaptar planos de cuidado, defendendo justi\u00e7a em sa\u00fade no acompanhamento de quem vive com cancro.<\/li>\n<\/ul>\n","protected":false},"author":2,"featured_media":196605,"comment_status":"closed","ping_status":"closed","sticky":false,"template":"","format":"standard","meta":{"footnotes":""},"categories":[1],"tags":[1211,5371,3639,2662,64,4071],"class_list":["post-196599","post","type-post","status-publish","format-standard","has-post-thumbnail","hentry","category-noticias","tag-apoio-social","tag-cuidados-de-saude","tag-doentes-cronicos","tag-enfermagem","tag-familia","tag-solidariedade-social"],"yoast_head":"<!-- This site is optimized with the Yoast SEO plugin v27.2 - https:\/\/yoast.com\/product\/yoast-seo-wordpress\/ -->\n<title>O cancro pode trazer complica\u00e7\u00f5es associadas ao diagn\u00f3stico - Portal Tela Portugal<\/title>\n<meta name=\"robots\" content=\"index, follow, max-snippet:-1, max-image-preview:large, max-video-preview:-1\" \/>\n<meta property=\"og:locale\" content=\"pt_PT\" \/>\n<meta property=\"og:type\" content=\"article\" \/>\n<meta property=\"og:title\" content=\"O cancro pode trazer complica\u00e7\u00f5es associadas ao diagn\u00f3stico - Portal Tela Portugal\" \/>\n<meta property=\"og:description\" content=\"O cancro deixa de ser apenas uma doen\u00e7a aguda para muitos passar a cr\u00f3nica, com tratamento, vigil\u00e2ncia e reca\u00eddas ao longo do tempo. A cronicidade altera rotinas, identidades e rela\u00e7\u00f5es, exigindo adaptation cont\u00ednua e um aprender a viver com a doen\u00e7a. Muitas pessoas enfrentam solid\u00e3o prolongada devido \u00e0 aus\u00eancia ou fragilidade de redes de apoio familiares ou formais. Fam\u00edlias n\u00e3o tradicionais \u2014 como redes de amigos, casais do mesmo sexo ou fam\u00edlias reconstru\u00eddas \u2014 nem sempre s\u00e3o reconhecidas nos cuidados de sa\u00fade. O papel do enfermeiro \u00e9 crucial para identificar solid\u00e3o, reconhecer redes significativas e adaptar planos de cuidado, defendendo justi\u00e7a em sa\u00fade no acompanhamento de quem vive com cancro.\" \/>\n<meta property=\"og:url\" content=\"https:\/\/portaltela.pt\/noticias\/2026\/02\/04\/o-cancro-pode-trazer-complicacoes-associadas-ao-diagnostico\/\" \/>\n<meta property=\"og:site_name\" content=\"Portal Tela Portugal\" \/>\n<meta property=\"article:published_time\" content=\"2026-02-04T12:34:51+00:00\" \/>\n<meta name=\"author\" content=\"Telinha\" \/>\n<meta name=\"twitter:card\" content=\"summary_large_image\" \/>\n<meta name=\"twitter:label1\" content=\"Escrito por\" \/>\n\t<meta name=\"twitter:data1\" content=\"Telinha\" \/>\n\t<meta name=\"twitter:label2\" content=\"Tempo estimado de leitura\" \/>\n\t<meta name=\"twitter:data2\" content=\"2 minutos\" \/>\n<script type=\"application\/ld+json\" class=\"yoast-schema-graph\">{\"@context\":\"https:\/\/schema.org\",\"@graph\":[{\"@type\":\"Article\",\"@id\":\"https:\/\/portaltela.pt\/noticias\/2026\/02\/04\/o-cancro-pode-trazer-complicacoes-associadas-ao-diagnostico\/#article\",\"isPartOf\":{\"@id\":\"https:\/\/portaltela.pt\/noticias\/2026\/02\/04\/o-cancro-pode-trazer-complicacoes-associadas-ao-diagnostico\/\"},\"author\":{\"name\":\"Telinha\",\"@id\":\"https:\/\/portaltela.pt\/#\/schema\/person\/c4278d4a6028830caff9ee44b42d32ed\"},\"headline\":\"O cancro pode trazer complica\u00e7\u00f5es associadas ao diagn\u00f3stico\",\"datePublished\":\"2026-02-04T12:34:51+00:00\",\"mainEntityOfPage\":{\"@id\":\"https:\/\/portaltela.pt\/noticias\/2026\/02\/04\/o-cancro-pode-trazer-complicacoes-associadas-ao-diagnostico\/\"},\"wordCount\":312,\"image\":{\"@id\":\"https:\/\/portaltela.pt\/noticias\/2026\/02\/04\/o-cancro-pode-trazer-complicacoes-associadas-ao-diagnostico\/#primaryimage\"},\"thumbnailUrl\":\"https:\/\/portaltela.pt\/s.01k8rhncp4jt1\/2026\/02\/Ricardo-Mestre_ESSATLA.jpg\",\"keywords\":[\"Apoio Social\",\"cuidados de sa\u00fade\",\"doentes cr\u00f3nicos\",\"Enfermagem\",\"fam\u00edlia\",\"Solidariedade Social\"],\"articleSection\":[\"Not\u00edcias\"],\"inLanguage\":\"pt-PT\"},{\"@type\":\"WebPage\",\"@id\":\"https:\/\/portaltela.pt\/noticias\/2026\/02\/04\/o-cancro-pode-trazer-complicacoes-associadas-ao-diagnostico\/\",\"url\":\"https:\/\/portaltela.pt\/noticias\/2026\/02\/04\/o-cancro-pode-trazer-complicacoes-associadas-ao-diagnostico\/\",\"name\":\"O cancro pode trazer complica\u00e7\u00f5es associadas ao diagn\u00f3stico - Portal Tela Portugal\",\"isPartOf\":{\"@id\":\"https:\/\/portaltela.pt\/#website\"},\"primaryImageOfPage\":{\"@id\":\"https:\/\/portaltela.pt\/noticias\/2026\/02\/04\/o-cancro-pode-trazer-complicacoes-associadas-ao-diagnostico\/#primaryimage\"},\"image\":{\"@id\":\"https:\/\/portaltela.pt\/noticias\/2026\/02\/04\/o-cancro-pode-trazer-complicacoes-associadas-ao-diagnostico\/#primaryimage\"},\"thumbnailUrl\":\"https:\/\/portaltela.pt\/s.01k8rhncp4jt1\/2026\/02\/Ricardo-Mestre_ESSATLA.jpg\",\"datePublished\":\"2026-02-04T12:34:51+00:00\",\"author\":{\"@id\":\"https:\/\/portaltela.pt\/#\/schema\/person\/c4278d4a6028830caff9ee44b42d32ed\"},\"breadcrumb\":{\"@id\":\"https:\/\/portaltela.pt\/noticias\/2026\/02\/04\/o-cancro-pode-trazer-complicacoes-associadas-ao-diagnostico\/#breadcrumb\"},\"inLanguage\":\"pt-PT\",\"potentialAction\":[{\"@type\":\"ReadAction\",\"target\":[\"https:\/\/portaltela.pt\/noticias\/2026\/02\/04\/o-cancro-pode-trazer-complicacoes-associadas-ao-diagnostico\/\"]}]},{\"@type\":\"ImageObject\",\"inLanguage\":\"pt-PT\",\"@id\":\"https:\/\/portaltela.pt\/noticias\/2026\/02\/04\/o-cancro-pode-trazer-complicacoes-associadas-ao-diagnostico\/#primaryimage\",\"url\":\"https:\/\/portaltela.pt\/s.01k8rhncp4jt1\/2026\/02\/Ricardo-Mestre_ESSATLA.jpg\",\"contentUrl\":\"https:\/\/portaltela.pt\/s.01k8rhncp4jt1\/2026\/02\/Ricardo-Mestre_ESSATLA.jpg\",\"width\":796,\"height\":448,\"caption\":\"Photo\"},{\"@type\":\"BreadcrumbList\",\"@id\":\"https:\/\/portaltela.pt\/noticias\/2026\/02\/04\/o-cancro-pode-trazer-complicacoes-associadas-ao-diagnostico\/#breadcrumb\",\"itemListElement\":[{\"@type\":\"ListItem\",\"position\":1,\"name\":\"In\u00edcio\",\"item\":\"https:\/\/portaltela.pt\/\"},{\"@type\":\"ListItem\",\"position\":2,\"name\":\"O cancro pode trazer complica\u00e7\u00f5es associadas ao diagn\u00f3stico\"}]},{\"@type\":\"WebSite\",\"@id\":\"https:\/\/portaltela.pt\/#website\",\"url\":\"https:\/\/portaltela.pt\/\",\"name\":\"Portal Tela Portugal\",\"description\":\"\",\"potentialAction\":[{\"@type\":\"SearchAction\",\"target\":{\"@type\":\"EntryPoint\",\"urlTemplate\":\"https:\/\/portaltela.pt\/?s={search_term_string}\"},\"query-input\":{\"@type\":\"PropertyValueSpecification\",\"valueRequired\":true,\"valueName\":\"search_term_string\"}}],\"inLanguage\":\"pt-PT\"},{\"@type\":\"Person\",\"@id\":\"https:\/\/portaltela.pt\/#\/schema\/person\/c4278d4a6028830caff9ee44b42d32ed\",\"name\":\"Telinha\",\"image\":{\"@type\":\"ImageObject\",\"inLanguage\":\"pt-PT\",\"@id\":\"https:\/\/portaltela.pt\/s.01k8rhncp4jt1\/2025\/11\/talking-bot-125x125.png\",\"url\":\"https:\/\/portaltela.pt\/s.01k8rhncp4jt1\/2025\/11\/talking-bot-125x125.png\",\"contentUrl\":\"https:\/\/portaltela.pt\/s.01k8rhncp4jt1\/2025\/11\/talking-bot-125x125.png\",\"caption\":\"Telinha\"},\"sameAs\":[\"https:\/\/portaltela.pt\/\"],\"url\":\"https:\/\/portaltela.pt\/por\/367410592786\/\"}]}<\/script>\n<!-- \/ Yoast SEO plugin. -->","yoast_head_json":{"title":"O cancro pode trazer complica\u00e7\u00f5es associadas ao diagn\u00f3stico - Portal Tela Portugal","robots":{"index":"index","follow":"follow","max-snippet":"max-snippet:-1","max-image-preview":"max-image-preview:large","max-video-preview":"max-video-preview:-1"},"og_locale":"pt_PT","og_type":"article","og_title":"O cancro pode trazer complica\u00e7\u00f5es associadas ao diagn\u00f3stico - Portal Tela Portugal","og_description":"O cancro deixa de ser apenas uma doen\u00e7a aguda para muitos passar a cr\u00f3nica, com tratamento, vigil\u00e2ncia e reca\u00eddas ao longo do tempo. A cronicidade altera rotinas, identidades e rela\u00e7\u00f5es, exigindo adaptation cont\u00ednua e um aprender a viver com a doen\u00e7a. Muitas pessoas enfrentam solid\u00e3o prolongada devido \u00e0 aus\u00eancia ou fragilidade de redes de apoio familiares ou formais. Fam\u00edlias n\u00e3o tradicionais \u2014 como redes de amigos, casais do mesmo sexo ou fam\u00edlias reconstru\u00eddas \u2014 nem sempre s\u00e3o reconhecidas nos cuidados de sa\u00fade. O papel do enfermeiro \u00e9 crucial para identificar solid\u00e3o, reconhecer redes significativas e adaptar planos de cuidado, defendendo justi\u00e7a em sa\u00fade no acompanhamento de quem vive com cancro.","og_url":"https:\/\/portaltela.pt\/noticias\/2026\/02\/04\/o-cancro-pode-trazer-complicacoes-associadas-ao-diagnostico\/","og_site_name":"Portal Tela Portugal","article_published_time":"2026-02-04T12:34:51+00:00","author":"Telinha","twitter_card":"summary_large_image","twitter_misc":{"Escrito por":"Telinha","Tempo estimado de leitura":"2 minutos"},"schema":{"@context":"https:\/\/schema.org","@graph":[{"@type":"Article","@id":"https:\/\/portaltela.pt\/noticias\/2026\/02\/04\/o-cancro-pode-trazer-complicacoes-associadas-ao-diagnostico\/#article","isPartOf":{"@id":"https:\/\/portaltela.pt\/noticias\/2026\/02\/04\/o-cancro-pode-trazer-complicacoes-associadas-ao-diagnostico\/"},"author":{"name":"Telinha","@id":"https:\/\/portaltela.pt\/#\/schema\/person\/c4278d4a6028830caff9ee44b42d32ed"},"headline":"O cancro pode trazer complica\u00e7\u00f5es associadas ao diagn\u00f3stico","datePublished":"2026-02-04T12:34:51+00:00","mainEntityOfPage":{"@id":"https:\/\/portaltela.pt\/noticias\/2026\/02\/04\/o-cancro-pode-trazer-complicacoes-associadas-ao-diagnostico\/"},"wordCount":312,"image":{"@id":"https:\/\/portaltela.pt\/noticias\/2026\/02\/04\/o-cancro-pode-trazer-complicacoes-associadas-ao-diagnostico\/#primaryimage"},"thumbnailUrl":"https:\/\/portaltela.pt\/s.01k8rhncp4jt1\/2026\/02\/Ricardo-Mestre_ESSATLA.jpg","keywords":["Apoio Social","cuidados de sa\u00fade","doentes cr\u00f3nicos","Enfermagem","fam\u00edlia","Solidariedade Social"],"articleSection":["Not\u00edcias"],"inLanguage":"pt-PT"},{"@type":"WebPage","@id":"https:\/\/portaltela.pt\/noticias\/2026\/02\/04\/o-cancro-pode-trazer-complicacoes-associadas-ao-diagnostico\/","url":"https:\/\/portaltela.pt\/noticias\/2026\/02\/04\/o-cancro-pode-trazer-complicacoes-associadas-ao-diagnostico\/","name":"O cancro pode trazer complica\u00e7\u00f5es associadas ao diagn\u00f3stico - Portal Tela Portugal","isPartOf":{"@id":"https:\/\/portaltela.pt\/#website"},"primaryImageOfPage":{"@id":"https:\/\/portaltela.pt\/noticias\/2026\/02\/04\/o-cancro-pode-trazer-complicacoes-associadas-ao-diagnostico\/#primaryimage"},"image":{"@id":"https:\/\/portaltela.pt\/noticias\/2026\/02\/04\/o-cancro-pode-trazer-complicacoes-associadas-ao-diagnostico\/#primaryimage"},"thumbnailUrl":"https:\/\/portaltela.pt\/s.01k8rhncp4jt1\/2026\/02\/Ricardo-Mestre_ESSATLA.jpg","datePublished":"2026-02-04T12:34:51+00:00","author":{"@id":"https:\/\/portaltela.pt\/#\/schema\/person\/c4278d4a6028830caff9ee44b42d32ed"},"breadcrumb":{"@id":"https:\/\/portaltela.pt\/noticias\/2026\/02\/04\/o-cancro-pode-trazer-complicacoes-associadas-ao-diagnostico\/#breadcrumb"},"inLanguage":"pt-PT","potentialAction":[{"@type":"ReadAction","target":["https:\/\/portaltela.pt\/noticias\/2026\/02\/04\/o-cancro-pode-trazer-complicacoes-associadas-ao-diagnostico\/"]}]},{"@type":"ImageObject","inLanguage":"pt-PT","@id":"https:\/\/portaltela.pt\/noticias\/2026\/02\/04\/o-cancro-pode-trazer-complicacoes-associadas-ao-diagnostico\/#primaryimage","url":"https:\/\/portaltela.pt\/s.01k8rhncp4jt1\/2026\/02\/Ricardo-Mestre_ESSATLA.jpg","contentUrl":"https:\/\/portaltela.pt\/s.01k8rhncp4jt1\/2026\/02\/Ricardo-Mestre_ESSATLA.jpg","width":796,"height":448,"caption":"Photo"},{"@type":"BreadcrumbList","@id":"https:\/\/portaltela.pt\/noticias\/2026\/02\/04\/o-cancro-pode-trazer-complicacoes-associadas-ao-diagnostico\/#breadcrumb","itemListElement":[{"@type":"ListItem","position":1,"name":"In\u00edcio","item":"https:\/\/portaltela.pt\/"},{"@type":"ListItem","position":2,"name":"O cancro pode trazer complica\u00e7\u00f5es associadas ao diagn\u00f3stico"}]},{"@type":"WebSite","@id":"https:\/\/portaltela.pt\/#website","url":"https:\/\/portaltela.pt\/","name":"Portal Tela Portugal","description":"","potentialAction":[{"@type":"SearchAction","target":{"@type":"EntryPoint","urlTemplate":"https:\/\/portaltela.pt\/?s={search_term_string}"},"query-input":{"@type":"PropertyValueSpecification","valueRequired":true,"valueName":"search_term_string"}}],"inLanguage":"pt-PT"},{"@type":"Person","@id":"https:\/\/portaltela.pt\/#\/schema\/person\/c4278d4a6028830caff9ee44b42d32ed","name":"Telinha","image":{"@type":"ImageObject","inLanguage":"pt-PT","@id":"https:\/\/portaltela.pt\/s.01k8rhncp4jt1\/2025\/11\/talking-bot-125x125.png","url":"https:\/\/portaltela.pt\/s.01k8rhncp4jt1\/2025\/11\/talking-bot-125x125.png","contentUrl":"https:\/\/portaltela.pt\/s.01k8rhncp4jt1\/2025\/11\/talking-bot-125x125.png","caption":"Telinha"},"sameAs":["https:\/\/portaltela.pt\/"],"url":"https:\/\/portaltela.pt\/por\/367410592786\/"}]}},"_links":{"self":[{"href":"https:\/\/portaltela.pt\/api\/wp\/v2\/posts\/196599","targetHints":{"allow":["GET"]}}],"collection":[{"href":"https:\/\/portaltela.pt\/api\/wp\/v2\/posts"}],"about":[{"href":"https:\/\/portaltela.pt\/api\/wp\/v2\/types\/post"}],"author":[{"embeddable":true,"href":"https:\/\/portaltela.pt\/api\/wp\/v2\/users\/2"}],"replies":[{"embeddable":true,"href":"https:\/\/portaltela.pt\/api\/wp\/v2\/comments?post=196599"}],"version-history":[{"count":0,"href":"https:\/\/portaltela.pt\/api\/wp\/v2\/posts\/196599\/revisions"}],"wp:featuredmedia":[{"embeddable":true,"href":"https:\/\/portaltela.pt\/api\/wp\/v2\/media\/196605"}],"wp:attachment":[{"href":"https:\/\/portaltela.pt\/api\/wp\/v2\/media?parent=196599"}],"wp:term":[{"taxonomy":"category","embeddable":true,"href":"https:\/\/portaltela.pt\/api\/wp\/v2\/categories?post=196599"},{"taxonomy":"post_tag","embeddable":true,"href":"https:\/\/portaltela.pt\/api\/wp\/v2\/tags?post=196599"}],"curies":[{"name":"wp","href":"https:\/\/api.w.org\/{rel}","templated":true}]}}