{"id":196584,"date":"2026-02-04T09:35:00","date_gmt":"2026-02-04T12:35:00","guid":{"rendered":"https:\/\/portaltela.pt\/noticias\/2026\/02\/04\/marcelo-em-pedrogao-grande-as-pessoas-querem-resolver-os-problemas-concretos\/"},"modified":"2026-02-04T09:35:00","modified_gmt":"2026-02-04T12:35:00","slug":"marcelo-em-pedrogao-grande-as-pessoas-querem-resolver-os-problemas-concretos","status":"publish","type":"post","link":"https:\/\/portaltela.pt\/noticias\/politica\/2026\/02\/04\/marcelo-em-pedrogao-grande-as-pessoas-querem-resolver-os-problemas-concretos\/","title":{"rendered":"Marcelo em Pedr\u00f3g\u00e3o Grande: as pessoas querem resolver os problemas concretos"},"content":{"rendered":"<p>Durante uma visita a Pedr\u00f3g\u00e3o Grande, afetada pela tempestade Kristin, o Presidente da Rep\u00fablica recordou o inc\u00eandio de 2017 que devastou a regi\u00e3o. Marcelo Rebelo de Sousa assinalou que as pessoas querem solu\u00e7\u00f5es concretas para problemas reais.<\/p>\n<p>O chefe de Estado destacou a falta de energia e a necessidade de receber compensa\u00e7\u00f5es financeiras o mais rapidamente poss\u00edvel, como prioridades para a popula\u00e7\u00e3o local.<\/p>\n<p>Marcelo Rebelo de Sousa reconheceu que, nas primeiras comunica\u00e7\u00f5es sobre o sucedido, houve fun\u00e7\u00f5es pol\u00edticas e informa\u00e7\u00f5es nem sempre completas. Admitiu ter j\u00e1 estado &#8220;apanhado no turbilh\u00e3o&#8221; de informa\u00e7\u00f5es.<\/p>\n<p>O Presidente elogiou a rea\u00e7\u00e3o inicial do Governo \u00e0 tempestade. Sobre o Primeiro-Ministro, afirmou que a presen\u00e7a na Prote\u00e7\u00e3o Civil foi positiva e que a desloca\u00e7\u00e3o ao terreno, bem como a declara\u00e7\u00e3o de calamidade, foram bem recebidas.<\/p>\n","protected":false},"excerpt":{"rendered":"<ul>\n<li>Marcelo Rebelo de Sousa visitou Pedr\u00f3g\u00e3o Grande, regi\u00e3o ainda marcada pelo inc\u00eandio de 2017.<\/li>\n<li>O Presidente destacou que a prioridade s\u00e3o problemas concretos, como a falta de energia e a necessidade de compensa\u00e7\u00f5es financeiras r\u00e1pidas.<\/li>\n<li>Reconheceu que, no in\u00edcio das comunica\u00e7\u00f5es sobre o sucedido, houve informa\u00e7\u00f5es incompletas e que algumas fun\u00e7\u00f5es eram pol\u00edticas.<\/li>\n<li>Elogiou a resposta inicial do Governo, destacando a presen\u00e7a do primeiro-ministro na Prote\u00e7\u00e3o Civil e a declara\u00e7\u00e3o de calamidade como bem recebidas.<\/li>\n<li>A visita ocorre numa altura em que Pedr\u00f3g\u00e3o Grande foi afetada pela depress\u00e3o Kristin, refor\u00e7ando a necessidade de solu\u00e7\u00f5es r\u00e1pidas para os impactos locais.<\/li>\n<\/ul>\n","protected":false},"author":2,"featured_media":196585,"comment_status":"closed","ping_status":"closed","sticky":false,"template":"","format":"standard","meta":{"footnotes":""},"categories":[1,5],"tags":[4687,34,2372,4860,30,320],"class_list":["post-196584","post","type-post","status-publish","format-standard","has-post-thumbnail","hentry","category-noticias","category-politica","tag-calamidade-publica","tag-governo","tag-indenizacao","tag-pedrogao-grande","tag-presidente","tag-protecao-civil"],"yoast_head":"<!-- This site is optimized with the Yoast SEO plugin v27.2 - https:\/\/yoast.com\/product\/yoast-seo-wordpress\/ -->\n<title>Marcelo em Pedr\u00f3g\u00e3o Grande: as pessoas querem resolver os problemas concretos - Portal Tela Portugal<\/title>\n<meta name=\"robots\" content=\"index, follow, max-snippet:-1, max-image-preview:large, max-video-preview:-1\" \/>\n<meta property=\"og:locale\" content=\"pt_PT\" \/>\n<meta property=\"og:type\" content=\"article\" \/>\n<meta property=\"og:title\" content=\"Marcelo em Pedr\u00f3g\u00e3o Grande: as pessoas querem resolver os problemas concretos - Portal Tela Portugal\" \/>\n<meta property=\"og:description\" content=\"Marcelo Rebelo de Sousa visitou Pedr\u00f3g\u00e3o Grande, regi\u00e3o ainda marcada pelo inc\u00eandio de 2017. O Presidente destacou que a prioridade s\u00e3o problemas concretos, como a falta de energia e a necessidade de compensa\u00e7\u00f5es financeiras r\u00e1pidas. Reconheceu que, no in\u00edcio das comunica\u00e7\u00f5es sobre o sucedido, houve informa\u00e7\u00f5es incompletas e que algumas fun\u00e7\u00f5es eram pol\u00edticas. Elogiou a resposta inicial do Governo, destacando a presen\u00e7a do primeiro-ministro na Prote\u00e7\u00e3o Civil e a declara\u00e7\u00e3o de calamidade como bem recebidas. A visita ocorre numa altura em que Pedr\u00f3g\u00e3o Grande foi afetada pela depress\u00e3o Kristin, refor\u00e7ando a necessidade de solu\u00e7\u00f5es r\u00e1pidas para os impactos locais.\" \/>\n<meta property=\"og:url\" content=\"https:\/\/portaltela.pt\/noticias\/2026\/02\/04\/marcelo-em-pedrogao-grande-as-pessoas-querem-resolver-os-problemas-concretos\/\" \/>\n<meta property=\"og:site_name\" content=\"Portal Tela Portugal\" \/>\n<meta property=\"article:published_time\" content=\"2026-02-04T12:35:00+00:00\" \/>\n<meta name=\"author\" content=\"Telinha\" \/>\n<meta name=\"twitter:card\" content=\"summary_large_image\" \/>\n<meta name=\"twitter:label1\" content=\"Escrito por\" \/>\n\t<meta name=\"twitter:data1\" content=\"Telinha\" \/>\n\t<meta name=\"twitter:label2\" content=\"Tempo estimado de leitura\" \/>\n\t<meta name=\"twitter:data2\" content=\"1 minuto\" \/>\n<script type=\"application\/ld+json\" class=\"yoast-schema-graph\">{\"@context\":\"https:\/\/schema.org\",\"@graph\":[{\"@type\":\"Article\",\"@id\":\"https:\/\/portaltela.pt\/noticias\/2026\/02\/04\/marcelo-em-pedrogao-grande-as-pessoas-querem-resolver-os-problemas-concretos\/#article\",\"isPartOf\":{\"@id\":\"https:\/\/portaltela.pt\/noticias\/2026\/02\/04\/marcelo-em-pedrogao-grande-as-pessoas-querem-resolver-os-problemas-concretos\/\"},\"author\":{\"name\":\"Telinha\",\"@id\":\"https:\/\/portaltela.pt\/#\/schema\/person\/c4278d4a6028830caff9ee44b42d32ed\"},\"headline\":\"Marcelo em Pedr\u00f3g\u00e3o Grande: as pessoas querem resolver os problemas concretos\",\"datePublished\":\"2026-02-04T12:35:00+00:00\",\"mainEntityOfPage\":{\"@id\":\"https:\/\/portaltela.pt\/noticias\/2026\/02\/04\/marcelo-em-pedrogao-grande-as-pessoas-querem-resolver-os-problemas-concretos\/\"},\"wordCount\":160,\"image\":{\"@id\":\"https:\/\/portaltela.pt\/noticias\/2026\/02\/04\/marcelo-em-pedrogao-grande-as-pessoas-querem-resolver-os-problemas-concretos\/#primaryimage\"},\"thumbnailUrl\":\"https:\/\/portaltela.pt\/s.01k8rhncp4jt1\/2026\/02\/unnamed-file-1210.jpg\",\"keywords\":[\"calamidade p\u00fablica\",\"governo\",\"indeniza\u00e7\u00e3o\",\"Pedr\u00f3g\u00e3o Grande\",\"presidente\",\"prote\u00e7\u00e3o civil\"],\"articleSection\":[\"Not\u00edcias\",\"Pol\u00edtica\"],\"inLanguage\":\"pt-PT\"},{\"@type\":\"WebPage\",\"@id\":\"https:\/\/portaltela.pt\/noticias\/2026\/02\/04\/marcelo-em-pedrogao-grande-as-pessoas-querem-resolver-os-problemas-concretos\/\",\"url\":\"https:\/\/portaltela.pt\/noticias\/2026\/02\/04\/marcelo-em-pedrogao-grande-as-pessoas-querem-resolver-os-problemas-concretos\/\",\"name\":\"Marcelo em Pedr\u00f3g\u00e3o Grande: as pessoas querem resolver os problemas concretos - Portal Tela Portugal\",\"isPartOf\":{\"@id\":\"https:\/\/portaltela.pt\/#website\"},\"primaryImageOfPage\":{\"@id\":\"https:\/\/portaltela.pt\/noticias\/2026\/02\/04\/marcelo-em-pedrogao-grande-as-pessoas-querem-resolver-os-problemas-concretos\/#primaryimage\"},\"image\":{\"@id\":\"https:\/\/portaltela.pt\/noticias\/2026\/02\/04\/marcelo-em-pedrogao-grande-as-pessoas-querem-resolver-os-problemas-concretos\/#primaryimage\"},\"thumbnailUrl\":\"https:\/\/portaltela.pt\/s.01k8rhncp4jt1\/2026\/02\/unnamed-file-1210.jpg\",\"datePublished\":\"2026-02-04T12:35:00+00:00\",\"author\":{\"@id\":\"https:\/\/portaltela.pt\/#\/schema\/person\/c4278d4a6028830caff9ee44b42d32ed\"},\"breadcrumb\":{\"@id\":\"https:\/\/portaltela.pt\/noticias\/2026\/02\/04\/marcelo-em-pedrogao-grande-as-pessoas-querem-resolver-os-problemas-concretos\/#breadcrumb\"},\"inLanguage\":\"pt-PT\",\"potentialAction\":[{\"@type\":\"ReadAction\",\"target\":[\"https:\/\/portaltela.pt\/noticias\/2026\/02\/04\/marcelo-em-pedrogao-grande-as-pessoas-querem-resolver-os-problemas-concretos\/\"]}]},{\"@type\":\"ImageObject\",\"inLanguage\":\"pt-PT\",\"@id\":\"https:\/\/portaltela.pt\/noticias\/2026\/02\/04\/marcelo-em-pedrogao-grande-as-pessoas-querem-resolver-os-problemas-concretos\/#primaryimage\",\"url\":\"https:\/\/portaltela.pt\/s.01k8rhncp4jt1\/2026\/02\/unnamed-file-1210.jpg\",\"contentUrl\":\"https:\/\/portaltela.pt\/s.01k8rhncp4jt1\/2026\/02\/unnamed-file-1210.jpg\",\"width\":796,\"height\":448,\"caption\":\"\\\"Chorar pelos mortos\\\" e \\\"cuidar dos feridos\\\". Marcelo Rebelo de Sousa esteve no local do descarrilamento do Elevador da Gl\u00f3ria\"},{\"@type\":\"BreadcrumbList\",\"@id\":\"https:\/\/portaltela.pt\/noticias\/2026\/02\/04\/marcelo-em-pedrogao-grande-as-pessoas-querem-resolver-os-problemas-concretos\/#breadcrumb\",\"itemListElement\":[{\"@type\":\"ListItem\",\"position\":1,\"name\":\"In\u00edcio\",\"item\":\"https:\/\/portaltela.pt\/\"},{\"@type\":\"ListItem\",\"position\":2,\"name\":\"Marcelo em Pedr\u00f3g\u00e3o Grande: as pessoas querem resolver os problemas concretos\"}]},{\"@type\":\"WebSite\",\"@id\":\"https:\/\/portaltela.pt\/#website\",\"url\":\"https:\/\/portaltela.pt\/\",\"name\":\"Portal Tela Portugal\",\"description\":\"\",\"potentialAction\":[{\"@type\":\"SearchAction\",\"target\":{\"@type\":\"EntryPoint\",\"urlTemplate\":\"https:\/\/portaltela.pt\/?s={search_term_string}\"},\"query-input\":{\"@type\":\"PropertyValueSpecification\",\"valueRequired\":true,\"valueName\":\"search_term_string\"}}],\"inLanguage\":\"pt-PT\"},{\"@type\":\"Person\",\"@id\":\"https:\/\/portaltela.pt\/#\/schema\/person\/c4278d4a6028830caff9ee44b42d32ed\",\"name\":\"Telinha\",\"image\":{\"@type\":\"ImageObject\",\"inLanguage\":\"pt-PT\",\"@id\":\"https:\/\/portaltela.pt\/s.01k8rhncp4jt1\/2025\/11\/talking-bot-125x125.png\",\"url\":\"https:\/\/portaltela.pt\/s.01k8rhncp4jt1\/2025\/11\/talking-bot-125x125.png\",\"contentUrl\":\"https:\/\/portaltela.pt\/s.01k8rhncp4jt1\/2025\/11\/talking-bot-125x125.png\",\"caption\":\"Telinha\"},\"sameAs\":[\"https:\/\/portaltela.pt\/\"],\"url\":\"https:\/\/portaltela.pt\/por\/367410592786\/\"}]}<\/script>\n<!-- \/ Yoast SEO plugin. -->","yoast_head_json":{"title":"Marcelo em Pedr\u00f3g\u00e3o Grande: as pessoas querem resolver os problemas concretos - Portal Tela Portugal","robots":{"index":"index","follow":"follow","max-snippet":"max-snippet:-1","max-image-preview":"max-image-preview:large","max-video-preview":"max-video-preview:-1"},"og_locale":"pt_PT","og_type":"article","og_title":"Marcelo em Pedr\u00f3g\u00e3o Grande: as pessoas querem resolver os problemas concretos - Portal Tela Portugal","og_description":"Marcelo Rebelo de Sousa visitou Pedr\u00f3g\u00e3o Grande, regi\u00e3o ainda marcada pelo inc\u00eandio de 2017. O Presidente destacou que a prioridade s\u00e3o problemas concretos, como a falta de energia e a necessidade de compensa\u00e7\u00f5es financeiras r\u00e1pidas. Reconheceu que, no in\u00edcio das comunica\u00e7\u00f5es sobre o sucedido, houve informa\u00e7\u00f5es incompletas e que algumas fun\u00e7\u00f5es eram pol\u00edticas. Elogiou a resposta inicial do Governo, destacando a presen\u00e7a do primeiro-ministro na Prote\u00e7\u00e3o Civil e a declara\u00e7\u00e3o de calamidade como bem recebidas. A visita ocorre numa altura em que Pedr\u00f3g\u00e3o Grande foi afetada pela depress\u00e3o Kristin, refor\u00e7ando a necessidade de solu\u00e7\u00f5es r\u00e1pidas para os impactos locais.","og_url":"https:\/\/portaltela.pt\/noticias\/2026\/02\/04\/marcelo-em-pedrogao-grande-as-pessoas-querem-resolver-os-problemas-concretos\/","og_site_name":"Portal Tela Portugal","article_published_time":"2026-02-04T12:35:00+00:00","author":"Telinha","twitter_card":"summary_large_image","twitter_misc":{"Escrito por":"Telinha","Tempo estimado de leitura":"1 minuto"},"schema":{"@context":"https:\/\/schema.org","@graph":[{"@type":"Article","@id":"https:\/\/portaltela.pt\/noticias\/2026\/02\/04\/marcelo-em-pedrogao-grande-as-pessoas-querem-resolver-os-problemas-concretos\/#article","isPartOf":{"@id":"https:\/\/portaltela.pt\/noticias\/2026\/02\/04\/marcelo-em-pedrogao-grande-as-pessoas-querem-resolver-os-problemas-concretos\/"},"author":{"name":"Telinha","@id":"https:\/\/portaltela.pt\/#\/schema\/person\/c4278d4a6028830caff9ee44b42d32ed"},"headline":"Marcelo em Pedr\u00f3g\u00e3o Grande: as pessoas querem resolver os problemas concretos","datePublished":"2026-02-04T12:35:00+00:00","mainEntityOfPage":{"@id":"https:\/\/portaltela.pt\/noticias\/2026\/02\/04\/marcelo-em-pedrogao-grande-as-pessoas-querem-resolver-os-problemas-concretos\/"},"wordCount":160,"image":{"@id":"https:\/\/portaltela.pt\/noticias\/2026\/02\/04\/marcelo-em-pedrogao-grande-as-pessoas-querem-resolver-os-problemas-concretos\/#primaryimage"},"thumbnailUrl":"https:\/\/portaltela.pt\/s.01k8rhncp4jt1\/2026\/02\/unnamed-file-1210.jpg","keywords":["calamidade p\u00fablica","governo","indeniza\u00e7\u00e3o","Pedr\u00f3g\u00e3o Grande","presidente","prote\u00e7\u00e3o civil"],"articleSection":["Not\u00edcias","Pol\u00edtica"],"inLanguage":"pt-PT"},{"@type":"WebPage","@id":"https:\/\/portaltela.pt\/noticias\/2026\/02\/04\/marcelo-em-pedrogao-grande-as-pessoas-querem-resolver-os-problemas-concretos\/","url":"https:\/\/portaltela.pt\/noticias\/2026\/02\/04\/marcelo-em-pedrogao-grande-as-pessoas-querem-resolver-os-problemas-concretos\/","name":"Marcelo em Pedr\u00f3g\u00e3o Grande: as pessoas querem resolver os problemas concretos - Portal Tela Portugal","isPartOf":{"@id":"https:\/\/portaltela.pt\/#website"},"primaryImageOfPage":{"@id":"https:\/\/portaltela.pt\/noticias\/2026\/02\/04\/marcelo-em-pedrogao-grande-as-pessoas-querem-resolver-os-problemas-concretos\/#primaryimage"},"image":{"@id":"https:\/\/portaltela.pt\/noticias\/2026\/02\/04\/marcelo-em-pedrogao-grande-as-pessoas-querem-resolver-os-problemas-concretos\/#primaryimage"},"thumbnailUrl":"https:\/\/portaltela.pt\/s.01k8rhncp4jt1\/2026\/02\/unnamed-file-1210.jpg","datePublished":"2026-02-04T12:35:00+00:00","author":{"@id":"https:\/\/portaltela.pt\/#\/schema\/person\/c4278d4a6028830caff9ee44b42d32ed"},"breadcrumb":{"@id":"https:\/\/portaltela.pt\/noticias\/2026\/02\/04\/marcelo-em-pedrogao-grande-as-pessoas-querem-resolver-os-problemas-concretos\/#breadcrumb"},"inLanguage":"pt-PT","potentialAction":[{"@type":"ReadAction","target":["https:\/\/portaltela.pt\/noticias\/2026\/02\/04\/marcelo-em-pedrogao-grande-as-pessoas-querem-resolver-os-problemas-concretos\/"]}]},{"@type":"ImageObject","inLanguage":"pt-PT","@id":"https:\/\/portaltela.pt\/noticias\/2026\/02\/04\/marcelo-em-pedrogao-grande-as-pessoas-querem-resolver-os-problemas-concretos\/#primaryimage","url":"https:\/\/portaltela.pt\/s.01k8rhncp4jt1\/2026\/02\/unnamed-file-1210.jpg","contentUrl":"https:\/\/portaltela.pt\/s.01k8rhncp4jt1\/2026\/02\/unnamed-file-1210.jpg","width":796,"height":448,"caption":"\"Chorar pelos mortos\" e \"cuidar dos feridos\". Marcelo Rebelo de Sousa esteve no local do descarrilamento do Elevador da Gl\u00f3ria"},{"@type":"BreadcrumbList","@id":"https:\/\/portaltela.pt\/noticias\/2026\/02\/04\/marcelo-em-pedrogao-grande-as-pessoas-querem-resolver-os-problemas-concretos\/#breadcrumb","itemListElement":[{"@type":"ListItem","position":1,"name":"In\u00edcio","item":"https:\/\/portaltela.pt\/"},{"@type":"ListItem","position":2,"name":"Marcelo em Pedr\u00f3g\u00e3o Grande: as pessoas querem resolver os problemas concretos"}]},{"@type":"WebSite","@id":"https:\/\/portaltela.pt\/#website","url":"https:\/\/portaltela.pt\/","name":"Portal Tela Portugal","description":"","potentialAction":[{"@type":"SearchAction","target":{"@type":"EntryPoint","urlTemplate":"https:\/\/portaltela.pt\/?s={search_term_string}"},"query-input":{"@type":"PropertyValueSpecification","valueRequired":true,"valueName":"search_term_string"}}],"inLanguage":"pt-PT"},{"@type":"Person","@id":"https:\/\/portaltela.pt\/#\/schema\/person\/c4278d4a6028830caff9ee44b42d32ed","name":"Telinha","image":{"@type":"ImageObject","inLanguage":"pt-PT","@id":"https:\/\/portaltela.pt\/s.01k8rhncp4jt1\/2025\/11\/talking-bot-125x125.png","url":"https:\/\/portaltela.pt\/s.01k8rhncp4jt1\/2025\/11\/talking-bot-125x125.png","contentUrl":"https:\/\/portaltela.pt\/s.01k8rhncp4jt1\/2025\/11\/talking-bot-125x125.png","caption":"Telinha"},"sameAs":["https:\/\/portaltela.pt\/"],"url":"https:\/\/portaltela.pt\/por\/367410592786\/"}]}},"_links":{"self":[{"href":"https:\/\/portaltela.pt\/api\/wp\/v2\/posts\/196584","targetHints":{"allow":["GET"]}}],"collection":[{"href":"https:\/\/portaltela.pt\/api\/wp\/v2\/posts"}],"about":[{"href":"https:\/\/portaltela.pt\/api\/wp\/v2\/types\/post"}],"author":[{"embeddable":true,"href":"https:\/\/portaltela.pt\/api\/wp\/v2\/users\/2"}],"replies":[{"embeddable":true,"href":"https:\/\/portaltela.pt\/api\/wp\/v2\/comments?post=196584"}],"version-history":[{"count":0,"href":"https:\/\/portaltela.pt\/api\/wp\/v2\/posts\/196584\/revisions"}],"wp:featuredmedia":[{"embeddable":true,"href":"https:\/\/portaltela.pt\/api\/wp\/v2\/media\/196585"}],"wp:attachment":[{"href":"https:\/\/portaltela.pt\/api\/wp\/v2\/media?parent=196584"}],"wp:term":[{"taxonomy":"category","embeddable":true,"href":"https:\/\/portaltela.pt\/api\/wp\/v2\/categories?post=196584"},{"taxonomy":"post_tag","embeddable":true,"href":"https:\/\/portaltela.pt\/api\/wp\/v2\/tags?post=196584"}],"curies":[{"name":"wp","href":"https:\/\/api.w.org\/{rel}","templated":true}]}}