{"id":196570,"date":"2026-02-04T09:26:02","date_gmt":"2026-02-04T12:26:02","guid":{"rendered":"https:\/\/portaltela.pt\/noticias\/2026\/02\/04\/ex-primeiro-ministro-iraquiano-disposto-a-retirar-candidatura\/"},"modified":"2026-02-04T09:26:02","modified_gmt":"2026-02-04T12:26:02","slug":"ex-primeiro-ministro-iraquiano-disposto-a-retirar-candidatura","status":"publish","type":"post","link":"https:\/\/portaltela.pt\/noticias\/internacional\/2026\/02\/04\/ex-primeiro-ministro-iraquiano-disposto-a-retirar-candidatura\/","title":{"rendered":"Ex-primeiro-ministro iraquiano disposto a retirar candidatura"},"content":{"rendered":"<p>O ex-primeiro-ministro iraquiano Nouri al-Maliki disse estar disposto a retirar a sua candidatura caso a Coliga\u00e7\u00e3o do Quadro de Coordena\u00e7\u00e3o, a alian\u00e7a xiita no parlamento, entenda que a sua candidatura prejudica os interesses do pa\u00eds. A declara\u00e7\u00e3o surge ap\u00f3s avisos de apoio por parte de pot\u00eancias estrangeiras.<\/p>\n<p>Em entrevista \u00e0 Al Sharqiya, Maliki afirmou que abandonar a corrida hoje seria ceder decis\u00f5es de uma institui\u00e7\u00e3o nacional. Acrescentou que n\u00e3o pode recuar por press\u00e3o externa e que a soberania do Iraque deve prevalecer na decis\u00e3o.<\/p>\n<p>A Coliga\u00e7\u00e3o do Quadro de Coordena\u00e7\u00e3o reiterou o apoio a Maliki, defendendo que a elei\u00e7\u00e3o \u00e9 uma quest\u00e3o constitucional iraquiana, alheia a imposi\u00e7\u00f5es estrangeiras. As elei\u00e7\u00f5es legislativas deram \u00e0 alian\u00e7a 187 lugares.<\/p>\n<h3>Contexto internacional e calend\u00e1rio<\/h3>\n<p>Em 27 de janeiro, o Presidente dos EUA, Donald Trump, advertiu que reintegrar Maliki ao poder seria um erro grave, afirmando que os EUA n\u00e3o ajudariam o Iraque caso isso ocorresse. Trump classificou a ideologia de Maliki como insana.<\/p>\n<p>Maliki reagiu, acusando Trump de interfer\u00eancia nos assuntos internos do Iraque e de violar a soberania nacional. A disputa envolve, al\u00e9m disso, o alinhamento com o Ir\u00e3 e a gest\u00e3o de pol\u00edticas sect\u00e1rias previstas no passado.<\/p>\n<h3>Situa\u00e7\u00e3o parlamentar e etapas<\/h3>\n<p>Ap\u00f3s as elei\u00e7\u00f5es de novembro, o parlamento dever\u00e1 eleger o Presidente da Rep\u00fablica, que nomear\u00e1 o primeiro-ministro encarregado de formar o governo. A Coliga\u00e7\u00e3o do Quadro de Coordena\u00e7\u00e3o possui a maioria parlamentar.<\/p>\n<p>Maliki j\u00e1 liderou o governo entre 2006 e 2014. A atual corrida influencia a pr\u00f3xima forma\u00e7\u00e3o do executivo e \u00e9 acompanhada pela comunidade internacional, com foco nas alian\u00e7as locais e na influ\u00eancia regional.<\/p>\n","protected":false},"excerpt":{"rendered":"<ul>\n<li>O ex-primeiro-ministro iraquiano Nouri al-Maliki disse estar dispon\u00edvel para retirar a candidatura a primeiro-ministro se a Coliga\u00e7\u00e3o do Quadro de Coordena\u00e7\u00e3o considerar que isso prejudica os melhores interesses do pa\u00eds.<\/li>\n<li>Maliki alertou que desistir hoje significaria ceder decis\u00f5es de uma institui\u00e7\u00e3o nacional e poderia levar o Iraque a responder para satisfazer interesses de pot\u00eancias estrangeiras no futuro.<\/li>\n<li>O pol\u00edtico afirmou ainda que n\u00e3o pode retirar-se a pedido de uma pot\u00eancia estrangeira, defendendo que a decis\u00e3o \u00e9 iraquiana e deve ser respeitada.<\/li>\n<li>A Coliga\u00e7\u00e3o do Quadro de Coordena\u00e7\u00e3o reiterou o apoio \u00e0 candidatura de Maliki, dizendo que a elei\u00e7\u00e3o \u00e9 uma quest\u00e3o constitucional e independentemente de imposi\u00e7\u00f5es externas.<\/li>\n<li>Nas elei\u00e7\u00f5es de novembro, a Coliga\u00e7\u00e3o do Quadro de Coordena\u00e7\u00e3o obteve a maioria com 187 deputados; a Alian\u00e7a para a Reconstru\u00e7\u00e3o e o Desenvolvimento ficou com 46 lugares e a coliga\u00e7\u00e3o de Maliki com 29, enquanto o Presidente norte-americano acusou Maliki de conduzir o pa\u00eds ao caos e advertiu que os EUA n\u00e3o ajudariam se for eleito.<\/li>\n<\/ul>\n","protected":false},"author":2,"featured_media":196581,"comment_status":"closed","ping_status":"closed","sticky":false,"template":"","format":"standard","meta":{"footnotes":""},"categories":[4,1],"tags":[4953,1600,2432,2108,3153,2832],"class_list":["post-196570","post","type-post","status-publish","format-standard","has-post-thumbnail","hentry","category-internacional","category-noticias","tag-donald-trump","tag-estados-unidos","tag-interesses-internacionais","tag-intervencao-internacional","tag-ira","tag-politica"],"yoast_head":"<!-- This site is optimized with the Yoast SEO plugin v27.2 - https:\/\/yoast.com\/product\/yoast-seo-wordpress\/ -->\n<title>Ex-primeiro-ministro iraquiano disposto a retirar candidatura - Portal Tela Portugal<\/title>\n<meta name=\"robots\" content=\"index, follow, max-snippet:-1, max-image-preview:large, max-video-preview:-1\" \/>\n<meta property=\"og:locale\" content=\"pt_PT\" \/>\n<meta property=\"og:type\" content=\"article\" \/>\n<meta property=\"og:title\" content=\"Ex-primeiro-ministro iraquiano disposto a retirar candidatura - Portal Tela Portugal\" \/>\n<meta property=\"og:description\" content=\"O ex-primeiro-ministro iraquiano Nouri al-Maliki disse estar dispon\u00edvel para retirar a candidatura a primeiro-ministro se a Coliga\u00e7\u00e3o do Quadro de Coordena\u00e7\u00e3o considerar que isso prejudica os melhores interesses do pa\u00eds. Maliki alertou que desistir hoje significaria ceder decis\u00f5es de uma institui\u00e7\u00e3o nacional e poderia levar o Iraque a responder para satisfazer interesses de pot\u00eancias estrangeiras no futuro. O pol\u00edtico afirmou ainda que n\u00e3o pode retirar-se a pedido de uma pot\u00eancia estrangeira, defendendo que a decis\u00e3o \u00e9 iraquiana e deve ser respeitada. A Coliga\u00e7\u00e3o do Quadro de Coordena\u00e7\u00e3o reiterou o apoio \u00e0 candidatura de Maliki, dizendo que a elei\u00e7\u00e3o \u00e9 uma quest\u00e3o constitucional e independentemente de imposi\u00e7\u00f5es externas. Nas elei\u00e7\u00f5es de novembro, a Coliga\u00e7\u00e3o do Quadro de Coordena\u00e7\u00e3o obteve a maioria com 187 deputados; a Alian\u00e7a para a Reconstru\u00e7\u00e3o e o Desenvolvimento ficou com 46 lugares e a coliga\u00e7\u00e3o de Maliki com 29, enquanto o Presidente norte-americano acusou Maliki de conduzir o pa\u00eds ao caos e advertiu que os EUA n\u00e3o ajudariam se for eleito.\" \/>\n<meta property=\"og:url\" content=\"https:\/\/portaltela.pt\/noticias\/2026\/02\/04\/ex-primeiro-ministro-iraquiano-disposto-a-retirar-candidatura\/\" \/>\n<meta property=\"og:site_name\" content=\"Portal Tela Portugal\" \/>\n<meta property=\"article:published_time\" content=\"2026-02-04T12:26:02+00:00\" \/>\n<meta name=\"author\" content=\"Telinha\" \/>\n<meta name=\"twitter:card\" content=\"summary_large_image\" \/>\n<meta name=\"twitter:label1\" content=\"Escrito por\" \/>\n\t<meta name=\"twitter:data1\" content=\"Telinha\" \/>\n\t<meta name=\"twitter:label2\" content=\"Tempo estimado de leitura\" \/>\n\t<meta name=\"twitter:data2\" content=\"1 minuto\" \/>\n<script type=\"application\/ld+json\" class=\"yoast-schema-graph\">{\"@context\":\"https:\/\/schema.org\",\"@graph\":[{\"@type\":\"Article\",\"@id\":\"https:\/\/portaltela.pt\/noticias\/2026\/02\/04\/ex-primeiro-ministro-iraquiano-disposto-a-retirar-candidatura\/#article\",\"isPartOf\":{\"@id\":\"https:\/\/portaltela.pt\/noticias\/2026\/02\/04\/ex-primeiro-ministro-iraquiano-disposto-a-retirar-candidatura\/\"},\"author\":{\"name\":\"Telinha\",\"@id\":\"https:\/\/portaltela.pt\/#\/schema\/person\/c4278d4a6028830caff9ee44b42d32ed\"},\"headline\":\"Ex-primeiro-ministro iraquiano disposto a retirar candidatura\",\"datePublished\":\"2026-02-04T12:26:02+00:00\",\"mainEntityOfPage\":{\"@id\":\"https:\/\/portaltela.pt\/noticias\/2026\/02\/04\/ex-primeiro-ministro-iraquiano-disposto-a-retirar-candidatura\/\"},\"wordCount\":298,\"image\":{\"@id\":\"https:\/\/portaltela.pt\/noticias\/2026\/02\/04\/ex-primeiro-ministro-iraquiano-disposto-a-retirar-candidatura\/#primaryimage\"},\"thumbnailUrl\":\"https:\/\/portaltela.pt\/s.01k8rhncp4jt1\/2026\/02\/unnamed-file-1209.jpg\",\"keywords\":[\"Donald Trump\",\"Estados Unidos\",\"interesses internacionais\",\"interven\u00e7\u00e3o internacional\",\"Ir\u00e3\",\"pol\u00edtica\"],\"articleSection\":[\"Internacional\",\"Not\u00edcias\"],\"inLanguage\":\"pt-PT\"},{\"@type\":\"WebPage\",\"@id\":\"https:\/\/portaltela.pt\/noticias\/2026\/02\/04\/ex-primeiro-ministro-iraquiano-disposto-a-retirar-candidatura\/\",\"url\":\"https:\/\/portaltela.pt\/noticias\/2026\/02\/04\/ex-primeiro-ministro-iraquiano-disposto-a-retirar-candidatura\/\",\"name\":\"Ex-primeiro-ministro iraquiano disposto a retirar candidatura - Portal Tela Portugal\",\"isPartOf\":{\"@id\":\"https:\/\/portaltela.pt\/#website\"},\"primaryImageOfPage\":{\"@id\":\"https:\/\/portaltela.pt\/noticias\/2026\/02\/04\/ex-primeiro-ministro-iraquiano-disposto-a-retirar-candidatura\/#primaryimage\"},\"image\":{\"@id\":\"https:\/\/portaltela.pt\/noticias\/2026\/02\/04\/ex-primeiro-ministro-iraquiano-disposto-a-retirar-candidatura\/#primaryimage\"},\"thumbnailUrl\":\"https:\/\/portaltela.pt\/s.01k8rhncp4jt1\/2026\/02\/unnamed-file-1209.jpg\",\"datePublished\":\"2026-02-04T12:26:02+00:00\",\"author\":{\"@id\":\"https:\/\/portaltela.pt\/#\/schema\/person\/c4278d4a6028830caff9ee44b42d32ed\"},\"breadcrumb\":{\"@id\":\"https:\/\/portaltela.pt\/noticias\/2026\/02\/04\/ex-primeiro-ministro-iraquiano-disposto-a-retirar-candidatura\/#breadcrumb\"},\"inLanguage\":\"pt-PT\",\"potentialAction\":[{\"@type\":\"ReadAction\",\"target\":[\"https:\/\/portaltela.pt\/noticias\/2026\/02\/04\/ex-primeiro-ministro-iraquiano-disposto-a-retirar-candidatura\/\"]}]},{\"@type\":\"ImageObject\",\"inLanguage\":\"pt-PT\",\"@id\":\"https:\/\/portaltela.pt\/noticias\/2026\/02\/04\/ex-primeiro-ministro-iraquiano-disposto-a-retirar-candidatura\/#primaryimage\",\"url\":\"https:\/\/portaltela.pt\/s.01k8rhncp4jt1\/2026\/02\/unnamed-file-1209.jpg\",\"contentUrl\":\"https:\/\/portaltela.pt\/s.01k8rhncp4jt1\/2026\/02\/unnamed-file-1209.jpg\",\"width\":796,\"height\":448,\"caption\":\"Mohammad Shia al-Sudani, apontado como o candidato preferido dos EUA, manteve-se at\u00e9 \u00e0 data em sil\u00eancio sobre o assunto\"},{\"@type\":\"BreadcrumbList\",\"@id\":\"https:\/\/portaltela.pt\/noticias\/2026\/02\/04\/ex-primeiro-ministro-iraquiano-disposto-a-retirar-candidatura\/#breadcrumb\",\"itemListElement\":[{\"@type\":\"ListItem\",\"position\":1,\"name\":\"In\u00edcio\",\"item\":\"https:\/\/portaltela.pt\/\"},{\"@type\":\"ListItem\",\"position\":2,\"name\":\"Ex-primeiro-ministro iraquiano disposto a retirar candidatura\"}]},{\"@type\":\"WebSite\",\"@id\":\"https:\/\/portaltela.pt\/#website\",\"url\":\"https:\/\/portaltela.pt\/\",\"name\":\"Portal Tela Portugal\",\"description\":\"\",\"potentialAction\":[{\"@type\":\"SearchAction\",\"target\":{\"@type\":\"EntryPoint\",\"urlTemplate\":\"https:\/\/portaltela.pt\/?s={search_term_string}\"},\"query-input\":{\"@type\":\"PropertyValueSpecification\",\"valueRequired\":true,\"valueName\":\"search_term_string\"}}],\"inLanguage\":\"pt-PT\"},{\"@type\":\"Person\",\"@id\":\"https:\/\/portaltela.pt\/#\/schema\/person\/c4278d4a6028830caff9ee44b42d32ed\",\"name\":\"Telinha\",\"image\":{\"@type\":\"ImageObject\",\"inLanguage\":\"pt-PT\",\"@id\":\"https:\/\/portaltela.pt\/s.01k8rhncp4jt1\/2025\/11\/talking-bot-125x125.png\",\"url\":\"https:\/\/portaltela.pt\/s.01k8rhncp4jt1\/2025\/11\/talking-bot-125x125.png\",\"contentUrl\":\"https:\/\/portaltela.pt\/s.01k8rhncp4jt1\/2025\/11\/talking-bot-125x125.png\",\"caption\":\"Telinha\"},\"sameAs\":[\"https:\/\/portaltela.pt\/\"],\"url\":\"https:\/\/portaltela.pt\/por\/367410592786\/\"}]}<\/script>\n<!-- \/ Yoast SEO plugin. -->","yoast_head_json":{"title":"Ex-primeiro-ministro iraquiano disposto a retirar candidatura - Portal Tela Portugal","robots":{"index":"index","follow":"follow","max-snippet":"max-snippet:-1","max-image-preview":"max-image-preview:large","max-video-preview":"max-video-preview:-1"},"og_locale":"pt_PT","og_type":"article","og_title":"Ex-primeiro-ministro iraquiano disposto a retirar candidatura - Portal Tela Portugal","og_description":"O ex-primeiro-ministro iraquiano Nouri al-Maliki disse estar dispon\u00edvel para retirar a candidatura a primeiro-ministro se a Coliga\u00e7\u00e3o do Quadro de Coordena\u00e7\u00e3o considerar que isso prejudica os melhores interesses do pa\u00eds. Maliki alertou que desistir hoje significaria ceder decis\u00f5es de uma institui\u00e7\u00e3o nacional e poderia levar o Iraque a responder para satisfazer interesses de pot\u00eancias estrangeiras no futuro. O pol\u00edtico afirmou ainda que n\u00e3o pode retirar-se a pedido de uma pot\u00eancia estrangeira, defendendo que a decis\u00e3o \u00e9 iraquiana e deve ser respeitada. A Coliga\u00e7\u00e3o do Quadro de Coordena\u00e7\u00e3o reiterou o apoio \u00e0 candidatura de Maliki, dizendo que a elei\u00e7\u00e3o \u00e9 uma quest\u00e3o constitucional e independentemente de imposi\u00e7\u00f5es externas. Nas elei\u00e7\u00f5es de novembro, a Coliga\u00e7\u00e3o do Quadro de Coordena\u00e7\u00e3o obteve a maioria com 187 deputados; a Alian\u00e7a para a Reconstru\u00e7\u00e3o e o Desenvolvimento ficou com 46 lugares e a coliga\u00e7\u00e3o de Maliki com 29, enquanto o Presidente norte-americano acusou Maliki de conduzir o pa\u00eds ao caos e advertiu que os EUA n\u00e3o ajudariam se for eleito.","og_url":"https:\/\/portaltela.pt\/noticias\/2026\/02\/04\/ex-primeiro-ministro-iraquiano-disposto-a-retirar-candidatura\/","og_site_name":"Portal Tela Portugal","article_published_time":"2026-02-04T12:26:02+00:00","author":"Telinha","twitter_card":"summary_large_image","twitter_misc":{"Escrito por":"Telinha","Tempo estimado de leitura":"1 minuto"},"schema":{"@context":"https:\/\/schema.org","@graph":[{"@type":"Article","@id":"https:\/\/portaltela.pt\/noticias\/2026\/02\/04\/ex-primeiro-ministro-iraquiano-disposto-a-retirar-candidatura\/#article","isPartOf":{"@id":"https:\/\/portaltela.pt\/noticias\/2026\/02\/04\/ex-primeiro-ministro-iraquiano-disposto-a-retirar-candidatura\/"},"author":{"name":"Telinha","@id":"https:\/\/portaltela.pt\/#\/schema\/person\/c4278d4a6028830caff9ee44b42d32ed"},"headline":"Ex-primeiro-ministro iraquiano disposto a retirar candidatura","datePublished":"2026-02-04T12:26:02+00:00","mainEntityOfPage":{"@id":"https:\/\/portaltela.pt\/noticias\/2026\/02\/04\/ex-primeiro-ministro-iraquiano-disposto-a-retirar-candidatura\/"},"wordCount":298,"image":{"@id":"https:\/\/portaltela.pt\/noticias\/2026\/02\/04\/ex-primeiro-ministro-iraquiano-disposto-a-retirar-candidatura\/#primaryimage"},"thumbnailUrl":"https:\/\/portaltela.pt\/s.01k8rhncp4jt1\/2026\/02\/unnamed-file-1209.jpg","keywords":["Donald Trump","Estados Unidos","interesses internacionais","interven\u00e7\u00e3o internacional","Ir\u00e3","pol\u00edtica"],"articleSection":["Internacional","Not\u00edcias"],"inLanguage":"pt-PT"},{"@type":"WebPage","@id":"https:\/\/portaltela.pt\/noticias\/2026\/02\/04\/ex-primeiro-ministro-iraquiano-disposto-a-retirar-candidatura\/","url":"https:\/\/portaltela.pt\/noticias\/2026\/02\/04\/ex-primeiro-ministro-iraquiano-disposto-a-retirar-candidatura\/","name":"Ex-primeiro-ministro iraquiano disposto a retirar candidatura - Portal Tela Portugal","isPartOf":{"@id":"https:\/\/portaltela.pt\/#website"},"primaryImageOfPage":{"@id":"https:\/\/portaltela.pt\/noticias\/2026\/02\/04\/ex-primeiro-ministro-iraquiano-disposto-a-retirar-candidatura\/#primaryimage"},"image":{"@id":"https:\/\/portaltela.pt\/noticias\/2026\/02\/04\/ex-primeiro-ministro-iraquiano-disposto-a-retirar-candidatura\/#primaryimage"},"thumbnailUrl":"https:\/\/portaltela.pt\/s.01k8rhncp4jt1\/2026\/02\/unnamed-file-1209.jpg","datePublished":"2026-02-04T12:26:02+00:00","author":{"@id":"https:\/\/portaltela.pt\/#\/schema\/person\/c4278d4a6028830caff9ee44b42d32ed"},"breadcrumb":{"@id":"https:\/\/portaltela.pt\/noticias\/2026\/02\/04\/ex-primeiro-ministro-iraquiano-disposto-a-retirar-candidatura\/#breadcrumb"},"inLanguage":"pt-PT","potentialAction":[{"@type":"ReadAction","target":["https:\/\/portaltela.pt\/noticias\/2026\/02\/04\/ex-primeiro-ministro-iraquiano-disposto-a-retirar-candidatura\/"]}]},{"@type":"ImageObject","inLanguage":"pt-PT","@id":"https:\/\/portaltela.pt\/noticias\/2026\/02\/04\/ex-primeiro-ministro-iraquiano-disposto-a-retirar-candidatura\/#primaryimage","url":"https:\/\/portaltela.pt\/s.01k8rhncp4jt1\/2026\/02\/unnamed-file-1209.jpg","contentUrl":"https:\/\/portaltela.pt\/s.01k8rhncp4jt1\/2026\/02\/unnamed-file-1209.jpg","width":796,"height":448,"caption":"Mohammad Shia al-Sudani, apontado como o candidato preferido dos EUA, manteve-se at\u00e9 \u00e0 data em sil\u00eancio sobre o assunto"},{"@type":"BreadcrumbList","@id":"https:\/\/portaltela.pt\/noticias\/2026\/02\/04\/ex-primeiro-ministro-iraquiano-disposto-a-retirar-candidatura\/#breadcrumb","itemListElement":[{"@type":"ListItem","position":1,"name":"In\u00edcio","item":"https:\/\/portaltela.pt\/"},{"@type":"ListItem","position":2,"name":"Ex-primeiro-ministro iraquiano disposto a retirar candidatura"}]},{"@type":"WebSite","@id":"https:\/\/portaltela.pt\/#website","url":"https:\/\/portaltela.pt\/","name":"Portal Tela Portugal","description":"","potentialAction":[{"@type":"SearchAction","target":{"@type":"EntryPoint","urlTemplate":"https:\/\/portaltela.pt\/?s={search_term_string}"},"query-input":{"@type":"PropertyValueSpecification","valueRequired":true,"valueName":"search_term_string"}}],"inLanguage":"pt-PT"},{"@type":"Person","@id":"https:\/\/portaltela.pt\/#\/schema\/person\/c4278d4a6028830caff9ee44b42d32ed","name":"Telinha","image":{"@type":"ImageObject","inLanguage":"pt-PT","@id":"https:\/\/portaltela.pt\/s.01k8rhncp4jt1\/2025\/11\/talking-bot-125x125.png","url":"https:\/\/portaltela.pt\/s.01k8rhncp4jt1\/2025\/11\/talking-bot-125x125.png","contentUrl":"https:\/\/portaltela.pt\/s.01k8rhncp4jt1\/2025\/11\/talking-bot-125x125.png","caption":"Telinha"},"sameAs":["https:\/\/portaltela.pt\/"],"url":"https:\/\/portaltela.pt\/por\/367410592786\/"}]}},"_links":{"self":[{"href":"https:\/\/portaltela.pt\/api\/wp\/v2\/posts\/196570","targetHints":{"allow":["GET"]}}],"collection":[{"href":"https:\/\/portaltela.pt\/api\/wp\/v2\/posts"}],"about":[{"href":"https:\/\/portaltela.pt\/api\/wp\/v2\/types\/post"}],"author":[{"embeddable":true,"href":"https:\/\/portaltela.pt\/api\/wp\/v2\/users\/2"}],"replies":[{"embeddable":true,"href":"https:\/\/portaltela.pt\/api\/wp\/v2\/comments?post=196570"}],"version-history":[{"count":0,"href":"https:\/\/portaltela.pt\/api\/wp\/v2\/posts\/196570\/revisions"}],"wp:featuredmedia":[{"embeddable":true,"href":"https:\/\/portaltela.pt\/api\/wp\/v2\/media\/196581"}],"wp:attachment":[{"href":"https:\/\/portaltela.pt\/api\/wp\/v2\/media?parent=196570"}],"wp:term":[{"taxonomy":"category","embeddable":true,"href":"https:\/\/portaltela.pt\/api\/wp\/v2\/categories?post=196570"},{"taxonomy":"post_tag","embeddable":true,"href":"https:\/\/portaltela.pt\/api\/wp\/v2\/tags?post=196570"}],"curies":[{"name":"wp","href":"https:\/\/api.w.org\/{rel}","templated":true}]}}