{"id":196546,"date":"2026-02-04T09:27:00","date_gmt":"2026-02-04T12:27:00","guid":{"rendered":"https:\/\/portaltela.pt\/noticias\/2026\/02\/04\/servico-social-de-almeirim-chamusca-e-alpiarca-apoia-ferreira-do-zezere\/"},"modified":"2026-02-04T09:27:00","modified_gmt":"2026-02-04T12:27:00","slug":"servico-social-de-almeirim-chamusca-e-alpiarca-apoia-ferreira-do-zezere","status":"publish","type":"post","link":"https:\/\/portaltela.pt\/noticias\/2026\/02\/04\/servico-social-de-almeirim-chamusca-e-alpiarca-apoia-ferreira-do-zezere\/","title":{"rendered":"Servi\u00e7o social de Almeirim, Chamusca e Alpiar\u00e7a apoia Ferreira do Z\u00eazere"},"content":{"rendered":"<p>V\u00e1rias t\u00e9cnicas dos servi\u00e7os sociais dos munic\u00edpios de Almeirim, Chamusca e Alpiar\u00e7a est\u00e3o em Ferreira do Z\u00eazere para apoiar o munic\u00edpio local, fortemente afetado pelo mau tempo que atingiu v\u00e1rias localidades do concelho. A interven\u00e7\u00e3o insere-se no refor\u00e7o de respostas sociais junto das popula\u00e7\u00f5es.<\/p>\n<p>Segundo a C\u00e2mara Municipal de Ferreira do Z\u00eazere, as t\u00e9cnicas continuam a percorrer as diversas localidades da freguesia para realizar o levantamento e a referencia\u00e7\u00e3o de situa\u00e7\u00f5es de vulnerabilidade. O foco est\u00e1 na identifica\u00e7\u00e3o de necessidades imediatas que exijam atua\u00e7\u00e3o respons\u00e1vel.<\/p>\n<p>A opera\u00e7\u00e3o envolve profissionais de diferentes organismos dos tr\u00eas munic\u00edpios, que atuam de forma coordenada com as autoridades locais. O objetivo \u00e9 mapear casos que possam exigir interven\u00e7\u00e3o urgente, com especial aten\u00e7\u00e3o aos idosos.<\/p>\n","protected":false},"excerpt":{"rendered":"<ul>\n<li>T\u00e9cnicas dos servi\u00e7os sociais dos munic\u00edpios de Almeirim, Chamusca e Alpiar\u00e7a est\u00e3o em Ferreira do Z\u00eazere a apoiar o munic\u00edpio afetado pelo mau tempo.<\/li>\n<li>Os t\u00e9cnicos acompanham diversas localidades da freguesia, realizando levantamento e refer\u00eancia\u00e7\u00e3o.<\/li>\n<li>A interven\u00e7\u00e3o foca-se nas pessoas em situa\u00e7\u00e3o de maior vulnerabilidade.<\/li>\n<li>O objetivo \u00e9 identificar situa\u00e7\u00f5es que requerem interven\u00e7\u00e3o urgente, com especial aten\u00e7\u00e3o aos idosos.<\/li>\n<li>A atua\u00e7\u00e3o \u00e9 descrita pela C\u00e2mara Municipal de Ferreira do Z\u00eazere como um esfor\u00e7o conjunto para atender necessidades locais.<\/li>\n<\/ul>\n","protected":false},"author":2,"featured_media":196553,"comment_status":"closed","ping_status":"closed","sticky":false,"template":"","format":"standard","meta":{"footnotes":""},"categories":[1],"tags":[1457,5388,1211,4594,5038,2736],"class_list":["post-196546","post","type-post","status-publish","format-standard","has-post-thumbnail","hentry","category-noticias","tag-almeirim","tag-alpiarca","tag-apoio-social","tag-chamusca","tag-ferreira-do-zezere","tag-idosos"],"yoast_head":"<!-- This site is optimized with the Yoast SEO plugin v27.2 - https:\/\/yoast.com\/product\/yoast-seo-wordpress\/ -->\n<title>Servi\u00e7o social de Almeirim, Chamusca e Alpiar\u00e7a apoia Ferreira do Z\u00eazere - Portal Tela Portugal<\/title>\n<meta name=\"robots\" content=\"index, follow, max-snippet:-1, max-image-preview:large, max-video-preview:-1\" \/>\n<meta property=\"og:locale\" content=\"pt_PT\" \/>\n<meta property=\"og:type\" content=\"article\" \/>\n<meta property=\"og:title\" content=\"Servi\u00e7o social de Almeirim, Chamusca e Alpiar\u00e7a apoia Ferreira do Z\u00eazere - Portal Tela Portugal\" \/>\n<meta property=\"og:description\" content=\"T\u00e9cnicas dos servi\u00e7os sociais dos munic\u00edpios de Almeirim, Chamusca e Alpiar\u00e7a est\u00e3o em Ferreira do Z\u00eazere a apoiar o munic\u00edpio afetado pelo mau tempo. Os t\u00e9cnicos acompanham diversas localidades da freguesia, realizando levantamento e refer\u00eancia\u00e7\u00e3o. A interven\u00e7\u00e3o foca-se nas pessoas em situa\u00e7\u00e3o de maior vulnerabilidade. O objetivo \u00e9 identificar situa\u00e7\u00f5es que requerem interven\u00e7\u00e3o urgente, com especial aten\u00e7\u00e3o aos idosos. A atua\u00e7\u00e3o \u00e9 descrita pela C\u00e2mara Municipal de Ferreira do Z\u00eazere como um esfor\u00e7o conjunto para atender necessidades locais.\" \/>\n<meta property=\"og:url\" content=\"https:\/\/portaltela.pt\/noticias\/2026\/02\/04\/servico-social-de-almeirim-chamusca-e-alpiarca-apoia-ferreira-do-zezere\/\" \/>\n<meta property=\"og:site_name\" content=\"Portal Tela Portugal\" \/>\n<meta property=\"article:published_time\" content=\"2026-02-04T12:27:00+00:00\" \/>\n<meta name=\"author\" content=\"Telinha\" \/>\n<meta name=\"twitter:card\" content=\"summary_large_image\" \/>\n<meta name=\"twitter:label1\" content=\"Escrito por\" \/>\n\t<meta name=\"twitter:data1\" content=\"Telinha\" \/>\n\t<meta name=\"twitter:label2\" content=\"Tempo estimado de leitura\" \/>\n\t<meta name=\"twitter:data2\" content=\"1 minuto\" \/>\n<script type=\"application\/ld+json\" class=\"yoast-schema-graph\">{\"@context\":\"https:\/\/schema.org\",\"@graph\":[{\"@type\":\"Article\",\"@id\":\"https:\/\/portaltela.pt\/noticias\/2026\/02\/04\/servico-social-de-almeirim-chamusca-e-alpiarca-apoia-ferreira-do-zezere\/#article\",\"isPartOf\":{\"@id\":\"https:\/\/portaltela.pt\/noticias\/2026\/02\/04\/servico-social-de-almeirim-chamusca-e-alpiarca-apoia-ferreira-do-zezere\/\"},\"author\":{\"name\":\"Telinha\",\"@id\":\"https:\/\/portaltela.pt\/#\/schema\/person\/c4278d4a6028830caff9ee44b42d32ed\"},\"headline\":\"Servi\u00e7o social de Almeirim, Chamusca e Alpiar\u00e7a apoia Ferreira do Z\u00eazere\",\"datePublished\":\"2026-02-04T12:27:00+00:00\",\"mainEntityOfPage\":{\"@id\":\"https:\/\/portaltela.pt\/noticias\/2026\/02\/04\/servico-social-de-almeirim-chamusca-e-alpiarca-apoia-ferreira-do-zezere\/\"},\"wordCount\":157,\"image\":{\"@id\":\"https:\/\/portaltela.pt\/noticias\/2026\/02\/04\/servico-social-de-almeirim-chamusca-e-alpiarca-apoia-ferreira-do-zezere\/#primaryimage\"},\"thumbnailUrl\":\"https:\/\/portaltela.pt\/s.01k8rhncp4jt1\/2026\/02\/unnamed-file-1203.jpg\",\"keywords\":[\"Almeirim\",\"Alpiar\u00e7a\",\"Apoio Social\",\"Chamusca\",\"Ferreira do Z\u00eazere\",\"idosos\"],\"articleSection\":[\"Not\u00edcias\"],\"inLanguage\":\"pt-PT\"},{\"@type\":\"WebPage\",\"@id\":\"https:\/\/portaltela.pt\/noticias\/2026\/02\/04\/servico-social-de-almeirim-chamusca-e-alpiarca-apoia-ferreira-do-zezere\/\",\"url\":\"https:\/\/portaltela.pt\/noticias\/2026\/02\/04\/servico-social-de-almeirim-chamusca-e-alpiarca-apoia-ferreira-do-zezere\/\",\"name\":\"Servi\u00e7o social de Almeirim, Chamusca e Alpiar\u00e7a apoia Ferreira do Z\u00eazere - Portal Tela Portugal\",\"isPartOf\":{\"@id\":\"https:\/\/portaltela.pt\/#website\"},\"primaryImageOfPage\":{\"@id\":\"https:\/\/portaltela.pt\/noticias\/2026\/02\/04\/servico-social-de-almeirim-chamusca-e-alpiarca-apoia-ferreira-do-zezere\/#primaryimage\"},\"image\":{\"@id\":\"https:\/\/portaltela.pt\/noticias\/2026\/02\/04\/servico-social-de-almeirim-chamusca-e-alpiarca-apoia-ferreira-do-zezere\/#primaryimage\"},\"thumbnailUrl\":\"https:\/\/portaltela.pt\/s.01k8rhncp4jt1\/2026\/02\/unnamed-file-1203.jpg\",\"datePublished\":\"2026-02-04T12:27:00+00:00\",\"author\":{\"@id\":\"https:\/\/portaltela.pt\/#\/schema\/person\/c4278d4a6028830caff9ee44b42d32ed\"},\"breadcrumb\":{\"@id\":\"https:\/\/portaltela.pt\/noticias\/2026\/02\/04\/servico-social-de-almeirim-chamusca-e-alpiarca-apoia-ferreira-do-zezere\/#breadcrumb\"},\"inLanguage\":\"pt-PT\",\"potentialAction\":[{\"@type\":\"ReadAction\",\"target\":[\"https:\/\/portaltela.pt\/noticias\/2026\/02\/04\/servico-social-de-almeirim-chamusca-e-alpiarca-apoia-ferreira-do-zezere\/\"]}]},{\"@type\":\"ImageObject\",\"inLanguage\":\"pt-PT\",\"@id\":\"https:\/\/portaltela.pt\/noticias\/2026\/02\/04\/servico-social-de-almeirim-chamusca-e-alpiarca-apoia-ferreira-do-zezere\/#primaryimage\",\"url\":\"https:\/\/portaltela.pt\/s.01k8rhncp4jt1\/2026\/02\/unnamed-file-1203.jpg\",\"contentUrl\":\"https:\/\/portaltela.pt\/s.01k8rhncp4jt1\/2026\/02\/unnamed-file-1203.jpg\",\"width\":796,\"height\":448,\"caption\":\"Servi\u00e7o social dos munic\u00edpios de Almeirim, Chamusca e Alpiar\u00e7a auxilia Ferreira do Z\u00eazere\"},{\"@type\":\"BreadcrumbList\",\"@id\":\"https:\/\/portaltela.pt\/noticias\/2026\/02\/04\/servico-social-de-almeirim-chamusca-e-alpiarca-apoia-ferreira-do-zezere\/#breadcrumb\",\"itemListElement\":[{\"@type\":\"ListItem\",\"position\":1,\"name\":\"In\u00edcio\",\"item\":\"https:\/\/portaltela.pt\/\"},{\"@type\":\"ListItem\",\"position\":2,\"name\":\"Servi\u00e7o social de Almeirim, Chamusca e Alpiar\u00e7a apoia Ferreira do Z\u00eazere\"}]},{\"@type\":\"WebSite\",\"@id\":\"https:\/\/portaltela.pt\/#website\",\"url\":\"https:\/\/portaltela.pt\/\",\"name\":\"Portal Tela Portugal\",\"description\":\"\",\"potentialAction\":[{\"@type\":\"SearchAction\",\"target\":{\"@type\":\"EntryPoint\",\"urlTemplate\":\"https:\/\/portaltela.pt\/?s={search_term_string}\"},\"query-input\":{\"@type\":\"PropertyValueSpecification\",\"valueRequired\":true,\"valueName\":\"search_term_string\"}}],\"inLanguage\":\"pt-PT\"},{\"@type\":\"Person\",\"@id\":\"https:\/\/portaltela.pt\/#\/schema\/person\/c4278d4a6028830caff9ee44b42d32ed\",\"name\":\"Telinha\",\"image\":{\"@type\":\"ImageObject\",\"inLanguage\":\"pt-PT\",\"@id\":\"https:\/\/portaltela.pt\/s.01k8rhncp4jt1\/2025\/11\/talking-bot-125x125.png\",\"url\":\"https:\/\/portaltela.pt\/s.01k8rhncp4jt1\/2025\/11\/talking-bot-125x125.png\",\"contentUrl\":\"https:\/\/portaltela.pt\/s.01k8rhncp4jt1\/2025\/11\/talking-bot-125x125.png\",\"caption\":\"Telinha\"},\"sameAs\":[\"https:\/\/portaltela.pt\/\"],\"url\":\"https:\/\/portaltela.pt\/por\/367410592786\/\"}]}<\/script>\n<!-- \/ Yoast SEO plugin. -->","yoast_head_json":{"title":"Servi\u00e7o social de Almeirim, Chamusca e Alpiar\u00e7a apoia Ferreira do Z\u00eazere - Portal Tela Portugal","robots":{"index":"index","follow":"follow","max-snippet":"max-snippet:-1","max-image-preview":"max-image-preview:large","max-video-preview":"max-video-preview:-1"},"og_locale":"pt_PT","og_type":"article","og_title":"Servi\u00e7o social de Almeirim, Chamusca e Alpiar\u00e7a apoia Ferreira do Z\u00eazere - Portal Tela Portugal","og_description":"T\u00e9cnicas dos servi\u00e7os sociais dos munic\u00edpios de Almeirim, Chamusca e Alpiar\u00e7a est\u00e3o em Ferreira do Z\u00eazere a apoiar o munic\u00edpio afetado pelo mau tempo. Os t\u00e9cnicos acompanham diversas localidades da freguesia, realizando levantamento e refer\u00eancia\u00e7\u00e3o. A interven\u00e7\u00e3o foca-se nas pessoas em situa\u00e7\u00e3o de maior vulnerabilidade. O objetivo \u00e9 identificar situa\u00e7\u00f5es que requerem interven\u00e7\u00e3o urgente, com especial aten\u00e7\u00e3o aos idosos. A atua\u00e7\u00e3o \u00e9 descrita pela C\u00e2mara Municipal de Ferreira do Z\u00eazere como um esfor\u00e7o conjunto para atender necessidades locais.","og_url":"https:\/\/portaltela.pt\/noticias\/2026\/02\/04\/servico-social-de-almeirim-chamusca-e-alpiarca-apoia-ferreira-do-zezere\/","og_site_name":"Portal Tela Portugal","article_published_time":"2026-02-04T12:27:00+00:00","author":"Telinha","twitter_card":"summary_large_image","twitter_misc":{"Escrito por":"Telinha","Tempo estimado de leitura":"1 minuto"},"schema":{"@context":"https:\/\/schema.org","@graph":[{"@type":"Article","@id":"https:\/\/portaltela.pt\/noticias\/2026\/02\/04\/servico-social-de-almeirim-chamusca-e-alpiarca-apoia-ferreira-do-zezere\/#article","isPartOf":{"@id":"https:\/\/portaltela.pt\/noticias\/2026\/02\/04\/servico-social-de-almeirim-chamusca-e-alpiarca-apoia-ferreira-do-zezere\/"},"author":{"name":"Telinha","@id":"https:\/\/portaltela.pt\/#\/schema\/person\/c4278d4a6028830caff9ee44b42d32ed"},"headline":"Servi\u00e7o social de Almeirim, Chamusca e Alpiar\u00e7a apoia Ferreira do Z\u00eazere","datePublished":"2026-02-04T12:27:00+00:00","mainEntityOfPage":{"@id":"https:\/\/portaltela.pt\/noticias\/2026\/02\/04\/servico-social-de-almeirim-chamusca-e-alpiarca-apoia-ferreira-do-zezere\/"},"wordCount":157,"image":{"@id":"https:\/\/portaltela.pt\/noticias\/2026\/02\/04\/servico-social-de-almeirim-chamusca-e-alpiarca-apoia-ferreira-do-zezere\/#primaryimage"},"thumbnailUrl":"https:\/\/portaltela.pt\/s.01k8rhncp4jt1\/2026\/02\/unnamed-file-1203.jpg","keywords":["Almeirim","Alpiar\u00e7a","Apoio Social","Chamusca","Ferreira do Z\u00eazere","idosos"],"articleSection":["Not\u00edcias"],"inLanguage":"pt-PT"},{"@type":"WebPage","@id":"https:\/\/portaltela.pt\/noticias\/2026\/02\/04\/servico-social-de-almeirim-chamusca-e-alpiarca-apoia-ferreira-do-zezere\/","url":"https:\/\/portaltela.pt\/noticias\/2026\/02\/04\/servico-social-de-almeirim-chamusca-e-alpiarca-apoia-ferreira-do-zezere\/","name":"Servi\u00e7o social de Almeirim, Chamusca e Alpiar\u00e7a apoia Ferreira do Z\u00eazere - Portal Tela Portugal","isPartOf":{"@id":"https:\/\/portaltela.pt\/#website"},"primaryImageOfPage":{"@id":"https:\/\/portaltela.pt\/noticias\/2026\/02\/04\/servico-social-de-almeirim-chamusca-e-alpiarca-apoia-ferreira-do-zezere\/#primaryimage"},"image":{"@id":"https:\/\/portaltela.pt\/noticias\/2026\/02\/04\/servico-social-de-almeirim-chamusca-e-alpiarca-apoia-ferreira-do-zezere\/#primaryimage"},"thumbnailUrl":"https:\/\/portaltela.pt\/s.01k8rhncp4jt1\/2026\/02\/unnamed-file-1203.jpg","datePublished":"2026-02-04T12:27:00+00:00","author":{"@id":"https:\/\/portaltela.pt\/#\/schema\/person\/c4278d4a6028830caff9ee44b42d32ed"},"breadcrumb":{"@id":"https:\/\/portaltela.pt\/noticias\/2026\/02\/04\/servico-social-de-almeirim-chamusca-e-alpiarca-apoia-ferreira-do-zezere\/#breadcrumb"},"inLanguage":"pt-PT","potentialAction":[{"@type":"ReadAction","target":["https:\/\/portaltela.pt\/noticias\/2026\/02\/04\/servico-social-de-almeirim-chamusca-e-alpiarca-apoia-ferreira-do-zezere\/"]}]},{"@type":"ImageObject","inLanguage":"pt-PT","@id":"https:\/\/portaltela.pt\/noticias\/2026\/02\/04\/servico-social-de-almeirim-chamusca-e-alpiarca-apoia-ferreira-do-zezere\/#primaryimage","url":"https:\/\/portaltela.pt\/s.01k8rhncp4jt1\/2026\/02\/unnamed-file-1203.jpg","contentUrl":"https:\/\/portaltela.pt\/s.01k8rhncp4jt1\/2026\/02\/unnamed-file-1203.jpg","width":796,"height":448,"caption":"Servi\u00e7o social dos munic\u00edpios de Almeirim, Chamusca e Alpiar\u00e7a auxilia Ferreira do Z\u00eazere"},{"@type":"BreadcrumbList","@id":"https:\/\/portaltela.pt\/noticias\/2026\/02\/04\/servico-social-de-almeirim-chamusca-e-alpiarca-apoia-ferreira-do-zezere\/#breadcrumb","itemListElement":[{"@type":"ListItem","position":1,"name":"In\u00edcio","item":"https:\/\/portaltela.pt\/"},{"@type":"ListItem","position":2,"name":"Servi\u00e7o social de Almeirim, Chamusca e Alpiar\u00e7a apoia Ferreira do Z\u00eazere"}]},{"@type":"WebSite","@id":"https:\/\/portaltela.pt\/#website","url":"https:\/\/portaltela.pt\/","name":"Portal Tela Portugal","description":"","potentialAction":[{"@type":"SearchAction","target":{"@type":"EntryPoint","urlTemplate":"https:\/\/portaltela.pt\/?s={search_term_string}"},"query-input":{"@type":"PropertyValueSpecification","valueRequired":true,"valueName":"search_term_string"}}],"inLanguage":"pt-PT"},{"@type":"Person","@id":"https:\/\/portaltela.pt\/#\/schema\/person\/c4278d4a6028830caff9ee44b42d32ed","name":"Telinha","image":{"@type":"ImageObject","inLanguage":"pt-PT","@id":"https:\/\/portaltela.pt\/s.01k8rhncp4jt1\/2025\/11\/talking-bot-125x125.png","url":"https:\/\/portaltela.pt\/s.01k8rhncp4jt1\/2025\/11\/talking-bot-125x125.png","contentUrl":"https:\/\/portaltela.pt\/s.01k8rhncp4jt1\/2025\/11\/talking-bot-125x125.png","caption":"Telinha"},"sameAs":["https:\/\/portaltela.pt\/"],"url":"https:\/\/portaltela.pt\/por\/367410592786\/"}]}},"_links":{"self":[{"href":"https:\/\/portaltela.pt\/api\/wp\/v2\/posts\/196546","targetHints":{"allow":["GET"]}}],"collection":[{"href":"https:\/\/portaltela.pt\/api\/wp\/v2\/posts"}],"about":[{"href":"https:\/\/portaltela.pt\/api\/wp\/v2\/types\/post"}],"author":[{"embeddable":true,"href":"https:\/\/portaltela.pt\/api\/wp\/v2\/users\/2"}],"replies":[{"embeddable":true,"href":"https:\/\/portaltela.pt\/api\/wp\/v2\/comments?post=196546"}],"version-history":[{"count":0,"href":"https:\/\/portaltela.pt\/api\/wp\/v2\/posts\/196546\/revisions"}],"wp:featuredmedia":[{"embeddable":true,"href":"https:\/\/portaltela.pt\/api\/wp\/v2\/media\/196553"}],"wp:attachment":[{"href":"https:\/\/portaltela.pt\/api\/wp\/v2\/media?parent=196546"}],"wp:term":[{"taxonomy":"category","embeddable":true,"href":"https:\/\/portaltela.pt\/api\/wp\/v2\/categories?post=196546"},{"taxonomy":"post_tag","embeddable":true,"href":"https:\/\/portaltela.pt\/api\/wp\/v2\/tags?post=196546"}],"curies":[{"name":"wp","href":"https:\/\/api.w.org\/{rel}","templated":true}]}}