{"id":196515,"date":"2026-02-04T09:18:01","date_gmt":"2026-02-04T12:18:01","guid":{"rendered":"https:\/\/portaltela.pt\/noticias\/2026\/02\/04\/sporting-revela-cenas-de-janeiro-com-treino-de-francisco-silva-e-nuno-santos\/"},"modified":"2026-02-04T09:18:01","modified_gmt":"2026-02-04T12:18:01","slug":"sporting-revela-cenas-de-janeiro-com-treino-de-francisco-silva-e-nuno-santos","status":"publish","type":"post","link":"https:\/\/portaltela.pt\/desporto\/futebol\/2026\/02\/04\/sporting-revela-cenas-de-janeiro-com-treino-de-francisco-silva-e-nuno-santos\/","title":{"rendered":"Sporting revela cenas de janeiro com treino de Francisco Silva e Nuno Santos"},"content":{"rendered":"<p>O Sporting divulgou imagens que mostram o treino realizado no in\u00edcio de janeiro, per\u00edodo marcado por uma agenda preenchida. O v\u00eddeo, divulgado nesta quarta-feira, oferece um vislumbre dos trabalhos desenvolvidos pela equipa.<\/p>\n<p>No foco do material est\u00e3o os guarda-redes, com destaque para o jovem Francisco Silva, cujo desempenho tem ganho particular aten\u00e7\u00e3o. Al\u00e9m dele, Nuno Santos surge como protagonista no arranque de per\u00edodo, segundo o conte\u00fado partilhado pela institui\u00e7\u00e3o.<\/p>\n<p>A p\u00e1gina de bastidores resume a programa\u00e7\u00e3o de janeiro, que incluiu confrontos com Gil Vicente, Vitoria de Guimar\u00e3es, Casa Pia, PSG, Arouca e Athletic Bilbao. Entre momentos de treino intenso, h\u00e1 tamb\u00e9m um agradecimento ao clube espanhol pela ced\u00eancia das instala\u00e7\u00f5es.<\/p>\n<h3>Detalhes do treino e perspectivas<\/h3>\n<p>O v\u00eddeo revela que a sess\u00e3o combinou exerc\u00edcios de prepara\u00e7\u00e3o f\u00edsica, t\u00e9cnica e trabalho espec\u00edfico de guarda-redes, com foco na capacidade de resposta e organiza\u00e7\u00e3o defensiva. O material refor\u00e7a o objetivo de manter a equipa em ritmo competitivo.<\/p>\n<p>A grava\u00e7\u00e3o tamb\u00e9m evidencia o ambiente de treino e a log\u00edstica, incluindo o apoio log\u00edstico proporcionado pelos clubes visitantes. A divulga\u00e7\u00e3o refor\u00e7a o car\u00e1cter formativo do clube, ao mostrar oportunidades de treino com advers\u00e1rios de diferentes campeonatos.<\/p>\n<p>Este conte\u00fado n\u00e3o inclui declara\u00e7\u00f5es p\u00fablicas, mantendo o tom informativo da divulga\u00e7\u00e3o institucional. As imagens podem servir de refer\u00eancia para entender o planeamento da equipa no arranque de 2024.<\/p>\n","protected":false},"excerpt":{"rendered":"<ul>\n<li>O Sporting divulgou bastidores do arranque de ano, com imagens de janeiro.<\/li>\n<li>O calend\u00e1rio incluiu jogos frente a Gil Vicente, V. Guimar\u00e3es, Casa Pia, PSG, Arouca e Ath. Bilbao.<\/li>\n<li>O v\u00eddeo mostra o trabalho dos guarda-redes, com o jovem Francisco Silva a sobressair.<\/li>\n<li>O material destaca ainda Nuno Santos.<\/li>\n<li>O clube agradece \u00e0 ced\u00eancia das instala\u00e7\u00f5es pelo clube espanhol.<\/li>\n<\/ul>\n","protected":false},"author":2,"featured_media":196520,"comment_status":"closed","ping_status":"closed","sticky":false,"template":"","format":"standard","meta":{"footnotes":""},"categories":[21,24],"tags":[2588,5176,32,1829,1982,1652],"class_list":["post-196515","post","type-post","status-publish","format-standard","has-post-thumbnail","hentry","category-desporto","category-futebol","tag-athletic-bilbao","tag-casa-pia","tag-futebol","tag-gil-vicente","tag-paris-saint-germain","tag-sporting"],"yoast_head":"<!-- This site is optimized with the Yoast SEO plugin v27.2 - https:\/\/yoast.com\/product\/yoast-seo-wordpress\/ -->\n<title>Sporting revela cenas de janeiro com treino de Francisco Silva e Nuno Santos - Portal Tela Portugal<\/title>\n<meta name=\"robots\" content=\"index, follow, max-snippet:-1, max-image-preview:large, max-video-preview:-1\" \/>\n<meta property=\"og:locale\" content=\"pt_PT\" \/>\n<meta property=\"og:type\" content=\"article\" \/>\n<meta property=\"og:title\" content=\"Sporting revela cenas de janeiro com treino de Francisco Silva e Nuno Santos - Portal Tela Portugal\" \/>\n<meta property=\"og:description\" content=\"O Sporting divulgou bastidores do arranque de ano, com imagens de janeiro. O calend\u00e1rio incluiu jogos frente a Gil Vicente, V. Guimar\u00e3es, Casa Pia, PSG, Arouca e Ath. Bilbao. O v\u00eddeo mostra o trabalho dos guarda-redes, com o jovem Francisco Silva a sobressair. O material destaca ainda Nuno Santos. O clube agradece \u00e0 ced\u00eancia das instala\u00e7\u00f5es pelo clube espanhol.\" \/>\n<meta property=\"og:url\" content=\"https:\/\/portaltela.pt\/noticias\/2026\/02\/04\/sporting-revela-cenas-de-janeiro-com-treino-de-francisco-silva-e-nuno-santos\/\" \/>\n<meta property=\"og:site_name\" content=\"Portal Tela Portugal\" \/>\n<meta property=\"article:published_time\" content=\"2026-02-04T12:18:01+00:00\" \/>\n<meta name=\"author\" content=\"Telinha\" \/>\n<meta name=\"twitter:card\" content=\"summary_large_image\" \/>\n<meta name=\"twitter:label1\" content=\"Escrito por\" \/>\n\t<meta name=\"twitter:data1\" content=\"Telinha\" \/>\n\t<meta name=\"twitter:label2\" content=\"Tempo estimado de leitura\" \/>\n\t<meta name=\"twitter:data2\" content=\"1 minuto\" \/>\n<script type=\"application\/ld+json\" class=\"yoast-schema-graph\">{\"@context\":\"https:\/\/schema.org\",\"@graph\":[{\"@type\":\"Article\",\"@id\":\"https:\/\/portaltela.pt\/noticias\/2026\/02\/04\/sporting-revela-cenas-de-janeiro-com-treino-de-francisco-silva-e-nuno-santos\/#article\",\"isPartOf\":{\"@id\":\"https:\/\/portaltela.pt\/noticias\/2026\/02\/04\/sporting-revela-cenas-de-janeiro-com-treino-de-francisco-silva-e-nuno-santos\/\"},\"author\":{\"name\":\"Telinha\",\"@id\":\"https:\/\/portaltela.pt\/#\/schema\/person\/c4278d4a6028830caff9ee44b42d32ed\"},\"headline\":\"Sporting revela cenas de janeiro com treino de Francisco Silva e Nuno Santos\",\"datePublished\":\"2026-02-04T12:18:01+00:00\",\"mainEntityOfPage\":{\"@id\":\"https:\/\/portaltela.pt\/noticias\/2026\/02\/04\/sporting-revela-cenas-de-janeiro-com-treino-de-francisco-silva-e-nuno-santos\/\"},\"wordCount\":269,\"image\":{\"@id\":\"https:\/\/portaltela.pt\/noticias\/2026\/02\/04\/sporting-revela-cenas-de-janeiro-com-treino-de-francisco-silva-e-nuno-santos\/#primaryimage\"},\"thumbnailUrl\":\"https:\/\/portaltela.pt\/s.01k8rhncp4jt1\/2026\/02\/img_1200x721uu2026-02-04-11-22-31-2419459.jpg\",\"keywords\":[\"Athletic Bilbao\",\"Casa Pia\",\"futebol\",\"Gil Vicente\",\"Paris Saint-Germain\",\"Sporting\"],\"articleSection\":[\"Desporto\",\"Futebol\"],\"inLanguage\":\"pt-PT\"},{\"@type\":\"WebPage\",\"@id\":\"https:\/\/portaltela.pt\/noticias\/2026\/02\/04\/sporting-revela-cenas-de-janeiro-com-treino-de-francisco-silva-e-nuno-santos\/\",\"url\":\"https:\/\/portaltela.pt\/noticias\/2026\/02\/04\/sporting-revela-cenas-de-janeiro-com-treino-de-francisco-silva-e-nuno-santos\/\",\"name\":\"Sporting revela cenas de janeiro com treino de Francisco Silva e Nuno Santos - Portal Tela Portugal\",\"isPartOf\":{\"@id\":\"https:\/\/portaltela.pt\/#website\"},\"primaryImageOfPage\":{\"@id\":\"https:\/\/portaltela.pt\/noticias\/2026\/02\/04\/sporting-revela-cenas-de-janeiro-com-treino-de-francisco-silva-e-nuno-santos\/#primaryimage\"},\"image\":{\"@id\":\"https:\/\/portaltela.pt\/noticias\/2026\/02\/04\/sporting-revela-cenas-de-janeiro-com-treino-de-francisco-silva-e-nuno-santos\/#primaryimage\"},\"thumbnailUrl\":\"https:\/\/portaltela.pt\/s.01k8rhncp4jt1\/2026\/02\/img_1200x721uu2026-02-04-11-22-31-2419459.jpg\",\"datePublished\":\"2026-02-04T12:18:01+00:00\",\"author\":{\"@id\":\"https:\/\/portaltela.pt\/#\/schema\/person\/c4278d4a6028830caff9ee44b42d32ed\"},\"breadcrumb\":{\"@id\":\"https:\/\/portaltela.pt\/noticias\/2026\/02\/04\/sporting-revela-cenas-de-janeiro-com-treino-de-francisco-silva-e-nuno-santos\/#breadcrumb\"},\"inLanguage\":\"pt-PT\",\"potentialAction\":[{\"@type\":\"ReadAction\",\"target\":[\"https:\/\/portaltela.pt\/noticias\/2026\/02\/04\/sporting-revela-cenas-de-janeiro-com-treino-de-francisco-silva-e-nuno-santos\/\"]}]},{\"@type\":\"ImageObject\",\"inLanguage\":\"pt-PT\",\"@id\":\"https:\/\/portaltela.pt\/noticias\/2026\/02\/04\/sporting-revela-cenas-de-janeiro-com-treino-de-francisco-silva-e-nuno-santos\/#primaryimage\",\"url\":\"https:\/\/portaltela.pt\/s.01k8rhncp4jt1\/2026\/02\/img_1200x721uu2026-02-04-11-22-31-2419459.jpg\",\"contentUrl\":\"https:\/\/portaltela.pt\/s.01k8rhncp4jt1\/2026\/02\/img_1200x721uu2026-02-04-11-22-31-2419459.jpg\",\"width\":796,\"height\":448,\"caption\":\"Treino exemplar de Francisco Silva, Nuno Santos em destaque e um... 'obrigado': Sporting mostra bastidores de janeiro\"},{\"@type\":\"BreadcrumbList\",\"@id\":\"https:\/\/portaltela.pt\/noticias\/2026\/02\/04\/sporting-revela-cenas-de-janeiro-com-treino-de-francisco-silva-e-nuno-santos\/#breadcrumb\",\"itemListElement\":[{\"@type\":\"ListItem\",\"position\":1,\"name\":\"In\u00edcio\",\"item\":\"https:\/\/portaltela.pt\/\"},{\"@type\":\"ListItem\",\"position\":2,\"name\":\"Sporting revela cenas de janeiro com treino de Francisco Silva e Nuno Santos\"}]},{\"@type\":\"WebSite\",\"@id\":\"https:\/\/portaltela.pt\/#website\",\"url\":\"https:\/\/portaltela.pt\/\",\"name\":\"Portal Tela Portugal\",\"description\":\"\",\"potentialAction\":[{\"@type\":\"SearchAction\",\"target\":{\"@type\":\"EntryPoint\",\"urlTemplate\":\"https:\/\/portaltela.pt\/?s={search_term_string}\"},\"query-input\":{\"@type\":\"PropertyValueSpecification\",\"valueRequired\":true,\"valueName\":\"search_term_string\"}}],\"inLanguage\":\"pt-PT\"},{\"@type\":\"Person\",\"@id\":\"https:\/\/portaltela.pt\/#\/schema\/person\/c4278d4a6028830caff9ee44b42d32ed\",\"name\":\"Telinha\",\"image\":{\"@type\":\"ImageObject\",\"inLanguage\":\"pt-PT\",\"@id\":\"https:\/\/portaltela.pt\/s.01k8rhncp4jt1\/2025\/11\/talking-bot-125x125.png\",\"url\":\"https:\/\/portaltela.pt\/s.01k8rhncp4jt1\/2025\/11\/talking-bot-125x125.png\",\"contentUrl\":\"https:\/\/portaltela.pt\/s.01k8rhncp4jt1\/2025\/11\/talking-bot-125x125.png\",\"caption\":\"Telinha\"},\"sameAs\":[\"https:\/\/portaltela.pt\/\"],\"url\":\"https:\/\/portaltela.pt\/por\/367410592786\/\"}]}<\/script>\n<!-- \/ Yoast SEO plugin. -->","yoast_head_json":{"title":"Sporting revela cenas de janeiro com treino de Francisco Silva e Nuno Santos - Portal Tela Portugal","robots":{"index":"index","follow":"follow","max-snippet":"max-snippet:-1","max-image-preview":"max-image-preview:large","max-video-preview":"max-video-preview:-1"},"og_locale":"pt_PT","og_type":"article","og_title":"Sporting revela cenas de janeiro com treino de Francisco Silva e Nuno Santos - Portal Tela Portugal","og_description":"O Sporting divulgou bastidores do arranque de ano, com imagens de janeiro. O calend\u00e1rio incluiu jogos frente a Gil Vicente, V. Guimar\u00e3es, Casa Pia, PSG, Arouca e Ath. Bilbao. O v\u00eddeo mostra o trabalho dos guarda-redes, com o jovem Francisco Silva a sobressair. O material destaca ainda Nuno Santos. O clube agradece \u00e0 ced\u00eancia das instala\u00e7\u00f5es pelo clube espanhol.","og_url":"https:\/\/portaltela.pt\/noticias\/2026\/02\/04\/sporting-revela-cenas-de-janeiro-com-treino-de-francisco-silva-e-nuno-santos\/","og_site_name":"Portal Tela Portugal","article_published_time":"2026-02-04T12:18:01+00:00","author":"Telinha","twitter_card":"summary_large_image","twitter_misc":{"Escrito por":"Telinha","Tempo estimado de leitura":"1 minuto"},"schema":{"@context":"https:\/\/schema.org","@graph":[{"@type":"Article","@id":"https:\/\/portaltela.pt\/noticias\/2026\/02\/04\/sporting-revela-cenas-de-janeiro-com-treino-de-francisco-silva-e-nuno-santos\/#article","isPartOf":{"@id":"https:\/\/portaltela.pt\/noticias\/2026\/02\/04\/sporting-revela-cenas-de-janeiro-com-treino-de-francisco-silva-e-nuno-santos\/"},"author":{"name":"Telinha","@id":"https:\/\/portaltela.pt\/#\/schema\/person\/c4278d4a6028830caff9ee44b42d32ed"},"headline":"Sporting revela cenas de janeiro com treino de Francisco Silva e Nuno Santos","datePublished":"2026-02-04T12:18:01+00:00","mainEntityOfPage":{"@id":"https:\/\/portaltela.pt\/noticias\/2026\/02\/04\/sporting-revela-cenas-de-janeiro-com-treino-de-francisco-silva-e-nuno-santos\/"},"wordCount":269,"image":{"@id":"https:\/\/portaltela.pt\/noticias\/2026\/02\/04\/sporting-revela-cenas-de-janeiro-com-treino-de-francisco-silva-e-nuno-santos\/#primaryimage"},"thumbnailUrl":"https:\/\/portaltela.pt\/s.01k8rhncp4jt1\/2026\/02\/img_1200x721uu2026-02-04-11-22-31-2419459.jpg","keywords":["Athletic Bilbao","Casa Pia","futebol","Gil Vicente","Paris Saint-Germain","Sporting"],"articleSection":["Desporto","Futebol"],"inLanguage":"pt-PT"},{"@type":"WebPage","@id":"https:\/\/portaltela.pt\/noticias\/2026\/02\/04\/sporting-revela-cenas-de-janeiro-com-treino-de-francisco-silva-e-nuno-santos\/","url":"https:\/\/portaltela.pt\/noticias\/2026\/02\/04\/sporting-revela-cenas-de-janeiro-com-treino-de-francisco-silva-e-nuno-santos\/","name":"Sporting revela cenas de janeiro com treino de Francisco Silva e Nuno Santos - Portal Tela Portugal","isPartOf":{"@id":"https:\/\/portaltela.pt\/#website"},"primaryImageOfPage":{"@id":"https:\/\/portaltela.pt\/noticias\/2026\/02\/04\/sporting-revela-cenas-de-janeiro-com-treino-de-francisco-silva-e-nuno-santos\/#primaryimage"},"image":{"@id":"https:\/\/portaltela.pt\/noticias\/2026\/02\/04\/sporting-revela-cenas-de-janeiro-com-treino-de-francisco-silva-e-nuno-santos\/#primaryimage"},"thumbnailUrl":"https:\/\/portaltela.pt\/s.01k8rhncp4jt1\/2026\/02\/img_1200x721uu2026-02-04-11-22-31-2419459.jpg","datePublished":"2026-02-04T12:18:01+00:00","author":{"@id":"https:\/\/portaltela.pt\/#\/schema\/person\/c4278d4a6028830caff9ee44b42d32ed"},"breadcrumb":{"@id":"https:\/\/portaltela.pt\/noticias\/2026\/02\/04\/sporting-revela-cenas-de-janeiro-com-treino-de-francisco-silva-e-nuno-santos\/#breadcrumb"},"inLanguage":"pt-PT","potentialAction":[{"@type":"ReadAction","target":["https:\/\/portaltela.pt\/noticias\/2026\/02\/04\/sporting-revela-cenas-de-janeiro-com-treino-de-francisco-silva-e-nuno-santos\/"]}]},{"@type":"ImageObject","inLanguage":"pt-PT","@id":"https:\/\/portaltela.pt\/noticias\/2026\/02\/04\/sporting-revela-cenas-de-janeiro-com-treino-de-francisco-silva-e-nuno-santos\/#primaryimage","url":"https:\/\/portaltela.pt\/s.01k8rhncp4jt1\/2026\/02\/img_1200x721uu2026-02-04-11-22-31-2419459.jpg","contentUrl":"https:\/\/portaltela.pt\/s.01k8rhncp4jt1\/2026\/02\/img_1200x721uu2026-02-04-11-22-31-2419459.jpg","width":796,"height":448,"caption":"Treino exemplar de Francisco Silva, Nuno Santos em destaque e um... 'obrigado': Sporting mostra bastidores de janeiro"},{"@type":"BreadcrumbList","@id":"https:\/\/portaltela.pt\/noticias\/2026\/02\/04\/sporting-revela-cenas-de-janeiro-com-treino-de-francisco-silva-e-nuno-santos\/#breadcrumb","itemListElement":[{"@type":"ListItem","position":1,"name":"In\u00edcio","item":"https:\/\/portaltela.pt\/"},{"@type":"ListItem","position":2,"name":"Sporting revela cenas de janeiro com treino de Francisco Silva e Nuno Santos"}]},{"@type":"WebSite","@id":"https:\/\/portaltela.pt\/#website","url":"https:\/\/portaltela.pt\/","name":"Portal Tela Portugal","description":"","potentialAction":[{"@type":"SearchAction","target":{"@type":"EntryPoint","urlTemplate":"https:\/\/portaltela.pt\/?s={search_term_string}"},"query-input":{"@type":"PropertyValueSpecification","valueRequired":true,"valueName":"search_term_string"}}],"inLanguage":"pt-PT"},{"@type":"Person","@id":"https:\/\/portaltela.pt\/#\/schema\/person\/c4278d4a6028830caff9ee44b42d32ed","name":"Telinha","image":{"@type":"ImageObject","inLanguage":"pt-PT","@id":"https:\/\/portaltela.pt\/s.01k8rhncp4jt1\/2025\/11\/talking-bot-125x125.png","url":"https:\/\/portaltela.pt\/s.01k8rhncp4jt1\/2025\/11\/talking-bot-125x125.png","contentUrl":"https:\/\/portaltela.pt\/s.01k8rhncp4jt1\/2025\/11\/talking-bot-125x125.png","caption":"Telinha"},"sameAs":["https:\/\/portaltela.pt\/"],"url":"https:\/\/portaltela.pt\/por\/367410592786\/"}]}},"_links":{"self":[{"href":"https:\/\/portaltela.pt\/api\/wp\/v2\/posts\/196515","targetHints":{"allow":["GET"]}}],"collection":[{"href":"https:\/\/portaltela.pt\/api\/wp\/v2\/posts"}],"about":[{"href":"https:\/\/portaltela.pt\/api\/wp\/v2\/types\/post"}],"author":[{"embeddable":true,"href":"https:\/\/portaltela.pt\/api\/wp\/v2\/users\/2"}],"replies":[{"embeddable":true,"href":"https:\/\/portaltela.pt\/api\/wp\/v2\/comments?post=196515"}],"version-history":[{"count":0,"href":"https:\/\/portaltela.pt\/api\/wp\/v2\/posts\/196515\/revisions"}],"wp:featuredmedia":[{"embeddable":true,"href":"https:\/\/portaltela.pt\/api\/wp\/v2\/media\/196520"}],"wp:attachment":[{"href":"https:\/\/portaltela.pt\/api\/wp\/v2\/media?parent=196515"}],"wp:term":[{"taxonomy":"category","embeddable":true,"href":"https:\/\/portaltela.pt\/api\/wp\/v2\/categories?post=196515"},{"taxonomy":"post_tag","embeddable":true,"href":"https:\/\/portaltela.pt\/api\/wp\/v2\/tags?post=196515"}],"curies":[{"name":"wp","href":"https:\/\/api.w.org\/{rel}","templated":true}]}}