{"id":196473,"date":"2026-02-04T09:07:00","date_gmt":"2026-02-04T12:07:00","guid":{"rendered":"https:\/\/portaltela.pt\/noticias\/2026\/02\/04\/alojamento-local-assaltado-no-porto-enquanto-hospedes-dormiam\/"},"modified":"2026-02-04T09:07:00","modified_gmt":"2026-02-04T12:07:00","slug":"alojamento-local-assaltado-no-porto-enquanto-hospedes-dormiam","status":"publish","type":"post","link":"https:\/\/portaltela.pt\/noticias\/2026\/02\/04\/alojamento-local-assaltado-no-porto-enquanto-hospedes-dormiam\/","title":{"rendered":"Alojamento local assaltado no Porto enquanto h\u00f3spedes dormiam"},"content":{"rendered":"<p>Um jovem de 20 anos foi detido pela PSP ap\u00f3s tentar assaltar h\u00f3spedes de um alojamento local no Porto, na Largo dos L\u00f3ios. O suspeito entrou no im\u00f3vel depois de conseguir ver o c\u00f3digo de acesso da porta principal. O epis\u00f3dio ocorreu na madrugada de domingo, por volta das 4h40.<\/p>\n<p>De acordo com a PSP, o suspeito conhecia a circula\u00e7\u00e3o no estabelecimento e conseguiu aceder ao interior atrav\u00e9s do cofre de chaves, que arrombou. De l\u00e1 apoderou-se de chaves para alcan\u00e7ar \u00e1reas de alojamento.<\/p>\n<p>Ao entrar numa habita\u00e7\u00e3o onde os h\u00f3spedes dormiam, furtou objetos pessoais, incluindo vestu\u00e1rio e joias, avaliados em cerca de 1.000 euros. Abandonou o local sem ser detetado pelos residentes.<\/p>\n<h3>Deten\u00e7\u00e3o e antecedentes<\/h3>\n<p>O indiv\u00edduo foi intercetado na altura em que sa\u00eda apressadamente, ainda com a mochila dos artigos furtados. Foi ouvido em primeiro interrogat\u00f3rio judicial e ficou em pris\u00e3o preventiva. A PSP prossegue a averigua\u00e7\u00e3o para identificar eventuais c\u00famplices.<\/p>\n","protected":false},"excerpt":{"rendered":"<ul>\n<li>Um jovem de 20 anos foi detido pela PSP no Porto por tentar assaltar h\u00f3spedes de um alojamento local no Largo dos L\u00f3ios, ap\u00f3s ver o c\u00f3digo de acesso.<\/li>\n<li>A deten\u00e7\u00e3o ocorreu no domingo passado, por volta das 4h40, ap\u00f3s o suspeito aceder ao im\u00f3vel e observar o funcionamento do estabelecimento.<\/li>\n<li>O indiv\u00edduo abriu um cofre de chaves, retirou as chaves e entrou em espa\u00e7os de alojamento onde estavam h\u00f3spedes a dormir.<\/li>\n<li>Foram furtados v\u00e1rios objetos pessoais, incluindo vestu\u00e1rio e joalharia, no valor total de mil euros, sem que os h\u00f3spedes se apercebessem do crime.<\/li>\n<li>O suspeito foi interceptado quando sa\u00eda com uma mochila contendo os artigos furtados, ficou em pris\u00e3o preventiva ap\u00f3s o primeiro interrogat\u00f3rio judicial.<\/li>\n<\/ul>\n","protected":false},"author":2,"featured_media":196480,"comment_status":"closed","ping_status":"closed","sticky":false,"template":"","format":"standard","meta":{"footnotes":""},"categories":[1],"tags":[491,4994,147,424,982],"class_list":["post-196473","post","type-post","status-publish","format-standard","has-post-thumbnail","hentry","category-noticias","tag-alojamento-local","tag-arrombamento","tag-crime","tag-furto","tag-porto"],"yoast_head":"<!-- This site is optimized with the Yoast SEO plugin v27.2 - https:\/\/yoast.com\/product\/yoast-seo-wordpress\/ -->\n<title>Alojamento local assaltado no Porto enquanto h\u00f3spedes dormiam - Portal Tela Portugal<\/title>\n<meta name=\"robots\" content=\"index, follow, max-snippet:-1, max-image-preview:large, max-video-preview:-1\" \/>\n<meta property=\"og:locale\" content=\"pt_PT\" \/>\n<meta property=\"og:type\" content=\"article\" \/>\n<meta property=\"og:title\" content=\"Alojamento local assaltado no Porto enquanto h\u00f3spedes dormiam - Portal Tela Portugal\" \/>\n<meta property=\"og:description\" content=\"Um jovem de 20 anos foi detido pela PSP no Porto por tentar assaltar h\u00f3spedes de um alojamento local no Largo dos L\u00f3ios, ap\u00f3s ver o c\u00f3digo de acesso. A deten\u00e7\u00e3o ocorreu no domingo passado, por volta das 4h40, ap\u00f3s o suspeito aceder ao im\u00f3vel e observar o funcionamento do estabelecimento. O indiv\u00edduo abriu um cofre de chaves, retirou as chaves e entrou em espa\u00e7os de alojamento onde estavam h\u00f3spedes a dormir. Foram furtados v\u00e1rios objetos pessoais, incluindo vestu\u00e1rio e joalharia, no valor total de mil euros, sem que os h\u00f3spedes se apercebessem do crime. O suspeito foi interceptado quando sa\u00eda com uma mochila contendo os artigos furtados, ficou em pris\u00e3o preventiva ap\u00f3s o primeiro interrogat\u00f3rio judicial.\" \/>\n<meta property=\"og:url\" content=\"https:\/\/portaltela.pt\/noticias\/2026\/02\/04\/alojamento-local-assaltado-no-porto-enquanto-hospedes-dormiam\/\" \/>\n<meta property=\"og:site_name\" content=\"Portal Tela Portugal\" \/>\n<meta property=\"article:published_time\" content=\"2026-02-04T12:07:00+00:00\" \/>\n<meta name=\"author\" content=\"Telinha\" \/>\n<meta name=\"twitter:card\" content=\"summary_large_image\" \/>\n<meta name=\"twitter:label1\" content=\"Escrito por\" \/>\n\t<meta name=\"twitter:data1\" content=\"Telinha\" \/>\n\t<meta name=\"twitter:label2\" content=\"Tempo estimado de leitura\" \/>\n\t<meta name=\"twitter:data2\" content=\"1 minuto\" \/>\n<script type=\"application\/ld+json\" class=\"yoast-schema-graph\">{\"@context\":\"https:\/\/schema.org\",\"@graph\":[{\"@type\":\"Article\",\"@id\":\"https:\/\/portaltela.pt\/noticias\/2026\/02\/04\/alojamento-local-assaltado-no-porto-enquanto-hospedes-dormiam\/#article\",\"isPartOf\":{\"@id\":\"https:\/\/portaltela.pt\/noticias\/2026\/02\/04\/alojamento-local-assaltado-no-porto-enquanto-hospedes-dormiam\/\"},\"author\":{\"name\":\"Telinha\",\"@id\":\"https:\/\/portaltela.pt\/#\/schema\/person\/c4278d4a6028830caff9ee44b42d32ed\"},\"headline\":\"Alojamento local assaltado no Porto enquanto h\u00f3spedes dormiam\",\"datePublished\":\"2026-02-04T12:07:00+00:00\",\"mainEntityOfPage\":{\"@id\":\"https:\/\/portaltela.pt\/noticias\/2026\/02\/04\/alojamento-local-assaltado-no-porto-enquanto-hospedes-dormiam\/\"},\"wordCount\":179,\"image\":{\"@id\":\"https:\/\/portaltela.pt\/noticias\/2026\/02\/04\/alojamento-local-assaltado-no-porto-enquanto-hospedes-dormiam\/#primaryimage\"},\"thumbnailUrl\":\"https:\/\/portaltela.pt\/s.01k8rhncp4jt1\/2026\/02\/image-287.jpg\",\"keywords\":[\"alojamento local\",\"arrombamento\",\"crime\",\"furto\",\"Porto\"],\"articleSection\":[\"Not\u00edcias\"],\"inLanguage\":\"pt-PT\"},{\"@type\":\"WebPage\",\"@id\":\"https:\/\/portaltela.pt\/noticias\/2026\/02\/04\/alojamento-local-assaltado-no-porto-enquanto-hospedes-dormiam\/\",\"url\":\"https:\/\/portaltela.pt\/noticias\/2026\/02\/04\/alojamento-local-assaltado-no-porto-enquanto-hospedes-dormiam\/\",\"name\":\"Alojamento local assaltado no Porto enquanto h\u00f3spedes dormiam - Portal Tela Portugal\",\"isPartOf\":{\"@id\":\"https:\/\/portaltela.pt\/#website\"},\"primaryImageOfPage\":{\"@id\":\"https:\/\/portaltela.pt\/noticias\/2026\/02\/04\/alojamento-local-assaltado-no-porto-enquanto-hospedes-dormiam\/#primaryimage\"},\"image\":{\"@id\":\"https:\/\/portaltela.pt\/noticias\/2026\/02\/04\/alojamento-local-assaltado-no-porto-enquanto-hospedes-dormiam\/#primaryimage\"},\"thumbnailUrl\":\"https:\/\/portaltela.pt\/s.01k8rhncp4jt1\/2026\/02\/image-287.jpg\",\"datePublished\":\"2026-02-04T12:07:00+00:00\",\"author\":{\"@id\":\"https:\/\/portaltela.pt\/#\/schema\/person\/c4278d4a6028830caff9ee44b42d32ed\"},\"breadcrumb\":{\"@id\":\"https:\/\/portaltela.pt\/noticias\/2026\/02\/04\/alojamento-local-assaltado-no-porto-enquanto-hospedes-dormiam\/#breadcrumb\"},\"inLanguage\":\"pt-PT\",\"potentialAction\":[{\"@type\":\"ReadAction\",\"target\":[\"https:\/\/portaltela.pt\/noticias\/2026\/02\/04\/alojamento-local-assaltado-no-porto-enquanto-hospedes-dormiam\/\"]}]},{\"@type\":\"ImageObject\",\"inLanguage\":\"pt-PT\",\"@id\":\"https:\/\/portaltela.pt\/noticias\/2026\/02\/04\/alojamento-local-assaltado-no-porto-enquanto-hospedes-dormiam\/#primaryimage\",\"url\":\"https:\/\/portaltela.pt\/s.01k8rhncp4jt1\/2026\/02\/image-287.jpg\",\"contentUrl\":\"https:\/\/portaltela.pt\/s.01k8rhncp4jt1\/2026\/02\/image-287.jpg\",\"width\":796,\"height\":448,\"caption\":\"Policia deteve jovem que assaltou alojamento local, no Porto\"},{\"@type\":\"BreadcrumbList\",\"@id\":\"https:\/\/portaltela.pt\/noticias\/2026\/02\/04\/alojamento-local-assaltado-no-porto-enquanto-hospedes-dormiam\/#breadcrumb\",\"itemListElement\":[{\"@type\":\"ListItem\",\"position\":1,\"name\":\"In\u00edcio\",\"item\":\"https:\/\/portaltela.pt\/\"},{\"@type\":\"ListItem\",\"position\":2,\"name\":\"Alojamento local assaltado no Porto enquanto h\u00f3spedes dormiam\"}]},{\"@type\":\"WebSite\",\"@id\":\"https:\/\/portaltela.pt\/#website\",\"url\":\"https:\/\/portaltela.pt\/\",\"name\":\"Portal Tela Portugal\",\"description\":\"\",\"potentialAction\":[{\"@type\":\"SearchAction\",\"target\":{\"@type\":\"EntryPoint\",\"urlTemplate\":\"https:\/\/portaltela.pt\/?s={search_term_string}\"},\"query-input\":{\"@type\":\"PropertyValueSpecification\",\"valueRequired\":true,\"valueName\":\"search_term_string\"}}],\"inLanguage\":\"pt-PT\"},{\"@type\":\"Person\",\"@id\":\"https:\/\/portaltela.pt\/#\/schema\/person\/c4278d4a6028830caff9ee44b42d32ed\",\"name\":\"Telinha\",\"image\":{\"@type\":\"ImageObject\",\"inLanguage\":\"pt-PT\",\"@id\":\"https:\/\/portaltela.pt\/s.01k8rhncp4jt1\/2025\/11\/talking-bot-125x125.png\",\"url\":\"https:\/\/portaltela.pt\/s.01k8rhncp4jt1\/2025\/11\/talking-bot-125x125.png\",\"contentUrl\":\"https:\/\/portaltela.pt\/s.01k8rhncp4jt1\/2025\/11\/talking-bot-125x125.png\",\"caption\":\"Telinha\"},\"sameAs\":[\"https:\/\/portaltela.pt\/\"],\"url\":\"https:\/\/portaltela.pt\/por\/367410592786\/\"}]}<\/script>\n<!-- \/ Yoast SEO plugin. -->","yoast_head_json":{"title":"Alojamento local assaltado no Porto enquanto h\u00f3spedes dormiam - Portal Tela Portugal","robots":{"index":"index","follow":"follow","max-snippet":"max-snippet:-1","max-image-preview":"max-image-preview:large","max-video-preview":"max-video-preview:-1"},"og_locale":"pt_PT","og_type":"article","og_title":"Alojamento local assaltado no Porto enquanto h\u00f3spedes dormiam - Portal Tela Portugal","og_description":"Um jovem de 20 anos foi detido pela PSP no Porto por tentar assaltar h\u00f3spedes de um alojamento local no Largo dos L\u00f3ios, ap\u00f3s ver o c\u00f3digo de acesso. A deten\u00e7\u00e3o ocorreu no domingo passado, por volta das 4h40, ap\u00f3s o suspeito aceder ao im\u00f3vel e observar o funcionamento do estabelecimento. O indiv\u00edduo abriu um cofre de chaves, retirou as chaves e entrou em espa\u00e7os de alojamento onde estavam h\u00f3spedes a dormir. Foram furtados v\u00e1rios objetos pessoais, incluindo vestu\u00e1rio e joalharia, no valor total de mil euros, sem que os h\u00f3spedes se apercebessem do crime. O suspeito foi interceptado quando sa\u00eda com uma mochila contendo os artigos furtados, ficou em pris\u00e3o preventiva ap\u00f3s o primeiro interrogat\u00f3rio judicial.","og_url":"https:\/\/portaltela.pt\/noticias\/2026\/02\/04\/alojamento-local-assaltado-no-porto-enquanto-hospedes-dormiam\/","og_site_name":"Portal Tela Portugal","article_published_time":"2026-02-04T12:07:00+00:00","author":"Telinha","twitter_card":"summary_large_image","twitter_misc":{"Escrito por":"Telinha","Tempo estimado de leitura":"1 minuto"},"schema":{"@context":"https:\/\/schema.org","@graph":[{"@type":"Article","@id":"https:\/\/portaltela.pt\/noticias\/2026\/02\/04\/alojamento-local-assaltado-no-porto-enquanto-hospedes-dormiam\/#article","isPartOf":{"@id":"https:\/\/portaltela.pt\/noticias\/2026\/02\/04\/alojamento-local-assaltado-no-porto-enquanto-hospedes-dormiam\/"},"author":{"name":"Telinha","@id":"https:\/\/portaltela.pt\/#\/schema\/person\/c4278d4a6028830caff9ee44b42d32ed"},"headline":"Alojamento local assaltado no Porto enquanto h\u00f3spedes dormiam","datePublished":"2026-02-04T12:07:00+00:00","mainEntityOfPage":{"@id":"https:\/\/portaltela.pt\/noticias\/2026\/02\/04\/alojamento-local-assaltado-no-porto-enquanto-hospedes-dormiam\/"},"wordCount":179,"image":{"@id":"https:\/\/portaltela.pt\/noticias\/2026\/02\/04\/alojamento-local-assaltado-no-porto-enquanto-hospedes-dormiam\/#primaryimage"},"thumbnailUrl":"https:\/\/portaltela.pt\/s.01k8rhncp4jt1\/2026\/02\/image-287.jpg","keywords":["alojamento local","arrombamento","crime","furto","Porto"],"articleSection":["Not\u00edcias"],"inLanguage":"pt-PT"},{"@type":"WebPage","@id":"https:\/\/portaltela.pt\/noticias\/2026\/02\/04\/alojamento-local-assaltado-no-porto-enquanto-hospedes-dormiam\/","url":"https:\/\/portaltela.pt\/noticias\/2026\/02\/04\/alojamento-local-assaltado-no-porto-enquanto-hospedes-dormiam\/","name":"Alojamento local assaltado no Porto enquanto h\u00f3spedes dormiam - Portal Tela Portugal","isPartOf":{"@id":"https:\/\/portaltela.pt\/#website"},"primaryImageOfPage":{"@id":"https:\/\/portaltela.pt\/noticias\/2026\/02\/04\/alojamento-local-assaltado-no-porto-enquanto-hospedes-dormiam\/#primaryimage"},"image":{"@id":"https:\/\/portaltela.pt\/noticias\/2026\/02\/04\/alojamento-local-assaltado-no-porto-enquanto-hospedes-dormiam\/#primaryimage"},"thumbnailUrl":"https:\/\/portaltela.pt\/s.01k8rhncp4jt1\/2026\/02\/image-287.jpg","datePublished":"2026-02-04T12:07:00+00:00","author":{"@id":"https:\/\/portaltela.pt\/#\/schema\/person\/c4278d4a6028830caff9ee44b42d32ed"},"breadcrumb":{"@id":"https:\/\/portaltela.pt\/noticias\/2026\/02\/04\/alojamento-local-assaltado-no-porto-enquanto-hospedes-dormiam\/#breadcrumb"},"inLanguage":"pt-PT","potentialAction":[{"@type":"ReadAction","target":["https:\/\/portaltela.pt\/noticias\/2026\/02\/04\/alojamento-local-assaltado-no-porto-enquanto-hospedes-dormiam\/"]}]},{"@type":"ImageObject","inLanguage":"pt-PT","@id":"https:\/\/portaltela.pt\/noticias\/2026\/02\/04\/alojamento-local-assaltado-no-porto-enquanto-hospedes-dormiam\/#primaryimage","url":"https:\/\/portaltela.pt\/s.01k8rhncp4jt1\/2026\/02\/image-287.jpg","contentUrl":"https:\/\/portaltela.pt\/s.01k8rhncp4jt1\/2026\/02\/image-287.jpg","width":796,"height":448,"caption":"Policia deteve jovem que assaltou alojamento local, no Porto"},{"@type":"BreadcrumbList","@id":"https:\/\/portaltela.pt\/noticias\/2026\/02\/04\/alojamento-local-assaltado-no-porto-enquanto-hospedes-dormiam\/#breadcrumb","itemListElement":[{"@type":"ListItem","position":1,"name":"In\u00edcio","item":"https:\/\/portaltela.pt\/"},{"@type":"ListItem","position":2,"name":"Alojamento local assaltado no Porto enquanto h\u00f3spedes dormiam"}]},{"@type":"WebSite","@id":"https:\/\/portaltela.pt\/#website","url":"https:\/\/portaltela.pt\/","name":"Portal Tela Portugal","description":"","potentialAction":[{"@type":"SearchAction","target":{"@type":"EntryPoint","urlTemplate":"https:\/\/portaltela.pt\/?s={search_term_string}"},"query-input":{"@type":"PropertyValueSpecification","valueRequired":true,"valueName":"search_term_string"}}],"inLanguage":"pt-PT"},{"@type":"Person","@id":"https:\/\/portaltela.pt\/#\/schema\/person\/c4278d4a6028830caff9ee44b42d32ed","name":"Telinha","image":{"@type":"ImageObject","inLanguage":"pt-PT","@id":"https:\/\/portaltela.pt\/s.01k8rhncp4jt1\/2025\/11\/talking-bot-125x125.png","url":"https:\/\/portaltela.pt\/s.01k8rhncp4jt1\/2025\/11\/talking-bot-125x125.png","contentUrl":"https:\/\/portaltela.pt\/s.01k8rhncp4jt1\/2025\/11\/talking-bot-125x125.png","caption":"Telinha"},"sameAs":["https:\/\/portaltela.pt\/"],"url":"https:\/\/portaltela.pt\/por\/367410592786\/"}]}},"_links":{"self":[{"href":"https:\/\/portaltela.pt\/api\/wp\/v2\/posts\/196473","targetHints":{"allow":["GET"]}}],"collection":[{"href":"https:\/\/portaltela.pt\/api\/wp\/v2\/posts"}],"about":[{"href":"https:\/\/portaltela.pt\/api\/wp\/v2\/types\/post"}],"author":[{"embeddable":true,"href":"https:\/\/portaltela.pt\/api\/wp\/v2\/users\/2"}],"replies":[{"embeddable":true,"href":"https:\/\/portaltela.pt\/api\/wp\/v2\/comments?post=196473"}],"version-history":[{"count":0,"href":"https:\/\/portaltela.pt\/api\/wp\/v2\/posts\/196473\/revisions"}],"wp:featuredmedia":[{"embeddable":true,"href":"https:\/\/portaltela.pt\/api\/wp\/v2\/media\/196480"}],"wp:attachment":[{"href":"https:\/\/portaltela.pt\/api\/wp\/v2\/media?parent=196473"}],"wp:term":[{"taxonomy":"category","embeddable":true,"href":"https:\/\/portaltela.pt\/api\/wp\/v2\/categories?post=196473"},{"taxonomy":"post_tag","embeddable":true,"href":"https:\/\/portaltela.pt\/api\/wp\/v2\/tags?post=196473"}],"curies":[{"name":"wp","href":"https:\/\/api.w.org\/{rel}","templated":true}]}}