{"id":196471,"date":"2026-02-04T08:54:10","date_gmt":"2026-02-04T11:54:10","guid":{"rendered":"https:\/\/portaltela.pt\/noticias\/2026\/02\/04\/rastreio-cancro-da-mama-atinge-meta-outros-falham\/"},"modified":"2026-02-04T08:54:10","modified_gmt":"2026-02-04T11:54:10","slug":"rastreio-cancro-da-mama-atinge-meta-outros-falham","status":"publish","type":"post","link":"https:\/\/portaltela.pt\/noticias\/2026\/02\/04\/rastreio-cancro-da-mama-atinge-meta-outros-falham\/","title":{"rendered":"Rastreio: cancro da mama atinge meta, outros falham"},"content":{"rendered":"<p>Em 2024, o rastreio ao cancro da mama alcan\u00e7ou a meta prevista, com 877.377 mulheres convidadas e 440.190 a realizar o teste. O processo registou uma ades\u00e3o de 50%, com a maioria dos exames efetuados no Continente (412.546), seguidos dos A\u00e7ores (12.161) e da Madeira (15.483).<\/p>\n<p>A cobertura populacional do rastreio mam\u00e1rio ultrapassou 90%, tornando-se o indicador mais elevado do ano. Contudo, a leitura global do programa mant\u00e9m-se desfasada de outras \u00e1reas, nomeadamente o cancro do colo do \u00fatero e o c\u00f3lon e reto.<\/p>\n<h3>Cobertura e ades\u00e3o em outros rastreios<\/h3>\n<p>J\u00e1 no rastreio do colo do \u00fatero, a cobertura ficou nos 61%, ainda que tenha sido o maior n\u00famero de convidadas (365.978) e de rastreadas (344.405) de sempre. A diretora do Programa Nacional para as Doen\u00e7as Oncol\u00f3gicas reconhece o desempenho, mas aponta que h\u00e1 espa\u00e7o para melhoria.<\/p>\n<p>No cancro do c\u00f3lon e reto, a cobertura populacional foi de 32,5% em 2024, com ades\u00e3o de 50% e 268.710 utentes rastreados. Foram identificadas 20.230 les\u00f5es por colonoscopia, das quais 531 foram referenciadas para cuidados hospitalares.<\/p>\n<h3>Perspetivas para 2026 e projetos futuros<\/h3>\n<p>Para 2026, a DGS aponta a meta de 90% de cobertura para os tr\u00eas rastreios de base populacional e o refor\u00e7o de linhas de financiamento. A amplia\u00e7\u00e3o de hor\u00e1rios de funcionamento \u00e9 uma das medidas previstas para melhorar o acesso.<\/p>\n<p>A coopera\u00e7\u00e3o com o Registo Oncol\u00f3gico Nacional (RON) \u00e9 considerada essencial para uma vis\u00e3o nacional integrada. Em Portugal, tamb\u00e9m existem pilotos de novos rastreios, como pulm\u00e3o, pr\u00f3stata e est\u00f4mago, j\u00e1 em andamento ou previstos para as pr\u00f3ximas semanas.<\/p>\n","protected":false},"excerpt":{"rendered":"<ul>\n<li>O rastreio do cancro da mama teve 877.377 mulheres convidadas; 440.190 fizeram o exame, representando uma ades\u00e3o de 50% e cobertura superior a 90%.<\/li>\n<li>Para o colo do \u00fatero houve 365.978 convites, com 344.405 rastreadas e cobertura de 61%; foram detetados 43.968 testes de HPV positivos, com 20.373 encaminhados para cuidados hospitalares.<\/li>\n<li>No cancro do c\u00f3lon e reto, a cobertura populacional ficou em 32,5% e a ades\u00e3o em 50%, com 268.710 utentes rastreados; 20.230 apresentaram les\u00f5es e 531 foram referenciados.<\/li>\n<li>O relat\u00f3rio indica necessidade de acelerar melhorias nas normas de rastreio, aumentar hor\u00e1rios de funcionamento, fortalecer sistemas de informa\u00e7\u00e3o e promover maior liga\u00e7\u00e3o com o Registo Oncol\u00f3gico Nacional.<\/li>\n<li>Para 2026, prev\u00ea-se atingir 90% de cobertura nos tr\u00eas rastreios de base populacional, com pilotos novos (pulm\u00e3o, pr\u00f3stata e est\u00f4mago) e poss\u00edveis financiamentos europeus para avaliar custo-efetividade.<\/li>\n<\/ul>\n","protected":false},"author":2,"featured_media":196476,"comment_status":"closed","ping_status":"closed","sticky":false,"template":"","format":"standard","meta":{"footnotes":""},"categories":[1],"tags":[1874,5256,3994,1014,271],"class_list":["post-196471","post","type-post","status-publish","format-standard","has-post-thumbnail","hentry","category-noticias","tag-cancer","tag-cancro-da-mama","tag-oncologia","tag-portugal","tag-saude-publica"],"yoast_head":"<!-- This site is optimized with the Yoast SEO plugin v27.2 - https:\/\/yoast.com\/product\/yoast-seo-wordpress\/ -->\n<title>Rastreio: cancro da mama atinge meta, outros falham - Portal Tela Portugal<\/title>\n<meta name=\"robots\" content=\"index, follow, max-snippet:-1, max-image-preview:large, max-video-preview:-1\" \/>\n<meta property=\"og:locale\" content=\"pt_PT\" \/>\n<meta property=\"og:type\" content=\"article\" \/>\n<meta property=\"og:title\" content=\"Rastreio: cancro da mama atinge meta, outros falham - Portal Tela Portugal\" \/>\n<meta property=\"og:description\" content=\"O rastreio do cancro da mama teve 877.377 mulheres convidadas; 440.190 fizeram o exame, representando uma ades\u00e3o de 50% e cobertura superior a 90%. Para o colo do \u00fatero houve 365.978 convites, com 344.405 rastreadas e cobertura de 61%; foram detetados 43.968 testes de HPV positivos, com 20.373 encaminhados para cuidados hospitalares. No cancro do c\u00f3lon e reto, a cobertura populacional ficou em 32,5% e a ades\u00e3o em 50%, com 268.710 utentes rastreados; 20.230 apresentaram les\u00f5es e 531 foram referenciados. O relat\u00f3rio indica necessidade de acelerar melhorias nas normas de rastreio, aumentar hor\u00e1rios de funcionamento, fortalecer sistemas de informa\u00e7\u00e3o e promover maior liga\u00e7\u00e3o com o Registo Oncol\u00f3gico Nacional. Para 2026, prev\u00ea-se atingir 90% de cobertura nos tr\u00eas rastreios de base populacional, com pilotos novos (pulm\u00e3o, pr\u00f3stata e est\u00f4mago) e poss\u00edveis financiamentos europeus para avaliar custo-efetividade.\" \/>\n<meta property=\"og:url\" content=\"https:\/\/portaltela.pt\/noticias\/2026\/02\/04\/rastreio-cancro-da-mama-atinge-meta-outros-falham\/\" \/>\n<meta property=\"og:site_name\" content=\"Portal Tela Portugal\" \/>\n<meta property=\"article:published_time\" content=\"2026-02-04T11:54:10+00:00\" \/>\n<meta name=\"author\" content=\"Telinha\" \/>\n<meta name=\"twitter:card\" content=\"summary_large_image\" \/>\n<meta name=\"twitter:label1\" content=\"Escrito por\" \/>\n\t<meta name=\"twitter:data1\" content=\"Telinha\" \/>\n\t<meta name=\"twitter:label2\" content=\"Tempo estimado de leitura\" \/>\n\t<meta name=\"twitter:data2\" content=\"1 minuto\" \/>\n<script type=\"application\/ld+json\" class=\"yoast-schema-graph\">{\"@context\":\"https:\/\/schema.org\",\"@graph\":[{\"@type\":\"Article\",\"@id\":\"https:\/\/portaltela.pt\/noticias\/2026\/02\/04\/rastreio-cancro-da-mama-atinge-meta-outros-falham\/#article\",\"isPartOf\":{\"@id\":\"https:\/\/portaltela.pt\/noticias\/2026\/02\/04\/rastreio-cancro-da-mama-atinge-meta-outros-falham\/\"},\"author\":{\"name\":\"Telinha\",\"@id\":\"https:\/\/portaltela.pt\/#\/schema\/person\/c4278d4a6028830caff9ee44b42d32ed\"},\"headline\":\"Rastreio: cancro da mama atinge meta, outros falham\",\"datePublished\":\"2026-02-04T11:54:10+00:00\",\"mainEntityOfPage\":{\"@id\":\"https:\/\/portaltela.pt\/noticias\/2026\/02\/04\/rastreio-cancro-da-mama-atinge-meta-outros-falham\/\"},\"wordCount\":269,\"image\":{\"@id\":\"https:\/\/portaltela.pt\/noticias\/2026\/02\/04\/rastreio-cancro-da-mama-atinge-meta-outros-falham\/#primaryimage\"},\"thumbnailUrl\":\"https:\/\/portaltela.pt\/s.01k8rhncp4jt1\/2026\/02\/gettyimages-925863586-scaled-1.jpg\",\"keywords\":[\"C\u00e2ncer\",\"Cancro da Mama\",\"Oncologia\",\"Portugal\",\"sa\u00fade p\u00fablica\"],\"articleSection\":[\"Not\u00edcias\"],\"inLanguage\":\"pt-PT\"},{\"@type\":\"WebPage\",\"@id\":\"https:\/\/portaltela.pt\/noticias\/2026\/02\/04\/rastreio-cancro-da-mama-atinge-meta-outros-falham\/\",\"url\":\"https:\/\/portaltela.pt\/noticias\/2026\/02\/04\/rastreio-cancro-da-mama-atinge-meta-outros-falham\/\",\"name\":\"Rastreio: cancro da mama atinge meta, outros falham - Portal Tela Portugal\",\"isPartOf\":{\"@id\":\"https:\/\/portaltela.pt\/#website\"},\"primaryImageOfPage\":{\"@id\":\"https:\/\/portaltela.pt\/noticias\/2026\/02\/04\/rastreio-cancro-da-mama-atinge-meta-outros-falham\/#primaryimage\"},\"image\":{\"@id\":\"https:\/\/portaltela.pt\/noticias\/2026\/02\/04\/rastreio-cancro-da-mama-atinge-meta-outros-falham\/#primaryimage\"},\"thumbnailUrl\":\"https:\/\/portaltela.pt\/s.01k8rhncp4jt1\/2026\/02\/gettyimages-925863586-scaled-1.jpg\",\"datePublished\":\"2026-02-04T11:54:10+00:00\",\"author\":{\"@id\":\"https:\/\/portaltela.pt\/#\/schema\/person\/c4278d4a6028830caff9ee44b42d32ed\"},\"breadcrumb\":{\"@id\":\"https:\/\/portaltela.pt\/noticias\/2026\/02\/04\/rastreio-cancro-da-mama-atinge-meta-outros-falham\/#breadcrumb\"},\"inLanguage\":\"pt-PT\",\"potentialAction\":[{\"@type\":\"ReadAction\",\"target\":[\"https:\/\/portaltela.pt\/noticias\/2026\/02\/04\/rastreio-cancro-da-mama-atinge-meta-outros-falham\/\"]}]},{\"@type\":\"ImageObject\",\"inLanguage\":\"pt-PT\",\"@id\":\"https:\/\/portaltela.pt\/noticias\/2026\/02\/04\/rastreio-cancro-da-mama-atinge-meta-outros-falham\/#primaryimage\",\"url\":\"https:\/\/portaltela.pt\/s.01k8rhncp4jt1\/2026\/02\/gettyimages-925863586-scaled-1.jpg\",\"contentUrl\":\"https:\/\/portaltela.pt\/s.01k8rhncp4jt1\/2026\/02\/gettyimages-925863586-scaled-1.jpg\",\"width\":796,\"height\":448,\"caption\":\"Photo\"},{\"@type\":\"BreadcrumbList\",\"@id\":\"https:\/\/portaltela.pt\/noticias\/2026\/02\/04\/rastreio-cancro-da-mama-atinge-meta-outros-falham\/#breadcrumb\",\"itemListElement\":[{\"@type\":\"ListItem\",\"position\":1,\"name\":\"In\u00edcio\",\"item\":\"https:\/\/portaltela.pt\/\"},{\"@type\":\"ListItem\",\"position\":2,\"name\":\"Rastreio: cancro da mama atinge meta, outros falham\"}]},{\"@type\":\"WebSite\",\"@id\":\"https:\/\/portaltela.pt\/#website\",\"url\":\"https:\/\/portaltela.pt\/\",\"name\":\"Portal Tela Portugal\",\"description\":\"\",\"potentialAction\":[{\"@type\":\"SearchAction\",\"target\":{\"@type\":\"EntryPoint\",\"urlTemplate\":\"https:\/\/portaltela.pt\/?s={search_term_string}\"},\"query-input\":{\"@type\":\"PropertyValueSpecification\",\"valueRequired\":true,\"valueName\":\"search_term_string\"}}],\"inLanguage\":\"pt-PT\"},{\"@type\":\"Person\",\"@id\":\"https:\/\/portaltela.pt\/#\/schema\/person\/c4278d4a6028830caff9ee44b42d32ed\",\"name\":\"Telinha\",\"image\":{\"@type\":\"ImageObject\",\"inLanguage\":\"pt-PT\",\"@id\":\"https:\/\/portaltela.pt\/s.01k8rhncp4jt1\/2025\/11\/talking-bot-125x125.png\",\"url\":\"https:\/\/portaltela.pt\/s.01k8rhncp4jt1\/2025\/11\/talking-bot-125x125.png\",\"contentUrl\":\"https:\/\/portaltela.pt\/s.01k8rhncp4jt1\/2025\/11\/talking-bot-125x125.png\",\"caption\":\"Telinha\"},\"sameAs\":[\"https:\/\/portaltela.pt\/\"],\"url\":\"https:\/\/portaltela.pt\/por\/367410592786\/\"}]}<\/script>\n<!-- \/ Yoast SEO plugin. -->","yoast_head_json":{"title":"Rastreio: cancro da mama atinge meta, outros falham - Portal Tela Portugal","robots":{"index":"index","follow":"follow","max-snippet":"max-snippet:-1","max-image-preview":"max-image-preview:large","max-video-preview":"max-video-preview:-1"},"og_locale":"pt_PT","og_type":"article","og_title":"Rastreio: cancro da mama atinge meta, outros falham - Portal Tela Portugal","og_description":"O rastreio do cancro da mama teve 877.377 mulheres convidadas; 440.190 fizeram o exame, representando uma ades\u00e3o de 50% e cobertura superior a 90%. Para o colo do \u00fatero houve 365.978 convites, com 344.405 rastreadas e cobertura de 61%; foram detetados 43.968 testes de HPV positivos, com 20.373 encaminhados para cuidados hospitalares. No cancro do c\u00f3lon e reto, a cobertura populacional ficou em 32,5% e a ades\u00e3o em 50%, com 268.710 utentes rastreados; 20.230 apresentaram les\u00f5es e 531 foram referenciados. O relat\u00f3rio indica necessidade de acelerar melhorias nas normas de rastreio, aumentar hor\u00e1rios de funcionamento, fortalecer sistemas de informa\u00e7\u00e3o e promover maior liga\u00e7\u00e3o com o Registo Oncol\u00f3gico Nacional. Para 2026, prev\u00ea-se atingir 90% de cobertura nos tr\u00eas rastreios de base populacional, com pilotos novos (pulm\u00e3o, pr\u00f3stata e est\u00f4mago) e poss\u00edveis financiamentos europeus para avaliar custo-efetividade.","og_url":"https:\/\/portaltela.pt\/noticias\/2026\/02\/04\/rastreio-cancro-da-mama-atinge-meta-outros-falham\/","og_site_name":"Portal Tela Portugal","article_published_time":"2026-02-04T11:54:10+00:00","author":"Telinha","twitter_card":"summary_large_image","twitter_misc":{"Escrito por":"Telinha","Tempo estimado de leitura":"1 minuto"},"schema":{"@context":"https:\/\/schema.org","@graph":[{"@type":"Article","@id":"https:\/\/portaltela.pt\/noticias\/2026\/02\/04\/rastreio-cancro-da-mama-atinge-meta-outros-falham\/#article","isPartOf":{"@id":"https:\/\/portaltela.pt\/noticias\/2026\/02\/04\/rastreio-cancro-da-mama-atinge-meta-outros-falham\/"},"author":{"name":"Telinha","@id":"https:\/\/portaltela.pt\/#\/schema\/person\/c4278d4a6028830caff9ee44b42d32ed"},"headline":"Rastreio: cancro da mama atinge meta, outros falham","datePublished":"2026-02-04T11:54:10+00:00","mainEntityOfPage":{"@id":"https:\/\/portaltela.pt\/noticias\/2026\/02\/04\/rastreio-cancro-da-mama-atinge-meta-outros-falham\/"},"wordCount":269,"image":{"@id":"https:\/\/portaltela.pt\/noticias\/2026\/02\/04\/rastreio-cancro-da-mama-atinge-meta-outros-falham\/#primaryimage"},"thumbnailUrl":"https:\/\/portaltela.pt\/s.01k8rhncp4jt1\/2026\/02\/gettyimages-925863586-scaled-1.jpg","keywords":["C\u00e2ncer","Cancro da Mama","Oncologia","Portugal","sa\u00fade p\u00fablica"],"articleSection":["Not\u00edcias"],"inLanguage":"pt-PT"},{"@type":"WebPage","@id":"https:\/\/portaltela.pt\/noticias\/2026\/02\/04\/rastreio-cancro-da-mama-atinge-meta-outros-falham\/","url":"https:\/\/portaltela.pt\/noticias\/2026\/02\/04\/rastreio-cancro-da-mama-atinge-meta-outros-falham\/","name":"Rastreio: cancro da mama atinge meta, outros falham - Portal Tela Portugal","isPartOf":{"@id":"https:\/\/portaltela.pt\/#website"},"primaryImageOfPage":{"@id":"https:\/\/portaltela.pt\/noticias\/2026\/02\/04\/rastreio-cancro-da-mama-atinge-meta-outros-falham\/#primaryimage"},"image":{"@id":"https:\/\/portaltela.pt\/noticias\/2026\/02\/04\/rastreio-cancro-da-mama-atinge-meta-outros-falham\/#primaryimage"},"thumbnailUrl":"https:\/\/portaltela.pt\/s.01k8rhncp4jt1\/2026\/02\/gettyimages-925863586-scaled-1.jpg","datePublished":"2026-02-04T11:54:10+00:00","author":{"@id":"https:\/\/portaltela.pt\/#\/schema\/person\/c4278d4a6028830caff9ee44b42d32ed"},"breadcrumb":{"@id":"https:\/\/portaltela.pt\/noticias\/2026\/02\/04\/rastreio-cancro-da-mama-atinge-meta-outros-falham\/#breadcrumb"},"inLanguage":"pt-PT","potentialAction":[{"@type":"ReadAction","target":["https:\/\/portaltela.pt\/noticias\/2026\/02\/04\/rastreio-cancro-da-mama-atinge-meta-outros-falham\/"]}]},{"@type":"ImageObject","inLanguage":"pt-PT","@id":"https:\/\/portaltela.pt\/noticias\/2026\/02\/04\/rastreio-cancro-da-mama-atinge-meta-outros-falham\/#primaryimage","url":"https:\/\/portaltela.pt\/s.01k8rhncp4jt1\/2026\/02\/gettyimages-925863586-scaled-1.jpg","contentUrl":"https:\/\/portaltela.pt\/s.01k8rhncp4jt1\/2026\/02\/gettyimages-925863586-scaled-1.jpg","width":796,"height":448,"caption":"Photo"},{"@type":"BreadcrumbList","@id":"https:\/\/portaltela.pt\/noticias\/2026\/02\/04\/rastreio-cancro-da-mama-atinge-meta-outros-falham\/#breadcrumb","itemListElement":[{"@type":"ListItem","position":1,"name":"In\u00edcio","item":"https:\/\/portaltela.pt\/"},{"@type":"ListItem","position":2,"name":"Rastreio: cancro da mama atinge meta, outros falham"}]},{"@type":"WebSite","@id":"https:\/\/portaltela.pt\/#website","url":"https:\/\/portaltela.pt\/","name":"Portal Tela Portugal","description":"","potentialAction":[{"@type":"SearchAction","target":{"@type":"EntryPoint","urlTemplate":"https:\/\/portaltela.pt\/?s={search_term_string}"},"query-input":{"@type":"PropertyValueSpecification","valueRequired":true,"valueName":"search_term_string"}}],"inLanguage":"pt-PT"},{"@type":"Person","@id":"https:\/\/portaltela.pt\/#\/schema\/person\/c4278d4a6028830caff9ee44b42d32ed","name":"Telinha","image":{"@type":"ImageObject","inLanguage":"pt-PT","@id":"https:\/\/portaltela.pt\/s.01k8rhncp4jt1\/2025\/11\/talking-bot-125x125.png","url":"https:\/\/portaltela.pt\/s.01k8rhncp4jt1\/2025\/11\/talking-bot-125x125.png","contentUrl":"https:\/\/portaltela.pt\/s.01k8rhncp4jt1\/2025\/11\/talking-bot-125x125.png","caption":"Telinha"},"sameAs":["https:\/\/portaltela.pt\/"],"url":"https:\/\/portaltela.pt\/por\/367410592786\/"}]}},"_links":{"self":[{"href":"https:\/\/portaltela.pt\/api\/wp\/v2\/posts\/196471","targetHints":{"allow":["GET"]}}],"collection":[{"href":"https:\/\/portaltela.pt\/api\/wp\/v2\/posts"}],"about":[{"href":"https:\/\/portaltela.pt\/api\/wp\/v2\/types\/post"}],"author":[{"embeddable":true,"href":"https:\/\/portaltela.pt\/api\/wp\/v2\/users\/2"}],"replies":[{"embeddable":true,"href":"https:\/\/portaltela.pt\/api\/wp\/v2\/comments?post=196471"}],"version-history":[{"count":0,"href":"https:\/\/portaltela.pt\/api\/wp\/v2\/posts\/196471\/revisions"}],"wp:featuredmedia":[{"embeddable":true,"href":"https:\/\/portaltela.pt\/api\/wp\/v2\/media\/196476"}],"wp:attachment":[{"href":"https:\/\/portaltela.pt\/api\/wp\/v2\/media?parent=196471"}],"wp:term":[{"taxonomy":"category","embeddable":true,"href":"https:\/\/portaltela.pt\/api\/wp\/v2\/categories?post=196471"},{"taxonomy":"post_tag","embeddable":true,"href":"https:\/\/portaltela.pt\/api\/wp\/v2\/tags?post=196471"}],"curies":[{"name":"wp","href":"https:\/\/api.w.org\/{rel}","templated":true}]}}