{"id":196446,"date":"2026-02-04T08:57:33","date_gmt":"2026-02-04T11:57:33","guid":{"rendered":"https:\/\/portaltela.pt\/noticias\/2026\/02\/04\/colisao-frontal-na-praca-da-republica-em-borba-deixa-morto-e-crianca-ferida\/"},"modified":"2026-02-04T08:57:33","modified_gmt":"2026-02-04T11:57:33","slug":"colisao-frontal-na-praca-da-republica-em-borba-deixa-morto-e-crianca-ferida","status":"publish","type":"post","link":"https:\/\/portaltela.pt\/noticias\/2026\/02\/04\/colisao-frontal-na-praca-da-republica-em-borba-deixa-morto-e-crianca-ferida\/","title":{"rendered":"Colis\u00e3o frontal na Pra\u00e7a da Rep\u00fablica em Borba deixa morto e crian\u00e7a ferida"},"content":{"rendered":"<p>A Pra\u00e7a da Rep\u00fablica, em Borba, foi palco de um acidente de via\u00e7\u00e3o ao final da tarde de ontem. Uma colis\u00e3o frontal entre dois ve\u00edculos ligeiros de passageiros levou \u00e0 morte de um homem de 61 anos e deixou uma crian\u00e7a de sete anos em estado grave.<\/p>\n<p>O alerta chegou \u00e0s 18h34, desencadeando uma opera\u00e7\u00e3o de socorro com 25 operacionais e 10 viaturas. O \u00f3bito do homem de 61 anos foi confirmado no local pelo m\u00e9dico da equipa do INEM.<\/p>\n<p>A crian\u00e7a de sete anos foi estabilizada no local e transportada com urg\u00eancia para o Hospital de \u00c9vora. Um homem de 37 anos sofreu ferimentos leves e tamb\u00e9m foi encaminhado para a mesma unidade hospitalar.<\/p>\n<h3>Equipa de resposta e investiga\u00e7\u00e3o<\/h3>\n<p>No teatro de opera\u00e7\u00f5es estiveram presentes os Bombeiros de Borba e de Vila Vi\u00e7osa, o INEM, a viatura SIV de Estremoz e a GNR, que assegurou a investiga\u00e7\u00e3o para apurar as causas da colis\u00e3o, ocorrida na zona central da vila.<\/p>\n","protected":false},"excerpt":{"rendered":"<ul>\n<li>Ao final da tarde de ontem, \u00e0s 18h34, ocorreu uma colis\u00e3o frontal entre dois ve\u00edculos ligeiros na Pra\u00e7a da Rep\u00fablica, em Borba.<\/li>\n<li>Um homem de 61 anos morreu no local, segundo o m\u00e9dico da equipa do INEM.<\/li>\n<li>Uma crian\u00e7a de sete anos ficou em estado grave e foi transportada com urg\u00eancia para o Hospital de \u00c9vora.<\/li>\n<li>Um homem de 37 anos sofreu ferimentos ligeiros e tamb\u00e9m foi encaminhado para o hospital.<\/li>\n<li>No teatro de opera\u00e7\u00f5es estiveram os Bombeiros de Borba e de Vila Vi\u00e7osa, o INEM, a viatura SIV de Estremoz e a GNR, que investiga as causas.<\/li>\n<\/ul>\n","protected":false},"author":2,"featured_media":196456,"comment_status":"closed","ping_status":"closed","sticky":false,"template":"","format":"standard","meta":{"footnotes":""},"categories":[1],"tags":[2088,971,4070,1074,3764,1922],"class_list":["post-196446","post","type-post","status-publish","format-standard","has-post-thumbnail","hentry","category-noticias","tag-acidente-de-viacao","tag-bombeiros","tag-borba","tag-evora","tag-feridos-graves","tag-inem"],"yoast_head":"<!-- This site is optimized with the Yoast SEO plugin v27.2 - https:\/\/yoast.com\/product\/yoast-seo-wordpress\/ -->\n<title>Colis\u00e3o frontal na Pra\u00e7a da Rep\u00fablica em Borba deixa morto e crian\u00e7a ferida - Portal Tela Portugal<\/title>\n<meta name=\"robots\" content=\"index, follow, max-snippet:-1, max-image-preview:large, max-video-preview:-1\" \/>\n<meta property=\"og:locale\" content=\"pt_PT\" \/>\n<meta property=\"og:type\" content=\"article\" \/>\n<meta property=\"og:title\" content=\"Colis\u00e3o frontal na Pra\u00e7a da Rep\u00fablica em Borba deixa morto e crian\u00e7a ferida - Portal Tela Portugal\" \/>\n<meta property=\"og:description\" content=\"Ao final da tarde de ontem, \u00e0s 18h34, ocorreu uma colis\u00e3o frontal entre dois ve\u00edculos ligeiros na Pra\u00e7a da Rep\u00fablica, em Borba. Um homem de 61 anos morreu no local, segundo o m\u00e9dico da equipa do INEM. Uma crian\u00e7a de sete anos ficou em estado grave e foi transportada com urg\u00eancia para o Hospital de \u00c9vora. Um homem de 37 anos sofreu ferimentos ligeiros e tamb\u00e9m foi encaminhado para o hospital. No teatro de opera\u00e7\u00f5es estiveram os Bombeiros de Borba e de Vila Vi\u00e7osa, o INEM, a viatura SIV de Estremoz e a GNR, que investiga as causas.\" \/>\n<meta property=\"og:url\" content=\"https:\/\/portaltela.pt\/noticias\/2026\/02\/04\/colisao-frontal-na-praca-da-republica-em-borba-deixa-morto-e-crianca-ferida\/\" \/>\n<meta property=\"og:site_name\" content=\"Portal Tela Portugal\" \/>\n<meta property=\"article:published_time\" content=\"2026-02-04T11:57:33+00:00\" \/>\n<meta name=\"author\" content=\"Telinha\" \/>\n<meta name=\"twitter:card\" content=\"summary_large_image\" \/>\n<meta name=\"twitter:label1\" content=\"Escrito por\" \/>\n\t<meta name=\"twitter:data1\" content=\"Telinha\" \/>\n\t<meta name=\"twitter:label2\" content=\"Tempo estimado de leitura\" \/>\n\t<meta name=\"twitter:data2\" content=\"1 minuto\" \/>\n<script type=\"application\/ld+json\" class=\"yoast-schema-graph\">{\"@context\":\"https:\/\/schema.org\",\"@graph\":[{\"@type\":\"Article\",\"@id\":\"https:\/\/portaltela.pt\/noticias\/2026\/02\/04\/colisao-frontal-na-praca-da-republica-em-borba-deixa-morto-e-crianca-ferida\/#article\",\"isPartOf\":{\"@id\":\"https:\/\/portaltela.pt\/noticias\/2026\/02\/04\/colisao-frontal-na-praca-da-republica-em-borba-deixa-morto-e-crianca-ferida\/\"},\"author\":{\"name\":\"Telinha\",\"@id\":\"https:\/\/portaltela.pt\/#\/schema\/person\/c4278d4a6028830caff9ee44b42d32ed\"},\"headline\":\"Colis\u00e3o frontal na Pra\u00e7a da Rep\u00fablica em Borba deixa morto e crian\u00e7a ferida\",\"datePublished\":\"2026-02-04T11:57:33+00:00\",\"mainEntityOfPage\":{\"@id\":\"https:\/\/portaltela.pt\/noticias\/2026\/02\/04\/colisao-frontal-na-praca-da-republica-em-borba-deixa-morto-e-crianca-ferida\/\"},\"wordCount\":187,\"image\":{\"@id\":\"https:\/\/portaltela.pt\/noticias\/2026\/02\/04\/colisao-frontal-na-praca-da-republica-em-borba-deixa-morto-e-crianca-ferida\/#primaryimage\"},\"thumbnailUrl\":\"https:\/\/portaltela.pt\/s.01k8rhncp4jt1\/2026\/02\/unnamed-file-1193.jpg\",\"keywords\":[\"acidente de via\u00e7\u00e3o\",\"bombeiros\",\"Borba\",\"\u00c9vora\",\"feridos graves\",\"INEM\"],\"articleSection\":[\"Not\u00edcias\"],\"inLanguage\":\"pt-PT\"},{\"@type\":\"WebPage\",\"@id\":\"https:\/\/portaltela.pt\/noticias\/2026\/02\/04\/colisao-frontal-na-praca-da-republica-em-borba-deixa-morto-e-crianca-ferida\/\",\"url\":\"https:\/\/portaltela.pt\/noticias\/2026\/02\/04\/colisao-frontal-na-praca-da-republica-em-borba-deixa-morto-e-crianca-ferida\/\",\"name\":\"Colis\u00e3o frontal na Pra\u00e7a da Rep\u00fablica em Borba deixa morto e crian\u00e7a ferida - Portal Tela Portugal\",\"isPartOf\":{\"@id\":\"https:\/\/portaltela.pt\/#website\"},\"primaryImageOfPage\":{\"@id\":\"https:\/\/portaltela.pt\/noticias\/2026\/02\/04\/colisao-frontal-na-praca-da-republica-em-borba-deixa-morto-e-crianca-ferida\/#primaryimage\"},\"image\":{\"@id\":\"https:\/\/portaltela.pt\/noticias\/2026\/02\/04\/colisao-frontal-na-praca-da-republica-em-borba-deixa-morto-e-crianca-ferida\/#primaryimage\"},\"thumbnailUrl\":\"https:\/\/portaltela.pt\/s.01k8rhncp4jt1\/2026\/02\/unnamed-file-1193.jpg\",\"datePublished\":\"2026-02-04T11:57:33+00:00\",\"author\":{\"@id\":\"https:\/\/portaltela.pt\/#\/schema\/person\/c4278d4a6028830caff9ee44b42d32ed\"},\"breadcrumb\":{\"@id\":\"https:\/\/portaltela.pt\/noticias\/2026\/02\/04\/colisao-frontal-na-praca-da-republica-em-borba-deixa-morto-e-crianca-ferida\/#breadcrumb\"},\"inLanguage\":\"pt-PT\",\"potentialAction\":[{\"@type\":\"ReadAction\",\"target\":[\"https:\/\/portaltela.pt\/noticias\/2026\/02\/04\/colisao-frontal-na-praca-da-republica-em-borba-deixa-morto-e-crianca-ferida\/\"]}]},{\"@type\":\"ImageObject\",\"inLanguage\":\"pt-PT\",\"@id\":\"https:\/\/portaltela.pt\/noticias\/2026\/02\/04\/colisao-frontal-na-praca-da-republica-em-borba-deixa-morto-e-crianca-ferida\/#primaryimage\",\"url\":\"https:\/\/portaltela.pt\/s.01k8rhncp4jt1\/2026\/02\/unnamed-file-1193.jpg\",\"contentUrl\":\"https:\/\/portaltela.pt\/s.01k8rhncp4jt1\/2026\/02\/unnamed-file-1193.jpg\",\"width\":796,\"height\":448,\"caption\":\"Colis\u00e3o na A2 junto a Castro Verde provoca uma v\u00edtima mortal e um ferido\"},{\"@type\":\"BreadcrumbList\",\"@id\":\"https:\/\/portaltela.pt\/noticias\/2026\/02\/04\/colisao-frontal-na-praca-da-republica-em-borba-deixa-morto-e-crianca-ferida\/#breadcrumb\",\"itemListElement\":[{\"@type\":\"ListItem\",\"position\":1,\"name\":\"In\u00edcio\",\"item\":\"https:\/\/portaltela.pt\/\"},{\"@type\":\"ListItem\",\"position\":2,\"name\":\"Colis\u00e3o frontal na Pra\u00e7a da Rep\u00fablica em Borba deixa morto e crian\u00e7a ferida\"}]},{\"@type\":\"WebSite\",\"@id\":\"https:\/\/portaltela.pt\/#website\",\"url\":\"https:\/\/portaltela.pt\/\",\"name\":\"Portal Tela Portugal\",\"description\":\"\",\"potentialAction\":[{\"@type\":\"SearchAction\",\"target\":{\"@type\":\"EntryPoint\",\"urlTemplate\":\"https:\/\/portaltela.pt\/?s={search_term_string}\"},\"query-input\":{\"@type\":\"PropertyValueSpecification\",\"valueRequired\":true,\"valueName\":\"search_term_string\"}}],\"inLanguage\":\"pt-PT\"},{\"@type\":\"Person\",\"@id\":\"https:\/\/portaltela.pt\/#\/schema\/person\/c4278d4a6028830caff9ee44b42d32ed\",\"name\":\"Telinha\",\"image\":{\"@type\":\"ImageObject\",\"inLanguage\":\"pt-PT\",\"@id\":\"https:\/\/portaltela.pt\/s.01k8rhncp4jt1\/2025\/11\/talking-bot-125x125.png\",\"url\":\"https:\/\/portaltela.pt\/s.01k8rhncp4jt1\/2025\/11\/talking-bot-125x125.png\",\"contentUrl\":\"https:\/\/portaltela.pt\/s.01k8rhncp4jt1\/2025\/11\/talking-bot-125x125.png\",\"caption\":\"Telinha\"},\"sameAs\":[\"https:\/\/portaltela.pt\/\"],\"url\":\"https:\/\/portaltela.pt\/por\/367410592786\/\"}]}<\/script>\n<!-- \/ Yoast SEO plugin. -->","yoast_head_json":{"title":"Colis\u00e3o frontal na Pra\u00e7a da Rep\u00fablica em Borba deixa morto e crian\u00e7a ferida - Portal Tela Portugal","robots":{"index":"index","follow":"follow","max-snippet":"max-snippet:-1","max-image-preview":"max-image-preview:large","max-video-preview":"max-video-preview:-1"},"og_locale":"pt_PT","og_type":"article","og_title":"Colis\u00e3o frontal na Pra\u00e7a da Rep\u00fablica em Borba deixa morto e crian\u00e7a ferida - Portal Tela Portugal","og_description":"Ao final da tarde de ontem, \u00e0s 18h34, ocorreu uma colis\u00e3o frontal entre dois ve\u00edculos ligeiros na Pra\u00e7a da Rep\u00fablica, em Borba. Um homem de 61 anos morreu no local, segundo o m\u00e9dico da equipa do INEM. Uma crian\u00e7a de sete anos ficou em estado grave e foi transportada com urg\u00eancia para o Hospital de \u00c9vora. Um homem de 37 anos sofreu ferimentos ligeiros e tamb\u00e9m foi encaminhado para o hospital. No teatro de opera\u00e7\u00f5es estiveram os Bombeiros de Borba e de Vila Vi\u00e7osa, o INEM, a viatura SIV de Estremoz e a GNR, que investiga as causas.","og_url":"https:\/\/portaltela.pt\/noticias\/2026\/02\/04\/colisao-frontal-na-praca-da-republica-em-borba-deixa-morto-e-crianca-ferida\/","og_site_name":"Portal Tela Portugal","article_published_time":"2026-02-04T11:57:33+00:00","author":"Telinha","twitter_card":"summary_large_image","twitter_misc":{"Escrito por":"Telinha","Tempo estimado de leitura":"1 minuto"},"schema":{"@context":"https:\/\/schema.org","@graph":[{"@type":"Article","@id":"https:\/\/portaltela.pt\/noticias\/2026\/02\/04\/colisao-frontal-na-praca-da-republica-em-borba-deixa-morto-e-crianca-ferida\/#article","isPartOf":{"@id":"https:\/\/portaltela.pt\/noticias\/2026\/02\/04\/colisao-frontal-na-praca-da-republica-em-borba-deixa-morto-e-crianca-ferida\/"},"author":{"name":"Telinha","@id":"https:\/\/portaltela.pt\/#\/schema\/person\/c4278d4a6028830caff9ee44b42d32ed"},"headline":"Colis\u00e3o frontal na Pra\u00e7a da Rep\u00fablica em Borba deixa morto e crian\u00e7a ferida","datePublished":"2026-02-04T11:57:33+00:00","mainEntityOfPage":{"@id":"https:\/\/portaltela.pt\/noticias\/2026\/02\/04\/colisao-frontal-na-praca-da-republica-em-borba-deixa-morto-e-crianca-ferida\/"},"wordCount":187,"image":{"@id":"https:\/\/portaltela.pt\/noticias\/2026\/02\/04\/colisao-frontal-na-praca-da-republica-em-borba-deixa-morto-e-crianca-ferida\/#primaryimage"},"thumbnailUrl":"https:\/\/portaltela.pt\/s.01k8rhncp4jt1\/2026\/02\/unnamed-file-1193.jpg","keywords":["acidente de via\u00e7\u00e3o","bombeiros","Borba","\u00c9vora","feridos graves","INEM"],"articleSection":["Not\u00edcias"],"inLanguage":"pt-PT"},{"@type":"WebPage","@id":"https:\/\/portaltela.pt\/noticias\/2026\/02\/04\/colisao-frontal-na-praca-da-republica-em-borba-deixa-morto-e-crianca-ferida\/","url":"https:\/\/portaltela.pt\/noticias\/2026\/02\/04\/colisao-frontal-na-praca-da-republica-em-borba-deixa-morto-e-crianca-ferida\/","name":"Colis\u00e3o frontal na Pra\u00e7a da Rep\u00fablica em Borba deixa morto e crian\u00e7a ferida - Portal Tela Portugal","isPartOf":{"@id":"https:\/\/portaltela.pt\/#website"},"primaryImageOfPage":{"@id":"https:\/\/portaltela.pt\/noticias\/2026\/02\/04\/colisao-frontal-na-praca-da-republica-em-borba-deixa-morto-e-crianca-ferida\/#primaryimage"},"image":{"@id":"https:\/\/portaltela.pt\/noticias\/2026\/02\/04\/colisao-frontal-na-praca-da-republica-em-borba-deixa-morto-e-crianca-ferida\/#primaryimage"},"thumbnailUrl":"https:\/\/portaltela.pt\/s.01k8rhncp4jt1\/2026\/02\/unnamed-file-1193.jpg","datePublished":"2026-02-04T11:57:33+00:00","author":{"@id":"https:\/\/portaltela.pt\/#\/schema\/person\/c4278d4a6028830caff9ee44b42d32ed"},"breadcrumb":{"@id":"https:\/\/portaltela.pt\/noticias\/2026\/02\/04\/colisao-frontal-na-praca-da-republica-em-borba-deixa-morto-e-crianca-ferida\/#breadcrumb"},"inLanguage":"pt-PT","potentialAction":[{"@type":"ReadAction","target":["https:\/\/portaltela.pt\/noticias\/2026\/02\/04\/colisao-frontal-na-praca-da-republica-em-borba-deixa-morto-e-crianca-ferida\/"]}]},{"@type":"ImageObject","inLanguage":"pt-PT","@id":"https:\/\/portaltela.pt\/noticias\/2026\/02\/04\/colisao-frontal-na-praca-da-republica-em-borba-deixa-morto-e-crianca-ferida\/#primaryimage","url":"https:\/\/portaltela.pt\/s.01k8rhncp4jt1\/2026\/02\/unnamed-file-1193.jpg","contentUrl":"https:\/\/portaltela.pt\/s.01k8rhncp4jt1\/2026\/02\/unnamed-file-1193.jpg","width":796,"height":448,"caption":"Colis\u00e3o na A2 junto a Castro Verde provoca uma v\u00edtima mortal e um ferido"},{"@type":"BreadcrumbList","@id":"https:\/\/portaltela.pt\/noticias\/2026\/02\/04\/colisao-frontal-na-praca-da-republica-em-borba-deixa-morto-e-crianca-ferida\/#breadcrumb","itemListElement":[{"@type":"ListItem","position":1,"name":"In\u00edcio","item":"https:\/\/portaltela.pt\/"},{"@type":"ListItem","position":2,"name":"Colis\u00e3o frontal na Pra\u00e7a da Rep\u00fablica em Borba deixa morto e crian\u00e7a ferida"}]},{"@type":"WebSite","@id":"https:\/\/portaltela.pt\/#website","url":"https:\/\/portaltela.pt\/","name":"Portal Tela Portugal","description":"","potentialAction":[{"@type":"SearchAction","target":{"@type":"EntryPoint","urlTemplate":"https:\/\/portaltela.pt\/?s={search_term_string}"},"query-input":{"@type":"PropertyValueSpecification","valueRequired":true,"valueName":"search_term_string"}}],"inLanguage":"pt-PT"},{"@type":"Person","@id":"https:\/\/portaltela.pt\/#\/schema\/person\/c4278d4a6028830caff9ee44b42d32ed","name":"Telinha","image":{"@type":"ImageObject","inLanguage":"pt-PT","@id":"https:\/\/portaltela.pt\/s.01k8rhncp4jt1\/2025\/11\/talking-bot-125x125.png","url":"https:\/\/portaltela.pt\/s.01k8rhncp4jt1\/2025\/11\/talking-bot-125x125.png","contentUrl":"https:\/\/portaltela.pt\/s.01k8rhncp4jt1\/2025\/11\/talking-bot-125x125.png","caption":"Telinha"},"sameAs":["https:\/\/portaltela.pt\/"],"url":"https:\/\/portaltela.pt\/por\/367410592786\/"}]}},"_links":{"self":[{"href":"https:\/\/portaltela.pt\/api\/wp\/v2\/posts\/196446","targetHints":{"allow":["GET"]}}],"collection":[{"href":"https:\/\/portaltela.pt\/api\/wp\/v2\/posts"}],"about":[{"href":"https:\/\/portaltela.pt\/api\/wp\/v2\/types\/post"}],"author":[{"embeddable":true,"href":"https:\/\/portaltela.pt\/api\/wp\/v2\/users\/2"}],"replies":[{"embeddable":true,"href":"https:\/\/portaltela.pt\/api\/wp\/v2\/comments?post=196446"}],"version-history":[{"count":0,"href":"https:\/\/portaltela.pt\/api\/wp\/v2\/posts\/196446\/revisions"}],"wp:featuredmedia":[{"embeddable":true,"href":"https:\/\/portaltela.pt\/api\/wp\/v2\/media\/196456"}],"wp:attachment":[{"href":"https:\/\/portaltela.pt\/api\/wp\/v2\/media?parent=196446"}],"wp:term":[{"taxonomy":"category","embeddable":true,"href":"https:\/\/portaltela.pt\/api\/wp\/v2\/categories?post=196446"},{"taxonomy":"post_tag","embeddable":true,"href":"https:\/\/portaltela.pt\/api\/wp\/v2\/tags?post=196446"}],"curies":[{"name":"wp","href":"https:\/\/api.w.org\/{rel}","templated":true}]}}