{"id":196435,"date":"2026-02-04T09:02:37","date_gmt":"2026-02-04T12:02:37","guid":{"rendered":"https:\/\/portaltela.pt\/noticias\/2026\/02\/04\/libia-atualizacoes-recentes-e-perspetivas-de-estabilidade-regional\/"},"modified":"2026-02-04T09:02:37","modified_gmt":"2026-02-04T12:02:37","slug":"libia-atualizacoes-recentes-e-perspetivas-de-estabilidade-regional","status":"publish","type":"post","link":"https:\/\/portaltela.pt\/noticias\/internacional\/2026\/02\/04\/libia-atualizacoes-recentes-e-perspetivas-de-estabilidade-regional\/","title":{"rendered":"L\u00edbia: atualiza\u00e7\u00f5es recentes e perspetivas de estabilidade regional"},"content":{"rendered":"<p>A pol\u00edcia l\u00edbia confirmou a morte de Seif al-Islam, filho de Muammar Gaddafi, na sua resid\u00eancia em Zintan, no oeste do pa\u00eds. A morte ocorreu durante uma opera\u00e7\u00e3o de captura, anunciada pelo Minist\u00e9rio do Interior l\u00edbio. O caso encerra uma busca que durava desde a queda de Gaddafi em 2011.<\/p>\n<p>Seif al-Islam era uma figura central na pol\u00edtica l\u00edbia e tinha sido condenado \u00e0 morte em 2015 por um tribunal de Tripoli, senten\u00e7a que nunca foi executada. A not\u00edcia gerou rea\u00e7\u00f5es diversas no pa\u00eds, com celebra\u00e7\u00f5es em algumas regi\u00f5es e apreens\u00e3o noutros setores sobre o futuro pol\u00edtico.<\/p>\n<h3>Migra\u00e7\u00e3o no Mediterr\u00e2neo<\/h3>\n<p>A Alarm Phone informou que um barco com 117 pessoas a bordo afundou ap\u00f3s partir da L\u00edbia na noite de 18 de dezembro, citando o \u00fanico sobrevivente resgatado por pescadores tunisinos. As informa\u00e7\u00f5es ainda n\u00e3o foram verificadas de forma independente.<\/p>\n<p>No Mediterr\u00e2neo central, ativistas denunciaram dificuldades na opera\u00e7\u00e3o de salvamento devido a pol\u00edticas europeias e italianas que dificultam a interven\u00e7\u00e3o de ONG. A posi\u00e7\u00e3o de v\u00e1rios pa\u00edses tem gerado diverg\u00eancias sobre salvamento e responsabilidade.<\/p>\n<h3>Avan\u00e7os e incidentes no contexto l\u00edbio e regional<\/h3>\n<p>A not\u00edcia sobre o chefe do Estado-Ma\u00e7\u00e3o das For\u00e7as Armadas l\u00edbias, Mohammed Ali al Haddad, falhou num acidente de avi\u00e3o que ocorreu perto de Ancara, na Turquia. O jato, que partiu de Ancara com destino a Tripoli, despenhou-se ap\u00f3s falha t\u00e9cnica, sem sobreviventes entre os quatro acompanhantes.<\/p>\n<p>Destro\u00e7os do avi\u00e3o foram encontrados no distrito de Haymana, na Turquia, e confirmam a morte de Al Haddad e das outras pessoas a bordo. Autoridades turcas e l\u00edbias aguardam mais informa\u00e7\u00f5es t\u00e9cnicas para as causas do acidente.<\/p>\n<p>Um caso relacionado envolve a deten\u00e7\u00e3o de Khaled Mohamed Ali El Hishri, acusado de crimes de guerra e crimes contra a humanidade, incluindo assassinato, tortura e viola\u00e7\u00e3o numa pris\u00e3o na L\u00edbia. A deten\u00e7\u00e3o decorre de procedimentos do Tribunal Penal Internacional.<\/p>\n<p>Na esfera internacional, a UE tem mantido negocia\u00e7\u00f5es com o Leste da L\u00edbia sobre migra\u00e7\u00e3o, com discuss\u00f5es t\u00e9cnicas entre a Comiss\u00e3o Europeia e representantes do governo de unidade nacional. Bruxelas tem vindo a aprofundar o di\u00e1logo pol\u00edtico com o Leste da L\u00edbia.<\/p>\n<h3>Outros temas de interesse regional<\/h3>\n<p>O ex-presidente franc\u00eas Nicolas Sarkozy enfrenta deten\u00e7\u00e3o prevista para outubro, ap\u00f3s ter sido condenado por associa\u00e7\u00e3o criminosa related com financiamento ilegal de campanha ligado ao pa\u00eds. A decis\u00e3o entra num conjunto de casos que envolvem liga\u00e7\u00f5es a opera\u00e7\u00f5es na L\u00edbia de tempos de Kadhafi.<\/p>\n<p>A L\u00edbia continua a ser uma rota de migra\u00e7\u00e3o para a Europa, com dezenas de migrantes resgatados ao longo da costa grega no in\u00edcio da semana, segundo fontes locais. As autoridades gregas est\u00e3o a acompanhar os desenvolvimentos e a coordenar opera\u00e7\u00f5es de salvamento.<\/p>\n<p>Gr\u00e9cia e L\u00edbia tentam melhorar as rela\u00e7\u00f5es bilaterais, com ministros de assuntos estrangeiros a discutir a redu\u00e7\u00e3o de tens\u00f5es. As autoridades esperam que estes contactos contribuam para uma rela\u00e7\u00e3o mais est\u00e1vel entre ambos os pa\u00edses.<\/p>\n<p>O Tribunal Penal Internacional reiterou pedidos de investiga\u00e7\u00e3o na L\u00edbia no contexto da viol\u00eancia de 2011, que acompanhou a queda de Kadhafi e o in\u00edcio de uma guerra civil. O \u00f3rg\u00e3o continua a acompanhar casos de crimes de guerra e viola\u00e7\u00e3o de direitos humanos.<\/p>\n","protected":false},"excerpt":{"rendered":"<ul>\n<li>A pol\u00edcia l\u00edbia confirmou a morte de Seif al-Islam Kadhafi na sua casa em Zintan, no oeste do pa\u00eds, durante uma opera\u00e7\u00e3o de captura.<\/li>\n<li>Seif al-Islam era visto como figura-chave na pol\u00edtica l\u00edbia e tinha sido condenado \u00e0 morte em 2015, senten\u00e7a que nunca foi executada.<\/li>\n<li>A ONG Alarm Phone disse que um barco com 117 pessoas a bordo se afundou ap\u00f3s partir da L\u00edbia na noite de 18 de dezembro; o \u00fanico sobrevivente foi resgatado por pescadores tunisinos.<\/li>\n<li>O chefe do Estado-Maior das For\u00e7as Armadas l\u00edbias, Mohammed Ali al Haddad, morreu num acidente de avi\u00e3o perto de Ancara, na Turquia; n\u00e3o houve sobreviventes entre os quatro outros funcion\u00e1rios e tr\u00eas membros da tripula\u00e7\u00e3o.<\/li>\n<li>Alemanha enviou para o Tribunal Penal Internacional um cidad\u00e3o l\u00edbio, Khaled Mohamed Ali El Hishri, acusado de crimes de guerra e crimes contra a humanidade.<\/li>\n<\/ul>\n","protected":false},"author":2,"featured_media":196437,"comment_status":"closed","ping_status":"closed","sticky":false,"template":"","format":"standard","meta":{"footnotes":""},"categories":[4,1],"tags":[637,2819,3768,1456,5384,2055],"class_list":["post-196435","post","type-post","status-publish","format-standard","has-post-thumbnail","hentry","category-internacional","category-noticias","tag-assuntos-internacionais","tag-crimes-de-guerra","tag-libia","tag-migracao","tag-tribunal-penal-internacional","tag-uniao-europeia"],"yoast_head":"<!-- This site is optimized with the Yoast SEO plugin v27.2 - https:\/\/yoast.com\/product\/yoast-seo-wordpress\/ -->\n<title>L\u00edbia: atualiza\u00e7\u00f5es recentes e perspetivas de estabilidade regional - Portal Tela Portugal<\/title>\n<meta name=\"robots\" content=\"index, follow, max-snippet:-1, max-image-preview:large, max-video-preview:-1\" \/>\n<meta property=\"og:locale\" content=\"pt_PT\" \/>\n<meta property=\"og:type\" content=\"article\" \/>\n<meta property=\"og:title\" content=\"L\u00edbia: atualiza\u00e7\u00f5es recentes e perspetivas de estabilidade regional - Portal Tela Portugal\" \/>\n<meta property=\"og:description\" content=\"A pol\u00edcia l\u00edbia confirmou a morte de Seif al-Islam Kadhafi na sua casa em Zintan, no oeste do pa\u00eds, durante uma opera\u00e7\u00e3o de captura. Seif al-Islam era visto como figura-chave na pol\u00edtica l\u00edbia e tinha sido condenado \u00e0 morte em 2015, senten\u00e7a que nunca foi executada. A ONG Alarm Phone disse que um barco com 117 pessoas a bordo se afundou ap\u00f3s partir da L\u00edbia na noite de 18 de dezembro; o \u00fanico sobrevivente foi resgatado por pescadores tunisinos. O chefe do Estado-Maior das For\u00e7as Armadas l\u00edbias, Mohammed Ali al Haddad, morreu num acidente de avi\u00e3o perto de Ancara, na Turquia; n\u00e3o houve sobreviventes entre os quatro outros funcion\u00e1rios e tr\u00eas membros da tripula\u00e7\u00e3o. Alemanha enviou para o Tribunal Penal Internacional um cidad\u00e3o l\u00edbio, Khaled Mohamed Ali El Hishri, acusado de crimes de guerra e crimes contra a humanidade.\" \/>\n<meta property=\"og:url\" content=\"https:\/\/portaltela.pt\/noticias\/2026\/02\/04\/libia-atualizacoes-recentes-e-perspetivas-de-estabilidade-regional\/\" \/>\n<meta property=\"og:site_name\" content=\"Portal Tela Portugal\" \/>\n<meta property=\"article:published_time\" content=\"2026-02-04T12:02:37+00:00\" \/>\n<meta name=\"author\" content=\"Telinha\" \/>\n<meta name=\"twitter:card\" content=\"summary_large_image\" \/>\n<meta name=\"twitter:label1\" content=\"Escrito por\" \/>\n\t<meta name=\"twitter:data1\" content=\"Telinha\" \/>\n\t<meta name=\"twitter:label2\" content=\"Tempo estimado de leitura\" \/>\n\t<meta name=\"twitter:data2\" content=\"3 minutos\" \/>\n<script type=\"application\/ld+json\" class=\"yoast-schema-graph\">{\"@context\":\"https:\/\/schema.org\",\"@graph\":[{\"@type\":\"Article\",\"@id\":\"https:\/\/portaltela.pt\/noticias\/2026\/02\/04\/libia-atualizacoes-recentes-e-perspetivas-de-estabilidade-regional\/#article\",\"isPartOf\":{\"@id\":\"https:\/\/portaltela.pt\/noticias\/2026\/02\/04\/libia-atualizacoes-recentes-e-perspetivas-de-estabilidade-regional\/\"},\"author\":{\"name\":\"Telinha\",\"@id\":\"https:\/\/portaltela.pt\/#\/schema\/person\/c4278d4a6028830caff9ee44b42d32ed\"},\"headline\":\"L\u00edbia: atualiza\u00e7\u00f5es recentes e perspetivas de estabilidade regional\",\"datePublished\":\"2026-02-04T12:02:37+00:00\",\"mainEntityOfPage\":{\"@id\":\"https:\/\/portaltela.pt\/noticias\/2026\/02\/04\/libia-atualizacoes-recentes-e-perspetivas-de-estabilidade-regional\/\"},\"wordCount\":610,\"image\":{\"@id\":\"https:\/\/portaltela.pt\/noticias\/2026\/02\/04\/libia-atualizacoes-recentes-e-perspetivas-de-estabilidade-regional\/#primaryimage\"},\"thumbnailUrl\":\"https:\/\/portaltela.pt\/s.01k8rhncp4jt1\/2026\/02\/320x180_cmsv2_0540d255-18d6-5a69-a4b2-7073b20b85df-9637586.jpg\",\"keywords\":[\"assuntos internacionais\",\"crimes de guerra\",\"L\u00edbia\",\"migra\u00e7\u00e3o\",\"Tribunal Penal Internacional\",\"Uni\u00e3o Europeia\"],\"articleSection\":[\"Internacional\",\"Not\u00edcias\"],\"inLanguage\":\"pt-PT\"},{\"@type\":\"WebPage\",\"@id\":\"https:\/\/portaltela.pt\/noticias\/2026\/02\/04\/libia-atualizacoes-recentes-e-perspetivas-de-estabilidade-regional\/\",\"url\":\"https:\/\/portaltela.pt\/noticias\/2026\/02\/04\/libia-atualizacoes-recentes-e-perspetivas-de-estabilidade-regional\/\",\"name\":\"L\u00edbia: atualiza\u00e7\u00f5es recentes e perspetivas de estabilidade regional - Portal Tela Portugal\",\"isPartOf\":{\"@id\":\"https:\/\/portaltela.pt\/#website\"},\"primaryImageOfPage\":{\"@id\":\"https:\/\/portaltela.pt\/noticias\/2026\/02\/04\/libia-atualizacoes-recentes-e-perspetivas-de-estabilidade-regional\/#primaryimage\"},\"image\":{\"@id\":\"https:\/\/portaltela.pt\/noticias\/2026\/02\/04\/libia-atualizacoes-recentes-e-perspetivas-de-estabilidade-regional\/#primaryimage\"},\"thumbnailUrl\":\"https:\/\/portaltela.pt\/s.01k8rhncp4jt1\/2026\/02\/320x180_cmsv2_0540d255-18d6-5a69-a4b2-7073b20b85df-9637586.jpg\",\"datePublished\":\"2026-02-04T12:02:37+00:00\",\"author\":{\"@id\":\"https:\/\/portaltela.pt\/#\/schema\/person\/c4278d4a6028830caff9ee44b42d32ed\"},\"breadcrumb\":{\"@id\":\"https:\/\/portaltela.pt\/noticias\/2026\/02\/04\/libia-atualizacoes-recentes-e-perspetivas-de-estabilidade-regional\/#breadcrumb\"},\"inLanguage\":\"pt-PT\",\"potentialAction\":[{\"@type\":\"ReadAction\",\"target\":[\"https:\/\/portaltela.pt\/noticias\/2026\/02\/04\/libia-atualizacoes-recentes-e-perspetivas-de-estabilidade-regional\/\"]}]},{\"@type\":\"ImageObject\",\"inLanguage\":\"pt-PT\",\"@id\":\"https:\/\/portaltela.pt\/noticias\/2026\/02\/04\/libia-atualizacoes-recentes-e-perspetivas-de-estabilidade-regional\/#primaryimage\",\"url\":\"https:\/\/portaltela.pt\/s.01k8rhncp4jt1\/2026\/02\/320x180_cmsv2_0540d255-18d6-5a69-a4b2-7073b20b85df-9637586.jpg\",\"contentUrl\":\"https:\/\/portaltela.pt\/s.01k8rhncp4jt1\/2026\/02\/320x180_cmsv2_0540d255-18d6-5a69-a4b2-7073b20b85df-9637586.jpg\",\"width\":796,\"height\":448,\"caption\":\"ARQUIVO - Nesta ter\u00e7a-feira, 23 de agosto de 2011, o filho de Moammar Gadhafi, Seif al-Islam, faz um sinal de vit\u00f3ria ao aparecer no hotel Rixos em Tripoli, na L\u00edbia\"},{\"@type\":\"BreadcrumbList\",\"@id\":\"https:\/\/portaltela.pt\/noticias\/2026\/02\/04\/libia-atualizacoes-recentes-e-perspetivas-de-estabilidade-regional\/#breadcrumb\",\"itemListElement\":[{\"@type\":\"ListItem\",\"position\":1,\"name\":\"In\u00edcio\",\"item\":\"https:\/\/portaltela.pt\/\"},{\"@type\":\"ListItem\",\"position\":2,\"name\":\"L\u00edbia: atualiza\u00e7\u00f5es recentes e perspetivas de estabilidade regional\"}]},{\"@type\":\"WebSite\",\"@id\":\"https:\/\/portaltela.pt\/#website\",\"url\":\"https:\/\/portaltela.pt\/\",\"name\":\"Portal Tela Portugal\",\"description\":\"\",\"potentialAction\":[{\"@type\":\"SearchAction\",\"target\":{\"@type\":\"EntryPoint\",\"urlTemplate\":\"https:\/\/portaltela.pt\/?s={search_term_string}\"},\"query-input\":{\"@type\":\"PropertyValueSpecification\",\"valueRequired\":true,\"valueName\":\"search_term_string\"}}],\"inLanguage\":\"pt-PT\"},{\"@type\":\"Person\",\"@id\":\"https:\/\/portaltela.pt\/#\/schema\/person\/c4278d4a6028830caff9ee44b42d32ed\",\"name\":\"Telinha\",\"image\":{\"@type\":\"ImageObject\",\"inLanguage\":\"pt-PT\",\"@id\":\"https:\/\/portaltela.pt\/s.01k8rhncp4jt1\/2025\/11\/talking-bot-125x125.png\",\"url\":\"https:\/\/portaltela.pt\/s.01k8rhncp4jt1\/2025\/11\/talking-bot-125x125.png\",\"contentUrl\":\"https:\/\/portaltela.pt\/s.01k8rhncp4jt1\/2025\/11\/talking-bot-125x125.png\",\"caption\":\"Telinha\"},\"sameAs\":[\"https:\/\/portaltela.pt\/\"],\"url\":\"https:\/\/portaltela.pt\/por\/367410592786\/\"}]}<\/script>\n<!-- \/ Yoast SEO plugin. -->","yoast_head_json":{"title":"L\u00edbia: atualiza\u00e7\u00f5es recentes e perspetivas de estabilidade regional - Portal Tela Portugal","robots":{"index":"index","follow":"follow","max-snippet":"max-snippet:-1","max-image-preview":"max-image-preview:large","max-video-preview":"max-video-preview:-1"},"og_locale":"pt_PT","og_type":"article","og_title":"L\u00edbia: atualiza\u00e7\u00f5es recentes e perspetivas de estabilidade regional - Portal Tela Portugal","og_description":"A pol\u00edcia l\u00edbia confirmou a morte de Seif al-Islam Kadhafi na sua casa em Zintan, no oeste do pa\u00eds, durante uma opera\u00e7\u00e3o de captura. Seif al-Islam era visto como figura-chave na pol\u00edtica l\u00edbia e tinha sido condenado \u00e0 morte em 2015, senten\u00e7a que nunca foi executada. A ONG Alarm Phone disse que um barco com 117 pessoas a bordo se afundou ap\u00f3s partir da L\u00edbia na noite de 18 de dezembro; o \u00fanico sobrevivente foi resgatado por pescadores tunisinos. O chefe do Estado-Maior das For\u00e7as Armadas l\u00edbias, Mohammed Ali al Haddad, morreu num acidente de avi\u00e3o perto de Ancara, na Turquia; n\u00e3o houve sobreviventes entre os quatro outros funcion\u00e1rios e tr\u00eas membros da tripula\u00e7\u00e3o. Alemanha enviou para o Tribunal Penal Internacional um cidad\u00e3o l\u00edbio, Khaled Mohamed Ali El Hishri, acusado de crimes de guerra e crimes contra a humanidade.","og_url":"https:\/\/portaltela.pt\/noticias\/2026\/02\/04\/libia-atualizacoes-recentes-e-perspetivas-de-estabilidade-regional\/","og_site_name":"Portal Tela Portugal","article_published_time":"2026-02-04T12:02:37+00:00","author":"Telinha","twitter_card":"summary_large_image","twitter_misc":{"Escrito por":"Telinha","Tempo estimado de leitura":"3 minutos"},"schema":{"@context":"https:\/\/schema.org","@graph":[{"@type":"Article","@id":"https:\/\/portaltela.pt\/noticias\/2026\/02\/04\/libia-atualizacoes-recentes-e-perspetivas-de-estabilidade-regional\/#article","isPartOf":{"@id":"https:\/\/portaltela.pt\/noticias\/2026\/02\/04\/libia-atualizacoes-recentes-e-perspetivas-de-estabilidade-regional\/"},"author":{"name":"Telinha","@id":"https:\/\/portaltela.pt\/#\/schema\/person\/c4278d4a6028830caff9ee44b42d32ed"},"headline":"L\u00edbia: atualiza\u00e7\u00f5es recentes e perspetivas de estabilidade regional","datePublished":"2026-02-04T12:02:37+00:00","mainEntityOfPage":{"@id":"https:\/\/portaltela.pt\/noticias\/2026\/02\/04\/libia-atualizacoes-recentes-e-perspetivas-de-estabilidade-regional\/"},"wordCount":610,"image":{"@id":"https:\/\/portaltela.pt\/noticias\/2026\/02\/04\/libia-atualizacoes-recentes-e-perspetivas-de-estabilidade-regional\/#primaryimage"},"thumbnailUrl":"https:\/\/portaltela.pt\/s.01k8rhncp4jt1\/2026\/02\/320x180_cmsv2_0540d255-18d6-5a69-a4b2-7073b20b85df-9637586.jpg","keywords":["assuntos internacionais","crimes de guerra","L\u00edbia","migra\u00e7\u00e3o","Tribunal Penal Internacional","Uni\u00e3o Europeia"],"articleSection":["Internacional","Not\u00edcias"],"inLanguage":"pt-PT"},{"@type":"WebPage","@id":"https:\/\/portaltela.pt\/noticias\/2026\/02\/04\/libia-atualizacoes-recentes-e-perspetivas-de-estabilidade-regional\/","url":"https:\/\/portaltela.pt\/noticias\/2026\/02\/04\/libia-atualizacoes-recentes-e-perspetivas-de-estabilidade-regional\/","name":"L\u00edbia: atualiza\u00e7\u00f5es recentes e perspetivas de estabilidade regional - Portal Tela Portugal","isPartOf":{"@id":"https:\/\/portaltela.pt\/#website"},"primaryImageOfPage":{"@id":"https:\/\/portaltela.pt\/noticias\/2026\/02\/04\/libia-atualizacoes-recentes-e-perspetivas-de-estabilidade-regional\/#primaryimage"},"image":{"@id":"https:\/\/portaltela.pt\/noticias\/2026\/02\/04\/libia-atualizacoes-recentes-e-perspetivas-de-estabilidade-regional\/#primaryimage"},"thumbnailUrl":"https:\/\/portaltela.pt\/s.01k8rhncp4jt1\/2026\/02\/320x180_cmsv2_0540d255-18d6-5a69-a4b2-7073b20b85df-9637586.jpg","datePublished":"2026-02-04T12:02:37+00:00","author":{"@id":"https:\/\/portaltela.pt\/#\/schema\/person\/c4278d4a6028830caff9ee44b42d32ed"},"breadcrumb":{"@id":"https:\/\/portaltela.pt\/noticias\/2026\/02\/04\/libia-atualizacoes-recentes-e-perspetivas-de-estabilidade-regional\/#breadcrumb"},"inLanguage":"pt-PT","potentialAction":[{"@type":"ReadAction","target":["https:\/\/portaltela.pt\/noticias\/2026\/02\/04\/libia-atualizacoes-recentes-e-perspetivas-de-estabilidade-regional\/"]}]},{"@type":"ImageObject","inLanguage":"pt-PT","@id":"https:\/\/portaltela.pt\/noticias\/2026\/02\/04\/libia-atualizacoes-recentes-e-perspetivas-de-estabilidade-regional\/#primaryimage","url":"https:\/\/portaltela.pt\/s.01k8rhncp4jt1\/2026\/02\/320x180_cmsv2_0540d255-18d6-5a69-a4b2-7073b20b85df-9637586.jpg","contentUrl":"https:\/\/portaltela.pt\/s.01k8rhncp4jt1\/2026\/02\/320x180_cmsv2_0540d255-18d6-5a69-a4b2-7073b20b85df-9637586.jpg","width":796,"height":448,"caption":"ARQUIVO - Nesta ter\u00e7a-feira, 23 de agosto de 2011, o filho de Moammar Gadhafi, Seif al-Islam, faz um sinal de vit\u00f3ria ao aparecer no hotel Rixos em Tripoli, na L\u00edbia"},{"@type":"BreadcrumbList","@id":"https:\/\/portaltela.pt\/noticias\/2026\/02\/04\/libia-atualizacoes-recentes-e-perspetivas-de-estabilidade-regional\/#breadcrumb","itemListElement":[{"@type":"ListItem","position":1,"name":"In\u00edcio","item":"https:\/\/portaltela.pt\/"},{"@type":"ListItem","position":2,"name":"L\u00edbia: atualiza\u00e7\u00f5es recentes e perspetivas de estabilidade regional"}]},{"@type":"WebSite","@id":"https:\/\/portaltela.pt\/#website","url":"https:\/\/portaltela.pt\/","name":"Portal Tela Portugal","description":"","potentialAction":[{"@type":"SearchAction","target":{"@type":"EntryPoint","urlTemplate":"https:\/\/portaltela.pt\/?s={search_term_string}"},"query-input":{"@type":"PropertyValueSpecification","valueRequired":true,"valueName":"search_term_string"}}],"inLanguage":"pt-PT"},{"@type":"Person","@id":"https:\/\/portaltela.pt\/#\/schema\/person\/c4278d4a6028830caff9ee44b42d32ed","name":"Telinha","image":{"@type":"ImageObject","inLanguage":"pt-PT","@id":"https:\/\/portaltela.pt\/s.01k8rhncp4jt1\/2025\/11\/talking-bot-125x125.png","url":"https:\/\/portaltela.pt\/s.01k8rhncp4jt1\/2025\/11\/talking-bot-125x125.png","contentUrl":"https:\/\/portaltela.pt\/s.01k8rhncp4jt1\/2025\/11\/talking-bot-125x125.png","caption":"Telinha"},"sameAs":["https:\/\/portaltela.pt\/"],"url":"https:\/\/portaltela.pt\/por\/367410592786\/"}]}},"_links":{"self":[{"href":"https:\/\/portaltela.pt\/api\/wp\/v2\/posts\/196435","targetHints":{"allow":["GET"]}}],"collection":[{"href":"https:\/\/portaltela.pt\/api\/wp\/v2\/posts"}],"about":[{"href":"https:\/\/portaltela.pt\/api\/wp\/v2\/types\/post"}],"author":[{"embeddable":true,"href":"https:\/\/portaltela.pt\/api\/wp\/v2\/users\/2"}],"replies":[{"embeddable":true,"href":"https:\/\/portaltela.pt\/api\/wp\/v2\/comments?post=196435"}],"version-history":[{"count":0,"href":"https:\/\/portaltela.pt\/api\/wp\/v2\/posts\/196435\/revisions"}],"wp:featuredmedia":[{"embeddable":true,"href":"https:\/\/portaltela.pt\/api\/wp\/v2\/media\/196437"}],"wp:attachment":[{"href":"https:\/\/portaltela.pt\/api\/wp\/v2\/media?parent=196435"}],"wp:term":[{"taxonomy":"category","embeddable":true,"href":"https:\/\/portaltela.pt\/api\/wp\/v2\/categories?post=196435"},{"taxonomy":"post_tag","embeddable":true,"href":"https:\/\/portaltela.pt\/api\/wp\/v2\/tags?post=196435"}],"curies":[{"name":"wp","href":"https:\/\/api.w.org\/{rel}","templated":true}]}}