{"id":196353,"date":"2026-02-04T08:18:36","date_gmt":"2026-02-04T11:18:36","guid":{"rendered":"https:\/\/portaltela.pt\/noticias\/2026\/02\/04\/depressao-claudia-reconhecida-como-fenomeno-climaterico-adverso-no-alentejo\/"},"modified":"2026-02-04T08:18:36","modified_gmt":"2026-02-04T11:18:36","slug":"depressao-claudia-reconhecida-como-fenomeno-climaterico-adverso-no-alentejo","status":"publish","type":"post","link":"https:\/\/portaltela.pt\/noticias\/2026\/02\/04\/depressao-claudia-reconhecida-como-fenomeno-climaterico-adverso-no-alentejo\/","title":{"rendered":"Depress\u00e3o Cl\u00e1udia reconhecida como fen\u00f3meno climat\u00e9rico adverso no Alentejo"},"content":{"rendered":"<p>O Governo reconheceu a depress\u00e3o Cl\u00e1udia como um fen\u00f3meno climat\u00e9rico adverso equipar\u00e1vel a cat\u00e1stro natural. A medida permite aceder a apoios para restabelecer o potencial produtivo das explora\u00e7\u00f5es agr\u00edcolas afetadas, incluindo no Alentejo. O despacho chegou a p\u00fablico pelo Despacho n.\u00ba 1218\/2026, de 3 de fevereiro, com efeitos desde 28 de janeiro de 2026.<\/p>\n<p>Entre 12 e 14 de novembro de 2025, Portugal continental sofreu precipita\u00e7\u00e3o intensiva, granizo, trovoadas e ventos fortes. Agricultores reportaram danos significativos a culturas, infraestruturas e equipamentos. O reconhecimento institucional facilita a mobiliza\u00e7\u00e3o de apoios para recupera\u00e7\u00e3o.<\/p>\n<p>Apoio ao restabelecimento do potencial produtivo agr\u00edcola<\/p>\n<p>Foi aberto um apoio nacional sob a tipologia C.4.1.3, inserido na interven\u00e7\u00e3o de Gest\u00e3o de Riscos do PEPAC no continente. O montante dispon\u00edvel \u00e9 de 3,15 milh\u00f5es de euros, em forma de subven\u00e7\u00e3o n\u00e3o reembols\u00e1vel.<\/p>\n<p>O apoio pode cobrir at\u00e9 100% das despesas eleg\u00edveis, at\u00e9 10 mil euros, com percentagens diferenciadas acima desse valor, conforme a exist\u00eancia de seguro agr\u00edcola contratado pelos benefici\u00e1rios.<\/p>\n<p>Concelhos abrangidos no Alentejo<\/p>\n<p>A depress\u00e3o Cl\u00e1udia foi comprovadamente identificada nos seguintes concelhos e freguesias da CCDR Alentejo, I.P.:<\/p>\n<ul>\n<li>Ferreira do Alentejo (Canhestros e Ferreira do Alentejo)<\/li>\n<li>Fronteira (Freguesia de Fronteira)<\/li>\n<li>Monforte (Freguesia de Vaiamonte)<\/li>\n<\/ul>\n<p>As despesas eleg\u00edveis dependem da verifica\u00e7\u00e3o dos preju\u00edzos pela CCDR, IP, entidade territorialmente competente.<\/p>\n<p>Candidaturas dispon\u00edveis at\u00e9 31 de mar\u00e7o<\/p>\n<p>As candidaturas podem ser submetidas at\u00e9 \u00e0s 17h00 de 31 de mar\u00e7o de 2026. O processo \u00e9 feito atrav\u00e9s do portal do PEPAC no continente.<\/p>\n","protected":false},"excerpt":{"rendered":"<ul>\n<li>O Governo reconheceu a depress\u00e3o Cl\u00e1udia como fen\u00f3meno climat\u00e9rico adverso equipar\u00e1vel a cat\u00e1strofe natural, com efeitos desde 28 de janeiro de 2026.<\/li>\n<li>O reconhecimento permite mobilizar apoios para restabelecer o potencial produtivo das explora\u00e7\u00f5es agr\u00edcolas afetadas, incluindo em v\u00e1rios territ\u00f3rios do Alentejo.<\/li>\n<li>O despacho n.\u00ba 1218\/2026, de 3 de fevereiro, define um apoio nacional no \u00e2mbito da tipologia C.4.1.3 \u2014 Restabelecimento do Potencial Produtivo, com um envelope de 3 150 000,00 euros.<\/li>\n<li>O apoio pode cobrir at\u00e9 100% da despesa eleg\u00edvel at\u00e9 ao montante de 10 mil euros, com percentagens diferenciadas acima deste valor consoante exista ou n\u00e3o seguro agr\u00edcola contratado.<\/li>\n<li>Concelhos afetados no Alentejo: Ferreira do Alentejo (Canhestros e Ferreira do Alentejo), Fronteira (Fronteira) e Monforte (Vaiamonte). Candidaturas at\u00e9 31 de mar\u00e7o de 2026, \u00e0s 17h00, via portal PEPAC.<\/li>\n<\/ul>\n","protected":false},"author":2,"featured_media":196362,"comment_status":"closed","ping_status":"closed","sticky":false,"template":"","format":"standard","meta":{"footnotes":""},"categories":[1],"tags":[883,5215,5224,2557,5380,5381],"class_list":["post-196353","post","type-post","status-publish","format-standard","has-post-thumbnail","hentry","category-noticias","tag-alentejo","tag-catastrofes-naturais","tag-clima","tag-depressao","tag-ferreira-do-alentejo","tag-gestao-de-riscos"],"yoast_head":"<!-- This site is optimized with the Yoast SEO plugin v27.2 - https:\/\/yoast.com\/product\/yoast-seo-wordpress\/ -->\n<title>Depress\u00e3o Cl\u00e1udia reconhecida como fen\u00f3meno climat\u00e9rico adverso no Alentejo - Portal Tela Portugal<\/title>\n<meta name=\"robots\" content=\"index, follow, max-snippet:-1, max-image-preview:large, max-video-preview:-1\" \/>\n<meta property=\"og:locale\" content=\"pt_PT\" \/>\n<meta property=\"og:type\" content=\"article\" \/>\n<meta property=\"og:title\" content=\"Depress\u00e3o Cl\u00e1udia reconhecida como fen\u00f3meno climat\u00e9rico adverso no Alentejo - Portal Tela Portugal\" \/>\n<meta property=\"og:description\" content=\"O Governo reconheceu a depress\u00e3o Cl\u00e1udia como fen\u00f3meno climat\u00e9rico adverso equipar\u00e1vel a cat\u00e1strofe natural, com efeitos desde 28 de janeiro de 2026. O reconhecimento permite mobilizar apoios para restabelecer o potencial produtivo das explora\u00e7\u00f5es agr\u00edcolas afetadas, incluindo em v\u00e1rios territ\u00f3rios do Alentejo. O despacho n.\u00ba 1218\/2026, de 3 de fevereiro, define um apoio nacional no \u00e2mbito da tipologia C.4.1.3 \u2014 Restabelecimento do Potencial Produtivo, com um envelope de 3 150 000,00 euros. O apoio pode cobrir at\u00e9 100% da despesa eleg\u00edvel at\u00e9 ao montante de 10 mil euros, com percentagens diferenciadas acima deste valor consoante exista ou n\u00e3o seguro agr\u00edcola contratado. Concelhos afetados no Alentejo: Ferreira do Alentejo (Canhestros e Ferreira do Alentejo), Fronteira (Fronteira) e Monforte (Vaiamonte). Candidaturas at\u00e9 31 de mar\u00e7o de 2026, \u00e0s 17h00, via portal PEPAC.\" \/>\n<meta property=\"og:url\" content=\"https:\/\/portaltela.pt\/noticias\/2026\/02\/04\/depressao-claudia-reconhecida-como-fenomeno-climaterico-adverso-no-alentejo\/\" \/>\n<meta property=\"og:site_name\" content=\"Portal Tela Portugal\" \/>\n<meta property=\"article:published_time\" content=\"2026-02-04T11:18:36+00:00\" \/>\n<meta name=\"author\" content=\"Telinha\" \/>\n<meta name=\"twitter:card\" content=\"summary_large_image\" \/>\n<meta name=\"twitter:label1\" content=\"Escrito por\" \/>\n\t<meta name=\"twitter:data1\" content=\"Telinha\" \/>\n\t<meta name=\"twitter:label2\" content=\"Tempo estimado de leitura\" \/>\n\t<meta name=\"twitter:data2\" content=\"1 minuto\" \/>\n<script type=\"application\/ld+json\" class=\"yoast-schema-graph\">{\"@context\":\"https:\/\/schema.org\",\"@graph\":[{\"@type\":\"Article\",\"@id\":\"https:\/\/portaltela.pt\/noticias\/2026\/02\/04\/depressao-claudia-reconhecida-como-fenomeno-climaterico-adverso-no-alentejo\/#article\",\"isPartOf\":{\"@id\":\"https:\/\/portaltela.pt\/noticias\/2026\/02\/04\/depressao-claudia-reconhecida-como-fenomeno-climaterico-adverso-no-alentejo\/\"},\"author\":{\"name\":\"Telinha\",\"@id\":\"https:\/\/portaltela.pt\/#\/schema\/person\/c4278d4a6028830caff9ee44b42d32ed\"},\"headline\":\"Depress\u00e3o Cl\u00e1udia reconhecida como fen\u00f3meno climat\u00e9rico adverso no Alentejo\",\"datePublished\":\"2026-02-04T11:18:36+00:00\",\"mainEntityOfPage\":{\"@id\":\"https:\/\/portaltela.pt\/noticias\/2026\/02\/04\/depressao-claudia-reconhecida-como-fenomeno-climaterico-adverso-no-alentejo\/\"},\"wordCount\":273,\"image\":{\"@id\":\"https:\/\/portaltela.pt\/noticias\/2026\/02\/04\/depressao-claudia-reconhecida-como-fenomeno-climaterico-adverso-no-alentejo\/#primaryimage\"},\"thumbnailUrl\":\"https:\/\/portaltela.pt\/s.01k8rhncp4jt1\/2026\/02\/depressao_claudia.jpg\",\"keywords\":[\"Alentejo\",\"cat\u00e1strofes naturais\",\"clima\",\"depress\u00e3o\",\"Ferreira do Alentejo\",\"Gest\u00e3o de Riscos\"],\"articleSection\":[\"Not\u00edcias\"],\"inLanguage\":\"pt-PT\"},{\"@type\":\"WebPage\",\"@id\":\"https:\/\/portaltela.pt\/noticias\/2026\/02\/04\/depressao-claudia-reconhecida-como-fenomeno-climaterico-adverso-no-alentejo\/\",\"url\":\"https:\/\/portaltela.pt\/noticias\/2026\/02\/04\/depressao-claudia-reconhecida-como-fenomeno-climaterico-adverso-no-alentejo\/\",\"name\":\"Depress\u00e3o Cl\u00e1udia reconhecida como fen\u00f3meno climat\u00e9rico adverso no Alentejo - Portal Tela Portugal\",\"isPartOf\":{\"@id\":\"https:\/\/portaltela.pt\/#website\"},\"primaryImageOfPage\":{\"@id\":\"https:\/\/portaltela.pt\/noticias\/2026\/02\/04\/depressao-claudia-reconhecida-como-fenomeno-climaterico-adverso-no-alentejo\/#primaryimage\"},\"image\":{\"@id\":\"https:\/\/portaltela.pt\/noticias\/2026\/02\/04\/depressao-claudia-reconhecida-como-fenomeno-climaterico-adverso-no-alentejo\/#primaryimage\"},\"thumbnailUrl\":\"https:\/\/portaltela.pt\/s.01k8rhncp4jt1\/2026\/02\/depressao_claudia.jpg\",\"datePublished\":\"2026-02-04T11:18:36+00:00\",\"author\":{\"@id\":\"https:\/\/portaltela.pt\/#\/schema\/person\/c4278d4a6028830caff9ee44b42d32ed\"},\"breadcrumb\":{\"@id\":\"https:\/\/portaltela.pt\/noticias\/2026\/02\/04\/depressao-claudia-reconhecida-como-fenomeno-climaterico-adverso-no-alentejo\/#breadcrumb\"},\"inLanguage\":\"pt-PT\",\"potentialAction\":[{\"@type\":\"ReadAction\",\"target\":[\"https:\/\/portaltela.pt\/noticias\/2026\/02\/04\/depressao-claudia-reconhecida-como-fenomeno-climaterico-adverso-no-alentejo\/\"]}]},{\"@type\":\"ImageObject\",\"inLanguage\":\"pt-PT\",\"@id\":\"https:\/\/portaltela.pt\/noticias\/2026\/02\/04\/depressao-claudia-reconhecida-como-fenomeno-climaterico-adverso-no-alentejo\/#primaryimage\",\"url\":\"https:\/\/portaltela.pt\/s.01k8rhncp4jt1\/2026\/02\/depressao_claudia.jpg\",\"contentUrl\":\"https:\/\/portaltela.pt\/s.01k8rhncp4jt1\/2026\/02\/depressao_claudia.jpg\",\"width\":796,\"height\":448,\"caption\":\"Depress\u00e3o Cl\u00e1udia reconhecida como fen\u00f3meno climat\u00e9rico adverso \u00ab Comiss\u00e3o de Coordena\u00e7\u00e3o e Desenvolvimento Regional do Alentejo, I.P.\"},{\"@type\":\"BreadcrumbList\",\"@id\":\"https:\/\/portaltela.pt\/noticias\/2026\/02\/04\/depressao-claudia-reconhecida-como-fenomeno-climaterico-adverso-no-alentejo\/#breadcrumb\",\"itemListElement\":[{\"@type\":\"ListItem\",\"position\":1,\"name\":\"In\u00edcio\",\"item\":\"https:\/\/portaltela.pt\/\"},{\"@type\":\"ListItem\",\"position\":2,\"name\":\"Depress\u00e3o Cl\u00e1udia reconhecida como fen\u00f3meno climat\u00e9rico adverso no Alentejo\"}]},{\"@type\":\"WebSite\",\"@id\":\"https:\/\/portaltela.pt\/#website\",\"url\":\"https:\/\/portaltela.pt\/\",\"name\":\"Portal Tela Portugal\",\"description\":\"\",\"potentialAction\":[{\"@type\":\"SearchAction\",\"target\":{\"@type\":\"EntryPoint\",\"urlTemplate\":\"https:\/\/portaltela.pt\/?s={search_term_string}\"},\"query-input\":{\"@type\":\"PropertyValueSpecification\",\"valueRequired\":true,\"valueName\":\"search_term_string\"}}],\"inLanguage\":\"pt-PT\"},{\"@type\":\"Person\",\"@id\":\"https:\/\/portaltela.pt\/#\/schema\/person\/c4278d4a6028830caff9ee44b42d32ed\",\"name\":\"Telinha\",\"image\":{\"@type\":\"ImageObject\",\"inLanguage\":\"pt-PT\",\"@id\":\"https:\/\/portaltela.pt\/s.01k8rhncp4jt1\/2025\/11\/talking-bot-125x125.png\",\"url\":\"https:\/\/portaltela.pt\/s.01k8rhncp4jt1\/2025\/11\/talking-bot-125x125.png\",\"contentUrl\":\"https:\/\/portaltela.pt\/s.01k8rhncp4jt1\/2025\/11\/talking-bot-125x125.png\",\"caption\":\"Telinha\"},\"sameAs\":[\"https:\/\/portaltela.pt\/\"],\"url\":\"https:\/\/portaltela.pt\/por\/367410592786\/\"}]}<\/script>\n<!-- \/ Yoast SEO plugin. -->","yoast_head_json":{"title":"Depress\u00e3o Cl\u00e1udia reconhecida como fen\u00f3meno climat\u00e9rico adverso no Alentejo - Portal Tela Portugal","robots":{"index":"index","follow":"follow","max-snippet":"max-snippet:-1","max-image-preview":"max-image-preview:large","max-video-preview":"max-video-preview:-1"},"og_locale":"pt_PT","og_type":"article","og_title":"Depress\u00e3o Cl\u00e1udia reconhecida como fen\u00f3meno climat\u00e9rico adverso no Alentejo - Portal Tela Portugal","og_description":"O Governo reconheceu a depress\u00e3o Cl\u00e1udia como fen\u00f3meno climat\u00e9rico adverso equipar\u00e1vel a cat\u00e1strofe natural, com efeitos desde 28 de janeiro de 2026. O reconhecimento permite mobilizar apoios para restabelecer o potencial produtivo das explora\u00e7\u00f5es agr\u00edcolas afetadas, incluindo em v\u00e1rios territ\u00f3rios do Alentejo. O despacho n.\u00ba 1218\/2026, de 3 de fevereiro, define um apoio nacional no \u00e2mbito da tipologia C.4.1.3 \u2014 Restabelecimento do Potencial Produtivo, com um envelope de 3 150 000,00 euros. O apoio pode cobrir at\u00e9 100% da despesa eleg\u00edvel at\u00e9 ao montante de 10 mil euros, com percentagens diferenciadas acima deste valor consoante exista ou n\u00e3o seguro agr\u00edcola contratado. Concelhos afetados no Alentejo: Ferreira do Alentejo (Canhestros e Ferreira do Alentejo), Fronteira (Fronteira) e Monforte (Vaiamonte). Candidaturas at\u00e9 31 de mar\u00e7o de 2026, \u00e0s 17h00, via portal PEPAC.","og_url":"https:\/\/portaltela.pt\/noticias\/2026\/02\/04\/depressao-claudia-reconhecida-como-fenomeno-climaterico-adverso-no-alentejo\/","og_site_name":"Portal Tela Portugal","article_published_time":"2026-02-04T11:18:36+00:00","author":"Telinha","twitter_card":"summary_large_image","twitter_misc":{"Escrito por":"Telinha","Tempo estimado de leitura":"1 minuto"},"schema":{"@context":"https:\/\/schema.org","@graph":[{"@type":"Article","@id":"https:\/\/portaltela.pt\/noticias\/2026\/02\/04\/depressao-claudia-reconhecida-como-fenomeno-climaterico-adverso-no-alentejo\/#article","isPartOf":{"@id":"https:\/\/portaltela.pt\/noticias\/2026\/02\/04\/depressao-claudia-reconhecida-como-fenomeno-climaterico-adverso-no-alentejo\/"},"author":{"name":"Telinha","@id":"https:\/\/portaltela.pt\/#\/schema\/person\/c4278d4a6028830caff9ee44b42d32ed"},"headline":"Depress\u00e3o Cl\u00e1udia reconhecida como fen\u00f3meno climat\u00e9rico adverso no Alentejo","datePublished":"2026-02-04T11:18:36+00:00","mainEntityOfPage":{"@id":"https:\/\/portaltela.pt\/noticias\/2026\/02\/04\/depressao-claudia-reconhecida-como-fenomeno-climaterico-adverso-no-alentejo\/"},"wordCount":273,"image":{"@id":"https:\/\/portaltela.pt\/noticias\/2026\/02\/04\/depressao-claudia-reconhecida-como-fenomeno-climaterico-adverso-no-alentejo\/#primaryimage"},"thumbnailUrl":"https:\/\/portaltela.pt\/s.01k8rhncp4jt1\/2026\/02\/depressao_claudia.jpg","keywords":["Alentejo","cat\u00e1strofes naturais","clima","depress\u00e3o","Ferreira do Alentejo","Gest\u00e3o de Riscos"],"articleSection":["Not\u00edcias"],"inLanguage":"pt-PT"},{"@type":"WebPage","@id":"https:\/\/portaltela.pt\/noticias\/2026\/02\/04\/depressao-claudia-reconhecida-como-fenomeno-climaterico-adverso-no-alentejo\/","url":"https:\/\/portaltela.pt\/noticias\/2026\/02\/04\/depressao-claudia-reconhecida-como-fenomeno-climaterico-adverso-no-alentejo\/","name":"Depress\u00e3o Cl\u00e1udia reconhecida como fen\u00f3meno climat\u00e9rico adverso no Alentejo - Portal Tela Portugal","isPartOf":{"@id":"https:\/\/portaltela.pt\/#website"},"primaryImageOfPage":{"@id":"https:\/\/portaltela.pt\/noticias\/2026\/02\/04\/depressao-claudia-reconhecida-como-fenomeno-climaterico-adverso-no-alentejo\/#primaryimage"},"image":{"@id":"https:\/\/portaltela.pt\/noticias\/2026\/02\/04\/depressao-claudia-reconhecida-como-fenomeno-climaterico-adverso-no-alentejo\/#primaryimage"},"thumbnailUrl":"https:\/\/portaltela.pt\/s.01k8rhncp4jt1\/2026\/02\/depressao_claudia.jpg","datePublished":"2026-02-04T11:18:36+00:00","author":{"@id":"https:\/\/portaltela.pt\/#\/schema\/person\/c4278d4a6028830caff9ee44b42d32ed"},"breadcrumb":{"@id":"https:\/\/portaltela.pt\/noticias\/2026\/02\/04\/depressao-claudia-reconhecida-como-fenomeno-climaterico-adverso-no-alentejo\/#breadcrumb"},"inLanguage":"pt-PT","potentialAction":[{"@type":"ReadAction","target":["https:\/\/portaltela.pt\/noticias\/2026\/02\/04\/depressao-claudia-reconhecida-como-fenomeno-climaterico-adverso-no-alentejo\/"]}]},{"@type":"ImageObject","inLanguage":"pt-PT","@id":"https:\/\/portaltela.pt\/noticias\/2026\/02\/04\/depressao-claudia-reconhecida-como-fenomeno-climaterico-adverso-no-alentejo\/#primaryimage","url":"https:\/\/portaltela.pt\/s.01k8rhncp4jt1\/2026\/02\/depressao_claudia.jpg","contentUrl":"https:\/\/portaltela.pt\/s.01k8rhncp4jt1\/2026\/02\/depressao_claudia.jpg","width":796,"height":448,"caption":"Depress\u00e3o Cl\u00e1udia reconhecida como fen\u00f3meno climat\u00e9rico adverso \u00ab Comiss\u00e3o de Coordena\u00e7\u00e3o e Desenvolvimento Regional do Alentejo, I.P."},{"@type":"BreadcrumbList","@id":"https:\/\/portaltela.pt\/noticias\/2026\/02\/04\/depressao-claudia-reconhecida-como-fenomeno-climaterico-adverso-no-alentejo\/#breadcrumb","itemListElement":[{"@type":"ListItem","position":1,"name":"In\u00edcio","item":"https:\/\/portaltela.pt\/"},{"@type":"ListItem","position":2,"name":"Depress\u00e3o Cl\u00e1udia reconhecida como fen\u00f3meno climat\u00e9rico adverso no Alentejo"}]},{"@type":"WebSite","@id":"https:\/\/portaltela.pt\/#website","url":"https:\/\/portaltela.pt\/","name":"Portal Tela Portugal","description":"","potentialAction":[{"@type":"SearchAction","target":{"@type":"EntryPoint","urlTemplate":"https:\/\/portaltela.pt\/?s={search_term_string}"},"query-input":{"@type":"PropertyValueSpecification","valueRequired":true,"valueName":"search_term_string"}}],"inLanguage":"pt-PT"},{"@type":"Person","@id":"https:\/\/portaltela.pt\/#\/schema\/person\/c4278d4a6028830caff9ee44b42d32ed","name":"Telinha","image":{"@type":"ImageObject","inLanguage":"pt-PT","@id":"https:\/\/portaltela.pt\/s.01k8rhncp4jt1\/2025\/11\/talking-bot-125x125.png","url":"https:\/\/portaltela.pt\/s.01k8rhncp4jt1\/2025\/11\/talking-bot-125x125.png","contentUrl":"https:\/\/portaltela.pt\/s.01k8rhncp4jt1\/2025\/11\/talking-bot-125x125.png","caption":"Telinha"},"sameAs":["https:\/\/portaltela.pt\/"],"url":"https:\/\/portaltela.pt\/por\/367410592786\/"}]}},"_links":{"self":[{"href":"https:\/\/portaltela.pt\/api\/wp\/v2\/posts\/196353","targetHints":{"allow":["GET"]}}],"collection":[{"href":"https:\/\/portaltela.pt\/api\/wp\/v2\/posts"}],"about":[{"href":"https:\/\/portaltela.pt\/api\/wp\/v2\/types\/post"}],"author":[{"embeddable":true,"href":"https:\/\/portaltela.pt\/api\/wp\/v2\/users\/2"}],"replies":[{"embeddable":true,"href":"https:\/\/portaltela.pt\/api\/wp\/v2\/comments?post=196353"}],"version-history":[{"count":0,"href":"https:\/\/portaltela.pt\/api\/wp\/v2\/posts\/196353\/revisions"}],"wp:featuredmedia":[{"embeddable":true,"href":"https:\/\/portaltela.pt\/api\/wp\/v2\/media\/196362"}],"wp:attachment":[{"href":"https:\/\/portaltela.pt\/api\/wp\/v2\/media?parent=196353"}],"wp:term":[{"taxonomy":"category","embeddable":true,"href":"https:\/\/portaltela.pt\/api\/wp\/v2\/categories?post=196353"},{"taxonomy":"post_tag","embeddable":true,"href":"https:\/\/portaltela.pt\/api\/wp\/v2\/tags?post=196353"}],"curies":[{"name":"wp","href":"https:\/\/api.w.org\/{rel}","templated":true}]}}