{"id":196338,"date":"2026-02-04T08:14:00","date_gmt":"2026-02-04T11:14:00","guid":{"rendered":"https:\/\/portaltela.pt\/noticias\/2026\/02\/04\/grupo-angaria-fundos-para-participar-no-all-dance-portugal\/"},"modified":"2026-02-04T08:14:00","modified_gmt":"2026-02-04T11:14:00","slug":"grupo-angaria-fundos-para-participar-no-all-dance-portugal","status":"publish","type":"post","link":"https:\/\/portaltela.pt\/noticias\/2026\/02\/04\/grupo-angaria-fundos-para-participar-no-all-dance-portugal\/","title":{"rendered":"Grupo angaria fundos para participar no All Dance Portugal"},"content":{"rendered":"<p>O grupo BigBang Dance organizou uma noite de sopas com o objetivo de angariar fundos para participar no All Dance Portugal. O evento contou com a atua\u00e7\u00e3o do grupo, bem como de Pamy e das violinistas Catarina Santos e In\u00eas Azevedo, no Sal\u00e3o Paroquial de S\u00e3o Martinho da G\u00e2ndara.<\/p>\n<p>Os fundadores Vera, Martim e Francisco planeiam desde h\u00e1 cerca de tr\u00eas semanas esta iniciativa para tornar a participa\u00e7\u00e3o no evento mais acess\u00edvel aos jovens dan\u00e7arinos, que v\u00e3o de 5 a 22 anos. A dire\u00e7\u00e3o do grupo pretende manter o foco em oportunidades para todos, sem onerar demasiado as fam\u00edlias.<\/p>\n<h3>Percurso e experi\u00eancias anteriores<\/h3>\n<p>A trupe j\u00e1 apresentou o espet\u00e1culo A Torre das Correntes Douradas no mesmo sal\u00e3o, em dezembro. Em 2024, o grupo passou pelo audit\u00f3rio do ISCIA, em Aveiro, abrindo a \u00e9poca 26. Tal experi\u00eancia serviu de aprendizagem para os pr\u00f3ximos passos.<\/p>\n<h3>Futuras atua\u00e7\u00f5es<\/h3>\n<p>O grupo prepara uma tour e j\u00e1 tem o Carnaval de Ovar marcado, onde v\u00e3o ser a comiss\u00e3o da frente do grupo de samba As Kan-Kans. A m\u00e3e de dois elementos, Carla, expressou orgulho na determina\u00e7\u00e3o dos filhos e no apoio que o grupo recebe.<\/p>\n","protected":false},"excerpt":{"rendered":"<ul>\n<li>O grupo BigBang Dance organizou uma noite de sopas para angariar fundos para participar no All Dance Portugal, com atua\u00e7\u00e3o do grupo, do artista Pamy e das violinistas Catarina Santos e In\u00eas Azevedo.<\/li>\n<li>Os fundadores Vera, Martim e Francisco organizam o evento para permitir que os seus jovens de cinco a 22 anos participem sem onerar demais os pais.<\/li>\n<li>O grupo pretende que o mundo da competi\u00e7\u00e3o seja acess\u00edvel a todos, defendendo que as oportunidades devem existir para todos, mesmo quem tem menos recursos.<\/li>\n<li>A iniciativa surgiu cerca de tr\u00eas semanas antes do evento e j\u00e1 teve passagens anteriores, como o espet\u00e1culo A Torre das Correntes Douradas no Sal\u00e3o Paroquial de S\u00e3o Martinho da G\u00e2ndara, em dezembro.<\/li>\n<li>O pr\u00f3ximo evento \u00e9 no Carnaval de Ovar, onde v\u00e3o ser a comiss\u00e3o da frente do grupo de samba As Kan-Kans; a m\u00e3e de Martim e Francisco, Carla, expressa orgulho na garra dos filhos e do grupo.<\/li>\n<\/ul>\n","protected":false},"author":2,"featured_media":196358,"comment_status":"closed","ping_status":"closed","sticky":false,"template":"","format":"standard","meta":{"footnotes":""},"categories":[12,1],"tags":[1059,145,1683,152,2738,2844],"class_list":["post-196338","post","type-post","status-publish","format-standard","has-post-thumbnail","hentry","category-entretenimento","category-noticias","tag-aveiro","tag-cultura","tag-danca","tag-desporto","tag-infantis","tag-jovens"],"yoast_head":"<!-- This site is optimized with the Yoast SEO plugin v27.2 - https:\/\/yoast.com\/product\/yoast-seo-wordpress\/ -->\n<title>Grupo angaria fundos para participar no All Dance Portugal - Portal Tela Portugal<\/title>\n<meta name=\"robots\" content=\"index, follow, max-snippet:-1, max-image-preview:large, max-video-preview:-1\" \/>\n<meta property=\"og:locale\" content=\"pt_PT\" \/>\n<meta property=\"og:type\" content=\"article\" \/>\n<meta property=\"og:title\" content=\"Grupo angaria fundos para participar no All Dance Portugal - Portal Tela Portugal\" \/>\n<meta property=\"og:description\" content=\"O grupo BigBang Dance organizou uma noite de sopas para angariar fundos para participar no All Dance Portugal, com atua\u00e7\u00e3o do grupo, do artista Pamy e das violinistas Catarina Santos e In\u00eas Azevedo. Os fundadores Vera, Martim e Francisco organizam o evento para permitir que os seus jovens de cinco a 22 anos participem sem onerar demais os pais. O grupo pretende que o mundo da competi\u00e7\u00e3o seja acess\u00edvel a todos, defendendo que as oportunidades devem existir para todos, mesmo quem tem menos recursos. A iniciativa surgiu cerca de tr\u00eas semanas antes do evento e j\u00e1 teve passagens anteriores, como o espet\u00e1culo A Torre das Correntes Douradas no Sal\u00e3o Paroquial de S\u00e3o Martinho da G\u00e2ndara, em dezembro. O pr\u00f3ximo evento \u00e9 no Carnaval de Ovar, onde v\u00e3o ser a comiss\u00e3o da frente do grupo de samba As Kan-Kans; a m\u00e3e de Martim e Francisco, Carla, expressa orgulho na garra dos filhos e do grupo.\" \/>\n<meta property=\"og:url\" content=\"https:\/\/portaltela.pt\/noticias\/2026\/02\/04\/grupo-angaria-fundos-para-participar-no-all-dance-portugal\/\" \/>\n<meta property=\"og:site_name\" content=\"Portal Tela Portugal\" \/>\n<meta property=\"article:published_time\" content=\"2026-02-04T11:14:00+00:00\" \/>\n<meta name=\"author\" content=\"Telinha\" \/>\n<meta name=\"twitter:card\" content=\"summary_large_image\" \/>\n<meta name=\"twitter:label1\" content=\"Escrito por\" \/>\n\t<meta name=\"twitter:data1\" content=\"Telinha\" \/>\n\t<meta name=\"twitter:label2\" content=\"Tempo estimado de leitura\" \/>\n\t<meta name=\"twitter:data2\" content=\"1 minuto\" \/>\n<script type=\"application\/ld+json\" class=\"yoast-schema-graph\">{\"@context\":\"https:\/\/schema.org\",\"@graph\":[{\"@type\":\"Article\",\"@id\":\"https:\/\/portaltela.pt\/noticias\/2026\/02\/04\/grupo-angaria-fundos-para-participar-no-all-dance-portugal\/#article\",\"isPartOf\":{\"@id\":\"https:\/\/portaltela.pt\/noticias\/2026\/02\/04\/grupo-angaria-fundos-para-participar-no-all-dance-portugal\/\"},\"author\":{\"name\":\"Telinha\",\"@id\":\"https:\/\/portaltela.pt\/#\/schema\/person\/c4278d4a6028830caff9ee44b42d32ed\"},\"headline\":\"Grupo angaria fundos para participar no All Dance Portugal\",\"datePublished\":\"2026-02-04T11:14:00+00:00\",\"mainEntityOfPage\":{\"@id\":\"https:\/\/portaltela.pt\/noticias\/2026\/02\/04\/grupo-angaria-fundos-para-participar-no-all-dance-portugal\/\"},\"wordCount\":218,\"image\":{\"@id\":\"https:\/\/portaltela.pt\/noticias\/2026\/02\/04\/grupo-angaria-fundos-para-participar-no-all-dance-portugal\/#primaryimage\"},\"thumbnailUrl\":\"https:\/\/portaltela.pt\/s.01k8rhncp4jt1\/2026\/02\/unnamed-file-1178.jpg\",\"keywords\":[\"Aveiro\",\"cultura\",\"dan\u00e7a\",\"desporto\",\"infantis\",\"jovens\"],\"articleSection\":[\"Entretenimento\",\"Not\u00edcias\"],\"inLanguage\":\"pt-PT\"},{\"@type\":\"WebPage\",\"@id\":\"https:\/\/portaltela.pt\/noticias\/2026\/02\/04\/grupo-angaria-fundos-para-participar-no-all-dance-portugal\/\",\"url\":\"https:\/\/portaltela.pt\/noticias\/2026\/02\/04\/grupo-angaria-fundos-para-participar-no-all-dance-portugal\/\",\"name\":\"Grupo angaria fundos para participar no All Dance Portugal - Portal Tela Portugal\",\"isPartOf\":{\"@id\":\"https:\/\/portaltela.pt\/#website\"},\"primaryImageOfPage\":{\"@id\":\"https:\/\/portaltela.pt\/noticias\/2026\/02\/04\/grupo-angaria-fundos-para-participar-no-all-dance-portugal\/#primaryimage\"},\"image\":{\"@id\":\"https:\/\/portaltela.pt\/noticias\/2026\/02\/04\/grupo-angaria-fundos-para-participar-no-all-dance-portugal\/#primaryimage\"},\"thumbnailUrl\":\"https:\/\/portaltela.pt\/s.01k8rhncp4jt1\/2026\/02\/unnamed-file-1178.jpg\",\"datePublished\":\"2026-02-04T11:14:00+00:00\",\"author\":{\"@id\":\"https:\/\/portaltela.pt\/#\/schema\/person\/c4278d4a6028830caff9ee44b42d32ed\"},\"breadcrumb\":{\"@id\":\"https:\/\/portaltela.pt\/noticias\/2026\/02\/04\/grupo-angaria-fundos-para-participar-no-all-dance-portugal\/#breadcrumb\"},\"inLanguage\":\"pt-PT\",\"potentialAction\":[{\"@type\":\"ReadAction\",\"target\":[\"https:\/\/portaltela.pt\/noticias\/2026\/02\/04\/grupo-angaria-fundos-para-participar-no-all-dance-portugal\/\"]}]},{\"@type\":\"ImageObject\",\"inLanguage\":\"pt-PT\",\"@id\":\"https:\/\/portaltela.pt\/noticias\/2026\/02\/04\/grupo-angaria-fundos-para-participar-no-all-dance-portugal\/#primaryimage\",\"url\":\"https:\/\/portaltela.pt\/s.01k8rhncp4jt1\/2026\/02\/unnamed-file-1178.jpg\",\"contentUrl\":\"https:\/\/portaltela.pt\/s.01k8rhncp4jt1\/2026\/02\/unnamed-file-1178.jpg\",\"width\":796,\"height\":448,\"caption\":\"Grupo angaria fundos para participar no 'All Dance Portugal'\"},{\"@type\":\"BreadcrumbList\",\"@id\":\"https:\/\/portaltela.pt\/noticias\/2026\/02\/04\/grupo-angaria-fundos-para-participar-no-all-dance-portugal\/#breadcrumb\",\"itemListElement\":[{\"@type\":\"ListItem\",\"position\":1,\"name\":\"In\u00edcio\",\"item\":\"https:\/\/portaltela.pt\/\"},{\"@type\":\"ListItem\",\"position\":2,\"name\":\"Grupo angaria fundos para participar no All Dance Portugal\"}]},{\"@type\":\"WebSite\",\"@id\":\"https:\/\/portaltela.pt\/#website\",\"url\":\"https:\/\/portaltela.pt\/\",\"name\":\"Portal Tela Portugal\",\"description\":\"\",\"potentialAction\":[{\"@type\":\"SearchAction\",\"target\":{\"@type\":\"EntryPoint\",\"urlTemplate\":\"https:\/\/portaltela.pt\/?s={search_term_string}\"},\"query-input\":{\"@type\":\"PropertyValueSpecification\",\"valueRequired\":true,\"valueName\":\"search_term_string\"}}],\"inLanguage\":\"pt-PT\"},{\"@type\":\"Person\",\"@id\":\"https:\/\/portaltela.pt\/#\/schema\/person\/c4278d4a6028830caff9ee44b42d32ed\",\"name\":\"Telinha\",\"image\":{\"@type\":\"ImageObject\",\"inLanguage\":\"pt-PT\",\"@id\":\"https:\/\/portaltela.pt\/s.01k8rhncp4jt1\/2025\/11\/talking-bot-125x125.png\",\"url\":\"https:\/\/portaltela.pt\/s.01k8rhncp4jt1\/2025\/11\/talking-bot-125x125.png\",\"contentUrl\":\"https:\/\/portaltela.pt\/s.01k8rhncp4jt1\/2025\/11\/talking-bot-125x125.png\",\"caption\":\"Telinha\"},\"sameAs\":[\"https:\/\/portaltela.pt\/\"],\"url\":\"https:\/\/portaltela.pt\/por\/367410592786\/\"}]}<\/script>\n<!-- \/ Yoast SEO plugin. -->","yoast_head_json":{"title":"Grupo angaria fundos para participar no All Dance Portugal - Portal Tela Portugal","robots":{"index":"index","follow":"follow","max-snippet":"max-snippet:-1","max-image-preview":"max-image-preview:large","max-video-preview":"max-video-preview:-1"},"og_locale":"pt_PT","og_type":"article","og_title":"Grupo angaria fundos para participar no All Dance Portugal - Portal Tela Portugal","og_description":"O grupo BigBang Dance organizou uma noite de sopas para angariar fundos para participar no All Dance Portugal, com atua\u00e7\u00e3o do grupo, do artista Pamy e das violinistas Catarina Santos e In\u00eas Azevedo. Os fundadores Vera, Martim e Francisco organizam o evento para permitir que os seus jovens de cinco a 22 anos participem sem onerar demais os pais. O grupo pretende que o mundo da competi\u00e7\u00e3o seja acess\u00edvel a todos, defendendo que as oportunidades devem existir para todos, mesmo quem tem menos recursos. A iniciativa surgiu cerca de tr\u00eas semanas antes do evento e j\u00e1 teve passagens anteriores, como o espet\u00e1culo A Torre das Correntes Douradas no Sal\u00e3o Paroquial de S\u00e3o Martinho da G\u00e2ndara, em dezembro. O pr\u00f3ximo evento \u00e9 no Carnaval de Ovar, onde v\u00e3o ser a comiss\u00e3o da frente do grupo de samba As Kan-Kans; a m\u00e3e de Martim e Francisco, Carla, expressa orgulho na garra dos filhos e do grupo.","og_url":"https:\/\/portaltela.pt\/noticias\/2026\/02\/04\/grupo-angaria-fundos-para-participar-no-all-dance-portugal\/","og_site_name":"Portal Tela Portugal","article_published_time":"2026-02-04T11:14:00+00:00","author":"Telinha","twitter_card":"summary_large_image","twitter_misc":{"Escrito por":"Telinha","Tempo estimado de leitura":"1 minuto"},"schema":{"@context":"https:\/\/schema.org","@graph":[{"@type":"Article","@id":"https:\/\/portaltela.pt\/noticias\/2026\/02\/04\/grupo-angaria-fundos-para-participar-no-all-dance-portugal\/#article","isPartOf":{"@id":"https:\/\/portaltela.pt\/noticias\/2026\/02\/04\/grupo-angaria-fundos-para-participar-no-all-dance-portugal\/"},"author":{"name":"Telinha","@id":"https:\/\/portaltela.pt\/#\/schema\/person\/c4278d4a6028830caff9ee44b42d32ed"},"headline":"Grupo angaria fundos para participar no All Dance Portugal","datePublished":"2026-02-04T11:14:00+00:00","mainEntityOfPage":{"@id":"https:\/\/portaltela.pt\/noticias\/2026\/02\/04\/grupo-angaria-fundos-para-participar-no-all-dance-portugal\/"},"wordCount":218,"image":{"@id":"https:\/\/portaltela.pt\/noticias\/2026\/02\/04\/grupo-angaria-fundos-para-participar-no-all-dance-portugal\/#primaryimage"},"thumbnailUrl":"https:\/\/portaltela.pt\/s.01k8rhncp4jt1\/2026\/02\/unnamed-file-1178.jpg","keywords":["Aveiro","cultura","dan\u00e7a","desporto","infantis","jovens"],"articleSection":["Entretenimento","Not\u00edcias"],"inLanguage":"pt-PT"},{"@type":"WebPage","@id":"https:\/\/portaltela.pt\/noticias\/2026\/02\/04\/grupo-angaria-fundos-para-participar-no-all-dance-portugal\/","url":"https:\/\/portaltela.pt\/noticias\/2026\/02\/04\/grupo-angaria-fundos-para-participar-no-all-dance-portugal\/","name":"Grupo angaria fundos para participar no All Dance Portugal - Portal Tela Portugal","isPartOf":{"@id":"https:\/\/portaltela.pt\/#website"},"primaryImageOfPage":{"@id":"https:\/\/portaltela.pt\/noticias\/2026\/02\/04\/grupo-angaria-fundos-para-participar-no-all-dance-portugal\/#primaryimage"},"image":{"@id":"https:\/\/portaltela.pt\/noticias\/2026\/02\/04\/grupo-angaria-fundos-para-participar-no-all-dance-portugal\/#primaryimage"},"thumbnailUrl":"https:\/\/portaltela.pt\/s.01k8rhncp4jt1\/2026\/02\/unnamed-file-1178.jpg","datePublished":"2026-02-04T11:14:00+00:00","author":{"@id":"https:\/\/portaltela.pt\/#\/schema\/person\/c4278d4a6028830caff9ee44b42d32ed"},"breadcrumb":{"@id":"https:\/\/portaltela.pt\/noticias\/2026\/02\/04\/grupo-angaria-fundos-para-participar-no-all-dance-portugal\/#breadcrumb"},"inLanguage":"pt-PT","potentialAction":[{"@type":"ReadAction","target":["https:\/\/portaltela.pt\/noticias\/2026\/02\/04\/grupo-angaria-fundos-para-participar-no-all-dance-portugal\/"]}]},{"@type":"ImageObject","inLanguage":"pt-PT","@id":"https:\/\/portaltela.pt\/noticias\/2026\/02\/04\/grupo-angaria-fundos-para-participar-no-all-dance-portugal\/#primaryimage","url":"https:\/\/portaltela.pt\/s.01k8rhncp4jt1\/2026\/02\/unnamed-file-1178.jpg","contentUrl":"https:\/\/portaltela.pt\/s.01k8rhncp4jt1\/2026\/02\/unnamed-file-1178.jpg","width":796,"height":448,"caption":"Grupo angaria fundos para participar no 'All Dance Portugal'"},{"@type":"BreadcrumbList","@id":"https:\/\/portaltela.pt\/noticias\/2026\/02\/04\/grupo-angaria-fundos-para-participar-no-all-dance-portugal\/#breadcrumb","itemListElement":[{"@type":"ListItem","position":1,"name":"In\u00edcio","item":"https:\/\/portaltela.pt\/"},{"@type":"ListItem","position":2,"name":"Grupo angaria fundos para participar no All Dance Portugal"}]},{"@type":"WebSite","@id":"https:\/\/portaltela.pt\/#website","url":"https:\/\/portaltela.pt\/","name":"Portal Tela Portugal","description":"","potentialAction":[{"@type":"SearchAction","target":{"@type":"EntryPoint","urlTemplate":"https:\/\/portaltela.pt\/?s={search_term_string}"},"query-input":{"@type":"PropertyValueSpecification","valueRequired":true,"valueName":"search_term_string"}}],"inLanguage":"pt-PT"},{"@type":"Person","@id":"https:\/\/portaltela.pt\/#\/schema\/person\/c4278d4a6028830caff9ee44b42d32ed","name":"Telinha","image":{"@type":"ImageObject","inLanguage":"pt-PT","@id":"https:\/\/portaltela.pt\/s.01k8rhncp4jt1\/2025\/11\/talking-bot-125x125.png","url":"https:\/\/portaltela.pt\/s.01k8rhncp4jt1\/2025\/11\/talking-bot-125x125.png","contentUrl":"https:\/\/portaltela.pt\/s.01k8rhncp4jt1\/2025\/11\/talking-bot-125x125.png","caption":"Telinha"},"sameAs":["https:\/\/portaltela.pt\/"],"url":"https:\/\/portaltela.pt\/por\/367410592786\/"}]}},"_links":{"self":[{"href":"https:\/\/portaltela.pt\/api\/wp\/v2\/posts\/196338","targetHints":{"allow":["GET"]}}],"collection":[{"href":"https:\/\/portaltela.pt\/api\/wp\/v2\/posts"}],"about":[{"href":"https:\/\/portaltela.pt\/api\/wp\/v2\/types\/post"}],"author":[{"embeddable":true,"href":"https:\/\/portaltela.pt\/api\/wp\/v2\/users\/2"}],"replies":[{"embeddable":true,"href":"https:\/\/portaltela.pt\/api\/wp\/v2\/comments?post=196338"}],"version-history":[{"count":0,"href":"https:\/\/portaltela.pt\/api\/wp\/v2\/posts\/196338\/revisions"}],"wp:featuredmedia":[{"embeddable":true,"href":"https:\/\/portaltela.pt\/api\/wp\/v2\/media\/196358"}],"wp:attachment":[{"href":"https:\/\/portaltela.pt\/api\/wp\/v2\/media?parent=196338"}],"wp:term":[{"taxonomy":"category","embeddable":true,"href":"https:\/\/portaltela.pt\/api\/wp\/v2\/categories?post=196338"},{"taxonomy":"post_tag","embeddable":true,"href":"https:\/\/portaltela.pt\/api\/wp\/v2\/tags?post=196338"}],"curies":[{"name":"wp","href":"https:\/\/api.w.org\/{rel}","templated":true}]}}