{"id":196316,"date":"2026-02-04T08:24:22","date_gmt":"2026-02-04T11:24:22","guid":{"rendered":"https:\/\/portaltela.pt\/noticias\/2026\/02\/04\/banda-cais-do-sodre-funk-connection-atua-no-ccparedes-a-6-de-fevereiro\/"},"modified":"2026-02-04T08:24:22","modified_gmt":"2026-02-04T11:24:22","slug":"banda-cais-do-sodre-funk-connection-atua-no-ccparedes-a-6-de-fevereiro","status":"publish","type":"post","link":"https:\/\/portaltela.pt\/noticias\/2026\/02\/04\/banda-cais-do-sodre-funk-connection-atua-no-ccparedes-a-6-de-fevereiro\/","title":{"rendered":"Banda Cais do Sodr\u00e9 Funk Connection atua no CCParedes a 6 de fevereiro"},"content":{"rendered":"<p>A banda portuguesa Cais do Sodr\u00e9 Funk Connection atua no Centro Cultural de Paredes para abrir a programa\u00e7\u00e3o de fevereiro. O concerto est\u00e1 marcado para sexta-feira, 6 de fevereiro, \u00e0s 22h00, no Grande Audit\u00f3rio do CCP. O show apresentar\u00e1 o mais recente \u00e1lbum da forma\u00e7\u00e3o, intitulado Um Quarto na Rua Cor de Rosa.<\/p>\n<p>A apresenta\u00e7\u00e3o, com dura\u00e7\u00e3o prevista de 90 minutos, cruza funk e soul num repert\u00f3rio que inclui o single Mau Perder e Tem de Ser. O conjunto celebra 15 anos de carreira, completados em 2025, e revisita sonoridades associadas a Motown e \u00e0 Stax Records.<\/p>\n<h3>Espet\u00e1culo e lineup<\/h3>\n<p>Em palco atuam sete m\u00fasicos: Francisco Rebelo no baixo, Jo\u00e3o Gomes nas teclas, David Pessoa na guitarra e Rui Alves na bateria. A sec\u00e7\u00e3o de sopros \u00e9 liderada por Jo\u00e3o Cabrita, com a vocalista Tamin e o mestre de cerim\u00f3nias NBC a completar o elenco.<\/p>\n<h3>Informa\u00e7\u00f5es \u00fateis<\/h3>\n<p>Acesso recomendado a maiores de 6 anos. Os bilhetes t\u00eam pre\u00e7o \u00fanico de 10 euros, com descontos para maiores de 65 e menores de 30 anos. A venda ocorre na bilheteira do CCP ou online pela plataforma BOL (centroculturalparedes.bol.pt).<\/p>\n","protected":false},"excerpt":{"rendered":"<ul>\n<li>Em 6 de fevereiro, \u00e0s 22h, o Centro Cultural de Paredes recebe a banda Cais do Sodr\u00e9 Funk Connection para abrir a programa\u00e7\u00e3o do CCP.<\/li>\n<li>O grupo apresenta o novo \u00e1lbum original em portugu\u00eas, Um Quarto na Rua Cor de Rosa, lan\u00e7ado a 25 de setembro de 2025, num concerto de 90 minutos.<\/li>\n<li>A banda celebra 15 anos de carreira em 2025.<\/li>\n<li>Em palco atuam sete m\u00fasicos: Francisco Rebelo (baixo), Jo\u00e3o Gomes (teclas), David Pessoa (guitarra), Rui Alves (bateria), Jo\u00e3o Cabrita (sec\u00e7\u00e3o de sopros), Tamin (vocalista) e NBC (mestre de cerim\u00f3nias).<\/li>\n<li>Os bilhetes custam 10 euros, com descontos para maiores de 65 e menores de 30 anos, dispon\u00edveis na bilheteira do CCP ou online em centroculturalparedes.bol.pt.<\/li>\n<\/ul>\n","protected":false},"author":2,"featured_media":196325,"comment_status":"closed","ping_status":"closed","sticky":false,"template":"","format":"standard","meta":{"footnotes":""},"categories":[1],"tags":[2609,593,2116,122,3059,1014],"class_list":["post-196316","post","type-post","status-publish","format-standard","has-post-thumbnail","hentry","category-noticias","tag-ccp","tag-concertos","tag-espetaculos","tag-musica","tag-paredes","tag-portugal"],"yoast_head":"<!-- This site is optimized with the Yoast SEO plugin v27.2 - https:\/\/yoast.com\/product\/yoast-seo-wordpress\/ -->\n<title>Banda Cais do Sodr\u00e9 Funk Connection atua no CCParedes a 6 de fevereiro - Portal Tela Portugal<\/title>\n<meta name=\"robots\" content=\"index, follow, max-snippet:-1, max-image-preview:large, max-video-preview:-1\" \/>\n<meta property=\"og:locale\" content=\"pt_PT\" \/>\n<meta property=\"og:type\" content=\"article\" \/>\n<meta property=\"og:title\" content=\"Banda Cais do Sodr\u00e9 Funk Connection atua no CCParedes a 6 de fevereiro - Portal Tela Portugal\" \/>\n<meta property=\"og:description\" content=\"Em 6 de fevereiro, \u00e0s 22h, o Centro Cultural de Paredes recebe a banda Cais do Sodr\u00e9 Funk Connection para abrir a programa\u00e7\u00e3o do CCP. O grupo apresenta o novo \u00e1lbum original em portugu\u00eas, Um Quarto na Rua Cor de Rosa, lan\u00e7ado a 25 de setembro de 2025, num concerto de 90 minutos. A banda celebra 15 anos de carreira em 2025. Em palco atuam sete m\u00fasicos: Francisco Rebelo (baixo), Jo\u00e3o Gomes (teclas), David Pessoa (guitarra), Rui Alves (bateria), Jo\u00e3o Cabrita (sec\u00e7\u00e3o de sopros), Tamin (vocalista) e NBC (mestre de cerim\u00f3nias). Os bilhetes custam 10 euros, com descontos para maiores de 65 e menores de 30 anos, dispon\u00edveis na bilheteira do CCP ou online em centroculturalparedes.bol.pt.\" \/>\n<meta property=\"og:url\" content=\"https:\/\/portaltela.pt\/noticias\/2026\/02\/04\/banda-cais-do-sodre-funk-connection-atua-no-ccparedes-a-6-de-fevereiro\/\" \/>\n<meta property=\"og:site_name\" content=\"Portal Tela Portugal\" \/>\n<meta property=\"article:published_time\" content=\"2026-02-04T11:24:22+00:00\" \/>\n<meta name=\"author\" content=\"Telinha\" \/>\n<meta name=\"twitter:card\" content=\"summary_large_image\" \/>\n<meta name=\"twitter:label1\" content=\"Escrito por\" \/>\n\t<meta name=\"twitter:data1\" content=\"Telinha\" \/>\n\t<meta name=\"twitter:label2\" content=\"Tempo estimado de leitura\" \/>\n\t<meta name=\"twitter:data2\" content=\"1 minuto\" \/>\n<script type=\"application\/ld+json\" class=\"yoast-schema-graph\">{\"@context\":\"https:\/\/schema.org\",\"@graph\":[{\"@type\":\"Article\",\"@id\":\"https:\/\/portaltela.pt\/noticias\/2026\/02\/04\/banda-cais-do-sodre-funk-connection-atua-no-ccparedes-a-6-de-fevereiro\/#article\",\"isPartOf\":{\"@id\":\"https:\/\/portaltela.pt\/noticias\/2026\/02\/04\/banda-cais-do-sodre-funk-connection-atua-no-ccparedes-a-6-de-fevereiro\/\"},\"author\":{\"name\":\"Telinha\",\"@id\":\"https:\/\/portaltela.pt\/#\/schema\/person\/c4278d4a6028830caff9ee44b42d32ed\"},\"headline\":\"Banda Cais do Sodr\u00e9 Funk Connection atua no CCParedes a 6 de fevereiro\",\"datePublished\":\"2026-02-04T11:24:22+00:00\",\"mainEntityOfPage\":{\"@id\":\"https:\/\/portaltela.pt\/noticias\/2026\/02\/04\/banda-cais-do-sodre-funk-connection-atua-no-ccparedes-a-6-de-fevereiro\/\"},\"wordCount\":205,\"image\":{\"@id\":\"https:\/\/portaltela.pt\/noticias\/2026\/02\/04\/banda-cais-do-sodre-funk-connection-atua-no-ccparedes-a-6-de-fevereiro\/#primaryimage\"},\"thumbnailUrl\":\"https:\/\/portaltela.pt\/s.01k8rhncp4jt1\/2026\/02\/unnamed-file-1175.jpg\",\"keywords\":[\"CCP\",\"concertos\",\"espet\u00e1culos\",\"m\u00fasica\",\"Paredes\",\"Portugal\"],\"articleSection\":[\"Not\u00edcias\"],\"inLanguage\":\"pt-PT\"},{\"@type\":\"WebPage\",\"@id\":\"https:\/\/portaltela.pt\/noticias\/2026\/02\/04\/banda-cais-do-sodre-funk-connection-atua-no-ccparedes-a-6-de-fevereiro\/\",\"url\":\"https:\/\/portaltela.pt\/noticias\/2026\/02\/04\/banda-cais-do-sodre-funk-connection-atua-no-ccparedes-a-6-de-fevereiro\/\",\"name\":\"Banda Cais do Sodr\u00e9 Funk Connection atua no CCParedes a 6 de fevereiro - Portal Tela Portugal\",\"isPartOf\":{\"@id\":\"https:\/\/portaltela.pt\/#website\"},\"primaryImageOfPage\":{\"@id\":\"https:\/\/portaltela.pt\/noticias\/2026\/02\/04\/banda-cais-do-sodre-funk-connection-atua-no-ccparedes-a-6-de-fevereiro\/#primaryimage\"},\"image\":{\"@id\":\"https:\/\/portaltela.pt\/noticias\/2026\/02\/04\/banda-cais-do-sodre-funk-connection-atua-no-ccparedes-a-6-de-fevereiro\/#primaryimage\"},\"thumbnailUrl\":\"https:\/\/portaltela.pt\/s.01k8rhncp4jt1\/2026\/02\/unnamed-file-1175.jpg\",\"datePublished\":\"2026-02-04T11:24:22+00:00\",\"author\":{\"@id\":\"https:\/\/portaltela.pt\/#\/schema\/person\/c4278d4a6028830caff9ee44b42d32ed\"},\"breadcrumb\":{\"@id\":\"https:\/\/portaltela.pt\/noticias\/2026\/02\/04\/banda-cais-do-sodre-funk-connection-atua-no-ccparedes-a-6-de-fevereiro\/#breadcrumb\"},\"inLanguage\":\"pt-PT\",\"potentialAction\":[{\"@type\":\"ReadAction\",\"target\":[\"https:\/\/portaltela.pt\/noticias\/2026\/02\/04\/banda-cais-do-sodre-funk-connection-atua-no-ccparedes-a-6-de-fevereiro\/\"]}]},{\"@type\":\"ImageObject\",\"inLanguage\":\"pt-PT\",\"@id\":\"https:\/\/portaltela.pt\/noticias\/2026\/02\/04\/banda-cais-do-sodre-funk-connection-atua-no-ccparedes-a-6-de-fevereiro\/#primaryimage\",\"url\":\"https:\/\/portaltela.pt\/s.01k8rhncp4jt1\/2026\/02\/unnamed-file-1175.jpg\",\"contentUrl\":\"https:\/\/portaltela.pt\/s.01k8rhncp4jt1\/2026\/02\/unnamed-file-1175.jpg\",\"width\":796,\"height\":448,\"caption\":\"Banda \u201cCais do Sodr\u00e9 Funk Connection\u201d atua no Centro Cultural de Paredes a 6 de fevereiro\"},{\"@type\":\"BreadcrumbList\",\"@id\":\"https:\/\/portaltela.pt\/noticias\/2026\/02\/04\/banda-cais-do-sodre-funk-connection-atua-no-ccparedes-a-6-de-fevereiro\/#breadcrumb\",\"itemListElement\":[{\"@type\":\"ListItem\",\"position\":1,\"name\":\"In\u00edcio\",\"item\":\"https:\/\/portaltela.pt\/\"},{\"@type\":\"ListItem\",\"position\":2,\"name\":\"Banda Cais do Sodr\u00e9 Funk Connection atua no CCParedes a 6 de fevereiro\"}]},{\"@type\":\"WebSite\",\"@id\":\"https:\/\/portaltela.pt\/#website\",\"url\":\"https:\/\/portaltela.pt\/\",\"name\":\"Portal Tela Portugal\",\"description\":\"\",\"potentialAction\":[{\"@type\":\"SearchAction\",\"target\":{\"@type\":\"EntryPoint\",\"urlTemplate\":\"https:\/\/portaltela.pt\/?s={search_term_string}\"},\"query-input\":{\"@type\":\"PropertyValueSpecification\",\"valueRequired\":true,\"valueName\":\"search_term_string\"}}],\"inLanguage\":\"pt-PT\"},{\"@type\":\"Person\",\"@id\":\"https:\/\/portaltela.pt\/#\/schema\/person\/c4278d4a6028830caff9ee44b42d32ed\",\"name\":\"Telinha\",\"image\":{\"@type\":\"ImageObject\",\"inLanguage\":\"pt-PT\",\"@id\":\"https:\/\/portaltela.pt\/s.01k8rhncp4jt1\/2025\/11\/talking-bot-125x125.png\",\"url\":\"https:\/\/portaltela.pt\/s.01k8rhncp4jt1\/2025\/11\/talking-bot-125x125.png\",\"contentUrl\":\"https:\/\/portaltela.pt\/s.01k8rhncp4jt1\/2025\/11\/talking-bot-125x125.png\",\"caption\":\"Telinha\"},\"sameAs\":[\"https:\/\/portaltela.pt\/\"],\"url\":\"https:\/\/portaltela.pt\/por\/367410592786\/\"}]}<\/script>\n<!-- \/ Yoast SEO plugin. -->","yoast_head_json":{"title":"Banda Cais do Sodr\u00e9 Funk Connection atua no CCParedes a 6 de fevereiro - Portal Tela Portugal","robots":{"index":"index","follow":"follow","max-snippet":"max-snippet:-1","max-image-preview":"max-image-preview:large","max-video-preview":"max-video-preview:-1"},"og_locale":"pt_PT","og_type":"article","og_title":"Banda Cais do Sodr\u00e9 Funk Connection atua no CCParedes a 6 de fevereiro - Portal Tela Portugal","og_description":"Em 6 de fevereiro, \u00e0s 22h, o Centro Cultural de Paredes recebe a banda Cais do Sodr\u00e9 Funk Connection para abrir a programa\u00e7\u00e3o do CCP. O grupo apresenta o novo \u00e1lbum original em portugu\u00eas, Um Quarto na Rua Cor de Rosa, lan\u00e7ado a 25 de setembro de 2025, num concerto de 90 minutos. A banda celebra 15 anos de carreira em 2025. Em palco atuam sete m\u00fasicos: Francisco Rebelo (baixo), Jo\u00e3o Gomes (teclas), David Pessoa (guitarra), Rui Alves (bateria), Jo\u00e3o Cabrita (sec\u00e7\u00e3o de sopros), Tamin (vocalista) e NBC (mestre de cerim\u00f3nias). Os bilhetes custam 10 euros, com descontos para maiores de 65 e menores de 30 anos, dispon\u00edveis na bilheteira do CCP ou online em centroculturalparedes.bol.pt.","og_url":"https:\/\/portaltela.pt\/noticias\/2026\/02\/04\/banda-cais-do-sodre-funk-connection-atua-no-ccparedes-a-6-de-fevereiro\/","og_site_name":"Portal Tela Portugal","article_published_time":"2026-02-04T11:24:22+00:00","author":"Telinha","twitter_card":"summary_large_image","twitter_misc":{"Escrito por":"Telinha","Tempo estimado de leitura":"1 minuto"},"schema":{"@context":"https:\/\/schema.org","@graph":[{"@type":"Article","@id":"https:\/\/portaltela.pt\/noticias\/2026\/02\/04\/banda-cais-do-sodre-funk-connection-atua-no-ccparedes-a-6-de-fevereiro\/#article","isPartOf":{"@id":"https:\/\/portaltela.pt\/noticias\/2026\/02\/04\/banda-cais-do-sodre-funk-connection-atua-no-ccparedes-a-6-de-fevereiro\/"},"author":{"name":"Telinha","@id":"https:\/\/portaltela.pt\/#\/schema\/person\/c4278d4a6028830caff9ee44b42d32ed"},"headline":"Banda Cais do Sodr\u00e9 Funk Connection atua no CCParedes a 6 de fevereiro","datePublished":"2026-02-04T11:24:22+00:00","mainEntityOfPage":{"@id":"https:\/\/portaltela.pt\/noticias\/2026\/02\/04\/banda-cais-do-sodre-funk-connection-atua-no-ccparedes-a-6-de-fevereiro\/"},"wordCount":205,"image":{"@id":"https:\/\/portaltela.pt\/noticias\/2026\/02\/04\/banda-cais-do-sodre-funk-connection-atua-no-ccparedes-a-6-de-fevereiro\/#primaryimage"},"thumbnailUrl":"https:\/\/portaltela.pt\/s.01k8rhncp4jt1\/2026\/02\/unnamed-file-1175.jpg","keywords":["CCP","concertos","espet\u00e1culos","m\u00fasica","Paredes","Portugal"],"articleSection":["Not\u00edcias"],"inLanguage":"pt-PT"},{"@type":"WebPage","@id":"https:\/\/portaltela.pt\/noticias\/2026\/02\/04\/banda-cais-do-sodre-funk-connection-atua-no-ccparedes-a-6-de-fevereiro\/","url":"https:\/\/portaltela.pt\/noticias\/2026\/02\/04\/banda-cais-do-sodre-funk-connection-atua-no-ccparedes-a-6-de-fevereiro\/","name":"Banda Cais do Sodr\u00e9 Funk Connection atua no CCParedes a 6 de fevereiro - Portal Tela Portugal","isPartOf":{"@id":"https:\/\/portaltela.pt\/#website"},"primaryImageOfPage":{"@id":"https:\/\/portaltela.pt\/noticias\/2026\/02\/04\/banda-cais-do-sodre-funk-connection-atua-no-ccparedes-a-6-de-fevereiro\/#primaryimage"},"image":{"@id":"https:\/\/portaltela.pt\/noticias\/2026\/02\/04\/banda-cais-do-sodre-funk-connection-atua-no-ccparedes-a-6-de-fevereiro\/#primaryimage"},"thumbnailUrl":"https:\/\/portaltela.pt\/s.01k8rhncp4jt1\/2026\/02\/unnamed-file-1175.jpg","datePublished":"2026-02-04T11:24:22+00:00","author":{"@id":"https:\/\/portaltela.pt\/#\/schema\/person\/c4278d4a6028830caff9ee44b42d32ed"},"breadcrumb":{"@id":"https:\/\/portaltela.pt\/noticias\/2026\/02\/04\/banda-cais-do-sodre-funk-connection-atua-no-ccparedes-a-6-de-fevereiro\/#breadcrumb"},"inLanguage":"pt-PT","potentialAction":[{"@type":"ReadAction","target":["https:\/\/portaltela.pt\/noticias\/2026\/02\/04\/banda-cais-do-sodre-funk-connection-atua-no-ccparedes-a-6-de-fevereiro\/"]}]},{"@type":"ImageObject","inLanguage":"pt-PT","@id":"https:\/\/portaltela.pt\/noticias\/2026\/02\/04\/banda-cais-do-sodre-funk-connection-atua-no-ccparedes-a-6-de-fevereiro\/#primaryimage","url":"https:\/\/portaltela.pt\/s.01k8rhncp4jt1\/2026\/02\/unnamed-file-1175.jpg","contentUrl":"https:\/\/portaltela.pt\/s.01k8rhncp4jt1\/2026\/02\/unnamed-file-1175.jpg","width":796,"height":448,"caption":"Banda \u201cCais do Sodr\u00e9 Funk Connection\u201d atua no Centro Cultural de Paredes a 6 de fevereiro"},{"@type":"BreadcrumbList","@id":"https:\/\/portaltela.pt\/noticias\/2026\/02\/04\/banda-cais-do-sodre-funk-connection-atua-no-ccparedes-a-6-de-fevereiro\/#breadcrumb","itemListElement":[{"@type":"ListItem","position":1,"name":"In\u00edcio","item":"https:\/\/portaltela.pt\/"},{"@type":"ListItem","position":2,"name":"Banda Cais do Sodr\u00e9 Funk Connection atua no CCParedes a 6 de fevereiro"}]},{"@type":"WebSite","@id":"https:\/\/portaltela.pt\/#website","url":"https:\/\/portaltela.pt\/","name":"Portal Tela Portugal","description":"","potentialAction":[{"@type":"SearchAction","target":{"@type":"EntryPoint","urlTemplate":"https:\/\/portaltela.pt\/?s={search_term_string}"},"query-input":{"@type":"PropertyValueSpecification","valueRequired":true,"valueName":"search_term_string"}}],"inLanguage":"pt-PT"},{"@type":"Person","@id":"https:\/\/portaltela.pt\/#\/schema\/person\/c4278d4a6028830caff9ee44b42d32ed","name":"Telinha","image":{"@type":"ImageObject","inLanguage":"pt-PT","@id":"https:\/\/portaltela.pt\/s.01k8rhncp4jt1\/2025\/11\/talking-bot-125x125.png","url":"https:\/\/portaltela.pt\/s.01k8rhncp4jt1\/2025\/11\/talking-bot-125x125.png","contentUrl":"https:\/\/portaltela.pt\/s.01k8rhncp4jt1\/2025\/11\/talking-bot-125x125.png","caption":"Telinha"},"sameAs":["https:\/\/portaltela.pt\/"],"url":"https:\/\/portaltela.pt\/por\/367410592786\/"}]}},"_links":{"self":[{"href":"https:\/\/portaltela.pt\/api\/wp\/v2\/posts\/196316","targetHints":{"allow":["GET"]}}],"collection":[{"href":"https:\/\/portaltela.pt\/api\/wp\/v2\/posts"}],"about":[{"href":"https:\/\/portaltela.pt\/api\/wp\/v2\/types\/post"}],"author":[{"embeddable":true,"href":"https:\/\/portaltela.pt\/api\/wp\/v2\/users\/2"}],"replies":[{"embeddable":true,"href":"https:\/\/portaltela.pt\/api\/wp\/v2\/comments?post=196316"}],"version-history":[{"count":0,"href":"https:\/\/portaltela.pt\/api\/wp\/v2\/posts\/196316\/revisions"}],"wp:featuredmedia":[{"embeddable":true,"href":"https:\/\/portaltela.pt\/api\/wp\/v2\/media\/196325"}],"wp:attachment":[{"href":"https:\/\/portaltela.pt\/api\/wp\/v2\/media?parent=196316"}],"wp:term":[{"taxonomy":"category","embeddable":true,"href":"https:\/\/portaltela.pt\/api\/wp\/v2\/categories?post=196316"},{"taxonomy":"post_tag","embeddable":true,"href":"https:\/\/portaltela.pt\/api\/wp\/v2\/tags?post=196316"}],"curies":[{"name":"wp","href":"https:\/\/api.w.org\/{rel}","templated":true}]}}