{"id":196273,"date":"2026-02-04T08:13:00","date_gmt":"2026-02-04T11:13:00","guid":{"rendered":"https:\/\/portaltela.pt\/noticias\/2026\/02\/04\/dois-despistes-de-pesados-bloqueiam-a-en118-entre-samora-correia-e-alcochete\/"},"modified":"2026-02-04T08:13:00","modified_gmt":"2026-02-04T11:13:00","slug":"dois-despistes-de-pesados-bloqueiam-a-en118-entre-samora-correia-e-alcochete","status":"publish","type":"post","link":"https:\/\/portaltela.pt\/noticias\/2026\/02\/04\/dois-despistes-de-pesados-bloqueiam-a-en118-entre-samora-correia-e-alcochete\/","title":{"rendered":"Dois despistes de pesados bloqueiam a EN118 entre Samora Correia e Alcochete"},"content":{"rendered":"<p>O despiste de duas viaturas pesadas de mercadorias est\u00e1 a cortar a Estrada Nacional 118, junto \u00e0 Vendap, entre Samora Correia e Alcochete. O incidente ocorre na manh\u00e3 de quarta-feira, 4 de fevereiro, a partir das 9h15, segundo relatos locais.<\/p>\n<p>O primeiro despiste envolveu um cami\u00e3o que seguia no sentido Alcochete \u2013 Samora Correia. Apesar do susto, o camionista foi apenas ligeiramente ferido, com escoria\u00e7\u00f5es apresentadas, e o tr\u00e2nsito ficou a alternar entre dois sentidos.<\/p>\n<p>Por volta das 11h, surgiu um segundo epis\u00f3dio quando outra viatura se imobilizou na berma ap\u00f3s um pequeno despiste, ainda no mesmo tro\u00e7o. O tr\u00e1fego ficou completamente parado na zona afetada, sem previs\u00e3o de abertura.<\/p>\n<p>A GNR est\u00e1 a coordenar a passagem de ve\u00edculos para evitar congestionamentos adicionais no local, que permanece encerrado at\u00e9 ao momento. As autoridades mant\u00eam a opera\u00e7\u00e3o de regula\u00e7\u00e3o do tr\u00e2nsito enquanto decorrem as dilig\u00eancias. (Not\u00edcia em atualiza\u00e7\u00e3o)<\/p>\n","protected":false},"excerpt":{"rendered":"<ul>\n<li>Dois despistes de viaturas pesadas cortam a EN 118 junto \u00e0 Vendap, entre Samora Correia e Alcochete.<\/li>\n<li>O primeiro acidente ocorreu \u00e0s 9h15, num cami\u00e3o que seguia no sentido Alcochete \u2192 Samora Correia; o motorista sofreu apenas escoria\u00e7\u00f5es e o tr\u00e2nsito seguia de forma intermitente.<\/li>\n<li>Por volta das 11h, outra viatura despistou\u2011se na berma ao passar pelo local, ficando imobilizada.<\/li>\n<li>O tr\u00e2nsito encontra-se, neste momento, completamente parado, sem previs\u00e3o de reabertura.<\/li>\n<li>A GNR est\u00e1 a coordenar o fluxo para evitar mais viaturas no local.<\/li>\n<\/ul>\n","protected":false},"author":2,"featured_media":196285,"comment_status":"closed","ping_status":"closed","sticky":false,"template":"","format":"standard","meta":{"footnotes":""},"categories":[1],"tags":[2088,2335,695,792,1629,2891],"class_list":["post-196273","post","type-post","status-publish","format-standard","has-post-thumbnail","hentry","category-noticias","tag-acidente-de-viacao","tag-acidentes-rodoviarios","tag-fiscalizacao","tag-gestao-de-mobilidade","tag-transito","tag-via-publica"],"yoast_head":"<!-- This site is optimized with the Yoast SEO plugin v27.2 - https:\/\/yoast.com\/product\/yoast-seo-wordpress\/ -->\n<title>Dois despistes de pesados bloqueiam a EN118 entre Samora Correia e Alcochete - Portal Tela Portugal<\/title>\n<meta name=\"robots\" content=\"index, follow, max-snippet:-1, max-image-preview:large, max-video-preview:-1\" \/>\n<meta property=\"og:locale\" content=\"pt_PT\" \/>\n<meta property=\"og:type\" content=\"article\" \/>\n<meta property=\"og:title\" content=\"Dois despistes de pesados bloqueiam a EN118 entre Samora Correia e Alcochete - Portal Tela Portugal\" \/>\n<meta property=\"og:description\" content=\"Dois despistes de viaturas pesadas cortam a EN 118 junto \u00e0 Vendap, entre Samora Correia e Alcochete. O primeiro acidente ocorreu \u00e0s 9h15, num cami\u00e3o que seguia no sentido Alcochete \u2192 Samora Correia; o motorista sofreu apenas escoria\u00e7\u00f5es e o tr\u00e2nsito seguia de forma intermitente. Por volta das 11h, outra viatura despistou\u2011se na berma ao passar pelo local, ficando imobilizada. O tr\u00e2nsito encontra-se, neste momento, completamente parado, sem previs\u00e3o de reabertura. A GNR est\u00e1 a coordenar o fluxo para evitar mais viaturas no local.\" \/>\n<meta property=\"og:url\" content=\"https:\/\/portaltela.pt\/noticias\/2026\/02\/04\/dois-despistes-de-pesados-bloqueiam-a-en118-entre-samora-correia-e-alcochete\/\" \/>\n<meta property=\"og:site_name\" content=\"Portal Tela Portugal\" \/>\n<meta property=\"article:published_time\" content=\"2026-02-04T11:13:00+00:00\" \/>\n<meta name=\"author\" content=\"Telinha\" \/>\n<meta name=\"twitter:card\" content=\"summary_large_image\" \/>\n<meta name=\"twitter:label1\" content=\"Escrito por\" \/>\n\t<meta name=\"twitter:data1\" content=\"Telinha\" \/>\n\t<meta name=\"twitter:label2\" content=\"Tempo estimado de leitura\" \/>\n\t<meta name=\"twitter:data2\" content=\"1 minuto\" \/>\n<script type=\"application\/ld+json\" class=\"yoast-schema-graph\">{\"@context\":\"https:\/\/schema.org\",\"@graph\":[{\"@type\":\"Article\",\"@id\":\"https:\/\/portaltela.pt\/noticias\/2026\/02\/04\/dois-despistes-de-pesados-bloqueiam-a-en118-entre-samora-correia-e-alcochete\/#article\",\"isPartOf\":{\"@id\":\"https:\/\/portaltela.pt\/noticias\/2026\/02\/04\/dois-despistes-de-pesados-bloqueiam-a-en118-entre-samora-correia-e-alcochete\/\"},\"author\":{\"name\":\"Telinha\",\"@id\":\"https:\/\/portaltela.pt\/#\/schema\/person\/c4278d4a6028830caff9ee44b42d32ed\"},\"headline\":\"Dois despistes de pesados bloqueiam a EN118 entre Samora Correia e Alcochete\",\"datePublished\":\"2026-02-04T11:13:00+00:00\",\"mainEntityOfPage\":{\"@id\":\"https:\/\/portaltela.pt\/noticias\/2026\/02\/04\/dois-despistes-de-pesados-bloqueiam-a-en118-entre-samora-correia-e-alcochete\/\"},\"wordCount\":171,\"image\":{\"@id\":\"https:\/\/portaltela.pt\/noticias\/2026\/02\/04\/dois-despistes-de-pesados-bloqueiam-a-en118-entre-samora-correia-e-alcochete\/#primaryimage\"},\"thumbnailUrl\":\"https:\/\/portaltela.pt\/s.01k8rhncp4jt1\/2026\/02\/image-8-e1770203560597.jpg\",\"keywords\":[\"acidente de via\u00e7\u00e3o\",\"acidentes rodovi\u00e1rios\",\"fiscaliza\u00e7\u00e3o\",\"gest\u00e3o de mobilidade\",\"tr\u00e2nsito\",\"via p\u00fablica\"],\"articleSection\":[\"Not\u00edcias\"],\"inLanguage\":\"pt-PT\"},{\"@type\":\"WebPage\",\"@id\":\"https:\/\/portaltela.pt\/noticias\/2026\/02\/04\/dois-despistes-de-pesados-bloqueiam-a-en118-entre-samora-correia-e-alcochete\/\",\"url\":\"https:\/\/portaltela.pt\/noticias\/2026\/02\/04\/dois-despistes-de-pesados-bloqueiam-a-en118-entre-samora-correia-e-alcochete\/\",\"name\":\"Dois despistes de pesados bloqueiam a EN118 entre Samora Correia e Alcochete - Portal Tela Portugal\",\"isPartOf\":{\"@id\":\"https:\/\/portaltela.pt\/#website\"},\"primaryImageOfPage\":{\"@id\":\"https:\/\/portaltela.pt\/noticias\/2026\/02\/04\/dois-despistes-de-pesados-bloqueiam-a-en118-entre-samora-correia-e-alcochete\/#primaryimage\"},\"image\":{\"@id\":\"https:\/\/portaltela.pt\/noticias\/2026\/02\/04\/dois-despistes-de-pesados-bloqueiam-a-en118-entre-samora-correia-e-alcochete\/#primaryimage\"},\"thumbnailUrl\":\"https:\/\/portaltela.pt\/s.01k8rhncp4jt1\/2026\/02\/image-8-e1770203560597.jpg\",\"datePublished\":\"2026-02-04T11:13:00+00:00\",\"author\":{\"@id\":\"https:\/\/portaltela.pt\/#\/schema\/person\/c4278d4a6028830caff9ee44b42d32ed\"},\"breadcrumb\":{\"@id\":\"https:\/\/portaltela.pt\/noticias\/2026\/02\/04\/dois-despistes-de-pesados-bloqueiam-a-en118-entre-samora-correia-e-alcochete\/#breadcrumb\"},\"inLanguage\":\"pt-PT\",\"potentialAction\":[{\"@type\":\"ReadAction\",\"target\":[\"https:\/\/portaltela.pt\/noticias\/2026\/02\/04\/dois-despistes-de-pesados-bloqueiam-a-en118-entre-samora-correia-e-alcochete\/\"]}]},{\"@type\":\"ImageObject\",\"inLanguage\":\"pt-PT\",\"@id\":\"https:\/\/portaltela.pt\/noticias\/2026\/02\/04\/dois-despistes-de-pesados-bloqueiam-a-en118-entre-samora-correia-e-alcochete\/#primaryimage\",\"url\":\"https:\/\/portaltela.pt\/s.01k8rhncp4jt1\/2026\/02\/image-8-e1770203560597.jpg\",\"contentUrl\":\"https:\/\/portaltela.pt\/s.01k8rhncp4jt1\/2026\/02\/image-8-e1770203560597.jpg\",\"width\":796,\"height\":448,\"caption\":\"Dois despistes de pesados cortam EN118 entre Samora Correia e Alcochete\"},{\"@type\":\"BreadcrumbList\",\"@id\":\"https:\/\/portaltela.pt\/noticias\/2026\/02\/04\/dois-despistes-de-pesados-bloqueiam-a-en118-entre-samora-correia-e-alcochete\/#breadcrumb\",\"itemListElement\":[{\"@type\":\"ListItem\",\"position\":1,\"name\":\"In\u00edcio\",\"item\":\"https:\/\/portaltela.pt\/\"},{\"@type\":\"ListItem\",\"position\":2,\"name\":\"Dois despistes de pesados bloqueiam a EN118 entre Samora Correia e Alcochete\"}]},{\"@type\":\"WebSite\",\"@id\":\"https:\/\/portaltela.pt\/#website\",\"url\":\"https:\/\/portaltela.pt\/\",\"name\":\"Portal Tela Portugal\",\"description\":\"\",\"potentialAction\":[{\"@type\":\"SearchAction\",\"target\":{\"@type\":\"EntryPoint\",\"urlTemplate\":\"https:\/\/portaltela.pt\/?s={search_term_string}\"},\"query-input\":{\"@type\":\"PropertyValueSpecification\",\"valueRequired\":true,\"valueName\":\"search_term_string\"}}],\"inLanguage\":\"pt-PT\"},{\"@type\":\"Person\",\"@id\":\"https:\/\/portaltela.pt\/#\/schema\/person\/c4278d4a6028830caff9ee44b42d32ed\",\"name\":\"Telinha\",\"image\":{\"@type\":\"ImageObject\",\"inLanguage\":\"pt-PT\",\"@id\":\"https:\/\/portaltela.pt\/s.01k8rhncp4jt1\/2025\/11\/talking-bot-125x125.png\",\"url\":\"https:\/\/portaltela.pt\/s.01k8rhncp4jt1\/2025\/11\/talking-bot-125x125.png\",\"contentUrl\":\"https:\/\/portaltela.pt\/s.01k8rhncp4jt1\/2025\/11\/talking-bot-125x125.png\",\"caption\":\"Telinha\"},\"sameAs\":[\"https:\/\/portaltela.pt\/\"],\"url\":\"https:\/\/portaltela.pt\/por\/367410592786\/\"}]}<\/script>\n<!-- \/ Yoast SEO plugin. -->","yoast_head_json":{"title":"Dois despistes de pesados bloqueiam a EN118 entre Samora Correia e Alcochete - Portal Tela Portugal","robots":{"index":"index","follow":"follow","max-snippet":"max-snippet:-1","max-image-preview":"max-image-preview:large","max-video-preview":"max-video-preview:-1"},"og_locale":"pt_PT","og_type":"article","og_title":"Dois despistes de pesados bloqueiam a EN118 entre Samora Correia e Alcochete - Portal Tela Portugal","og_description":"Dois despistes de viaturas pesadas cortam a EN 118 junto \u00e0 Vendap, entre Samora Correia e Alcochete. O primeiro acidente ocorreu \u00e0s 9h15, num cami\u00e3o que seguia no sentido Alcochete \u2192 Samora Correia; o motorista sofreu apenas escoria\u00e7\u00f5es e o tr\u00e2nsito seguia de forma intermitente. Por volta das 11h, outra viatura despistou\u2011se na berma ao passar pelo local, ficando imobilizada. O tr\u00e2nsito encontra-se, neste momento, completamente parado, sem previs\u00e3o de reabertura. A GNR est\u00e1 a coordenar o fluxo para evitar mais viaturas no local.","og_url":"https:\/\/portaltela.pt\/noticias\/2026\/02\/04\/dois-despistes-de-pesados-bloqueiam-a-en118-entre-samora-correia-e-alcochete\/","og_site_name":"Portal Tela Portugal","article_published_time":"2026-02-04T11:13:00+00:00","author":"Telinha","twitter_card":"summary_large_image","twitter_misc":{"Escrito por":"Telinha","Tempo estimado de leitura":"1 minuto"},"schema":{"@context":"https:\/\/schema.org","@graph":[{"@type":"Article","@id":"https:\/\/portaltela.pt\/noticias\/2026\/02\/04\/dois-despistes-de-pesados-bloqueiam-a-en118-entre-samora-correia-e-alcochete\/#article","isPartOf":{"@id":"https:\/\/portaltela.pt\/noticias\/2026\/02\/04\/dois-despistes-de-pesados-bloqueiam-a-en118-entre-samora-correia-e-alcochete\/"},"author":{"name":"Telinha","@id":"https:\/\/portaltela.pt\/#\/schema\/person\/c4278d4a6028830caff9ee44b42d32ed"},"headline":"Dois despistes de pesados bloqueiam a EN118 entre Samora Correia e Alcochete","datePublished":"2026-02-04T11:13:00+00:00","mainEntityOfPage":{"@id":"https:\/\/portaltela.pt\/noticias\/2026\/02\/04\/dois-despistes-de-pesados-bloqueiam-a-en118-entre-samora-correia-e-alcochete\/"},"wordCount":171,"image":{"@id":"https:\/\/portaltela.pt\/noticias\/2026\/02\/04\/dois-despistes-de-pesados-bloqueiam-a-en118-entre-samora-correia-e-alcochete\/#primaryimage"},"thumbnailUrl":"https:\/\/portaltela.pt\/s.01k8rhncp4jt1\/2026\/02\/image-8-e1770203560597.jpg","keywords":["acidente de via\u00e7\u00e3o","acidentes rodovi\u00e1rios","fiscaliza\u00e7\u00e3o","gest\u00e3o de mobilidade","tr\u00e2nsito","via p\u00fablica"],"articleSection":["Not\u00edcias"],"inLanguage":"pt-PT"},{"@type":"WebPage","@id":"https:\/\/portaltela.pt\/noticias\/2026\/02\/04\/dois-despistes-de-pesados-bloqueiam-a-en118-entre-samora-correia-e-alcochete\/","url":"https:\/\/portaltela.pt\/noticias\/2026\/02\/04\/dois-despistes-de-pesados-bloqueiam-a-en118-entre-samora-correia-e-alcochete\/","name":"Dois despistes de pesados bloqueiam a EN118 entre Samora Correia e Alcochete - Portal Tela Portugal","isPartOf":{"@id":"https:\/\/portaltela.pt\/#website"},"primaryImageOfPage":{"@id":"https:\/\/portaltela.pt\/noticias\/2026\/02\/04\/dois-despistes-de-pesados-bloqueiam-a-en118-entre-samora-correia-e-alcochete\/#primaryimage"},"image":{"@id":"https:\/\/portaltela.pt\/noticias\/2026\/02\/04\/dois-despistes-de-pesados-bloqueiam-a-en118-entre-samora-correia-e-alcochete\/#primaryimage"},"thumbnailUrl":"https:\/\/portaltela.pt\/s.01k8rhncp4jt1\/2026\/02\/image-8-e1770203560597.jpg","datePublished":"2026-02-04T11:13:00+00:00","author":{"@id":"https:\/\/portaltela.pt\/#\/schema\/person\/c4278d4a6028830caff9ee44b42d32ed"},"breadcrumb":{"@id":"https:\/\/portaltela.pt\/noticias\/2026\/02\/04\/dois-despistes-de-pesados-bloqueiam-a-en118-entre-samora-correia-e-alcochete\/#breadcrumb"},"inLanguage":"pt-PT","potentialAction":[{"@type":"ReadAction","target":["https:\/\/portaltela.pt\/noticias\/2026\/02\/04\/dois-despistes-de-pesados-bloqueiam-a-en118-entre-samora-correia-e-alcochete\/"]}]},{"@type":"ImageObject","inLanguage":"pt-PT","@id":"https:\/\/portaltela.pt\/noticias\/2026\/02\/04\/dois-despistes-de-pesados-bloqueiam-a-en118-entre-samora-correia-e-alcochete\/#primaryimage","url":"https:\/\/portaltela.pt\/s.01k8rhncp4jt1\/2026\/02\/image-8-e1770203560597.jpg","contentUrl":"https:\/\/portaltela.pt\/s.01k8rhncp4jt1\/2026\/02\/image-8-e1770203560597.jpg","width":796,"height":448,"caption":"Dois despistes de pesados cortam EN118 entre Samora Correia e Alcochete"},{"@type":"BreadcrumbList","@id":"https:\/\/portaltela.pt\/noticias\/2026\/02\/04\/dois-despistes-de-pesados-bloqueiam-a-en118-entre-samora-correia-e-alcochete\/#breadcrumb","itemListElement":[{"@type":"ListItem","position":1,"name":"In\u00edcio","item":"https:\/\/portaltela.pt\/"},{"@type":"ListItem","position":2,"name":"Dois despistes de pesados bloqueiam a EN118 entre Samora Correia e Alcochete"}]},{"@type":"WebSite","@id":"https:\/\/portaltela.pt\/#website","url":"https:\/\/portaltela.pt\/","name":"Portal Tela Portugal","description":"","potentialAction":[{"@type":"SearchAction","target":{"@type":"EntryPoint","urlTemplate":"https:\/\/portaltela.pt\/?s={search_term_string}"},"query-input":{"@type":"PropertyValueSpecification","valueRequired":true,"valueName":"search_term_string"}}],"inLanguage":"pt-PT"},{"@type":"Person","@id":"https:\/\/portaltela.pt\/#\/schema\/person\/c4278d4a6028830caff9ee44b42d32ed","name":"Telinha","image":{"@type":"ImageObject","inLanguage":"pt-PT","@id":"https:\/\/portaltela.pt\/s.01k8rhncp4jt1\/2025\/11\/talking-bot-125x125.png","url":"https:\/\/portaltela.pt\/s.01k8rhncp4jt1\/2025\/11\/talking-bot-125x125.png","contentUrl":"https:\/\/portaltela.pt\/s.01k8rhncp4jt1\/2025\/11\/talking-bot-125x125.png","caption":"Telinha"},"sameAs":["https:\/\/portaltela.pt\/"],"url":"https:\/\/portaltela.pt\/por\/367410592786\/"}]}},"_links":{"self":[{"href":"https:\/\/portaltela.pt\/api\/wp\/v2\/posts\/196273","targetHints":{"allow":["GET"]}}],"collection":[{"href":"https:\/\/portaltela.pt\/api\/wp\/v2\/posts"}],"about":[{"href":"https:\/\/portaltela.pt\/api\/wp\/v2\/types\/post"}],"author":[{"embeddable":true,"href":"https:\/\/portaltela.pt\/api\/wp\/v2\/users\/2"}],"replies":[{"embeddable":true,"href":"https:\/\/portaltela.pt\/api\/wp\/v2\/comments?post=196273"}],"version-history":[{"count":0,"href":"https:\/\/portaltela.pt\/api\/wp\/v2\/posts\/196273\/revisions"}],"wp:featuredmedia":[{"embeddable":true,"href":"https:\/\/portaltela.pt\/api\/wp\/v2\/media\/196285"}],"wp:attachment":[{"href":"https:\/\/portaltela.pt\/api\/wp\/v2\/media?parent=196273"}],"wp:term":[{"taxonomy":"category","embeddable":true,"href":"https:\/\/portaltela.pt\/api\/wp\/v2\/categories?post=196273"},{"taxonomy":"post_tag","embeddable":true,"href":"https:\/\/portaltela.pt\/api\/wp\/v2\/tags?post=196273"}],"curies":[{"name":"wp","href":"https:\/\/api.w.org\/{rel}","templated":true}]}}