{"id":196270,"date":"2026-02-04T08:05:57","date_gmt":"2026-02-04T11:05:57","guid":{"rendered":"https:\/\/portaltela.pt\/noticias\/2026\/02\/04\/moura-abre-candidaturas-a-xvii-olivomoura-e-feira-de-maio-com-inovacao-agricola\/"},"modified":"2026-02-04T08:05:57","modified_gmt":"2026-02-04T11:05:57","slug":"moura-abre-candidaturas-a-xvii-olivomoura-e-feira-de-maio-com-inovacao-agricola","status":"publish","type":"post","link":"https:\/\/portaltela.pt\/noticias\/2026\/02\/04\/moura-abre-candidaturas-a-xvii-olivomoura-e-feira-de-maio-com-inovacao-agricola\/","title":{"rendered":"Moura abre candidaturas \u00e0 XVII Olivomoura e Feira de Maio com inova\u00e7\u00e3o agr\u00edcola"},"content":{"rendered":"<p>O Munic\u00edpio de Moura iniciou a contagem decrescente para a Feira de Maio \u2013 XVII Olivomoura | Feira Nacional de Olivicultura, que decorre de 7 a 10 de maio. As candidaturas aos Pavilh\u00f5es de Exposi\u00e7\u00e3o v\u00e3o at\u00e9 13 de mar\u00e7o, com ocupa\u00e7\u00e3o definida pela ordem de entrada, dada a quantidade limitada de stands.<\/p>\n<p>O certame enfatiza os sectores da agricultura, pecu\u00e1ria e turismo, com foco central na fileira oliv\u00edcola. A autarquia promove a marca Moura Terra M\u00e3e do Azeite do Alentejo para refor\u00e7ar a identidade do territ\u00f3rio e a qualidade do azeite produzido localmente.<\/p>\n<p>A feira funciona tamb\u00e9m como plataforma tecnol\u00f3gica, com empresas a apresentar sistemas inovadores para modernizar as fileiras agroalimentar e agropecu\u00e1ria, criando oportunidades de neg\u00f3cio entre empres\u00e1rios e fornecedores.<\/p>\n<h3>Inscri\u00e7\u00f5es e modalidades de candidatura<\/h3>\n<p>As candidaturas devem ser submetidas atrav\u00e9s da ficha de inscri\u00e7\u00e3o oficial, dispon\u00edvel no site do Munic\u00edpio, na sec\u00e7\u00e3o Feiras On-line. A documenta\u00e7\u00e3o pode ser enviada por correio ou via canais digitais de turismo e servi\u00e7os municipais.<\/p>\n<p>Embora o foco seja o setor agr\u00edcola, o certame admite outras tem\u00e1ticas, sujeitas \u00e0 capacidade log\u00edstica dos pavilh\u00f5es, visando o desenvolvimento econ\u00f3mico e social da regi\u00e3o.<\/p>\n","protected":false},"excerpt":{"rendered":"<ul>\n<li>Moura abre candidaturas para a XVII Olivomoura \u2013 Feira Nacional de Olivicultura, que decorre entre 7 e 10 de maio, com foco na inova\u00e7\u00e3o agr\u00edcola.<\/li>\n<li>As inscri\u00e7\u00f5es terminam a 13 de mar\u00e7o, e a ocupa\u00e7\u00e3o dos stands segue a ordem de entrada, dadas as vagas limitadas.<\/li>\n<li>O certame foca-se na agricultura, pecu\u00e1ria e turismo, com destaque para a fileira oliv\u00edcola, sob a marca Moura Terra M\u00e3e do Azeite do Alentejo.<\/li>\n<li>A feira funciona tamb\u00e9m como plataforma tecnol\u00f3gica, apresentando sistemas inovadores para modernizar as fileiras agroalimentar e agropecu\u00e1ria.<\/li>\n<li>As candidaturas devem ser feitas via ficha de inscri\u00e7\u00e3o no site do Munic\u00edpio, sec\u00e7\u00e3o Feiras On-line, com envio da documenta\u00e7\u00e3o por correio ou por canais digitais.<\/li>\n<\/ul>\n","protected":false},"author":2,"featured_media":196284,"comment_status":"closed","ping_status":"closed","sticky":false,"template":"","format":"standard","meta":{"footnotes":""},"categories":[1],"tags":[179,883,2899,2396,4066,169],"class_list":["post-196270","post","type-post","status-publish","format-standard","has-post-thumbnail","hentry","category-noticias","tag-agricultura","tag-alentejo","tag-azeites","tag-moura","tag-olivicultura","tag-turismo"],"yoast_head":"<!-- This site is optimized with the Yoast SEO plugin v27.2 - https:\/\/yoast.com\/product\/yoast-seo-wordpress\/ -->\n<title>Moura abre candidaturas \u00e0 XVII Olivomoura e Feira de Maio com inova\u00e7\u00e3o agr\u00edcola - Portal Tela Portugal<\/title>\n<meta name=\"robots\" content=\"index, follow, max-snippet:-1, max-image-preview:large, max-video-preview:-1\" \/>\n<meta property=\"og:locale\" content=\"pt_PT\" \/>\n<meta property=\"og:type\" content=\"article\" \/>\n<meta property=\"og:title\" content=\"Moura abre candidaturas \u00e0 XVII Olivomoura e Feira de Maio com inova\u00e7\u00e3o agr\u00edcola - Portal Tela Portugal\" \/>\n<meta property=\"og:description\" content=\"Moura abre candidaturas para a XVII Olivomoura \u2013 Feira Nacional de Olivicultura, que decorre entre 7 e 10 de maio, com foco na inova\u00e7\u00e3o agr\u00edcola. As inscri\u00e7\u00f5es terminam a 13 de mar\u00e7o, e a ocupa\u00e7\u00e3o dos stands segue a ordem de entrada, dadas as vagas limitadas. O certame foca-se na agricultura, pecu\u00e1ria e turismo, com destaque para a fileira oliv\u00edcola, sob a marca Moura Terra M\u00e3e do Azeite do Alentejo. A feira funciona tamb\u00e9m como plataforma tecnol\u00f3gica, apresentando sistemas inovadores para modernizar as fileiras agroalimentar e agropecu\u00e1ria. As candidaturas devem ser feitas via ficha de inscri\u00e7\u00e3o no site do Munic\u00edpio, sec\u00e7\u00e3o Feiras On-line, com envio da documenta\u00e7\u00e3o por correio ou por canais digitais.\" \/>\n<meta property=\"og:url\" content=\"https:\/\/portaltela.pt\/noticias\/2026\/02\/04\/moura-abre-candidaturas-a-xvii-olivomoura-e-feira-de-maio-com-inovacao-agricola\/\" \/>\n<meta property=\"og:site_name\" content=\"Portal Tela Portugal\" \/>\n<meta property=\"article:published_time\" content=\"2026-02-04T11:05:57+00:00\" \/>\n<meta name=\"author\" content=\"Telinha\" \/>\n<meta name=\"twitter:card\" content=\"summary_large_image\" \/>\n<meta name=\"twitter:label1\" content=\"Escrito por\" \/>\n\t<meta name=\"twitter:data1\" content=\"Telinha\" \/>\n\t<meta name=\"twitter:label2\" content=\"Tempo estimado de leitura\" \/>\n\t<meta name=\"twitter:data2\" content=\"1 minuto\" \/>\n<script type=\"application\/ld+json\" class=\"yoast-schema-graph\">{\"@context\":\"https:\/\/schema.org\",\"@graph\":[{\"@type\":\"Article\",\"@id\":\"https:\/\/portaltela.pt\/noticias\/2026\/02\/04\/moura-abre-candidaturas-a-xvii-olivomoura-e-feira-de-maio-com-inovacao-agricola\/#article\",\"isPartOf\":{\"@id\":\"https:\/\/portaltela.pt\/noticias\/2026\/02\/04\/moura-abre-candidaturas-a-xvii-olivomoura-e-feira-de-maio-com-inovacao-agricola\/\"},\"author\":{\"name\":\"Telinha\",\"@id\":\"https:\/\/portaltela.pt\/#\/schema\/person\/c4278d4a6028830caff9ee44b42d32ed\"},\"headline\":\"Moura abre candidaturas \u00e0 XVII Olivomoura e Feira de Maio com inova\u00e7\u00e3o agr\u00edcola\",\"datePublished\":\"2026-02-04T11:05:57+00:00\",\"mainEntityOfPage\":{\"@id\":\"https:\/\/portaltela.pt\/noticias\/2026\/02\/04\/moura-abre-candidaturas-a-xvii-olivomoura-e-feira-de-maio-com-inovacao-agricola\/\"},\"wordCount\":227,\"image\":{\"@id\":\"https:\/\/portaltela.pt\/noticias\/2026\/02\/04\/moura-abre-candidaturas-a-xvii-olivomoura-e-feira-de-maio-com-inovacao-agricola\/#primaryimage\"},\"thumbnailUrl\":\"https:\/\/portaltela.pt\/s.01k8rhncp4jt1\/2026\/02\/unnamed-file-1170.jpg\",\"keywords\":[\"agricultura\",\"Alentejo\",\"azeites\",\"Moura\",\"olivicultura\",\"turismo\"],\"articleSection\":[\"Not\u00edcias\"],\"inLanguage\":\"pt-PT\"},{\"@type\":\"WebPage\",\"@id\":\"https:\/\/portaltela.pt\/noticias\/2026\/02\/04\/moura-abre-candidaturas-a-xvii-olivomoura-e-feira-de-maio-com-inovacao-agricola\/\",\"url\":\"https:\/\/portaltela.pt\/noticias\/2026\/02\/04\/moura-abre-candidaturas-a-xvii-olivomoura-e-feira-de-maio-com-inovacao-agricola\/\",\"name\":\"Moura abre candidaturas \u00e0 XVII Olivomoura e Feira de Maio com inova\u00e7\u00e3o agr\u00edcola - Portal Tela Portugal\",\"isPartOf\":{\"@id\":\"https:\/\/portaltela.pt\/#website\"},\"primaryImageOfPage\":{\"@id\":\"https:\/\/portaltela.pt\/noticias\/2026\/02\/04\/moura-abre-candidaturas-a-xvii-olivomoura-e-feira-de-maio-com-inovacao-agricola\/#primaryimage\"},\"image\":{\"@id\":\"https:\/\/portaltela.pt\/noticias\/2026\/02\/04\/moura-abre-candidaturas-a-xvii-olivomoura-e-feira-de-maio-com-inovacao-agricola\/#primaryimage\"},\"thumbnailUrl\":\"https:\/\/portaltela.pt\/s.01k8rhncp4jt1\/2026\/02\/unnamed-file-1170.jpg\",\"datePublished\":\"2026-02-04T11:05:57+00:00\",\"author\":{\"@id\":\"https:\/\/portaltela.pt\/#\/schema\/person\/c4278d4a6028830caff9ee44b42d32ed\"},\"breadcrumb\":{\"@id\":\"https:\/\/portaltela.pt\/noticias\/2026\/02\/04\/moura-abre-candidaturas-a-xvii-olivomoura-e-feira-de-maio-com-inovacao-agricola\/#breadcrumb\"},\"inLanguage\":\"pt-PT\",\"potentialAction\":[{\"@type\":\"ReadAction\",\"target\":[\"https:\/\/portaltela.pt\/noticias\/2026\/02\/04\/moura-abre-candidaturas-a-xvii-olivomoura-e-feira-de-maio-com-inovacao-agricola\/\"]}]},{\"@type\":\"ImageObject\",\"inLanguage\":\"pt-PT\",\"@id\":\"https:\/\/portaltela.pt\/noticias\/2026\/02\/04\/moura-abre-candidaturas-a-xvii-olivomoura-e-feira-de-maio-com-inovacao-agricola\/#primaryimage\",\"url\":\"https:\/\/portaltela.pt\/s.01k8rhncp4jt1\/2026\/02\/unnamed-file-1170.jpg\",\"contentUrl\":\"https:\/\/portaltela.pt\/s.01k8rhncp4jt1\/2026\/02\/unnamed-file-1170.jpg\",\"width\":796,\"height\":448,\"caption\":\"Moura abre candidaturas para a XVII Olivomoura e Feira de Maio com foco na inova\u00e7\u00e3o agr\u00edcola\"},{\"@type\":\"BreadcrumbList\",\"@id\":\"https:\/\/portaltela.pt\/noticias\/2026\/02\/04\/moura-abre-candidaturas-a-xvii-olivomoura-e-feira-de-maio-com-inovacao-agricola\/#breadcrumb\",\"itemListElement\":[{\"@type\":\"ListItem\",\"position\":1,\"name\":\"In\u00edcio\",\"item\":\"https:\/\/portaltela.pt\/\"},{\"@type\":\"ListItem\",\"position\":2,\"name\":\"Moura abre candidaturas \u00e0 XVII Olivomoura e Feira de Maio com inova\u00e7\u00e3o agr\u00edcola\"}]},{\"@type\":\"WebSite\",\"@id\":\"https:\/\/portaltela.pt\/#website\",\"url\":\"https:\/\/portaltela.pt\/\",\"name\":\"Portal Tela Portugal\",\"description\":\"\",\"potentialAction\":[{\"@type\":\"SearchAction\",\"target\":{\"@type\":\"EntryPoint\",\"urlTemplate\":\"https:\/\/portaltela.pt\/?s={search_term_string}\"},\"query-input\":{\"@type\":\"PropertyValueSpecification\",\"valueRequired\":true,\"valueName\":\"search_term_string\"}}],\"inLanguage\":\"pt-PT\"},{\"@type\":\"Person\",\"@id\":\"https:\/\/portaltela.pt\/#\/schema\/person\/c4278d4a6028830caff9ee44b42d32ed\",\"name\":\"Telinha\",\"image\":{\"@type\":\"ImageObject\",\"inLanguage\":\"pt-PT\",\"@id\":\"https:\/\/portaltela.pt\/s.01k8rhncp4jt1\/2025\/11\/talking-bot-125x125.png\",\"url\":\"https:\/\/portaltela.pt\/s.01k8rhncp4jt1\/2025\/11\/talking-bot-125x125.png\",\"contentUrl\":\"https:\/\/portaltela.pt\/s.01k8rhncp4jt1\/2025\/11\/talking-bot-125x125.png\",\"caption\":\"Telinha\"},\"sameAs\":[\"https:\/\/portaltela.pt\/\"],\"url\":\"https:\/\/portaltela.pt\/por\/367410592786\/\"}]}<\/script>\n<!-- \/ Yoast SEO plugin. -->","yoast_head_json":{"title":"Moura abre candidaturas \u00e0 XVII Olivomoura e Feira de Maio com inova\u00e7\u00e3o agr\u00edcola - Portal Tela Portugal","robots":{"index":"index","follow":"follow","max-snippet":"max-snippet:-1","max-image-preview":"max-image-preview:large","max-video-preview":"max-video-preview:-1"},"og_locale":"pt_PT","og_type":"article","og_title":"Moura abre candidaturas \u00e0 XVII Olivomoura e Feira de Maio com inova\u00e7\u00e3o agr\u00edcola - Portal Tela Portugal","og_description":"Moura abre candidaturas para a XVII Olivomoura \u2013 Feira Nacional de Olivicultura, que decorre entre 7 e 10 de maio, com foco na inova\u00e7\u00e3o agr\u00edcola. As inscri\u00e7\u00f5es terminam a 13 de mar\u00e7o, e a ocupa\u00e7\u00e3o dos stands segue a ordem de entrada, dadas as vagas limitadas. O certame foca-se na agricultura, pecu\u00e1ria e turismo, com destaque para a fileira oliv\u00edcola, sob a marca Moura Terra M\u00e3e do Azeite do Alentejo. A feira funciona tamb\u00e9m como plataforma tecnol\u00f3gica, apresentando sistemas inovadores para modernizar as fileiras agroalimentar e agropecu\u00e1ria. As candidaturas devem ser feitas via ficha de inscri\u00e7\u00e3o no site do Munic\u00edpio, sec\u00e7\u00e3o Feiras On-line, com envio da documenta\u00e7\u00e3o por correio ou por canais digitais.","og_url":"https:\/\/portaltela.pt\/noticias\/2026\/02\/04\/moura-abre-candidaturas-a-xvii-olivomoura-e-feira-de-maio-com-inovacao-agricola\/","og_site_name":"Portal Tela Portugal","article_published_time":"2026-02-04T11:05:57+00:00","author":"Telinha","twitter_card":"summary_large_image","twitter_misc":{"Escrito por":"Telinha","Tempo estimado de leitura":"1 minuto"},"schema":{"@context":"https:\/\/schema.org","@graph":[{"@type":"Article","@id":"https:\/\/portaltela.pt\/noticias\/2026\/02\/04\/moura-abre-candidaturas-a-xvii-olivomoura-e-feira-de-maio-com-inovacao-agricola\/#article","isPartOf":{"@id":"https:\/\/portaltela.pt\/noticias\/2026\/02\/04\/moura-abre-candidaturas-a-xvii-olivomoura-e-feira-de-maio-com-inovacao-agricola\/"},"author":{"name":"Telinha","@id":"https:\/\/portaltela.pt\/#\/schema\/person\/c4278d4a6028830caff9ee44b42d32ed"},"headline":"Moura abre candidaturas \u00e0 XVII Olivomoura e Feira de Maio com inova\u00e7\u00e3o agr\u00edcola","datePublished":"2026-02-04T11:05:57+00:00","mainEntityOfPage":{"@id":"https:\/\/portaltela.pt\/noticias\/2026\/02\/04\/moura-abre-candidaturas-a-xvii-olivomoura-e-feira-de-maio-com-inovacao-agricola\/"},"wordCount":227,"image":{"@id":"https:\/\/portaltela.pt\/noticias\/2026\/02\/04\/moura-abre-candidaturas-a-xvii-olivomoura-e-feira-de-maio-com-inovacao-agricola\/#primaryimage"},"thumbnailUrl":"https:\/\/portaltela.pt\/s.01k8rhncp4jt1\/2026\/02\/unnamed-file-1170.jpg","keywords":["agricultura","Alentejo","azeites","Moura","olivicultura","turismo"],"articleSection":["Not\u00edcias"],"inLanguage":"pt-PT"},{"@type":"WebPage","@id":"https:\/\/portaltela.pt\/noticias\/2026\/02\/04\/moura-abre-candidaturas-a-xvii-olivomoura-e-feira-de-maio-com-inovacao-agricola\/","url":"https:\/\/portaltela.pt\/noticias\/2026\/02\/04\/moura-abre-candidaturas-a-xvii-olivomoura-e-feira-de-maio-com-inovacao-agricola\/","name":"Moura abre candidaturas \u00e0 XVII Olivomoura e Feira de Maio com inova\u00e7\u00e3o agr\u00edcola - Portal Tela Portugal","isPartOf":{"@id":"https:\/\/portaltela.pt\/#website"},"primaryImageOfPage":{"@id":"https:\/\/portaltela.pt\/noticias\/2026\/02\/04\/moura-abre-candidaturas-a-xvii-olivomoura-e-feira-de-maio-com-inovacao-agricola\/#primaryimage"},"image":{"@id":"https:\/\/portaltela.pt\/noticias\/2026\/02\/04\/moura-abre-candidaturas-a-xvii-olivomoura-e-feira-de-maio-com-inovacao-agricola\/#primaryimage"},"thumbnailUrl":"https:\/\/portaltela.pt\/s.01k8rhncp4jt1\/2026\/02\/unnamed-file-1170.jpg","datePublished":"2026-02-04T11:05:57+00:00","author":{"@id":"https:\/\/portaltela.pt\/#\/schema\/person\/c4278d4a6028830caff9ee44b42d32ed"},"breadcrumb":{"@id":"https:\/\/portaltela.pt\/noticias\/2026\/02\/04\/moura-abre-candidaturas-a-xvii-olivomoura-e-feira-de-maio-com-inovacao-agricola\/#breadcrumb"},"inLanguage":"pt-PT","potentialAction":[{"@type":"ReadAction","target":["https:\/\/portaltela.pt\/noticias\/2026\/02\/04\/moura-abre-candidaturas-a-xvii-olivomoura-e-feira-de-maio-com-inovacao-agricola\/"]}]},{"@type":"ImageObject","inLanguage":"pt-PT","@id":"https:\/\/portaltela.pt\/noticias\/2026\/02\/04\/moura-abre-candidaturas-a-xvii-olivomoura-e-feira-de-maio-com-inovacao-agricola\/#primaryimage","url":"https:\/\/portaltela.pt\/s.01k8rhncp4jt1\/2026\/02\/unnamed-file-1170.jpg","contentUrl":"https:\/\/portaltela.pt\/s.01k8rhncp4jt1\/2026\/02\/unnamed-file-1170.jpg","width":796,"height":448,"caption":"Moura abre candidaturas para a XVII Olivomoura e Feira de Maio com foco na inova\u00e7\u00e3o agr\u00edcola"},{"@type":"BreadcrumbList","@id":"https:\/\/portaltela.pt\/noticias\/2026\/02\/04\/moura-abre-candidaturas-a-xvii-olivomoura-e-feira-de-maio-com-inovacao-agricola\/#breadcrumb","itemListElement":[{"@type":"ListItem","position":1,"name":"In\u00edcio","item":"https:\/\/portaltela.pt\/"},{"@type":"ListItem","position":2,"name":"Moura abre candidaturas \u00e0 XVII Olivomoura e Feira de Maio com inova\u00e7\u00e3o agr\u00edcola"}]},{"@type":"WebSite","@id":"https:\/\/portaltela.pt\/#website","url":"https:\/\/portaltela.pt\/","name":"Portal Tela Portugal","description":"","potentialAction":[{"@type":"SearchAction","target":{"@type":"EntryPoint","urlTemplate":"https:\/\/portaltela.pt\/?s={search_term_string}"},"query-input":{"@type":"PropertyValueSpecification","valueRequired":true,"valueName":"search_term_string"}}],"inLanguage":"pt-PT"},{"@type":"Person","@id":"https:\/\/portaltela.pt\/#\/schema\/person\/c4278d4a6028830caff9ee44b42d32ed","name":"Telinha","image":{"@type":"ImageObject","inLanguage":"pt-PT","@id":"https:\/\/portaltela.pt\/s.01k8rhncp4jt1\/2025\/11\/talking-bot-125x125.png","url":"https:\/\/portaltela.pt\/s.01k8rhncp4jt1\/2025\/11\/talking-bot-125x125.png","contentUrl":"https:\/\/portaltela.pt\/s.01k8rhncp4jt1\/2025\/11\/talking-bot-125x125.png","caption":"Telinha"},"sameAs":["https:\/\/portaltela.pt\/"],"url":"https:\/\/portaltela.pt\/por\/367410592786\/"}]}},"_links":{"self":[{"href":"https:\/\/portaltela.pt\/api\/wp\/v2\/posts\/196270","targetHints":{"allow":["GET"]}}],"collection":[{"href":"https:\/\/portaltela.pt\/api\/wp\/v2\/posts"}],"about":[{"href":"https:\/\/portaltela.pt\/api\/wp\/v2\/types\/post"}],"author":[{"embeddable":true,"href":"https:\/\/portaltela.pt\/api\/wp\/v2\/users\/2"}],"replies":[{"embeddable":true,"href":"https:\/\/portaltela.pt\/api\/wp\/v2\/comments?post=196270"}],"version-history":[{"count":0,"href":"https:\/\/portaltela.pt\/api\/wp\/v2\/posts\/196270\/revisions"}],"wp:featuredmedia":[{"embeddable":true,"href":"https:\/\/portaltela.pt\/api\/wp\/v2\/media\/196284"}],"wp:attachment":[{"href":"https:\/\/portaltela.pt\/api\/wp\/v2\/media?parent=196270"}],"wp:term":[{"taxonomy":"category","embeddable":true,"href":"https:\/\/portaltela.pt\/api\/wp\/v2\/categories?post=196270"},{"taxonomy":"post_tag","embeddable":true,"href":"https:\/\/portaltela.pt\/api\/wp\/v2\/tags?post=196270"}],"curies":[{"name":"wp","href":"https:\/\/api.w.org\/{rel}","templated":true}]}}