{"id":196265,"date":"2026-02-04T08:06:41","date_gmt":"2026-02-04T11:06:41","guid":{"rendered":"https:\/\/portaltela.pt\/noticias\/2026\/02\/04\/lauryn-rose-conquista-titulo-guinness-world-records-como-embaixadora-do-afro-day\/"},"modified":"2026-02-04T08:06:41","modified_gmt":"2026-02-04T11:06:41","slug":"lauryn-rose-conquista-titulo-guinness-world-records-como-embaixadora-do-afro-day","status":"publish","type":"post","link":"https:\/\/portaltela.pt\/noticias\/2026\/02\/04\/lauryn-rose-conquista-titulo-guinness-world-records-como-embaixadora-do-afro-day\/","title":{"rendered":"Lauryn Rose conquista t\u00edtulo Guinness World Records como embaixadora do Afro Day"},"content":{"rendered":"<p>Lauryn Rose Cabral Teixeira recebeu o primeiro t\u00edtulo do Guinness World Records ao tornar-se embaixadora do World Afro Day, refor\u00e7ando o seu papel na promo\u00e7\u00e3o da identidade e da heran\u00e7a afro-portuguesa. O reconhecimento chega no in\u00edcio do Black History Month.<\/p>\n<p>A distin\u00e7\u00e3o resulta da organiza\u00e7\u00e3o e participa\u00e7\u00e3o na maior aula online de consciencializa\u00e7\u00e3o cultural realizada ao longo de 24 horas. O evento ocorreu entre 15 e 16 de setembro de 2025 e contou com 1.382 participantes.<\/p>\n<p>Lauryn Rose \u00e9 filha de m\u00e3e cabo-verdiana e pai santomense, e v\u00ea este marco como uma oportunidade de representar Cabo Verde e a di\u00e1spora lus\u00f3fona a n\u00edvel global. Agradeceu a todos os que apoiaram o movimento.<\/p>\n<h3>World Afro Day e o significado do t\u00edtulo<\/h3>\n<p>O World Afro Day \u00e9 uma campanha global criada em 2017 pela activista Michelle De Leon, que visa celebrar o cabelo afro natural, a cultura e a identidade. Procura combater a discrimina\u00e7\u00e3o em escolas e locais de trabalho.<\/p>\n<p>Desde a sua cria\u00e7\u00e3o, a iniciativa tem promovido a literacia cultural e o empoderamento de comunidades afrodescendentes, valorizando o cabelo afro como s\u00edmbolo hist\u00f3rico e identit\u00e1rio.<\/p>\n<h3>Import\u00e2ncia para a lusofonia<\/h3>\n<p>Lauryn Rose Teixeira integra o grupo de Embaixadoras Globais do Afro Hair e \u00e9 a primeira crian\u00e7a de origem lus\u00f3fona a alcan\u00e7ar este t\u00edtulo. A conquista amplia a representa\u00e7\u00e3o de comunidades afrodescendentes de pa\u00edses de l\u00edngua portuguesa.<\/p>\n","protected":false},"excerpt":{"rendered":"<ul>\n<li>Lauryn Rose Cabral Teixeira recebeu oficialmente o primeiro t\u00edtulo do Guinness World Records como embaixadora do World Afro Day.<\/li>\n<li>O reconhecimento surge depois de ter ajudado a organizar e participado na maior aula online de consciencializa\u00e7\u00e3o cultural realizada em 24 horas.<\/li>\n<li>O evento ocorreu entre 15 e 16 de setembro de 2025 e juntou 1.382 participantes.<\/li>\n<li>A not\u00edcia assinala o in\u00edcio do Black History Month nos Estados Unidos e destaca a origem de Lauryn, filha de m\u00e3e cabo-verdiana e pai santomense.<\/li>\n<li>O World Afro Day \u00e9 uma campanha global que celebra o cabelo afro natural, a cultura e a identidade, com Lauryn a representar Cabo Verde e a di\u00e1spora lus\u00f3fona mundial.<\/li>\n<\/ul>\n","protected":false},"author":2,"featured_media":196283,"comment_status":"closed","ping_status":"closed","sticky":false,"template":"","format":"standard","meta":{"footnotes":""},"categories":[1],"tags":[5227,2329,4911,145,3554,40],"class_list":["post-196265","post","type-post","status-publish","format-standard","has-post-thumbnail","hentry","category-noticias","tag-africa","tag-cabo-verde","tag-consciencializacao","tag-cultura","tag-diaspora-portuguesa","tag-pessoas"],"yoast_head":"<!-- This site is optimized with the Yoast SEO plugin v27.2 - https:\/\/yoast.com\/product\/yoast-seo-wordpress\/ -->\n<title>Lauryn Rose conquista t\u00edtulo Guinness World Records como embaixadora do Afro Day - Portal Tela Portugal<\/title>\n<meta name=\"robots\" content=\"index, follow, max-snippet:-1, max-image-preview:large, max-video-preview:-1\" \/>\n<meta property=\"og:locale\" content=\"pt_PT\" \/>\n<meta property=\"og:type\" content=\"article\" \/>\n<meta property=\"og:title\" content=\"Lauryn Rose conquista t\u00edtulo Guinness World Records como embaixadora do Afro Day - Portal Tela Portugal\" \/>\n<meta property=\"og:description\" content=\"Lauryn Rose Cabral Teixeira recebeu oficialmente o primeiro t\u00edtulo do Guinness World Records como embaixadora do World Afro Day. O reconhecimento surge depois de ter ajudado a organizar e participado na maior aula online de consciencializa\u00e7\u00e3o cultural realizada em 24 horas. O evento ocorreu entre 15 e 16 de setembro de 2025 e juntou 1.382 participantes. A not\u00edcia assinala o in\u00edcio do Black History Month nos Estados Unidos e destaca a origem de Lauryn, filha de m\u00e3e cabo-verdiana e pai santomense. O World Afro Day \u00e9 uma campanha global que celebra o cabelo afro natural, a cultura e a identidade, com Lauryn a representar Cabo Verde e a di\u00e1spora lus\u00f3fona mundial.\" \/>\n<meta property=\"og:url\" content=\"https:\/\/portaltela.pt\/noticias\/2026\/02\/04\/lauryn-rose-conquista-titulo-guinness-world-records-como-embaixadora-do-afro-day\/\" \/>\n<meta property=\"og:site_name\" content=\"Portal Tela Portugal\" \/>\n<meta property=\"article:published_time\" content=\"2026-02-04T11:06:41+00:00\" \/>\n<meta name=\"author\" content=\"Telinha\" \/>\n<meta name=\"twitter:card\" content=\"summary_large_image\" \/>\n<meta name=\"twitter:label1\" content=\"Escrito por\" \/>\n\t<meta name=\"twitter:data1\" content=\"Telinha\" \/>\n\t<meta name=\"twitter:label2\" content=\"Tempo estimado de leitura\" \/>\n\t<meta name=\"twitter:data2\" content=\"1 minuto\" \/>\n<script type=\"application\/ld+json\" class=\"yoast-schema-graph\">{\"@context\":\"https:\/\/schema.org\",\"@graph\":[{\"@type\":\"Article\",\"@id\":\"https:\/\/portaltela.pt\/noticias\/2026\/02\/04\/lauryn-rose-conquista-titulo-guinness-world-records-como-embaixadora-do-afro-day\/#article\",\"isPartOf\":{\"@id\":\"https:\/\/portaltela.pt\/noticias\/2026\/02\/04\/lauryn-rose-conquista-titulo-guinness-world-records-como-embaixadora-do-afro-day\/\"},\"author\":{\"name\":\"Telinha\",\"@id\":\"https:\/\/portaltela.pt\/#\/schema\/person\/c4278d4a6028830caff9ee44b42d32ed\"},\"headline\":\"Lauryn Rose conquista t\u00edtulo Guinness World Records como embaixadora do Afro Day\",\"datePublished\":\"2026-02-04T11:06:41+00:00\",\"mainEntityOfPage\":{\"@id\":\"https:\/\/portaltela.pt\/noticias\/2026\/02\/04\/lauryn-rose-conquista-titulo-guinness-world-records-como-embaixadora-do-afro-day\/\"},\"wordCount\":256,\"image\":{\"@id\":\"https:\/\/portaltela.pt\/noticias\/2026\/02\/04\/lauryn-rose-conquista-titulo-guinness-world-records-como-embaixadora-do-afro-day\/#primaryimage\"},\"thumbnailUrl\":\"https:\/\/portaltela.pt\/s.01k8rhncp4jt1\/2026\/02\/unnamed-file-1170.jpg\",\"keywords\":[\"\u00c1frica\",\"Cabo Verde\",\"consciencializa\u00e7\u00e3o\",\"cultura\",\"Di\u00e1spora Portuguesa\",\"pessoas\"],\"articleSection\":[\"Not\u00edcias\"],\"inLanguage\":\"pt-PT\"},{\"@type\":\"WebPage\",\"@id\":\"https:\/\/portaltela.pt\/noticias\/2026\/02\/04\/lauryn-rose-conquista-titulo-guinness-world-records-como-embaixadora-do-afro-day\/\",\"url\":\"https:\/\/portaltela.pt\/noticias\/2026\/02\/04\/lauryn-rose-conquista-titulo-guinness-world-records-como-embaixadora-do-afro-day\/\",\"name\":\"Lauryn Rose conquista t\u00edtulo Guinness World Records como embaixadora do Afro Day - Portal Tela Portugal\",\"isPartOf\":{\"@id\":\"https:\/\/portaltela.pt\/#website\"},\"primaryImageOfPage\":{\"@id\":\"https:\/\/portaltela.pt\/noticias\/2026\/02\/04\/lauryn-rose-conquista-titulo-guinness-world-records-como-embaixadora-do-afro-day\/#primaryimage\"},\"image\":{\"@id\":\"https:\/\/portaltela.pt\/noticias\/2026\/02\/04\/lauryn-rose-conquista-titulo-guinness-world-records-como-embaixadora-do-afro-day\/#primaryimage\"},\"thumbnailUrl\":\"https:\/\/portaltela.pt\/s.01k8rhncp4jt1\/2026\/02\/unnamed-file-1170.jpg\",\"datePublished\":\"2026-02-04T11:06:41+00:00\",\"author\":{\"@id\":\"https:\/\/portaltela.pt\/#\/schema\/person\/c4278d4a6028830caff9ee44b42d32ed\"},\"breadcrumb\":{\"@id\":\"https:\/\/portaltela.pt\/noticias\/2026\/02\/04\/lauryn-rose-conquista-titulo-guinness-world-records-como-embaixadora-do-afro-day\/#breadcrumb\"},\"inLanguage\":\"pt-PT\",\"potentialAction\":[{\"@type\":\"ReadAction\",\"target\":[\"https:\/\/portaltela.pt\/noticias\/2026\/02\/04\/lauryn-rose-conquista-titulo-guinness-world-records-como-embaixadora-do-afro-day\/\"]}]},{\"@type\":\"ImageObject\",\"inLanguage\":\"pt-PT\",\"@id\":\"https:\/\/portaltela.pt\/noticias\/2026\/02\/04\/lauryn-rose-conquista-titulo-guinness-world-records-como-embaixadora-do-afro-day\/#primaryimage\",\"url\":\"https:\/\/portaltela.pt\/s.01k8rhncp4jt1\/2026\/02\/unnamed-file-1170.jpg\",\"contentUrl\":\"https:\/\/portaltela.pt\/s.01k8rhncp4jt1\/2026\/02\/unnamed-file-1170.jpg\",\"width\":796,\"height\":448,\"caption\":\"Lauryn Rose recebe primeiro t\u00edtulo do Guinness World Records como uma das embaixadoras do World Afro Day\"},{\"@type\":\"BreadcrumbList\",\"@id\":\"https:\/\/portaltela.pt\/noticias\/2026\/02\/04\/lauryn-rose-conquista-titulo-guinness-world-records-como-embaixadora-do-afro-day\/#breadcrumb\",\"itemListElement\":[{\"@type\":\"ListItem\",\"position\":1,\"name\":\"In\u00edcio\",\"item\":\"https:\/\/portaltela.pt\/\"},{\"@type\":\"ListItem\",\"position\":2,\"name\":\"Lauryn Rose conquista t\u00edtulo Guinness World Records como embaixadora do Afro Day\"}]},{\"@type\":\"WebSite\",\"@id\":\"https:\/\/portaltela.pt\/#website\",\"url\":\"https:\/\/portaltela.pt\/\",\"name\":\"Portal Tela Portugal\",\"description\":\"\",\"potentialAction\":[{\"@type\":\"SearchAction\",\"target\":{\"@type\":\"EntryPoint\",\"urlTemplate\":\"https:\/\/portaltela.pt\/?s={search_term_string}\"},\"query-input\":{\"@type\":\"PropertyValueSpecification\",\"valueRequired\":true,\"valueName\":\"search_term_string\"}}],\"inLanguage\":\"pt-PT\"},{\"@type\":\"Person\",\"@id\":\"https:\/\/portaltela.pt\/#\/schema\/person\/c4278d4a6028830caff9ee44b42d32ed\",\"name\":\"Telinha\",\"image\":{\"@type\":\"ImageObject\",\"inLanguage\":\"pt-PT\",\"@id\":\"https:\/\/portaltela.pt\/s.01k8rhncp4jt1\/2025\/11\/talking-bot-125x125.png\",\"url\":\"https:\/\/portaltela.pt\/s.01k8rhncp4jt1\/2025\/11\/talking-bot-125x125.png\",\"contentUrl\":\"https:\/\/portaltela.pt\/s.01k8rhncp4jt1\/2025\/11\/talking-bot-125x125.png\",\"caption\":\"Telinha\"},\"sameAs\":[\"https:\/\/portaltela.pt\/\"],\"url\":\"https:\/\/portaltela.pt\/por\/367410592786\/\"}]}<\/script>\n<!-- \/ Yoast SEO plugin. -->","yoast_head_json":{"title":"Lauryn Rose conquista t\u00edtulo Guinness World Records como embaixadora do Afro Day - Portal Tela Portugal","robots":{"index":"index","follow":"follow","max-snippet":"max-snippet:-1","max-image-preview":"max-image-preview:large","max-video-preview":"max-video-preview:-1"},"og_locale":"pt_PT","og_type":"article","og_title":"Lauryn Rose conquista t\u00edtulo Guinness World Records como embaixadora do Afro Day - Portal Tela Portugal","og_description":"Lauryn Rose Cabral Teixeira recebeu oficialmente o primeiro t\u00edtulo do Guinness World Records como embaixadora do World Afro Day. O reconhecimento surge depois de ter ajudado a organizar e participado na maior aula online de consciencializa\u00e7\u00e3o cultural realizada em 24 horas. O evento ocorreu entre 15 e 16 de setembro de 2025 e juntou 1.382 participantes. A not\u00edcia assinala o in\u00edcio do Black History Month nos Estados Unidos e destaca a origem de Lauryn, filha de m\u00e3e cabo-verdiana e pai santomense. O World Afro Day \u00e9 uma campanha global que celebra o cabelo afro natural, a cultura e a identidade, com Lauryn a representar Cabo Verde e a di\u00e1spora lus\u00f3fona mundial.","og_url":"https:\/\/portaltela.pt\/noticias\/2026\/02\/04\/lauryn-rose-conquista-titulo-guinness-world-records-como-embaixadora-do-afro-day\/","og_site_name":"Portal Tela Portugal","article_published_time":"2026-02-04T11:06:41+00:00","author":"Telinha","twitter_card":"summary_large_image","twitter_misc":{"Escrito por":"Telinha","Tempo estimado de leitura":"1 minuto"},"schema":{"@context":"https:\/\/schema.org","@graph":[{"@type":"Article","@id":"https:\/\/portaltela.pt\/noticias\/2026\/02\/04\/lauryn-rose-conquista-titulo-guinness-world-records-como-embaixadora-do-afro-day\/#article","isPartOf":{"@id":"https:\/\/portaltela.pt\/noticias\/2026\/02\/04\/lauryn-rose-conquista-titulo-guinness-world-records-como-embaixadora-do-afro-day\/"},"author":{"name":"Telinha","@id":"https:\/\/portaltela.pt\/#\/schema\/person\/c4278d4a6028830caff9ee44b42d32ed"},"headline":"Lauryn Rose conquista t\u00edtulo Guinness World Records como embaixadora do Afro Day","datePublished":"2026-02-04T11:06:41+00:00","mainEntityOfPage":{"@id":"https:\/\/portaltela.pt\/noticias\/2026\/02\/04\/lauryn-rose-conquista-titulo-guinness-world-records-como-embaixadora-do-afro-day\/"},"wordCount":256,"image":{"@id":"https:\/\/portaltela.pt\/noticias\/2026\/02\/04\/lauryn-rose-conquista-titulo-guinness-world-records-como-embaixadora-do-afro-day\/#primaryimage"},"thumbnailUrl":"https:\/\/portaltela.pt\/s.01k8rhncp4jt1\/2026\/02\/unnamed-file-1170.jpg","keywords":["\u00c1frica","Cabo Verde","consciencializa\u00e7\u00e3o","cultura","Di\u00e1spora Portuguesa","pessoas"],"articleSection":["Not\u00edcias"],"inLanguage":"pt-PT"},{"@type":"WebPage","@id":"https:\/\/portaltela.pt\/noticias\/2026\/02\/04\/lauryn-rose-conquista-titulo-guinness-world-records-como-embaixadora-do-afro-day\/","url":"https:\/\/portaltela.pt\/noticias\/2026\/02\/04\/lauryn-rose-conquista-titulo-guinness-world-records-como-embaixadora-do-afro-day\/","name":"Lauryn Rose conquista t\u00edtulo Guinness World Records como embaixadora do Afro Day - Portal Tela Portugal","isPartOf":{"@id":"https:\/\/portaltela.pt\/#website"},"primaryImageOfPage":{"@id":"https:\/\/portaltela.pt\/noticias\/2026\/02\/04\/lauryn-rose-conquista-titulo-guinness-world-records-como-embaixadora-do-afro-day\/#primaryimage"},"image":{"@id":"https:\/\/portaltela.pt\/noticias\/2026\/02\/04\/lauryn-rose-conquista-titulo-guinness-world-records-como-embaixadora-do-afro-day\/#primaryimage"},"thumbnailUrl":"https:\/\/portaltela.pt\/s.01k8rhncp4jt1\/2026\/02\/unnamed-file-1170.jpg","datePublished":"2026-02-04T11:06:41+00:00","author":{"@id":"https:\/\/portaltela.pt\/#\/schema\/person\/c4278d4a6028830caff9ee44b42d32ed"},"breadcrumb":{"@id":"https:\/\/portaltela.pt\/noticias\/2026\/02\/04\/lauryn-rose-conquista-titulo-guinness-world-records-como-embaixadora-do-afro-day\/#breadcrumb"},"inLanguage":"pt-PT","potentialAction":[{"@type":"ReadAction","target":["https:\/\/portaltela.pt\/noticias\/2026\/02\/04\/lauryn-rose-conquista-titulo-guinness-world-records-como-embaixadora-do-afro-day\/"]}]},{"@type":"ImageObject","inLanguage":"pt-PT","@id":"https:\/\/portaltela.pt\/noticias\/2026\/02\/04\/lauryn-rose-conquista-titulo-guinness-world-records-como-embaixadora-do-afro-day\/#primaryimage","url":"https:\/\/portaltela.pt\/s.01k8rhncp4jt1\/2026\/02\/unnamed-file-1170.jpg","contentUrl":"https:\/\/portaltela.pt\/s.01k8rhncp4jt1\/2026\/02\/unnamed-file-1170.jpg","width":796,"height":448,"caption":"Lauryn Rose recebe primeiro t\u00edtulo do Guinness World Records como uma das embaixadoras do World Afro Day"},{"@type":"BreadcrumbList","@id":"https:\/\/portaltela.pt\/noticias\/2026\/02\/04\/lauryn-rose-conquista-titulo-guinness-world-records-como-embaixadora-do-afro-day\/#breadcrumb","itemListElement":[{"@type":"ListItem","position":1,"name":"In\u00edcio","item":"https:\/\/portaltela.pt\/"},{"@type":"ListItem","position":2,"name":"Lauryn Rose conquista t\u00edtulo Guinness World Records como embaixadora do Afro Day"}]},{"@type":"WebSite","@id":"https:\/\/portaltela.pt\/#website","url":"https:\/\/portaltela.pt\/","name":"Portal Tela Portugal","description":"","potentialAction":[{"@type":"SearchAction","target":{"@type":"EntryPoint","urlTemplate":"https:\/\/portaltela.pt\/?s={search_term_string}"},"query-input":{"@type":"PropertyValueSpecification","valueRequired":true,"valueName":"search_term_string"}}],"inLanguage":"pt-PT"},{"@type":"Person","@id":"https:\/\/portaltela.pt\/#\/schema\/person\/c4278d4a6028830caff9ee44b42d32ed","name":"Telinha","image":{"@type":"ImageObject","inLanguage":"pt-PT","@id":"https:\/\/portaltela.pt\/s.01k8rhncp4jt1\/2025\/11\/talking-bot-125x125.png","url":"https:\/\/portaltela.pt\/s.01k8rhncp4jt1\/2025\/11\/talking-bot-125x125.png","contentUrl":"https:\/\/portaltela.pt\/s.01k8rhncp4jt1\/2025\/11\/talking-bot-125x125.png","caption":"Telinha"},"sameAs":["https:\/\/portaltela.pt\/"],"url":"https:\/\/portaltela.pt\/por\/367410592786\/"}]}},"_links":{"self":[{"href":"https:\/\/portaltela.pt\/api\/wp\/v2\/posts\/196265","targetHints":{"allow":["GET"]}}],"collection":[{"href":"https:\/\/portaltela.pt\/api\/wp\/v2\/posts"}],"about":[{"href":"https:\/\/portaltela.pt\/api\/wp\/v2\/types\/post"}],"author":[{"embeddable":true,"href":"https:\/\/portaltela.pt\/api\/wp\/v2\/users\/2"}],"replies":[{"embeddable":true,"href":"https:\/\/portaltela.pt\/api\/wp\/v2\/comments?post=196265"}],"version-history":[{"count":0,"href":"https:\/\/portaltela.pt\/api\/wp\/v2\/posts\/196265\/revisions"}],"wp:featuredmedia":[{"embeddable":true,"href":"https:\/\/portaltela.pt\/api\/wp\/v2\/media\/196283"}],"wp:attachment":[{"href":"https:\/\/portaltela.pt\/api\/wp\/v2\/media?parent=196265"}],"wp:term":[{"taxonomy":"category","embeddable":true,"href":"https:\/\/portaltela.pt\/api\/wp\/v2\/categories?post=196265"},{"taxonomy":"post_tag","embeddable":true,"href":"https:\/\/portaltela.pt\/api\/wp\/v2\/tags?post=196265"}],"curies":[{"name":"wp","href":"https:\/\/api.w.org\/{rel}","templated":true}]}}