{"id":196254,"date":"2026-02-04T08:06:48","date_gmt":"2026-02-04T11:06:48","guid":{"rendered":"https:\/\/portaltela.pt\/noticias\/2026\/02\/04\/mercado-do-fumeiro-de-santa-maria-da-feira-celebra-sabores-tradicionais\/"},"modified":"2026-02-04T08:06:48","modified_gmt":"2026-02-04T11:06:48","slug":"mercado-do-fumeiro-de-santa-maria-da-feira-celebra-sabores-tradicionais","status":"publish","type":"post","link":"https:\/\/portaltela.pt\/noticias\/2026\/02\/04\/mercado-do-fumeiro-de-santa-maria-da-feira-celebra-sabores-tradicionais\/","title":{"rendered":"Mercado do Fumeiro de Santa Maria da Feira celebra sabores tradicionais"},"content":{"rendered":"<p>O Mercado do Fumeiro, no Mercado Municipal de Santa Maria da Feira, recebe nos dias 14 e 15 de fevereiro um evento dedicado \u00e0 gastronomia tradicional e \u00e0 identidade cultural da regi\u00e3o. A iniciativa junta fumeiro, queijos, produtos sazonais e artesanato, com showcookings, degusta\u00e7\u00f5es e anima\u00e7\u00e3o musical.<\/p>\n<p>Organizado para a comunidade e visitantes, o encontro destaca o saber-fazer local e a anima\u00e7\u00e3o para toda a fam\u00edlia. O programa oferece atividades ao longo de dois dias, com foco na valoriza\u00e7\u00e3o de produtos regionais e da cultura tradicional.<\/p>\n<h3>Programa<\/h3>\n<p>No s\u00e1bado, \u00e0s 10h30, o showcooking fica a cargo do chef Em\u00eddio Cunha de Almeida, com Feijoada do Fumeiro. Segue-se, \u00e0s 11h30, uma degusta\u00e7\u00e3o de cozido dinamizada por Lu\u00eds Lino. A tarde conta com os Bombos \u2013 Os Saltimbancos, \u00e0s 15h30.<\/p>\n<p>No domingo, \u00e0s 11h30, o chef Vitor Pinho apresenta Arroz de Charcutaria com Magret de Pato Caramelizado com Laranja. A anima\u00e7\u00e3o fica a cargo do Rancho Folcl\u00f3rico de S\u00e3o Tiago de Lob\u00e3o, \u00e0s 15h30. A entrada \u00e9 gratuita.<\/p>\n","protected":false},"excerpt":{"rendered":"<ul>\n<li>Nos dias 14 e 15 de fevereiro, o Mercado do Fumeiro, no Mercado Municipal de Santa Maria da Feira, celebra a gastronomia tradicional e a identidade cultural da regi\u00e3o.<\/li>\n<li>O evento promove fumeiro, queijos, produtos agr\u00edcolas sazonais e artesanato local, com showcookings, degusta\u00e7\u00f5es e anima\u00e7\u00e3o musical tradicional.<\/li>\n<li>S\u00e1bado, 14 de fevereiro, \u00e0s 10h30, h\u00e1 showcooking com o chef Em\u00eddio Cunha de Almeida sobre a Feijoada do Fumeiro; \u00e0s 11h30, degustada de cozido dinamizada por Lu\u00eds Lino; a partir das 15h30, atua\u00e7\u00e3o dos Bombos \u2013 Os Saltimbancos (CIRAC).<\/li>\n<li>Domingo, 15 de fevereiro, \u00e0s 11h30, showcooking do chef Vitor Pinho, com Arroz de Charcutaria com Magret de Pato Caramelizado com Laranja; \u00e0s 15h30, anima\u00e7\u00e3o musical do Rancho Folcl\u00f3rico de S\u00e3o Tiago de Lob\u00e3o.<\/li>\n<li>A entrada \u00e9 livre, tornando o espa\u00e7o um encontro entre gera\u00e7\u00f5es, onde a gastronomia, a cultura e a tradi\u00e7\u00e3o se cruzam.<\/li>\n<\/ul>\n","protected":false},"author":2,"featured_media":196263,"comment_status":"closed","ping_status":"closed","sticky":false,"template":"","format":"standard","meta":{"footnotes":""},"categories":[1],"tags":[222,1034,219,4820,1155,1308],"class_list":["post-196254","post","type-post","status-publish","format-standard","has-post-thumbnail","hentry","category-noticias","tag-artesanato","tag-charcutaria","tag-gastronomia","tag-queijos","tag-regional","tag-santa-maria-da-feira"],"yoast_head":"<!-- This site is optimized with the Yoast SEO plugin v27.2 - https:\/\/yoast.com\/product\/yoast-seo-wordpress\/ -->\n<title>Mercado do Fumeiro de Santa Maria da Feira celebra sabores tradicionais - Portal Tela Portugal<\/title>\n<meta name=\"robots\" content=\"index, follow, max-snippet:-1, max-image-preview:large, max-video-preview:-1\" \/>\n<meta property=\"og:locale\" content=\"pt_PT\" \/>\n<meta property=\"og:type\" content=\"article\" \/>\n<meta property=\"og:title\" content=\"Mercado do Fumeiro de Santa Maria da Feira celebra sabores tradicionais - Portal Tela Portugal\" \/>\n<meta property=\"og:description\" content=\"Nos dias 14 e 15 de fevereiro, o Mercado do Fumeiro, no Mercado Municipal de Santa Maria da Feira, celebra a gastronomia tradicional e a identidade cultural da regi\u00e3o. O evento promove fumeiro, queijos, produtos agr\u00edcolas sazonais e artesanato local, com showcookings, degusta\u00e7\u00f5es e anima\u00e7\u00e3o musical tradicional. S\u00e1bado, 14 de fevereiro, \u00e0s 10h30, h\u00e1 showcooking com o chef Em\u00eddio Cunha de Almeida sobre a Feijoada do Fumeiro; \u00e0s 11h30, degustada de cozido dinamizada por Lu\u00eds Lino; a partir das 15h30, atua\u00e7\u00e3o dos Bombos \u2013 Os Saltimbancos (CIRAC). Domingo, 15 de fevereiro, \u00e0s 11h30, showcooking do chef Vitor Pinho, com Arroz de Charcutaria com Magret de Pato Caramelizado com Laranja; \u00e0s 15h30, anima\u00e7\u00e3o musical do Rancho Folcl\u00f3rico de S\u00e3o Tiago de Lob\u00e3o. A entrada \u00e9 livre, tornando o espa\u00e7o um encontro entre gera\u00e7\u00f5es, onde a gastronomia, a cultura e a tradi\u00e7\u00e3o se cruzam.\" \/>\n<meta property=\"og:url\" content=\"https:\/\/portaltela.pt\/noticias\/2026\/02\/04\/mercado-do-fumeiro-de-santa-maria-da-feira-celebra-sabores-tradicionais\/\" \/>\n<meta property=\"og:site_name\" content=\"Portal Tela Portugal\" \/>\n<meta property=\"article:published_time\" content=\"2026-02-04T11:06:48+00:00\" \/>\n<meta name=\"author\" content=\"Telinha\" \/>\n<meta name=\"twitter:card\" content=\"summary_large_image\" \/>\n<meta name=\"twitter:label1\" content=\"Escrito por\" \/>\n\t<meta name=\"twitter:data1\" content=\"Telinha\" \/>\n\t<meta name=\"twitter:label2\" content=\"Tempo estimado de leitura\" \/>\n\t<meta name=\"twitter:data2\" content=\"1 minuto\" \/>\n<script type=\"application\/ld+json\" class=\"yoast-schema-graph\">{\"@context\":\"https:\/\/schema.org\",\"@graph\":[{\"@type\":\"Article\",\"@id\":\"https:\/\/portaltela.pt\/noticias\/2026\/02\/04\/mercado-do-fumeiro-de-santa-maria-da-feira-celebra-sabores-tradicionais\/#article\",\"isPartOf\":{\"@id\":\"https:\/\/portaltela.pt\/noticias\/2026\/02\/04\/mercado-do-fumeiro-de-santa-maria-da-feira-celebra-sabores-tradicionais\/\"},\"author\":{\"name\":\"Telinha\",\"@id\":\"https:\/\/portaltela.pt\/#\/schema\/person\/c4278d4a6028830caff9ee44b42d32ed\"},\"headline\":\"Mercado do Fumeiro de Santa Maria da Feira celebra sabores tradicionais\",\"datePublished\":\"2026-02-04T11:06:48+00:00\",\"mainEntityOfPage\":{\"@id\":\"https:\/\/portaltela.pt\/noticias\/2026\/02\/04\/mercado-do-fumeiro-de-santa-maria-da-feira-celebra-sabores-tradicionais\/\"},\"wordCount\":185,\"image\":{\"@id\":\"https:\/\/portaltela.pt\/noticias\/2026\/02\/04\/mercado-do-fumeiro-de-santa-maria-da-feira-celebra-sabores-tradicionais\/#primaryimage\"},\"thumbnailUrl\":\"https:\/\/portaltela.pt\/s.01k8rhncp4jt1\/2026\/02\/unnamed-file-1167.jpg\",\"keywords\":[\"artesanato\",\"charcutaria\",\"gastronomia\",\"queijos\",\"Regional\",\"Santa Maria da Feira\"],\"articleSection\":[\"Not\u00edcias\"],\"inLanguage\":\"pt-PT\"},{\"@type\":\"WebPage\",\"@id\":\"https:\/\/portaltela.pt\/noticias\/2026\/02\/04\/mercado-do-fumeiro-de-santa-maria-da-feira-celebra-sabores-tradicionais\/\",\"url\":\"https:\/\/portaltela.pt\/noticias\/2026\/02\/04\/mercado-do-fumeiro-de-santa-maria-da-feira-celebra-sabores-tradicionais\/\",\"name\":\"Mercado do Fumeiro de Santa Maria da Feira celebra sabores tradicionais - Portal Tela Portugal\",\"isPartOf\":{\"@id\":\"https:\/\/portaltela.pt\/#website\"},\"primaryImageOfPage\":{\"@id\":\"https:\/\/portaltela.pt\/noticias\/2026\/02\/04\/mercado-do-fumeiro-de-santa-maria-da-feira-celebra-sabores-tradicionais\/#primaryimage\"},\"image\":{\"@id\":\"https:\/\/portaltela.pt\/noticias\/2026\/02\/04\/mercado-do-fumeiro-de-santa-maria-da-feira-celebra-sabores-tradicionais\/#primaryimage\"},\"thumbnailUrl\":\"https:\/\/portaltela.pt\/s.01k8rhncp4jt1\/2026\/02\/unnamed-file-1167.jpg\",\"datePublished\":\"2026-02-04T11:06:48+00:00\",\"author\":{\"@id\":\"https:\/\/portaltela.pt\/#\/schema\/person\/c4278d4a6028830caff9ee44b42d32ed\"},\"breadcrumb\":{\"@id\":\"https:\/\/portaltela.pt\/noticias\/2026\/02\/04\/mercado-do-fumeiro-de-santa-maria-da-feira-celebra-sabores-tradicionais\/#breadcrumb\"},\"inLanguage\":\"pt-PT\",\"potentialAction\":[{\"@type\":\"ReadAction\",\"target\":[\"https:\/\/portaltela.pt\/noticias\/2026\/02\/04\/mercado-do-fumeiro-de-santa-maria-da-feira-celebra-sabores-tradicionais\/\"]}]},{\"@type\":\"ImageObject\",\"inLanguage\":\"pt-PT\",\"@id\":\"https:\/\/portaltela.pt\/noticias\/2026\/02\/04\/mercado-do-fumeiro-de-santa-maria-da-feira-celebra-sabores-tradicionais\/#primaryimage\",\"url\":\"https:\/\/portaltela.pt\/s.01k8rhncp4jt1\/2026\/02\/unnamed-file-1167.jpg\",\"contentUrl\":\"https:\/\/portaltela.pt\/s.01k8rhncp4jt1\/2026\/02\/unnamed-file-1167.jpg\",\"width\":796,\"height\":448,\"caption\":\"Santa Maria da Feira: Mercado do Fumeiro celebra sabores e tradi\u00e7\u00e3o\"},{\"@type\":\"BreadcrumbList\",\"@id\":\"https:\/\/portaltela.pt\/noticias\/2026\/02\/04\/mercado-do-fumeiro-de-santa-maria-da-feira-celebra-sabores-tradicionais\/#breadcrumb\",\"itemListElement\":[{\"@type\":\"ListItem\",\"position\":1,\"name\":\"In\u00edcio\",\"item\":\"https:\/\/portaltela.pt\/\"},{\"@type\":\"ListItem\",\"position\":2,\"name\":\"Mercado do Fumeiro de Santa Maria da Feira celebra sabores tradicionais\"}]},{\"@type\":\"WebSite\",\"@id\":\"https:\/\/portaltela.pt\/#website\",\"url\":\"https:\/\/portaltela.pt\/\",\"name\":\"Portal Tela Portugal\",\"description\":\"\",\"potentialAction\":[{\"@type\":\"SearchAction\",\"target\":{\"@type\":\"EntryPoint\",\"urlTemplate\":\"https:\/\/portaltela.pt\/?s={search_term_string}\"},\"query-input\":{\"@type\":\"PropertyValueSpecification\",\"valueRequired\":true,\"valueName\":\"search_term_string\"}}],\"inLanguage\":\"pt-PT\"},{\"@type\":\"Person\",\"@id\":\"https:\/\/portaltela.pt\/#\/schema\/person\/c4278d4a6028830caff9ee44b42d32ed\",\"name\":\"Telinha\",\"image\":{\"@type\":\"ImageObject\",\"inLanguage\":\"pt-PT\",\"@id\":\"https:\/\/portaltela.pt\/s.01k8rhncp4jt1\/2025\/11\/talking-bot-125x125.png\",\"url\":\"https:\/\/portaltela.pt\/s.01k8rhncp4jt1\/2025\/11\/talking-bot-125x125.png\",\"contentUrl\":\"https:\/\/portaltela.pt\/s.01k8rhncp4jt1\/2025\/11\/talking-bot-125x125.png\",\"caption\":\"Telinha\"},\"sameAs\":[\"https:\/\/portaltela.pt\/\"],\"url\":\"https:\/\/portaltela.pt\/por\/367410592786\/\"}]}<\/script>\n<!-- \/ Yoast SEO plugin. -->","yoast_head_json":{"title":"Mercado do Fumeiro de Santa Maria da Feira celebra sabores tradicionais - Portal Tela Portugal","robots":{"index":"index","follow":"follow","max-snippet":"max-snippet:-1","max-image-preview":"max-image-preview:large","max-video-preview":"max-video-preview:-1"},"og_locale":"pt_PT","og_type":"article","og_title":"Mercado do Fumeiro de Santa Maria da Feira celebra sabores tradicionais - Portal Tela Portugal","og_description":"Nos dias 14 e 15 de fevereiro, o Mercado do Fumeiro, no Mercado Municipal de Santa Maria da Feira, celebra a gastronomia tradicional e a identidade cultural da regi\u00e3o. O evento promove fumeiro, queijos, produtos agr\u00edcolas sazonais e artesanato local, com showcookings, degusta\u00e7\u00f5es e anima\u00e7\u00e3o musical tradicional. S\u00e1bado, 14 de fevereiro, \u00e0s 10h30, h\u00e1 showcooking com o chef Em\u00eddio Cunha de Almeida sobre a Feijoada do Fumeiro; \u00e0s 11h30, degustada de cozido dinamizada por Lu\u00eds Lino; a partir das 15h30, atua\u00e7\u00e3o dos Bombos \u2013 Os Saltimbancos (CIRAC). Domingo, 15 de fevereiro, \u00e0s 11h30, showcooking do chef Vitor Pinho, com Arroz de Charcutaria com Magret de Pato Caramelizado com Laranja; \u00e0s 15h30, anima\u00e7\u00e3o musical do Rancho Folcl\u00f3rico de S\u00e3o Tiago de Lob\u00e3o. A entrada \u00e9 livre, tornando o espa\u00e7o um encontro entre gera\u00e7\u00f5es, onde a gastronomia, a cultura e a tradi\u00e7\u00e3o se cruzam.","og_url":"https:\/\/portaltela.pt\/noticias\/2026\/02\/04\/mercado-do-fumeiro-de-santa-maria-da-feira-celebra-sabores-tradicionais\/","og_site_name":"Portal Tela Portugal","article_published_time":"2026-02-04T11:06:48+00:00","author":"Telinha","twitter_card":"summary_large_image","twitter_misc":{"Escrito por":"Telinha","Tempo estimado de leitura":"1 minuto"},"schema":{"@context":"https:\/\/schema.org","@graph":[{"@type":"Article","@id":"https:\/\/portaltela.pt\/noticias\/2026\/02\/04\/mercado-do-fumeiro-de-santa-maria-da-feira-celebra-sabores-tradicionais\/#article","isPartOf":{"@id":"https:\/\/portaltela.pt\/noticias\/2026\/02\/04\/mercado-do-fumeiro-de-santa-maria-da-feira-celebra-sabores-tradicionais\/"},"author":{"name":"Telinha","@id":"https:\/\/portaltela.pt\/#\/schema\/person\/c4278d4a6028830caff9ee44b42d32ed"},"headline":"Mercado do Fumeiro de Santa Maria da Feira celebra sabores tradicionais","datePublished":"2026-02-04T11:06:48+00:00","mainEntityOfPage":{"@id":"https:\/\/portaltela.pt\/noticias\/2026\/02\/04\/mercado-do-fumeiro-de-santa-maria-da-feira-celebra-sabores-tradicionais\/"},"wordCount":185,"image":{"@id":"https:\/\/portaltela.pt\/noticias\/2026\/02\/04\/mercado-do-fumeiro-de-santa-maria-da-feira-celebra-sabores-tradicionais\/#primaryimage"},"thumbnailUrl":"https:\/\/portaltela.pt\/s.01k8rhncp4jt1\/2026\/02\/unnamed-file-1167.jpg","keywords":["artesanato","charcutaria","gastronomia","queijos","Regional","Santa Maria da Feira"],"articleSection":["Not\u00edcias"],"inLanguage":"pt-PT"},{"@type":"WebPage","@id":"https:\/\/portaltela.pt\/noticias\/2026\/02\/04\/mercado-do-fumeiro-de-santa-maria-da-feira-celebra-sabores-tradicionais\/","url":"https:\/\/portaltela.pt\/noticias\/2026\/02\/04\/mercado-do-fumeiro-de-santa-maria-da-feira-celebra-sabores-tradicionais\/","name":"Mercado do Fumeiro de Santa Maria da Feira celebra sabores tradicionais - Portal Tela Portugal","isPartOf":{"@id":"https:\/\/portaltela.pt\/#website"},"primaryImageOfPage":{"@id":"https:\/\/portaltela.pt\/noticias\/2026\/02\/04\/mercado-do-fumeiro-de-santa-maria-da-feira-celebra-sabores-tradicionais\/#primaryimage"},"image":{"@id":"https:\/\/portaltela.pt\/noticias\/2026\/02\/04\/mercado-do-fumeiro-de-santa-maria-da-feira-celebra-sabores-tradicionais\/#primaryimage"},"thumbnailUrl":"https:\/\/portaltela.pt\/s.01k8rhncp4jt1\/2026\/02\/unnamed-file-1167.jpg","datePublished":"2026-02-04T11:06:48+00:00","author":{"@id":"https:\/\/portaltela.pt\/#\/schema\/person\/c4278d4a6028830caff9ee44b42d32ed"},"breadcrumb":{"@id":"https:\/\/portaltela.pt\/noticias\/2026\/02\/04\/mercado-do-fumeiro-de-santa-maria-da-feira-celebra-sabores-tradicionais\/#breadcrumb"},"inLanguage":"pt-PT","potentialAction":[{"@type":"ReadAction","target":["https:\/\/portaltela.pt\/noticias\/2026\/02\/04\/mercado-do-fumeiro-de-santa-maria-da-feira-celebra-sabores-tradicionais\/"]}]},{"@type":"ImageObject","inLanguage":"pt-PT","@id":"https:\/\/portaltela.pt\/noticias\/2026\/02\/04\/mercado-do-fumeiro-de-santa-maria-da-feira-celebra-sabores-tradicionais\/#primaryimage","url":"https:\/\/portaltela.pt\/s.01k8rhncp4jt1\/2026\/02\/unnamed-file-1167.jpg","contentUrl":"https:\/\/portaltela.pt\/s.01k8rhncp4jt1\/2026\/02\/unnamed-file-1167.jpg","width":796,"height":448,"caption":"Santa Maria da Feira: Mercado do Fumeiro celebra sabores e tradi\u00e7\u00e3o"},{"@type":"BreadcrumbList","@id":"https:\/\/portaltela.pt\/noticias\/2026\/02\/04\/mercado-do-fumeiro-de-santa-maria-da-feira-celebra-sabores-tradicionais\/#breadcrumb","itemListElement":[{"@type":"ListItem","position":1,"name":"In\u00edcio","item":"https:\/\/portaltela.pt\/"},{"@type":"ListItem","position":2,"name":"Mercado do Fumeiro de Santa Maria da Feira celebra sabores tradicionais"}]},{"@type":"WebSite","@id":"https:\/\/portaltela.pt\/#website","url":"https:\/\/portaltela.pt\/","name":"Portal Tela Portugal","description":"","potentialAction":[{"@type":"SearchAction","target":{"@type":"EntryPoint","urlTemplate":"https:\/\/portaltela.pt\/?s={search_term_string}"},"query-input":{"@type":"PropertyValueSpecification","valueRequired":true,"valueName":"search_term_string"}}],"inLanguage":"pt-PT"},{"@type":"Person","@id":"https:\/\/portaltela.pt\/#\/schema\/person\/c4278d4a6028830caff9ee44b42d32ed","name":"Telinha","image":{"@type":"ImageObject","inLanguage":"pt-PT","@id":"https:\/\/portaltela.pt\/s.01k8rhncp4jt1\/2025\/11\/talking-bot-125x125.png","url":"https:\/\/portaltela.pt\/s.01k8rhncp4jt1\/2025\/11\/talking-bot-125x125.png","contentUrl":"https:\/\/portaltela.pt\/s.01k8rhncp4jt1\/2025\/11\/talking-bot-125x125.png","caption":"Telinha"},"sameAs":["https:\/\/portaltela.pt\/"],"url":"https:\/\/portaltela.pt\/por\/367410592786\/"}]}},"_links":{"self":[{"href":"https:\/\/portaltela.pt\/api\/wp\/v2\/posts\/196254","targetHints":{"allow":["GET"]}}],"collection":[{"href":"https:\/\/portaltela.pt\/api\/wp\/v2\/posts"}],"about":[{"href":"https:\/\/portaltela.pt\/api\/wp\/v2\/types\/post"}],"author":[{"embeddable":true,"href":"https:\/\/portaltela.pt\/api\/wp\/v2\/users\/2"}],"replies":[{"embeddable":true,"href":"https:\/\/portaltela.pt\/api\/wp\/v2\/comments?post=196254"}],"version-history":[{"count":0,"href":"https:\/\/portaltela.pt\/api\/wp\/v2\/posts\/196254\/revisions"}],"wp:featuredmedia":[{"embeddable":true,"href":"https:\/\/portaltela.pt\/api\/wp\/v2\/media\/196263"}],"wp:attachment":[{"href":"https:\/\/portaltela.pt\/api\/wp\/v2\/media?parent=196254"}],"wp:term":[{"taxonomy":"category","embeddable":true,"href":"https:\/\/portaltela.pt\/api\/wp\/v2\/categories?post=196254"},{"taxonomy":"post_tag","embeddable":true,"href":"https:\/\/portaltela.pt\/api\/wp\/v2\/tags?post=196254"}],"curies":[{"name":"wp","href":"https:\/\/api.w.org\/{rel}","templated":true}]}}