{"id":196250,"date":"2026-02-04T08:12:01","date_gmt":"2026-02-04T11:12:01","guid":{"rendered":"https:\/\/portaltela.pt\/noticias\/2026\/02\/04\/famalicao-promove-desporto-e-envelhecimento-ativo-em-italia\/"},"modified":"2026-02-04T08:12:01","modified_gmt":"2026-02-04T11:12:01","slug":"famalicao-promove-desporto-e-envelhecimento-ativo-em-italia","status":"publish","type":"post","link":"https:\/\/portaltela.pt\/desporto\/2026\/02\/04\/famalicao-promove-desporto-e-envelhecimento-ativo-em-italia\/","title":{"rendered":"Famalic\u00e3o promove desporto e envelhecimento ativo em It\u00e1lia"},"content":{"rendered":"<p>No \u00e2mbito do projeto \u201cMais e Melhores Anos\u201d, uma delega\u00e7\u00e3o famalicense deslocou-se \u00e0 Lombardia, em It\u00e1lia, entre 25 e 30 de janeiro, para promover a troca de boas pr\u00e1ticas em desporto e envelhecimento ativo. A iniciativa, integrada no programa Erasmus+ da Comiss\u00e3o Europeia, incidiu na mobilidade internacional subordinada ao tema \u201cDesporto, Democracia e Inclus\u00e3o\u201d.<\/p>\n<p>A comitiva, liderada por Rui Baptista, Chefe da Divis\u00e3o de Desporto e Sa\u00fade, contou com sete aprendentes, um t\u00e9cnico acompanhante e seis t\u00e9cnicos municipais. Durante os encontros, participaram em sess\u00f5es t\u00e9cnicas que trataram de metodologias de treino para envelhecimento ativo.<\/p>\n<p>Foram partilhadas experi\u00eancias em Boccia, atletismo, nata\u00e7\u00e3o, yoga e caminhadas, com foco na inclus\u00e3o e no desporto s\u00e9nior. O Munic\u00edpio de Busto Garolfo reconheceu o programa famalicense como boa pr\u00e1tica adoptada no desporto s\u00e9nior.<\/p>\n<p>O munic\u00edpio italiano iniciou, com base no modelo famalicense, o projeto \u201cArgento in forma\u201d, que j\u00e1 re\u00fane centenas de participantes. O respons\u00e1vel famalicense ressalta a vertente inovadora e o impacto internacional dos projetos locais.<\/p>\n","protected":false},"excerpt":{"rendered":"<ul>\n<li>De 25 a 30 de janeiro, uma delega\u00e7\u00e3o de Famalic\u00e3o deslocou-se \u00e0 regi\u00e3o da Lombardia, em It\u00e1lia, para promover a troca de boas pr\u00e1ticas em desporto e envelhecimento ativo.<\/li>\n<li>A mobilidade internacional, integrada no tema \u201cDesporto, Democracia e Inclus\u00e3o\u201d, foi dinamizada pela divis\u00e3o de Desporto do Munic\u00edpio de Famalic\u00e3o no \u00e2mbito do programa Erasmus+ da Comiss\u00e3o Europeia.<\/li>\n<li>A comitiva famalicense, liderada pelo chefe da Divis\u00e3o de Desporto e Sa\u00fade, Rui Baptista, contou com sete aprendentes, um t\u00e9cnico acompanhante e seis t\u00e9cnicos municipais.<\/li>\n<li>Foram partilhadas metodologias de treino e programas desportivos para envelhecimento ativo, incluindo Boccia, atletismo, nata\u00e7\u00e3o, yoga e caminhadas.<\/li>\n<li>O Munic\u00edpio de Busto Garolfo reconheceu o programa \u201cMais e Melhores Anos\u201d como boa pr\u00e1tica, com o projeto italiano \u201cArgento in forma\u201d a inspirar-se nele e j\u00e1 a contar com centenas de participantes.<\/li>\n<\/ul>\n","protected":false},"author":2,"featured_media":196256,"comment_status":"closed","ping_status":"closed","sticky":false,"template":"","format":"standard","meta":{"footnotes":""},"categories":[21],"tags":[256,152,2681,4108,4074,1857],"class_list":["post-196250","post","type-post","status-publish","format-standard","has-post-thumbnail","hentry","category-desporto","tag-cooperacao-internacional","tag-desporto","tag-desporto-internacional","tag-envelhecimento-ativo","tag-inclusao-social","tag-italia"],"yoast_head":"<!-- This site is optimized with the Yoast SEO plugin v27.2 - https:\/\/yoast.com\/product\/yoast-seo-wordpress\/ -->\n<title>Famalic\u00e3o promove desporto e envelhecimento ativo em It\u00e1lia - Portal Tela Portugal<\/title>\n<meta name=\"robots\" content=\"index, follow, max-snippet:-1, max-image-preview:large, max-video-preview:-1\" \/>\n<meta property=\"og:locale\" content=\"pt_PT\" \/>\n<meta property=\"og:type\" content=\"article\" \/>\n<meta property=\"og:title\" content=\"Famalic\u00e3o promove desporto e envelhecimento ativo em It\u00e1lia - Portal Tela Portugal\" \/>\n<meta property=\"og:description\" content=\"De 25 a 30 de janeiro, uma delega\u00e7\u00e3o de Famalic\u00e3o deslocou-se \u00e0 regi\u00e3o da Lombardia, em It\u00e1lia, para promover a troca de boas pr\u00e1ticas em desporto e envelhecimento ativo. A mobilidade internacional, integrada no tema \u201cDesporto, Democracia e Inclus\u00e3o\u201d, foi dinamizada pela divis\u00e3o de Desporto do Munic\u00edpio de Famalic\u00e3o no \u00e2mbito do programa Erasmus+ da Comiss\u00e3o Europeia. A comitiva famalicense, liderada pelo chefe da Divis\u00e3o de Desporto e Sa\u00fade, Rui Baptista, contou com sete aprendentes, um t\u00e9cnico acompanhante e seis t\u00e9cnicos municipais. Foram partilhadas metodologias de treino e programas desportivos para envelhecimento ativo, incluindo Boccia, atletismo, nata\u00e7\u00e3o, yoga e caminhadas. O Munic\u00edpio de Busto Garolfo reconheceu o programa \u201cMais e Melhores Anos\u201d como boa pr\u00e1tica, com o projeto italiano \u201cArgento in forma\u201d a inspirar-se nele e j\u00e1 a contar com centenas de participantes.\" \/>\n<meta property=\"og:url\" content=\"https:\/\/portaltela.pt\/noticias\/2026\/02\/04\/famalicao-promove-desporto-e-envelhecimento-ativo-em-italia\/\" \/>\n<meta property=\"og:site_name\" content=\"Portal Tela Portugal\" \/>\n<meta property=\"article:published_time\" content=\"2026-02-04T11:12:01+00:00\" \/>\n<meta name=\"author\" content=\"Telinha\" \/>\n<meta name=\"twitter:card\" content=\"summary_large_image\" \/>\n<meta name=\"twitter:label1\" content=\"Escrito por\" \/>\n\t<meta name=\"twitter:data1\" content=\"Telinha\" \/>\n\t<meta name=\"twitter:label2\" content=\"Tempo estimado de leitura\" \/>\n\t<meta name=\"twitter:data2\" content=\"1 minuto\" \/>\n<script type=\"application\/ld+json\" class=\"yoast-schema-graph\">{\"@context\":\"https:\/\/schema.org\",\"@graph\":[{\"@type\":\"Article\",\"@id\":\"https:\/\/portaltela.pt\/noticias\/2026\/02\/04\/famalicao-promove-desporto-e-envelhecimento-ativo-em-italia\/#article\",\"isPartOf\":{\"@id\":\"https:\/\/portaltela.pt\/noticias\/2026\/02\/04\/famalicao-promove-desporto-e-envelhecimento-ativo-em-italia\/\"},\"author\":{\"name\":\"Telinha\",\"@id\":\"https:\/\/portaltela.pt\/#\/schema\/person\/c4278d4a6028830caff9ee44b42d32ed\"},\"headline\":\"Famalic\u00e3o promove desporto e envelhecimento ativo em It\u00e1lia\",\"datePublished\":\"2026-02-04T11:12:01+00:00\",\"mainEntityOfPage\":{\"@id\":\"https:\/\/portaltela.pt\/noticias\/2026\/02\/04\/famalicao-promove-desporto-e-envelhecimento-ativo-em-italia\/\"},\"wordCount\":190,\"image\":{\"@id\":\"https:\/\/portaltela.pt\/noticias\/2026\/02\/04\/famalicao-promove-desporto-e-envelhecimento-ativo-em-italia\/#primaryimage\"},\"thumbnailUrl\":\"https:\/\/portaltela.pt\/s.01k8rhncp4jt1\/2026\/02\/unnamed-file-1166.jpg\",\"keywords\":[\"coopera\u00e7\u00e3o internacional\",\"desporto\",\"desporto internacional\",\"envelhecimento ativo\",\"inclus\u00e3o social\",\"It\u00e1lia\"],\"articleSection\":[\"Desporto\"],\"inLanguage\":\"pt-PT\"},{\"@type\":\"WebPage\",\"@id\":\"https:\/\/portaltela.pt\/noticias\/2026\/02\/04\/famalicao-promove-desporto-e-envelhecimento-ativo-em-italia\/\",\"url\":\"https:\/\/portaltela.pt\/noticias\/2026\/02\/04\/famalicao-promove-desporto-e-envelhecimento-ativo-em-italia\/\",\"name\":\"Famalic\u00e3o promove desporto e envelhecimento ativo em It\u00e1lia - Portal Tela Portugal\",\"isPartOf\":{\"@id\":\"https:\/\/portaltela.pt\/#website\"},\"primaryImageOfPage\":{\"@id\":\"https:\/\/portaltela.pt\/noticias\/2026\/02\/04\/famalicao-promove-desporto-e-envelhecimento-ativo-em-italia\/#primaryimage\"},\"image\":{\"@id\":\"https:\/\/portaltela.pt\/noticias\/2026\/02\/04\/famalicao-promove-desporto-e-envelhecimento-ativo-em-italia\/#primaryimage\"},\"thumbnailUrl\":\"https:\/\/portaltela.pt\/s.01k8rhncp4jt1\/2026\/02\/unnamed-file-1166.jpg\",\"datePublished\":\"2026-02-04T11:12:01+00:00\",\"author\":{\"@id\":\"https:\/\/portaltela.pt\/#\/schema\/person\/c4278d4a6028830caff9ee44b42d32ed\"},\"breadcrumb\":{\"@id\":\"https:\/\/portaltela.pt\/noticias\/2026\/02\/04\/famalicao-promove-desporto-e-envelhecimento-ativo-em-italia\/#breadcrumb\"},\"inLanguage\":\"pt-PT\",\"potentialAction\":[{\"@type\":\"ReadAction\",\"target\":[\"https:\/\/portaltela.pt\/noticias\/2026\/02\/04\/famalicao-promove-desporto-e-envelhecimento-ativo-em-italia\/\"]}]},{\"@type\":\"ImageObject\",\"inLanguage\":\"pt-PT\",\"@id\":\"https:\/\/portaltela.pt\/noticias\/2026\/02\/04\/famalicao-promove-desporto-e-envelhecimento-ativo-em-italia\/#primaryimage\",\"url\":\"https:\/\/portaltela.pt\/s.01k8rhncp4jt1\/2026\/02\/unnamed-file-1166.jpg\",\"contentUrl\":\"https:\/\/portaltela.pt\/s.01k8rhncp4jt1\/2026\/02\/unnamed-file-1166.jpg\",\"width\":796,\"height\":448,\"caption\":\"Famalic\u00e3o em It\u00e1lia para promover desporto e envelhecimento ativo\"},{\"@type\":\"BreadcrumbList\",\"@id\":\"https:\/\/portaltela.pt\/noticias\/2026\/02\/04\/famalicao-promove-desporto-e-envelhecimento-ativo-em-italia\/#breadcrumb\",\"itemListElement\":[{\"@type\":\"ListItem\",\"position\":1,\"name\":\"In\u00edcio\",\"item\":\"https:\/\/portaltela.pt\/\"},{\"@type\":\"ListItem\",\"position\":2,\"name\":\"Famalic\u00e3o promove desporto e envelhecimento ativo em It\u00e1lia\"}]},{\"@type\":\"WebSite\",\"@id\":\"https:\/\/portaltela.pt\/#website\",\"url\":\"https:\/\/portaltela.pt\/\",\"name\":\"Portal Tela Portugal\",\"description\":\"\",\"potentialAction\":[{\"@type\":\"SearchAction\",\"target\":{\"@type\":\"EntryPoint\",\"urlTemplate\":\"https:\/\/portaltela.pt\/?s={search_term_string}\"},\"query-input\":{\"@type\":\"PropertyValueSpecification\",\"valueRequired\":true,\"valueName\":\"search_term_string\"}}],\"inLanguage\":\"pt-PT\"},{\"@type\":\"Person\",\"@id\":\"https:\/\/portaltela.pt\/#\/schema\/person\/c4278d4a6028830caff9ee44b42d32ed\",\"name\":\"Telinha\",\"image\":{\"@type\":\"ImageObject\",\"inLanguage\":\"pt-PT\",\"@id\":\"https:\/\/portaltela.pt\/s.01k8rhncp4jt1\/2025\/11\/talking-bot-125x125.png\",\"url\":\"https:\/\/portaltela.pt\/s.01k8rhncp4jt1\/2025\/11\/talking-bot-125x125.png\",\"contentUrl\":\"https:\/\/portaltela.pt\/s.01k8rhncp4jt1\/2025\/11\/talking-bot-125x125.png\",\"caption\":\"Telinha\"},\"sameAs\":[\"https:\/\/portaltela.pt\/\"],\"url\":\"https:\/\/portaltela.pt\/por\/367410592786\/\"}]}<\/script>\n<!-- \/ Yoast SEO plugin. -->","yoast_head_json":{"title":"Famalic\u00e3o promove desporto e envelhecimento ativo em It\u00e1lia - Portal Tela Portugal","robots":{"index":"index","follow":"follow","max-snippet":"max-snippet:-1","max-image-preview":"max-image-preview:large","max-video-preview":"max-video-preview:-1"},"og_locale":"pt_PT","og_type":"article","og_title":"Famalic\u00e3o promove desporto e envelhecimento ativo em It\u00e1lia - Portal Tela Portugal","og_description":"De 25 a 30 de janeiro, uma delega\u00e7\u00e3o de Famalic\u00e3o deslocou-se \u00e0 regi\u00e3o da Lombardia, em It\u00e1lia, para promover a troca de boas pr\u00e1ticas em desporto e envelhecimento ativo. A mobilidade internacional, integrada no tema \u201cDesporto, Democracia e Inclus\u00e3o\u201d, foi dinamizada pela divis\u00e3o de Desporto do Munic\u00edpio de Famalic\u00e3o no \u00e2mbito do programa Erasmus+ da Comiss\u00e3o Europeia. A comitiva famalicense, liderada pelo chefe da Divis\u00e3o de Desporto e Sa\u00fade, Rui Baptista, contou com sete aprendentes, um t\u00e9cnico acompanhante e seis t\u00e9cnicos municipais. Foram partilhadas metodologias de treino e programas desportivos para envelhecimento ativo, incluindo Boccia, atletismo, nata\u00e7\u00e3o, yoga e caminhadas. O Munic\u00edpio de Busto Garolfo reconheceu o programa \u201cMais e Melhores Anos\u201d como boa pr\u00e1tica, com o projeto italiano \u201cArgento in forma\u201d a inspirar-se nele e j\u00e1 a contar com centenas de participantes.","og_url":"https:\/\/portaltela.pt\/noticias\/2026\/02\/04\/famalicao-promove-desporto-e-envelhecimento-ativo-em-italia\/","og_site_name":"Portal Tela Portugal","article_published_time":"2026-02-04T11:12:01+00:00","author":"Telinha","twitter_card":"summary_large_image","twitter_misc":{"Escrito por":"Telinha","Tempo estimado de leitura":"1 minuto"},"schema":{"@context":"https:\/\/schema.org","@graph":[{"@type":"Article","@id":"https:\/\/portaltela.pt\/noticias\/2026\/02\/04\/famalicao-promove-desporto-e-envelhecimento-ativo-em-italia\/#article","isPartOf":{"@id":"https:\/\/portaltela.pt\/noticias\/2026\/02\/04\/famalicao-promove-desporto-e-envelhecimento-ativo-em-italia\/"},"author":{"name":"Telinha","@id":"https:\/\/portaltela.pt\/#\/schema\/person\/c4278d4a6028830caff9ee44b42d32ed"},"headline":"Famalic\u00e3o promove desporto e envelhecimento ativo em It\u00e1lia","datePublished":"2026-02-04T11:12:01+00:00","mainEntityOfPage":{"@id":"https:\/\/portaltela.pt\/noticias\/2026\/02\/04\/famalicao-promove-desporto-e-envelhecimento-ativo-em-italia\/"},"wordCount":190,"image":{"@id":"https:\/\/portaltela.pt\/noticias\/2026\/02\/04\/famalicao-promove-desporto-e-envelhecimento-ativo-em-italia\/#primaryimage"},"thumbnailUrl":"https:\/\/portaltela.pt\/s.01k8rhncp4jt1\/2026\/02\/unnamed-file-1166.jpg","keywords":["coopera\u00e7\u00e3o internacional","desporto","desporto internacional","envelhecimento ativo","inclus\u00e3o social","It\u00e1lia"],"articleSection":["Desporto"],"inLanguage":"pt-PT"},{"@type":"WebPage","@id":"https:\/\/portaltela.pt\/noticias\/2026\/02\/04\/famalicao-promove-desporto-e-envelhecimento-ativo-em-italia\/","url":"https:\/\/portaltela.pt\/noticias\/2026\/02\/04\/famalicao-promove-desporto-e-envelhecimento-ativo-em-italia\/","name":"Famalic\u00e3o promove desporto e envelhecimento ativo em It\u00e1lia - Portal Tela Portugal","isPartOf":{"@id":"https:\/\/portaltela.pt\/#website"},"primaryImageOfPage":{"@id":"https:\/\/portaltela.pt\/noticias\/2026\/02\/04\/famalicao-promove-desporto-e-envelhecimento-ativo-em-italia\/#primaryimage"},"image":{"@id":"https:\/\/portaltela.pt\/noticias\/2026\/02\/04\/famalicao-promove-desporto-e-envelhecimento-ativo-em-italia\/#primaryimage"},"thumbnailUrl":"https:\/\/portaltela.pt\/s.01k8rhncp4jt1\/2026\/02\/unnamed-file-1166.jpg","datePublished":"2026-02-04T11:12:01+00:00","author":{"@id":"https:\/\/portaltela.pt\/#\/schema\/person\/c4278d4a6028830caff9ee44b42d32ed"},"breadcrumb":{"@id":"https:\/\/portaltela.pt\/noticias\/2026\/02\/04\/famalicao-promove-desporto-e-envelhecimento-ativo-em-italia\/#breadcrumb"},"inLanguage":"pt-PT","potentialAction":[{"@type":"ReadAction","target":["https:\/\/portaltela.pt\/noticias\/2026\/02\/04\/famalicao-promove-desporto-e-envelhecimento-ativo-em-italia\/"]}]},{"@type":"ImageObject","inLanguage":"pt-PT","@id":"https:\/\/portaltela.pt\/noticias\/2026\/02\/04\/famalicao-promove-desporto-e-envelhecimento-ativo-em-italia\/#primaryimage","url":"https:\/\/portaltela.pt\/s.01k8rhncp4jt1\/2026\/02\/unnamed-file-1166.jpg","contentUrl":"https:\/\/portaltela.pt\/s.01k8rhncp4jt1\/2026\/02\/unnamed-file-1166.jpg","width":796,"height":448,"caption":"Famalic\u00e3o em It\u00e1lia para promover desporto e envelhecimento ativo"},{"@type":"BreadcrumbList","@id":"https:\/\/portaltela.pt\/noticias\/2026\/02\/04\/famalicao-promove-desporto-e-envelhecimento-ativo-em-italia\/#breadcrumb","itemListElement":[{"@type":"ListItem","position":1,"name":"In\u00edcio","item":"https:\/\/portaltela.pt\/"},{"@type":"ListItem","position":2,"name":"Famalic\u00e3o promove desporto e envelhecimento ativo em It\u00e1lia"}]},{"@type":"WebSite","@id":"https:\/\/portaltela.pt\/#website","url":"https:\/\/portaltela.pt\/","name":"Portal Tela Portugal","description":"","potentialAction":[{"@type":"SearchAction","target":{"@type":"EntryPoint","urlTemplate":"https:\/\/portaltela.pt\/?s={search_term_string}"},"query-input":{"@type":"PropertyValueSpecification","valueRequired":true,"valueName":"search_term_string"}}],"inLanguage":"pt-PT"},{"@type":"Person","@id":"https:\/\/portaltela.pt\/#\/schema\/person\/c4278d4a6028830caff9ee44b42d32ed","name":"Telinha","image":{"@type":"ImageObject","inLanguage":"pt-PT","@id":"https:\/\/portaltela.pt\/s.01k8rhncp4jt1\/2025\/11\/talking-bot-125x125.png","url":"https:\/\/portaltela.pt\/s.01k8rhncp4jt1\/2025\/11\/talking-bot-125x125.png","contentUrl":"https:\/\/portaltela.pt\/s.01k8rhncp4jt1\/2025\/11\/talking-bot-125x125.png","caption":"Telinha"},"sameAs":["https:\/\/portaltela.pt\/"],"url":"https:\/\/portaltela.pt\/por\/367410592786\/"}]}},"_links":{"self":[{"href":"https:\/\/portaltela.pt\/api\/wp\/v2\/posts\/196250","targetHints":{"allow":["GET"]}}],"collection":[{"href":"https:\/\/portaltela.pt\/api\/wp\/v2\/posts"}],"about":[{"href":"https:\/\/portaltela.pt\/api\/wp\/v2\/types\/post"}],"author":[{"embeddable":true,"href":"https:\/\/portaltela.pt\/api\/wp\/v2\/users\/2"}],"replies":[{"embeddable":true,"href":"https:\/\/portaltela.pt\/api\/wp\/v2\/comments?post=196250"}],"version-history":[{"count":0,"href":"https:\/\/portaltela.pt\/api\/wp\/v2\/posts\/196250\/revisions"}],"wp:featuredmedia":[{"embeddable":true,"href":"https:\/\/portaltela.pt\/api\/wp\/v2\/media\/196256"}],"wp:attachment":[{"href":"https:\/\/portaltela.pt\/api\/wp\/v2\/media?parent=196250"}],"wp:term":[{"taxonomy":"category","embeddable":true,"href":"https:\/\/portaltela.pt\/api\/wp\/v2\/categories?post=196250"},{"taxonomy":"post_tag","embeddable":true,"href":"https:\/\/portaltela.pt\/api\/wp\/v2\/tags?post=196250"}],"curies":[{"name":"wp","href":"https:\/\/api.w.org\/{rel}","templated":true}]}}