{"id":196219,"date":"2026-02-04T07:47:09","date_gmt":"2026-02-04T10:47:09","guid":{"rendered":"https:\/\/portaltela.pt\/noticias\/2026\/02\/04\/nrp-dom-joao-ii-avanca-com-instalacao-da-seccao-da-ponte\/"},"modified":"2026-02-04T07:47:09","modified_gmt":"2026-02-04T10:47:09","slug":"nrp-dom-joao-ii-avanca-com-instalacao-da-seccao-da-ponte","status":"publish","type":"post","link":"https:\/\/portaltela.pt\/noticias\/2026\/02\/04\/nrp-dom-joao-ii-avanca-com-instalacao-da-seccao-da-ponte\/","title":{"rendered":"NRP Dom Jo\u00e3o II avan\u00e7a com instala\u00e7\u00e3o da sec\u00e7\u00e3o da ponte"},"content":{"rendered":"<p>O futuro NRP Dom Jo\u00e3o II, Plataforma Naval Multifuncional (PNM) da Marinha Portuguesa, segue em constru\u00e7\u00e3o nos estaleiros Damen, em Gala\u021bi, Rom\u00e9nia, com a instala\u00e7\u00e3o da sec\u00e7\u00e3o de proa do bloco da ponte, a conhecida ilha. O progresso foi observado a 15 de janeiro de 2026, ap\u00f3s ter, em outubro de 2025, j\u00e1 existirem 17 dos 25 blocos montados.<\/p>\n<p>A obra \u00e9 acompanhada pela Equipa de Acompanhamento e Fiscaliza\u00e7\u00e3o (EAF-PNM) da Marinha, conforme o Despacho n.\u00ba 10909\/2024. O capit\u00e3o-de-mar-e-guerra Paulo Jorge Barbosa Rodrigues lidera a equipa, destacada no \u00e2mbito do contrato com Damen Naval. A entrega prevista do navio mant\u00e9m-se para o segundo semestre de 2026.<\/p>\n<h3>Progresso e financiamento<\/h3>\n<p>O concurso, iniciado em junho de 2022 com um primeiro procedimento que n\u00e3o teve propostas, voltou a abrir em maio de 2023. O contrato foi assinado a 24 de novembro de 2023 com a Damen Shipyards Group, atual propriet\u00e1ria do estaleiro Royal Schelde.<\/p>\n<p>O projeto envolve um investimento faseado de 132 milh\u00f5es de euros. O PRR da UE financia 94,5 milh\u00f5es (71,6%), e o Estado Portugu\u00eas contribui com 37,5 milh\u00f5es (28,4%). A Damen venceu a segunda edi\u00e7\u00e3o do concurso, que resultou na adjudica\u00e7\u00e3o.<\/p>\n<h3>Caracter\u00edsticas do navio e objetivos operacionais<\/h3>\n<p>O navio deve deslocar at\u00e9 7 000 toneladas, com 107,6 metros de comprimento, 20 metros de boca e calado de 5,5 metros. A guarni\u00e7\u00e3o \u00e9 de 48 elementos e pode transportar 42 investigadores ou outros especialistas, com capacidade adicional para 100 a 200 pessoas em miss\u00f5es de aux\u00edlio.<\/p>\n<p>A autonomia prev\u00ea 300 dias por ano, com 210 dias de miss\u00e3o e uma velocidade m\u00e1xima de 15 n\u00f3s, em cruzeiro de 10 n\u00f3s. O Dom Jo\u00e3o II \u00e9 orientado para opera\u00e7\u00f5es com drones a\u00e9reos, de superf\u00edcie e sub-ssuperf\u00edcie, para vig\u00edlia, investiga\u00e7\u00e3o e emerg\u00eancias.<\/p>\n","protected":false},"excerpt":{"rendered":"<ul>\n<li>No estaleiro Damen, em Gala\u021bi, Rom\u00e9nsia, procede-se \u00e0 instala\u00e7\u00e3o da sec\u00e7\u00e3o de proa do futuro NRP D. Jo\u00e3o II, com a ilha vis\u00edvel, com entrega prevista para o segundo semestre de 2026.<\/li>\n<li>Em outubro de 2025 eram 17 dos 25 blocos j\u00e1 instalados; o navio est\u00e1 destinado a opera\u00e7\u00f5es com drones e a miss\u00f5es de vigil\u00e2ncia, investiga\u00e7\u00e3o, aux\u00edlio e emerg\u00eancia.<\/li>\n<li>O contrato foi assinado a 24 de novembro de 2023, ap\u00f3s um segundo concurso, num valor total de 132 milh\u00f5es de EUR, financiado por 71,6% do Plano de Recupera\u00e7\u00e3o e Resili\u00eancia da Uni\u00e3o Europeia e 28,4% pelo Estado Portugu\u00eas.<\/li>\n<li>A construtora vencedora \u00e9 o grupo Damen Shipyards; a plataforma ter\u00e1 cerca de 7 mil toneladas, 107,6 metros de comprimento, boca de 20 metros e calado de 5,5 metros, com guarni\u00e7\u00e3o de 48 pessoas e capacidade para 42 investigadores, com espa\u00e7o para at\u00e9 200 pessoas em emerg\u00eancia.<\/li>\n<li>A velocidade m\u00e1xima \u00e9 de 15 n\u00f3s, com disponibilidade de 300 dias por ano (210 dias em miss\u00e3o); coordenadas de georrefer\u00eancia: 45.44477875221676, 28.0953763095913.<\/li>\n<\/ul>\n","protected":false},"author":2,"featured_media":196220,"comment_status":"closed","ping_status":"closed","sticky":false,"template":"","format":"standard","meta":{"footnotes":""},"categories":[1],"tags":[1779,3971,4298,4556,1014,1486],"class_list":["post-196219","post","type-post","status-publish","format-standard","has-post-thumbnail","hentry","category-noticias","tag-forcas-armadas","tag-fundo-europeus","tag-marinha","tag-navios","tag-portugal","tag-romenia"],"yoast_head":"<!-- This site is optimized with the Yoast SEO plugin v27.2 - https:\/\/yoast.com\/product\/yoast-seo-wordpress\/ -->\n<title>NRP Dom Jo\u00e3o II avan\u00e7a com instala\u00e7\u00e3o da sec\u00e7\u00e3o da ponte - Portal Tela Portugal<\/title>\n<meta name=\"robots\" content=\"index, follow, max-snippet:-1, max-image-preview:large, max-video-preview:-1\" \/>\n<meta property=\"og:locale\" content=\"pt_PT\" \/>\n<meta property=\"og:type\" content=\"article\" \/>\n<meta property=\"og:title\" content=\"NRP Dom Jo\u00e3o II avan\u00e7a com instala\u00e7\u00e3o da sec\u00e7\u00e3o da ponte - Portal Tela Portugal\" \/>\n<meta property=\"og:description\" content=\"No estaleiro Damen, em Gala\u021bi, Rom\u00e9nsia, procede-se \u00e0 instala\u00e7\u00e3o da sec\u00e7\u00e3o de proa do futuro NRP D. Jo\u00e3o II, com a ilha vis\u00edvel, com entrega prevista para o segundo semestre de 2026. Em outubro de 2025 eram 17 dos 25 blocos j\u00e1 instalados; o navio est\u00e1 destinado a opera\u00e7\u00f5es com drones e a miss\u00f5es de vigil\u00e2ncia, investiga\u00e7\u00e3o, aux\u00edlio e emerg\u00eancia. O contrato foi assinado a 24 de novembro de 2023, ap\u00f3s um segundo concurso, num valor total de 132 milh\u00f5es de EUR, financiado por 71,6% do Plano de Recupera\u00e7\u00e3o e Resili\u00eancia da Uni\u00e3o Europeia e 28,4% pelo Estado Portugu\u00eas. A construtora vencedora \u00e9 o grupo Damen Shipyards; a plataforma ter\u00e1 cerca de 7 mil toneladas, 107,6 metros de comprimento, boca de 20 metros e calado de 5,5 metros, com guarni\u00e7\u00e3o de 48 pessoas e capacidade para 42 investigadores, com espa\u00e7o para at\u00e9 200 pessoas em emerg\u00eancia. A velocidade m\u00e1xima \u00e9 de 15 n\u00f3s, com disponibilidade de 300 dias por ano (210 dias em miss\u00e3o); coordenadas de georrefer\u00eancia: 45.44477875221676, 28.0953763095913.\" \/>\n<meta property=\"og:url\" content=\"https:\/\/portaltela.pt\/noticias\/2026\/02\/04\/nrp-dom-joao-ii-avanca-com-instalacao-da-seccao-da-ponte\/\" \/>\n<meta property=\"og:site_name\" content=\"Portal Tela Portugal\" \/>\n<meta property=\"article:published_time\" content=\"2026-02-04T10:47:09+00:00\" \/>\n<meta name=\"author\" content=\"Telinha\" \/>\n<meta name=\"twitter:card\" content=\"summary_large_image\" \/>\n<meta name=\"twitter:label1\" content=\"Escrito por\" \/>\n\t<meta name=\"twitter:data1\" content=\"Telinha\" \/>\n\t<meta name=\"twitter:label2\" content=\"Tempo estimado de leitura\" \/>\n\t<meta name=\"twitter:data2\" content=\"1 minuto\" \/>\n<script type=\"application\/ld+json\" class=\"yoast-schema-graph\">{\"@context\":\"https:\/\/schema.org\",\"@graph\":[{\"@type\":\"Article\",\"@id\":\"https:\/\/portaltela.pt\/noticias\/2026\/02\/04\/nrp-dom-joao-ii-avanca-com-instalacao-da-seccao-da-ponte\/#article\",\"isPartOf\":{\"@id\":\"https:\/\/portaltela.pt\/noticias\/2026\/02\/04\/nrp-dom-joao-ii-avanca-com-instalacao-da-seccao-da-ponte\/\"},\"author\":{\"name\":\"Telinha\",\"@id\":\"https:\/\/portaltela.pt\/#\/schema\/person\/c4278d4a6028830caff9ee44b42d32ed\"},\"headline\":\"NRP Dom Jo\u00e3o II avan\u00e7a com instala\u00e7\u00e3o da sec\u00e7\u00e3o da ponte\",\"datePublished\":\"2026-02-04T10:47:09+00:00\",\"mainEntityOfPage\":{\"@id\":\"https:\/\/portaltela.pt\/noticias\/2026\/02\/04\/nrp-dom-joao-ii-avanca-com-instalacao-da-seccao-da-ponte\/\"},\"wordCount\":307,\"image\":{\"@id\":\"https:\/\/portaltela.pt\/noticias\/2026\/02\/04\/nrp-dom-joao-ii-avanca-com-instalacao-da-seccao-da-ponte\/#primaryimage\"},\"thumbnailUrl\":\"https:\/\/portaltela.pt\/s.01k8rhncp4jt1\/2026\/02\/unnamed-file-1164.jpg\",\"keywords\":[\"For\u00e7as Armadas\",\"Fundo Europeus\",\"Marinha\",\"navios\",\"Portugal\",\"Rom\u00e9nia\"],\"articleSection\":[\"Not\u00edcias\"],\"inLanguage\":\"pt-PT\"},{\"@type\":\"WebPage\",\"@id\":\"https:\/\/portaltela.pt\/noticias\/2026\/02\/04\/nrp-dom-joao-ii-avanca-com-instalacao-da-seccao-da-ponte\/\",\"url\":\"https:\/\/portaltela.pt\/noticias\/2026\/02\/04\/nrp-dom-joao-ii-avanca-com-instalacao-da-seccao-da-ponte\/\",\"name\":\"NRP Dom Jo\u00e3o II avan\u00e7a com instala\u00e7\u00e3o da sec\u00e7\u00e3o da ponte - Portal Tela Portugal\",\"isPartOf\":{\"@id\":\"https:\/\/portaltela.pt\/#website\"},\"primaryImageOfPage\":{\"@id\":\"https:\/\/portaltela.pt\/noticias\/2026\/02\/04\/nrp-dom-joao-ii-avanca-com-instalacao-da-seccao-da-ponte\/#primaryimage\"},\"image\":{\"@id\":\"https:\/\/portaltela.pt\/noticias\/2026\/02\/04\/nrp-dom-joao-ii-avanca-com-instalacao-da-seccao-da-ponte\/#primaryimage\"},\"thumbnailUrl\":\"https:\/\/portaltela.pt\/s.01k8rhncp4jt1\/2026\/02\/unnamed-file-1164.jpg\",\"datePublished\":\"2026-02-04T10:47:09+00:00\",\"author\":{\"@id\":\"https:\/\/portaltela.pt\/#\/schema\/person\/c4278d4a6028830caff9ee44b42d32ed\"},\"breadcrumb\":{\"@id\":\"https:\/\/portaltela.pt\/noticias\/2026\/02\/04\/nrp-dom-joao-ii-avanca-com-instalacao-da-seccao-da-ponte\/#breadcrumb\"},\"inLanguage\":\"pt-PT\",\"potentialAction\":[{\"@type\":\"ReadAction\",\"target\":[\"https:\/\/portaltela.pt\/noticias\/2026\/02\/04\/nrp-dom-joao-ii-avanca-com-instalacao-da-seccao-da-ponte\/\"]}]},{\"@type\":\"ImageObject\",\"inLanguage\":\"pt-PT\",\"@id\":\"https:\/\/portaltela.pt\/noticias\/2026\/02\/04\/nrp-dom-joao-ii-avanca-com-instalacao-da-seccao-da-ponte\/#primaryimage\",\"url\":\"https:\/\/portaltela.pt\/s.01k8rhncp4jt1\/2026\/02\/unnamed-file-1164.jpg\",\"contentUrl\":\"https:\/\/portaltela.pt\/s.01k8rhncp4jt1\/2026\/02\/unnamed-file-1164.jpg\",\"width\":796,\"height\":448,\"caption\":\"Constru\u00e7\u00e3o do NRP Dom Jo\u00e3o II prossegue com instala\u00e7\u00e3o da sec\u00e7\u00e3o da ponte\"},{\"@type\":\"BreadcrumbList\",\"@id\":\"https:\/\/portaltela.pt\/noticias\/2026\/02\/04\/nrp-dom-joao-ii-avanca-com-instalacao-da-seccao-da-ponte\/#breadcrumb\",\"itemListElement\":[{\"@type\":\"ListItem\",\"position\":1,\"name\":\"In\u00edcio\",\"item\":\"https:\/\/portaltela.pt\/\"},{\"@type\":\"ListItem\",\"position\":2,\"name\":\"NRP Dom Jo\u00e3o II avan\u00e7a com instala\u00e7\u00e3o da sec\u00e7\u00e3o da ponte\"}]},{\"@type\":\"WebSite\",\"@id\":\"https:\/\/portaltela.pt\/#website\",\"url\":\"https:\/\/portaltela.pt\/\",\"name\":\"Portal Tela Portugal\",\"description\":\"\",\"potentialAction\":[{\"@type\":\"SearchAction\",\"target\":{\"@type\":\"EntryPoint\",\"urlTemplate\":\"https:\/\/portaltela.pt\/?s={search_term_string}\"},\"query-input\":{\"@type\":\"PropertyValueSpecification\",\"valueRequired\":true,\"valueName\":\"search_term_string\"}}],\"inLanguage\":\"pt-PT\"},{\"@type\":\"Person\",\"@id\":\"https:\/\/portaltela.pt\/#\/schema\/person\/c4278d4a6028830caff9ee44b42d32ed\",\"name\":\"Telinha\",\"image\":{\"@type\":\"ImageObject\",\"inLanguage\":\"pt-PT\",\"@id\":\"https:\/\/portaltela.pt\/s.01k8rhncp4jt1\/2025\/11\/talking-bot-125x125.png\",\"url\":\"https:\/\/portaltela.pt\/s.01k8rhncp4jt1\/2025\/11\/talking-bot-125x125.png\",\"contentUrl\":\"https:\/\/portaltela.pt\/s.01k8rhncp4jt1\/2025\/11\/talking-bot-125x125.png\",\"caption\":\"Telinha\"},\"sameAs\":[\"https:\/\/portaltela.pt\/\"],\"url\":\"https:\/\/portaltela.pt\/por\/367410592786\/\"}]}<\/script>\n<!-- \/ Yoast SEO plugin. -->","yoast_head_json":{"title":"NRP Dom Jo\u00e3o II avan\u00e7a com instala\u00e7\u00e3o da sec\u00e7\u00e3o da ponte - Portal Tela Portugal","robots":{"index":"index","follow":"follow","max-snippet":"max-snippet:-1","max-image-preview":"max-image-preview:large","max-video-preview":"max-video-preview:-1"},"og_locale":"pt_PT","og_type":"article","og_title":"NRP Dom Jo\u00e3o II avan\u00e7a com instala\u00e7\u00e3o da sec\u00e7\u00e3o da ponte - Portal Tela Portugal","og_description":"No estaleiro Damen, em Gala\u021bi, Rom\u00e9nsia, procede-se \u00e0 instala\u00e7\u00e3o da sec\u00e7\u00e3o de proa do futuro NRP D. Jo\u00e3o II, com a ilha vis\u00edvel, com entrega prevista para o segundo semestre de 2026. Em outubro de 2025 eram 17 dos 25 blocos j\u00e1 instalados; o navio est\u00e1 destinado a opera\u00e7\u00f5es com drones e a miss\u00f5es de vigil\u00e2ncia, investiga\u00e7\u00e3o, aux\u00edlio e emerg\u00eancia. O contrato foi assinado a 24 de novembro de 2023, ap\u00f3s um segundo concurso, num valor total de 132 milh\u00f5es de EUR, financiado por 71,6% do Plano de Recupera\u00e7\u00e3o e Resili\u00eancia da Uni\u00e3o Europeia e 28,4% pelo Estado Portugu\u00eas. A construtora vencedora \u00e9 o grupo Damen Shipyards; a plataforma ter\u00e1 cerca de 7 mil toneladas, 107,6 metros de comprimento, boca de 20 metros e calado de 5,5 metros, com guarni\u00e7\u00e3o de 48 pessoas e capacidade para 42 investigadores, com espa\u00e7o para at\u00e9 200 pessoas em emerg\u00eancia. A velocidade m\u00e1xima \u00e9 de 15 n\u00f3s, com disponibilidade de 300 dias por ano (210 dias em miss\u00e3o); coordenadas de georrefer\u00eancia: 45.44477875221676, 28.0953763095913.","og_url":"https:\/\/portaltela.pt\/noticias\/2026\/02\/04\/nrp-dom-joao-ii-avanca-com-instalacao-da-seccao-da-ponte\/","og_site_name":"Portal Tela Portugal","article_published_time":"2026-02-04T10:47:09+00:00","author":"Telinha","twitter_card":"summary_large_image","twitter_misc":{"Escrito por":"Telinha","Tempo estimado de leitura":"1 minuto"},"schema":{"@context":"https:\/\/schema.org","@graph":[{"@type":"Article","@id":"https:\/\/portaltela.pt\/noticias\/2026\/02\/04\/nrp-dom-joao-ii-avanca-com-instalacao-da-seccao-da-ponte\/#article","isPartOf":{"@id":"https:\/\/portaltela.pt\/noticias\/2026\/02\/04\/nrp-dom-joao-ii-avanca-com-instalacao-da-seccao-da-ponte\/"},"author":{"name":"Telinha","@id":"https:\/\/portaltela.pt\/#\/schema\/person\/c4278d4a6028830caff9ee44b42d32ed"},"headline":"NRP Dom Jo\u00e3o II avan\u00e7a com instala\u00e7\u00e3o da sec\u00e7\u00e3o da ponte","datePublished":"2026-02-04T10:47:09+00:00","mainEntityOfPage":{"@id":"https:\/\/portaltela.pt\/noticias\/2026\/02\/04\/nrp-dom-joao-ii-avanca-com-instalacao-da-seccao-da-ponte\/"},"wordCount":307,"image":{"@id":"https:\/\/portaltela.pt\/noticias\/2026\/02\/04\/nrp-dom-joao-ii-avanca-com-instalacao-da-seccao-da-ponte\/#primaryimage"},"thumbnailUrl":"https:\/\/portaltela.pt\/s.01k8rhncp4jt1\/2026\/02\/unnamed-file-1164.jpg","keywords":["For\u00e7as Armadas","Fundo Europeus","Marinha","navios","Portugal","Rom\u00e9nia"],"articleSection":["Not\u00edcias"],"inLanguage":"pt-PT"},{"@type":"WebPage","@id":"https:\/\/portaltela.pt\/noticias\/2026\/02\/04\/nrp-dom-joao-ii-avanca-com-instalacao-da-seccao-da-ponte\/","url":"https:\/\/portaltela.pt\/noticias\/2026\/02\/04\/nrp-dom-joao-ii-avanca-com-instalacao-da-seccao-da-ponte\/","name":"NRP Dom Jo\u00e3o II avan\u00e7a com instala\u00e7\u00e3o da sec\u00e7\u00e3o da ponte - Portal Tela Portugal","isPartOf":{"@id":"https:\/\/portaltela.pt\/#website"},"primaryImageOfPage":{"@id":"https:\/\/portaltela.pt\/noticias\/2026\/02\/04\/nrp-dom-joao-ii-avanca-com-instalacao-da-seccao-da-ponte\/#primaryimage"},"image":{"@id":"https:\/\/portaltela.pt\/noticias\/2026\/02\/04\/nrp-dom-joao-ii-avanca-com-instalacao-da-seccao-da-ponte\/#primaryimage"},"thumbnailUrl":"https:\/\/portaltela.pt\/s.01k8rhncp4jt1\/2026\/02\/unnamed-file-1164.jpg","datePublished":"2026-02-04T10:47:09+00:00","author":{"@id":"https:\/\/portaltela.pt\/#\/schema\/person\/c4278d4a6028830caff9ee44b42d32ed"},"breadcrumb":{"@id":"https:\/\/portaltela.pt\/noticias\/2026\/02\/04\/nrp-dom-joao-ii-avanca-com-instalacao-da-seccao-da-ponte\/#breadcrumb"},"inLanguage":"pt-PT","potentialAction":[{"@type":"ReadAction","target":["https:\/\/portaltela.pt\/noticias\/2026\/02\/04\/nrp-dom-joao-ii-avanca-com-instalacao-da-seccao-da-ponte\/"]}]},{"@type":"ImageObject","inLanguage":"pt-PT","@id":"https:\/\/portaltela.pt\/noticias\/2026\/02\/04\/nrp-dom-joao-ii-avanca-com-instalacao-da-seccao-da-ponte\/#primaryimage","url":"https:\/\/portaltela.pt\/s.01k8rhncp4jt1\/2026\/02\/unnamed-file-1164.jpg","contentUrl":"https:\/\/portaltela.pt\/s.01k8rhncp4jt1\/2026\/02\/unnamed-file-1164.jpg","width":796,"height":448,"caption":"Constru\u00e7\u00e3o do NRP Dom Jo\u00e3o II prossegue com instala\u00e7\u00e3o da sec\u00e7\u00e3o da ponte"},{"@type":"BreadcrumbList","@id":"https:\/\/portaltela.pt\/noticias\/2026\/02\/04\/nrp-dom-joao-ii-avanca-com-instalacao-da-seccao-da-ponte\/#breadcrumb","itemListElement":[{"@type":"ListItem","position":1,"name":"In\u00edcio","item":"https:\/\/portaltela.pt\/"},{"@type":"ListItem","position":2,"name":"NRP Dom Jo\u00e3o II avan\u00e7a com instala\u00e7\u00e3o da sec\u00e7\u00e3o da ponte"}]},{"@type":"WebSite","@id":"https:\/\/portaltela.pt\/#website","url":"https:\/\/portaltela.pt\/","name":"Portal Tela Portugal","description":"","potentialAction":[{"@type":"SearchAction","target":{"@type":"EntryPoint","urlTemplate":"https:\/\/portaltela.pt\/?s={search_term_string}"},"query-input":{"@type":"PropertyValueSpecification","valueRequired":true,"valueName":"search_term_string"}}],"inLanguage":"pt-PT"},{"@type":"Person","@id":"https:\/\/portaltela.pt\/#\/schema\/person\/c4278d4a6028830caff9ee44b42d32ed","name":"Telinha","image":{"@type":"ImageObject","inLanguage":"pt-PT","@id":"https:\/\/portaltela.pt\/s.01k8rhncp4jt1\/2025\/11\/talking-bot-125x125.png","url":"https:\/\/portaltela.pt\/s.01k8rhncp4jt1\/2025\/11\/talking-bot-125x125.png","contentUrl":"https:\/\/portaltela.pt\/s.01k8rhncp4jt1\/2025\/11\/talking-bot-125x125.png","caption":"Telinha"},"sameAs":["https:\/\/portaltela.pt\/"],"url":"https:\/\/portaltela.pt\/por\/367410592786\/"}]}},"_links":{"self":[{"href":"https:\/\/portaltela.pt\/api\/wp\/v2\/posts\/196219","targetHints":{"allow":["GET"]}}],"collection":[{"href":"https:\/\/portaltela.pt\/api\/wp\/v2\/posts"}],"about":[{"href":"https:\/\/portaltela.pt\/api\/wp\/v2\/types\/post"}],"author":[{"embeddable":true,"href":"https:\/\/portaltela.pt\/api\/wp\/v2\/users\/2"}],"replies":[{"embeddable":true,"href":"https:\/\/portaltela.pt\/api\/wp\/v2\/comments?post=196219"}],"version-history":[{"count":0,"href":"https:\/\/portaltela.pt\/api\/wp\/v2\/posts\/196219\/revisions"}],"wp:featuredmedia":[{"embeddable":true,"href":"https:\/\/portaltela.pt\/api\/wp\/v2\/media\/196220"}],"wp:attachment":[{"href":"https:\/\/portaltela.pt\/api\/wp\/v2\/media?parent=196219"}],"wp:term":[{"taxonomy":"category","embeddable":true,"href":"https:\/\/portaltela.pt\/api\/wp\/v2\/categories?post=196219"},{"taxonomy":"post_tag","embeddable":true,"href":"https:\/\/portaltela.pt\/api\/wp\/v2\/tags?post=196219"}],"curies":[{"name":"wp","href":"https:\/\/api.w.org\/{rel}","templated":true}]}}