{"id":196206,"date":"2026-02-04T07:55:22","date_gmt":"2026-02-04T10:55:22","guid":{"rendered":"https:\/\/portaltela.pt\/noticias\/2026\/02\/04\/pelo-menos-15-mortos-em-colisao-entre-barco-da-guarda-costeira-grega-e-embarcacao-de-migrantes\/"},"modified":"2026-02-04T07:55:22","modified_gmt":"2026-02-04T10:55:22","slug":"pelo-menos-15-mortos-em-colisao-entre-barco-da-guarda-costeira-grega-e-embarcacao-de-migrantes","status":"publish","type":"post","link":"https:\/\/portaltela.pt\/noticias\/2026\/02\/04\/pelo-menos-15-mortos-em-colisao-entre-barco-da-guarda-costeira-grega-e-embarcacao-de-migrantes\/","title":{"rendered":"Pelo menos 15 mortos em colis\u00e3o entre barco da guarda costeira grega e embarca\u00e7\u00e3o de migrantes"},"content":{"rendered":"<p>O acidente ocorreu na noite de ter\u00e7a-feira, ao largo da costa da ilha de Chio, no Mar Egeu. Um barco da guarda costeira grega embateu numa embarca\u00e7\u00e3o que transportava migrantes, provocando a morte de pelo menos 15 pessoas. As circunst\u00e2ncias exatas permanecem sob investiga\u00e7\u00e3o.<\/p>\n<p>Segundo a AP, vinte e quatro migrantes ficaram feridos, entre eles 11 menores. Os feridos foram encaminhados para hospitais da regi\u00e3o, sem detalhes adicionais sobre a gravidade dos ferimentos.<\/p>\n<p>Autoridades gregas n\u00e3o divulgaram n\u00fameros oficiais adicionais nem estimativas de tempo para o andamento da opera\u00e7\u00e3o de resgate e investiga\u00e7\u00e3o. O incidente acontece em contexto de tens\u00f5es migrat\u00f3rias na regi\u00e3o entre Gr\u00e9cia e Turquia.<\/p>\n<h3>V\u00edtimas e feridos<\/h3>\n<ul>\n<li>Pelo menos 15 mortos, segundo fontes oficiais.<\/li>\n<li>24 refugiados feridos, incluindo 11 crian\u00e7as, hospitalizados.<\/li>\n<li>As causas da colis\u00e3o ainda est\u00e3o a ser averiguadas pelas autoridades competentes.<\/li>\n<\/ul>\n","protected":false},"excerpt":{"rendered":"<ul>\n<li>Colis\u00e3o entre barco da guarda costeira grega e embarca\u00e7\u00e3o que transportava migrantes ocorreu na noite de ter\u00e7a-feira ao largo da costa da ilha de Chio, no Mar Egeu.<\/li>\n<li>Pelo menos quinze pessoas morreram.<\/li>\n<li>Vinte e quatro migrantes ficaram feridos, entre eles onze crian\u00e7as, e foram hospitalizados.<\/li>\n<\/ul>\n","protected":false},"author":2,"featured_media":196211,"comment_status":"closed","ping_status":"closed","sticky":false,"template":"","format":"standard","meta":{"footnotes":""},"categories":[1],"tags":[4524,3137,4293,1456,1678,3786],"class_list":["post-196206","post","type-post","status-publish","format-standard","has-post-thumbnail","hentry","category-noticias","tag-acidente-maritimo","tag-grecia","tag-incidentes-internacionais","tag-migracao","tag-migrantes","tag-refugiados-internos"],"yoast_head":"<!-- This site is optimized with the Yoast SEO plugin v27.2 - https:\/\/yoast.com\/product\/yoast-seo-wordpress\/ -->\n<title>Pelo menos 15 mortos em colis\u00e3o entre barco da guarda costeira grega e embarca\u00e7\u00e3o de migrantes - Portal Tela Portugal<\/title>\n<meta name=\"robots\" content=\"index, follow, max-snippet:-1, max-image-preview:large, max-video-preview:-1\" \/>\n<meta property=\"og:locale\" content=\"pt_PT\" \/>\n<meta property=\"og:type\" content=\"article\" \/>\n<meta property=\"og:title\" content=\"Pelo menos 15 mortos em colis\u00e3o entre barco da guarda costeira grega e embarca\u00e7\u00e3o de migrantes - Portal Tela Portugal\" \/>\n<meta property=\"og:description\" content=\"Colis\u00e3o entre barco da guarda costeira grega e embarca\u00e7\u00e3o que transportava migrantes ocorreu na noite de ter\u00e7a-feira ao largo da costa da ilha de Chio, no Mar Egeu. Pelo menos quinze pessoas morreram. Vinte e quatro migrantes ficaram feridos, entre eles onze crian\u00e7as, e foram hospitalizados.\" \/>\n<meta property=\"og:url\" content=\"https:\/\/portaltela.pt\/noticias\/2026\/02\/04\/pelo-menos-15-mortos-em-colisao-entre-barco-da-guarda-costeira-grega-e-embarcacao-de-migrantes\/\" \/>\n<meta property=\"og:site_name\" content=\"Portal Tela Portugal\" \/>\n<meta property=\"article:published_time\" content=\"2026-02-04T10:55:22+00:00\" \/>\n<meta name=\"author\" content=\"Telinha\" \/>\n<meta name=\"twitter:card\" content=\"summary_large_image\" \/>\n<meta name=\"twitter:label1\" content=\"Escrito por\" \/>\n\t<meta name=\"twitter:data1\" content=\"Telinha\" \/>\n\t<meta name=\"twitter:label2\" content=\"Tempo estimado de leitura\" \/>\n\t<meta name=\"twitter:data2\" content=\"1 minuto\" \/>\n<script type=\"application\/ld+json\" class=\"yoast-schema-graph\">{\"@context\":\"https:\/\/schema.org\",\"@graph\":[{\"@type\":\"Article\",\"@id\":\"https:\/\/portaltela.pt\/noticias\/2026\/02\/04\/pelo-menos-15-mortos-em-colisao-entre-barco-da-guarda-costeira-grega-e-embarcacao-de-migrantes\/#article\",\"isPartOf\":{\"@id\":\"https:\/\/portaltela.pt\/noticias\/2026\/02\/04\/pelo-menos-15-mortos-em-colisao-entre-barco-da-guarda-costeira-grega-e-embarcacao-de-migrantes\/\"},\"author\":{\"name\":\"Telinha\",\"@id\":\"https:\/\/portaltela.pt\/#\/schema\/person\/c4278d4a6028830caff9ee44b42d32ed\"},\"headline\":\"Pelo menos 15 mortos em colis\u00e3o entre barco da guarda costeira grega e embarca\u00e7\u00e3o de migrantes\",\"datePublished\":\"2026-02-04T10:55:22+00:00\",\"mainEntityOfPage\":{\"@id\":\"https:\/\/portaltela.pt\/noticias\/2026\/02\/04\/pelo-menos-15-mortos-em-colisao-entre-barco-da-guarda-costeira-grega-e-embarcacao-de-migrantes\/\"},\"wordCount\":165,\"image\":{\"@id\":\"https:\/\/portaltela.pt\/noticias\/2026\/02\/04\/pelo-menos-15-mortos-em-colisao-entre-barco-da-guarda-costeira-grega-e-embarcacao-de-migrantes\/#primaryimage\"},\"thumbnailUrl\":\"https:\/\/portaltela.pt\/s.01k8rhncp4jt1\/2026\/02\/img_1280x722uu2026-02-04-10-46-26-2264637.jpg\",\"keywords\":[\"acidente mar\u00edtimo\",\"Gr\u00e9cia\",\"incidentes internacionais\",\"migra\u00e7\u00e3o\",\"migrantes\",\"refugiados internos\"],\"articleSection\":[\"Not\u00edcias\"],\"inLanguage\":\"pt-PT\"},{\"@type\":\"WebPage\",\"@id\":\"https:\/\/portaltela.pt\/noticias\/2026\/02\/04\/pelo-menos-15-mortos-em-colisao-entre-barco-da-guarda-costeira-grega-e-embarcacao-de-migrantes\/\",\"url\":\"https:\/\/portaltela.pt\/noticias\/2026\/02\/04\/pelo-menos-15-mortos-em-colisao-entre-barco-da-guarda-costeira-grega-e-embarcacao-de-migrantes\/\",\"name\":\"Pelo menos 15 mortos em colis\u00e3o entre barco da guarda costeira grega e embarca\u00e7\u00e3o de migrantes - Portal Tela Portugal\",\"isPartOf\":{\"@id\":\"https:\/\/portaltela.pt\/#website\"},\"primaryImageOfPage\":{\"@id\":\"https:\/\/portaltela.pt\/noticias\/2026\/02\/04\/pelo-menos-15-mortos-em-colisao-entre-barco-da-guarda-costeira-grega-e-embarcacao-de-migrantes\/#primaryimage\"},\"image\":{\"@id\":\"https:\/\/portaltela.pt\/noticias\/2026\/02\/04\/pelo-menos-15-mortos-em-colisao-entre-barco-da-guarda-costeira-grega-e-embarcacao-de-migrantes\/#primaryimage\"},\"thumbnailUrl\":\"https:\/\/portaltela.pt\/s.01k8rhncp4jt1\/2026\/02\/img_1280x722uu2026-02-04-10-46-26-2264637.jpg\",\"datePublished\":\"2026-02-04T10:55:22+00:00\",\"author\":{\"@id\":\"https:\/\/portaltela.pt\/#\/schema\/person\/c4278d4a6028830caff9ee44b42d32ed\"},\"breadcrumb\":{\"@id\":\"https:\/\/portaltela.pt\/noticias\/2026\/02\/04\/pelo-menos-15-mortos-em-colisao-entre-barco-da-guarda-costeira-grega-e-embarcacao-de-migrantes\/#breadcrumb\"},\"inLanguage\":\"pt-PT\",\"potentialAction\":[{\"@type\":\"ReadAction\",\"target\":[\"https:\/\/portaltela.pt\/noticias\/2026\/02\/04\/pelo-menos-15-mortos-em-colisao-entre-barco-da-guarda-costeira-grega-e-embarcacao-de-migrantes\/\"]}]},{\"@type\":\"ImageObject\",\"inLanguage\":\"pt-PT\",\"@id\":\"https:\/\/portaltela.pt\/noticias\/2026\/02\/04\/pelo-menos-15-mortos-em-colisao-entre-barco-da-guarda-costeira-grega-e-embarcacao-de-migrantes\/#primaryimage\",\"url\":\"https:\/\/portaltela.pt\/s.01k8rhncp4jt1\/2026\/02\/img_1280x722uu2026-02-04-10-46-26-2264637.jpg\",\"contentUrl\":\"https:\/\/portaltela.pt\/s.01k8rhncp4jt1\/2026\/02\/img_1280x722uu2026-02-04-10-46-26-2264637.jpg\",\"width\":796,\"height\":448,\"caption\":\"Imagem relacionada ao incidente de colis\u00e3o entre barco da guarda costeira grega e embarca\u00e7\u00e3o que transportava migrantes.\"},{\"@type\":\"BreadcrumbList\",\"@id\":\"https:\/\/portaltela.pt\/noticias\/2026\/02\/04\/pelo-menos-15-mortos-em-colisao-entre-barco-da-guarda-costeira-grega-e-embarcacao-de-migrantes\/#breadcrumb\",\"itemListElement\":[{\"@type\":\"ListItem\",\"position\":1,\"name\":\"In\u00edcio\",\"item\":\"https:\/\/portaltela.pt\/\"},{\"@type\":\"ListItem\",\"position\":2,\"name\":\"Pelo menos 15 mortos em colis\u00e3o entre barco da guarda costeira grega e embarca\u00e7\u00e3o de migrantes\"}]},{\"@type\":\"WebSite\",\"@id\":\"https:\/\/portaltela.pt\/#website\",\"url\":\"https:\/\/portaltela.pt\/\",\"name\":\"Portal Tela Portugal\",\"description\":\"\",\"potentialAction\":[{\"@type\":\"SearchAction\",\"target\":{\"@type\":\"EntryPoint\",\"urlTemplate\":\"https:\/\/portaltela.pt\/?s={search_term_string}\"},\"query-input\":{\"@type\":\"PropertyValueSpecification\",\"valueRequired\":true,\"valueName\":\"search_term_string\"}}],\"inLanguage\":\"pt-PT\"},{\"@type\":\"Person\",\"@id\":\"https:\/\/portaltela.pt\/#\/schema\/person\/c4278d4a6028830caff9ee44b42d32ed\",\"name\":\"Telinha\",\"image\":{\"@type\":\"ImageObject\",\"inLanguage\":\"pt-PT\",\"@id\":\"https:\/\/portaltela.pt\/s.01k8rhncp4jt1\/2025\/11\/talking-bot-125x125.png\",\"url\":\"https:\/\/portaltela.pt\/s.01k8rhncp4jt1\/2025\/11\/talking-bot-125x125.png\",\"contentUrl\":\"https:\/\/portaltela.pt\/s.01k8rhncp4jt1\/2025\/11\/talking-bot-125x125.png\",\"caption\":\"Telinha\"},\"sameAs\":[\"https:\/\/portaltela.pt\/\"],\"url\":\"https:\/\/portaltela.pt\/por\/367410592786\/\"}]}<\/script>\n<!-- \/ Yoast SEO plugin. -->","yoast_head_json":{"title":"Pelo menos 15 mortos em colis\u00e3o entre barco da guarda costeira grega e embarca\u00e7\u00e3o de migrantes - Portal Tela Portugal","robots":{"index":"index","follow":"follow","max-snippet":"max-snippet:-1","max-image-preview":"max-image-preview:large","max-video-preview":"max-video-preview:-1"},"og_locale":"pt_PT","og_type":"article","og_title":"Pelo menos 15 mortos em colis\u00e3o entre barco da guarda costeira grega e embarca\u00e7\u00e3o de migrantes - Portal Tela Portugal","og_description":"Colis\u00e3o entre barco da guarda costeira grega e embarca\u00e7\u00e3o que transportava migrantes ocorreu na noite de ter\u00e7a-feira ao largo da costa da ilha de Chio, no Mar Egeu. Pelo menos quinze pessoas morreram. Vinte e quatro migrantes ficaram feridos, entre eles onze crian\u00e7as, e foram hospitalizados.","og_url":"https:\/\/portaltela.pt\/noticias\/2026\/02\/04\/pelo-menos-15-mortos-em-colisao-entre-barco-da-guarda-costeira-grega-e-embarcacao-de-migrantes\/","og_site_name":"Portal Tela Portugal","article_published_time":"2026-02-04T10:55:22+00:00","author":"Telinha","twitter_card":"summary_large_image","twitter_misc":{"Escrito por":"Telinha","Tempo estimado de leitura":"1 minuto"},"schema":{"@context":"https:\/\/schema.org","@graph":[{"@type":"Article","@id":"https:\/\/portaltela.pt\/noticias\/2026\/02\/04\/pelo-menos-15-mortos-em-colisao-entre-barco-da-guarda-costeira-grega-e-embarcacao-de-migrantes\/#article","isPartOf":{"@id":"https:\/\/portaltela.pt\/noticias\/2026\/02\/04\/pelo-menos-15-mortos-em-colisao-entre-barco-da-guarda-costeira-grega-e-embarcacao-de-migrantes\/"},"author":{"name":"Telinha","@id":"https:\/\/portaltela.pt\/#\/schema\/person\/c4278d4a6028830caff9ee44b42d32ed"},"headline":"Pelo menos 15 mortos em colis\u00e3o entre barco da guarda costeira grega e embarca\u00e7\u00e3o de migrantes","datePublished":"2026-02-04T10:55:22+00:00","mainEntityOfPage":{"@id":"https:\/\/portaltela.pt\/noticias\/2026\/02\/04\/pelo-menos-15-mortos-em-colisao-entre-barco-da-guarda-costeira-grega-e-embarcacao-de-migrantes\/"},"wordCount":165,"image":{"@id":"https:\/\/portaltela.pt\/noticias\/2026\/02\/04\/pelo-menos-15-mortos-em-colisao-entre-barco-da-guarda-costeira-grega-e-embarcacao-de-migrantes\/#primaryimage"},"thumbnailUrl":"https:\/\/portaltela.pt\/s.01k8rhncp4jt1\/2026\/02\/img_1280x722uu2026-02-04-10-46-26-2264637.jpg","keywords":["acidente mar\u00edtimo","Gr\u00e9cia","incidentes internacionais","migra\u00e7\u00e3o","migrantes","refugiados internos"],"articleSection":["Not\u00edcias"],"inLanguage":"pt-PT"},{"@type":"WebPage","@id":"https:\/\/portaltela.pt\/noticias\/2026\/02\/04\/pelo-menos-15-mortos-em-colisao-entre-barco-da-guarda-costeira-grega-e-embarcacao-de-migrantes\/","url":"https:\/\/portaltela.pt\/noticias\/2026\/02\/04\/pelo-menos-15-mortos-em-colisao-entre-barco-da-guarda-costeira-grega-e-embarcacao-de-migrantes\/","name":"Pelo menos 15 mortos em colis\u00e3o entre barco da guarda costeira grega e embarca\u00e7\u00e3o de migrantes - Portal Tela Portugal","isPartOf":{"@id":"https:\/\/portaltela.pt\/#website"},"primaryImageOfPage":{"@id":"https:\/\/portaltela.pt\/noticias\/2026\/02\/04\/pelo-menos-15-mortos-em-colisao-entre-barco-da-guarda-costeira-grega-e-embarcacao-de-migrantes\/#primaryimage"},"image":{"@id":"https:\/\/portaltela.pt\/noticias\/2026\/02\/04\/pelo-menos-15-mortos-em-colisao-entre-barco-da-guarda-costeira-grega-e-embarcacao-de-migrantes\/#primaryimage"},"thumbnailUrl":"https:\/\/portaltela.pt\/s.01k8rhncp4jt1\/2026\/02\/img_1280x722uu2026-02-04-10-46-26-2264637.jpg","datePublished":"2026-02-04T10:55:22+00:00","author":{"@id":"https:\/\/portaltela.pt\/#\/schema\/person\/c4278d4a6028830caff9ee44b42d32ed"},"breadcrumb":{"@id":"https:\/\/portaltela.pt\/noticias\/2026\/02\/04\/pelo-menos-15-mortos-em-colisao-entre-barco-da-guarda-costeira-grega-e-embarcacao-de-migrantes\/#breadcrumb"},"inLanguage":"pt-PT","potentialAction":[{"@type":"ReadAction","target":["https:\/\/portaltela.pt\/noticias\/2026\/02\/04\/pelo-menos-15-mortos-em-colisao-entre-barco-da-guarda-costeira-grega-e-embarcacao-de-migrantes\/"]}]},{"@type":"ImageObject","inLanguage":"pt-PT","@id":"https:\/\/portaltela.pt\/noticias\/2026\/02\/04\/pelo-menos-15-mortos-em-colisao-entre-barco-da-guarda-costeira-grega-e-embarcacao-de-migrantes\/#primaryimage","url":"https:\/\/portaltela.pt\/s.01k8rhncp4jt1\/2026\/02\/img_1280x722uu2026-02-04-10-46-26-2264637.jpg","contentUrl":"https:\/\/portaltela.pt\/s.01k8rhncp4jt1\/2026\/02\/img_1280x722uu2026-02-04-10-46-26-2264637.jpg","width":796,"height":448,"caption":"Imagem relacionada ao incidente de colis\u00e3o entre barco da guarda costeira grega e embarca\u00e7\u00e3o que transportava migrantes."},{"@type":"BreadcrumbList","@id":"https:\/\/portaltela.pt\/noticias\/2026\/02\/04\/pelo-menos-15-mortos-em-colisao-entre-barco-da-guarda-costeira-grega-e-embarcacao-de-migrantes\/#breadcrumb","itemListElement":[{"@type":"ListItem","position":1,"name":"In\u00edcio","item":"https:\/\/portaltela.pt\/"},{"@type":"ListItem","position":2,"name":"Pelo menos 15 mortos em colis\u00e3o entre barco da guarda costeira grega e embarca\u00e7\u00e3o de migrantes"}]},{"@type":"WebSite","@id":"https:\/\/portaltela.pt\/#website","url":"https:\/\/portaltela.pt\/","name":"Portal Tela Portugal","description":"","potentialAction":[{"@type":"SearchAction","target":{"@type":"EntryPoint","urlTemplate":"https:\/\/portaltela.pt\/?s={search_term_string}"},"query-input":{"@type":"PropertyValueSpecification","valueRequired":true,"valueName":"search_term_string"}}],"inLanguage":"pt-PT"},{"@type":"Person","@id":"https:\/\/portaltela.pt\/#\/schema\/person\/c4278d4a6028830caff9ee44b42d32ed","name":"Telinha","image":{"@type":"ImageObject","inLanguage":"pt-PT","@id":"https:\/\/portaltela.pt\/s.01k8rhncp4jt1\/2025\/11\/talking-bot-125x125.png","url":"https:\/\/portaltela.pt\/s.01k8rhncp4jt1\/2025\/11\/talking-bot-125x125.png","contentUrl":"https:\/\/portaltela.pt\/s.01k8rhncp4jt1\/2025\/11\/talking-bot-125x125.png","caption":"Telinha"},"sameAs":["https:\/\/portaltela.pt\/"],"url":"https:\/\/portaltela.pt\/por\/367410592786\/"}]}},"_links":{"self":[{"href":"https:\/\/portaltela.pt\/api\/wp\/v2\/posts\/196206","targetHints":{"allow":["GET"]}}],"collection":[{"href":"https:\/\/portaltela.pt\/api\/wp\/v2\/posts"}],"about":[{"href":"https:\/\/portaltela.pt\/api\/wp\/v2\/types\/post"}],"author":[{"embeddable":true,"href":"https:\/\/portaltela.pt\/api\/wp\/v2\/users\/2"}],"replies":[{"embeddable":true,"href":"https:\/\/portaltela.pt\/api\/wp\/v2\/comments?post=196206"}],"version-history":[{"count":0,"href":"https:\/\/portaltela.pt\/api\/wp\/v2\/posts\/196206\/revisions"}],"wp:featuredmedia":[{"embeddable":true,"href":"https:\/\/portaltela.pt\/api\/wp\/v2\/media\/196211"}],"wp:attachment":[{"href":"https:\/\/portaltela.pt\/api\/wp\/v2\/media?parent=196206"}],"wp:term":[{"taxonomy":"category","embeddable":true,"href":"https:\/\/portaltela.pt\/api\/wp\/v2\/categories?post=196206"},{"taxonomy":"post_tag","embeddable":true,"href":"https:\/\/portaltela.pt\/api\/wp\/v2\/tags?post=196206"}],"curies":[{"name":"wp","href":"https:\/\/api.w.org\/{rel}","templated":true}]}}