{"id":196188,"date":"2026-02-04T07:47:33","date_gmt":"2026-02-04T10:47:33","guid":{"rendered":"https:\/\/portaltela.pt\/noticias\/2026\/02\/04\/confraria-das-papas-de-s-miguel-leva-entrudo-a-mesa-em-s-roque-no-dia-7\/"},"modified":"2026-02-04T07:47:33","modified_gmt":"2026-02-04T10:47:33","slug":"confraria-das-papas-de-s-miguel-leva-entrudo-a-mesa-em-s-roque-no-dia-7","status":"publish","type":"post","link":"https:\/\/portaltela.pt\/noticias\/2026\/02\/04\/confraria-das-papas-de-s-miguel-leva-entrudo-a-mesa-em-s-roque-no-dia-7\/","title":{"rendered":"Confraria das Papas de S. Miguel leva Entrudo \u00e0 Mesa em S. Roque no dia 7"},"content":{"rendered":"<p>A Confraria das Papas de S. Miguel organiza, no pr\u00f3ximo dia 7, o evento &#8220;O Entrudo \u00e0 Mesa&#8221; na sede da confraria, em S\u00e3o Roque. A iniciativa oferece uma noite dedicada \u00e0 gastronomia tradicional, com anima\u00e7\u00e3o, num contexto de celebra\u00e7\u00e3o foli\u00e3o.<\/p>\n<p>O menu coloca as Papas de S. Miguel no centro, seguido de petiscos e dos &#8220;sabores da panela&#8221; com carnes \u00e0 portuguesa, arroz do forno, legumes e hortos.<\/p>\n<p>Entre as sobremesas est\u00e3o Sopa Seca, Creme Queimado, Aletria, Sericaia, Barriga de Confrade, ma\u00e7\u00e3 assada com vinho do Porto e mel, e p\u00earas b\u00eaadas. O evento tem pre\u00e7o de 25 Confrades e inclui anima\u00e7\u00e3o musical.<\/p>\n<p>Contactos para reservas: 917 620 317 | 965 248 319.<\/p>\n","protected":false},"excerpt":{"rendered":"<ul>\n<li>No pr\u00f3ximo dia sete, a Confraria das Papas de S. Miguel leva a iniciativa \u201cO Entrudo \u00e0 Mesa. \u201d<\/li>\n<li>Local: sede da Confraria, Rua da Ribeira Verde, S\u00e3o Roque.<\/li>\n<li>Card\u00e1pio principal: petiscos e Papas de S. Miguel, seguidos de carnes \u00e0 portuguesa com arroz do forno, legumes e hortos.<\/li>\n<li>Sobremesas dispon\u00edveis: Sopa Seca, Creme Queimado, Aletria, Sericaia, Barriga de Confrade, Ma\u00e7\u00e3 assada com vinho do Porto e mel, P\u00earas b\u00eabadas.<\/li>\n<li>Pre\u00e7o e contactos: valor de 25 Confrades; contactos 917 620 317 e 965 248 319; anima\u00e7\u00e3o musical.<\/li>\n<\/ul>\n","protected":false},"author":2,"featured_media":196200,"comment_status":"closed","ping_status":"closed","sticky":false,"template":"","format":"standard","meta":{"footnotes":""},"categories":[1],"tags":[778,4975,4919,219,1014,146],"class_list":["post-196188","post","type-post","status-publish","format-standard","has-post-thumbnail","hentry","category-noticias","tag-comida","tag-confrarias","tag-festas","tag-gastronomia","tag-portugal","tag-tradicoes"],"yoast_head":"<!-- This site is optimized with the Yoast SEO plugin v27.2 - https:\/\/yoast.com\/product\/yoast-seo-wordpress\/ -->\n<title>Confraria das Papas de S. Miguel leva Entrudo \u00e0 Mesa em S. Roque no dia 7 - Portal Tela Portugal<\/title>\n<meta name=\"robots\" content=\"index, follow, max-snippet:-1, max-image-preview:large, max-video-preview:-1\" \/>\n<meta property=\"og:locale\" content=\"pt_PT\" \/>\n<meta property=\"og:type\" content=\"article\" \/>\n<meta property=\"og:title\" content=\"Confraria das Papas de S. Miguel leva Entrudo \u00e0 Mesa em S. Roque no dia 7 - Portal Tela Portugal\" \/>\n<meta property=\"og:description\" content=\"No pr\u00f3ximo dia sete, a Confraria das Papas de S. Miguel leva a iniciativa \u201cO Entrudo \u00e0 Mesa. \u201d Local: sede da Confraria, Rua da Ribeira Verde, S\u00e3o Roque. Card\u00e1pio principal: petiscos e Papas de S. Miguel, seguidos de carnes \u00e0 portuguesa com arroz do forno, legumes e hortos. Sobremesas dispon\u00edveis: Sopa Seca, Creme Queimado, Aletria, Sericaia, Barriga de Confrade, Ma\u00e7\u00e3 assada com vinho do Porto e mel, P\u00earas b\u00eabadas. Pre\u00e7o e contactos: valor de 25 Confrades; contactos 917 620 317 e 965 248 319; anima\u00e7\u00e3o musical.\" \/>\n<meta property=\"og:url\" content=\"https:\/\/portaltela.pt\/noticias\/2026\/02\/04\/confraria-das-papas-de-s-miguel-leva-entrudo-a-mesa-em-s-roque-no-dia-7\/\" \/>\n<meta property=\"og:site_name\" content=\"Portal Tela Portugal\" \/>\n<meta property=\"article:published_time\" content=\"2026-02-04T10:47:33+00:00\" \/>\n<meta name=\"author\" content=\"Telinha\" \/>\n<meta name=\"twitter:card\" content=\"summary_large_image\" \/>\n<meta name=\"twitter:label1\" content=\"Escrito por\" \/>\n\t<meta name=\"twitter:data1\" content=\"Telinha\" \/>\n\t<meta name=\"twitter:label2\" content=\"Tempo estimado de leitura\" \/>\n\t<meta name=\"twitter:data2\" content=\"1 minuto\" \/>\n<script type=\"application\/ld+json\" class=\"yoast-schema-graph\">{\"@context\":\"https:\/\/schema.org\",\"@graph\":[{\"@type\":\"Article\",\"@id\":\"https:\/\/portaltela.pt\/noticias\/2026\/02\/04\/confraria-das-papas-de-s-miguel-leva-entrudo-a-mesa-em-s-roque-no-dia-7\/#article\",\"isPartOf\":{\"@id\":\"https:\/\/portaltela.pt\/noticias\/2026\/02\/04\/confraria-das-papas-de-s-miguel-leva-entrudo-a-mesa-em-s-roque-no-dia-7\/\"},\"author\":{\"name\":\"Telinha\",\"@id\":\"https:\/\/portaltela.pt\/#\/schema\/person\/c4278d4a6028830caff9ee44b42d32ed\"},\"headline\":\"Confraria das Papas de S. Miguel leva Entrudo \u00e0 Mesa em S. Roque no dia 7\",\"datePublished\":\"2026-02-04T10:47:33+00:00\",\"mainEntityOfPage\":{\"@id\":\"https:\/\/portaltela.pt\/noticias\/2026\/02\/04\/confraria-das-papas-de-s-miguel-leva-entrudo-a-mesa-em-s-roque-no-dia-7\/\"},\"wordCount\":126,\"image\":{\"@id\":\"https:\/\/portaltela.pt\/noticias\/2026\/02\/04\/confraria-das-papas-de-s-miguel-leva-entrudo-a-mesa-em-s-roque-no-dia-7\/#primaryimage\"},\"thumbnailUrl\":\"https:\/\/portaltela.pt\/s.01k8rhncp4jt1\/2026\/02\/unnamed-file-1159.jpg\",\"keywords\":[\"comida\",\"confrarias\",\"festas\",\"gastronomia\",\"Portugal\",\"tradi\u00e7\u00f5es\"],\"articleSection\":[\"Not\u00edcias\"],\"inLanguage\":\"pt-PT\"},{\"@type\":\"WebPage\",\"@id\":\"https:\/\/portaltela.pt\/noticias\/2026\/02\/04\/confraria-das-papas-de-s-miguel-leva-entrudo-a-mesa-em-s-roque-no-dia-7\/\",\"url\":\"https:\/\/portaltela.pt\/noticias\/2026\/02\/04\/confraria-das-papas-de-s-miguel-leva-entrudo-a-mesa-em-s-roque-no-dia-7\/\",\"name\":\"Confraria das Papas de S. Miguel leva Entrudo \u00e0 Mesa em S. Roque no dia 7 - Portal Tela Portugal\",\"isPartOf\":{\"@id\":\"https:\/\/portaltela.pt\/#website\"},\"primaryImageOfPage\":{\"@id\":\"https:\/\/portaltela.pt\/noticias\/2026\/02\/04\/confraria-das-papas-de-s-miguel-leva-entrudo-a-mesa-em-s-roque-no-dia-7\/#primaryimage\"},\"image\":{\"@id\":\"https:\/\/portaltela.pt\/noticias\/2026\/02\/04\/confraria-das-papas-de-s-miguel-leva-entrudo-a-mesa-em-s-roque-no-dia-7\/#primaryimage\"},\"thumbnailUrl\":\"https:\/\/portaltela.pt\/s.01k8rhncp4jt1\/2026\/02\/unnamed-file-1159.jpg\",\"datePublished\":\"2026-02-04T10:47:33+00:00\",\"author\":{\"@id\":\"https:\/\/portaltela.pt\/#\/schema\/person\/c4278d4a6028830caff9ee44b42d32ed\"},\"breadcrumb\":{\"@id\":\"https:\/\/portaltela.pt\/noticias\/2026\/02\/04\/confraria-das-papas-de-s-miguel-leva-entrudo-a-mesa-em-s-roque-no-dia-7\/#breadcrumb\"},\"inLanguage\":\"pt-PT\",\"potentialAction\":[{\"@type\":\"ReadAction\",\"target\":[\"https:\/\/portaltela.pt\/noticias\/2026\/02\/04\/confraria-das-papas-de-s-miguel-leva-entrudo-a-mesa-em-s-roque-no-dia-7\/\"]}]},{\"@type\":\"ImageObject\",\"inLanguage\":\"pt-PT\",\"@id\":\"https:\/\/portaltela.pt\/noticias\/2026\/02\/04\/confraria-das-papas-de-s-miguel-leva-entrudo-a-mesa-em-s-roque-no-dia-7\/#primaryimage\",\"url\":\"https:\/\/portaltela.pt\/s.01k8rhncp4jt1\/2026\/02\/unnamed-file-1159.jpg\",\"contentUrl\":\"https:\/\/portaltela.pt\/s.01k8rhncp4jt1\/2026\/02\/unnamed-file-1159.jpg\",\"width\":796,\"height\":448,\"caption\":\"S. Roque > Confraria das Papas de S. Miguel leva \u201cO Entrudo \u00e0 Mesa\u201d no pr\u00f3ximo dia 7\"},{\"@type\":\"BreadcrumbList\",\"@id\":\"https:\/\/portaltela.pt\/noticias\/2026\/02\/04\/confraria-das-papas-de-s-miguel-leva-entrudo-a-mesa-em-s-roque-no-dia-7\/#breadcrumb\",\"itemListElement\":[{\"@type\":\"ListItem\",\"position\":1,\"name\":\"In\u00edcio\",\"item\":\"https:\/\/portaltela.pt\/\"},{\"@type\":\"ListItem\",\"position\":2,\"name\":\"Confraria das Papas de S. Miguel leva Entrudo \u00e0 Mesa em S. Roque no dia 7\"}]},{\"@type\":\"WebSite\",\"@id\":\"https:\/\/portaltela.pt\/#website\",\"url\":\"https:\/\/portaltela.pt\/\",\"name\":\"Portal Tela Portugal\",\"description\":\"\",\"potentialAction\":[{\"@type\":\"SearchAction\",\"target\":{\"@type\":\"EntryPoint\",\"urlTemplate\":\"https:\/\/portaltela.pt\/?s={search_term_string}\"},\"query-input\":{\"@type\":\"PropertyValueSpecification\",\"valueRequired\":true,\"valueName\":\"search_term_string\"}}],\"inLanguage\":\"pt-PT\"},{\"@type\":\"Person\",\"@id\":\"https:\/\/portaltela.pt\/#\/schema\/person\/c4278d4a6028830caff9ee44b42d32ed\",\"name\":\"Telinha\",\"image\":{\"@type\":\"ImageObject\",\"inLanguage\":\"pt-PT\",\"@id\":\"https:\/\/portaltela.pt\/s.01k8rhncp4jt1\/2025\/11\/talking-bot-125x125.png\",\"url\":\"https:\/\/portaltela.pt\/s.01k8rhncp4jt1\/2025\/11\/talking-bot-125x125.png\",\"contentUrl\":\"https:\/\/portaltela.pt\/s.01k8rhncp4jt1\/2025\/11\/talking-bot-125x125.png\",\"caption\":\"Telinha\"},\"sameAs\":[\"https:\/\/portaltela.pt\/\"],\"url\":\"https:\/\/portaltela.pt\/por\/367410592786\/\"}]}<\/script>\n<!-- \/ Yoast SEO plugin. -->","yoast_head_json":{"title":"Confraria das Papas de S. Miguel leva Entrudo \u00e0 Mesa em S. Roque no dia 7 - Portal Tela Portugal","robots":{"index":"index","follow":"follow","max-snippet":"max-snippet:-1","max-image-preview":"max-image-preview:large","max-video-preview":"max-video-preview:-1"},"og_locale":"pt_PT","og_type":"article","og_title":"Confraria das Papas de S. Miguel leva Entrudo \u00e0 Mesa em S. Roque no dia 7 - Portal Tela Portugal","og_description":"No pr\u00f3ximo dia sete, a Confraria das Papas de S. Miguel leva a iniciativa \u201cO Entrudo \u00e0 Mesa. \u201d Local: sede da Confraria, Rua da Ribeira Verde, S\u00e3o Roque. Card\u00e1pio principal: petiscos e Papas de S. Miguel, seguidos de carnes \u00e0 portuguesa com arroz do forno, legumes e hortos. Sobremesas dispon\u00edveis: Sopa Seca, Creme Queimado, Aletria, Sericaia, Barriga de Confrade, Ma\u00e7\u00e3 assada com vinho do Porto e mel, P\u00earas b\u00eabadas. Pre\u00e7o e contactos: valor de 25 Confrades; contactos 917 620 317 e 965 248 319; anima\u00e7\u00e3o musical.","og_url":"https:\/\/portaltela.pt\/noticias\/2026\/02\/04\/confraria-das-papas-de-s-miguel-leva-entrudo-a-mesa-em-s-roque-no-dia-7\/","og_site_name":"Portal Tela Portugal","article_published_time":"2026-02-04T10:47:33+00:00","author":"Telinha","twitter_card":"summary_large_image","twitter_misc":{"Escrito por":"Telinha","Tempo estimado de leitura":"1 minuto"},"schema":{"@context":"https:\/\/schema.org","@graph":[{"@type":"Article","@id":"https:\/\/portaltela.pt\/noticias\/2026\/02\/04\/confraria-das-papas-de-s-miguel-leva-entrudo-a-mesa-em-s-roque-no-dia-7\/#article","isPartOf":{"@id":"https:\/\/portaltela.pt\/noticias\/2026\/02\/04\/confraria-das-papas-de-s-miguel-leva-entrudo-a-mesa-em-s-roque-no-dia-7\/"},"author":{"name":"Telinha","@id":"https:\/\/portaltela.pt\/#\/schema\/person\/c4278d4a6028830caff9ee44b42d32ed"},"headline":"Confraria das Papas de S. Miguel leva Entrudo \u00e0 Mesa em S. Roque no dia 7","datePublished":"2026-02-04T10:47:33+00:00","mainEntityOfPage":{"@id":"https:\/\/portaltela.pt\/noticias\/2026\/02\/04\/confraria-das-papas-de-s-miguel-leva-entrudo-a-mesa-em-s-roque-no-dia-7\/"},"wordCount":126,"image":{"@id":"https:\/\/portaltela.pt\/noticias\/2026\/02\/04\/confraria-das-papas-de-s-miguel-leva-entrudo-a-mesa-em-s-roque-no-dia-7\/#primaryimage"},"thumbnailUrl":"https:\/\/portaltela.pt\/s.01k8rhncp4jt1\/2026\/02\/unnamed-file-1159.jpg","keywords":["comida","confrarias","festas","gastronomia","Portugal","tradi\u00e7\u00f5es"],"articleSection":["Not\u00edcias"],"inLanguage":"pt-PT"},{"@type":"WebPage","@id":"https:\/\/portaltela.pt\/noticias\/2026\/02\/04\/confraria-das-papas-de-s-miguel-leva-entrudo-a-mesa-em-s-roque-no-dia-7\/","url":"https:\/\/portaltela.pt\/noticias\/2026\/02\/04\/confraria-das-papas-de-s-miguel-leva-entrudo-a-mesa-em-s-roque-no-dia-7\/","name":"Confraria das Papas de S. Miguel leva Entrudo \u00e0 Mesa em S. Roque no dia 7 - Portal Tela Portugal","isPartOf":{"@id":"https:\/\/portaltela.pt\/#website"},"primaryImageOfPage":{"@id":"https:\/\/portaltela.pt\/noticias\/2026\/02\/04\/confraria-das-papas-de-s-miguel-leva-entrudo-a-mesa-em-s-roque-no-dia-7\/#primaryimage"},"image":{"@id":"https:\/\/portaltela.pt\/noticias\/2026\/02\/04\/confraria-das-papas-de-s-miguel-leva-entrudo-a-mesa-em-s-roque-no-dia-7\/#primaryimage"},"thumbnailUrl":"https:\/\/portaltela.pt\/s.01k8rhncp4jt1\/2026\/02\/unnamed-file-1159.jpg","datePublished":"2026-02-04T10:47:33+00:00","author":{"@id":"https:\/\/portaltela.pt\/#\/schema\/person\/c4278d4a6028830caff9ee44b42d32ed"},"breadcrumb":{"@id":"https:\/\/portaltela.pt\/noticias\/2026\/02\/04\/confraria-das-papas-de-s-miguel-leva-entrudo-a-mesa-em-s-roque-no-dia-7\/#breadcrumb"},"inLanguage":"pt-PT","potentialAction":[{"@type":"ReadAction","target":["https:\/\/portaltela.pt\/noticias\/2026\/02\/04\/confraria-das-papas-de-s-miguel-leva-entrudo-a-mesa-em-s-roque-no-dia-7\/"]}]},{"@type":"ImageObject","inLanguage":"pt-PT","@id":"https:\/\/portaltela.pt\/noticias\/2026\/02\/04\/confraria-das-papas-de-s-miguel-leva-entrudo-a-mesa-em-s-roque-no-dia-7\/#primaryimage","url":"https:\/\/portaltela.pt\/s.01k8rhncp4jt1\/2026\/02\/unnamed-file-1159.jpg","contentUrl":"https:\/\/portaltela.pt\/s.01k8rhncp4jt1\/2026\/02\/unnamed-file-1159.jpg","width":796,"height":448,"caption":"S. Roque > Confraria das Papas de S. Miguel leva \u201cO Entrudo \u00e0 Mesa\u201d no pr\u00f3ximo dia 7"},{"@type":"BreadcrumbList","@id":"https:\/\/portaltela.pt\/noticias\/2026\/02\/04\/confraria-das-papas-de-s-miguel-leva-entrudo-a-mesa-em-s-roque-no-dia-7\/#breadcrumb","itemListElement":[{"@type":"ListItem","position":1,"name":"In\u00edcio","item":"https:\/\/portaltela.pt\/"},{"@type":"ListItem","position":2,"name":"Confraria das Papas de S. Miguel leva Entrudo \u00e0 Mesa em S. Roque no dia 7"}]},{"@type":"WebSite","@id":"https:\/\/portaltela.pt\/#website","url":"https:\/\/portaltela.pt\/","name":"Portal Tela Portugal","description":"","potentialAction":[{"@type":"SearchAction","target":{"@type":"EntryPoint","urlTemplate":"https:\/\/portaltela.pt\/?s={search_term_string}"},"query-input":{"@type":"PropertyValueSpecification","valueRequired":true,"valueName":"search_term_string"}}],"inLanguage":"pt-PT"},{"@type":"Person","@id":"https:\/\/portaltela.pt\/#\/schema\/person\/c4278d4a6028830caff9ee44b42d32ed","name":"Telinha","image":{"@type":"ImageObject","inLanguage":"pt-PT","@id":"https:\/\/portaltela.pt\/s.01k8rhncp4jt1\/2025\/11\/talking-bot-125x125.png","url":"https:\/\/portaltela.pt\/s.01k8rhncp4jt1\/2025\/11\/talking-bot-125x125.png","contentUrl":"https:\/\/portaltela.pt\/s.01k8rhncp4jt1\/2025\/11\/talking-bot-125x125.png","caption":"Telinha"},"sameAs":["https:\/\/portaltela.pt\/"],"url":"https:\/\/portaltela.pt\/por\/367410592786\/"}]}},"_links":{"self":[{"href":"https:\/\/portaltela.pt\/api\/wp\/v2\/posts\/196188","targetHints":{"allow":["GET"]}}],"collection":[{"href":"https:\/\/portaltela.pt\/api\/wp\/v2\/posts"}],"about":[{"href":"https:\/\/portaltela.pt\/api\/wp\/v2\/types\/post"}],"author":[{"embeddable":true,"href":"https:\/\/portaltela.pt\/api\/wp\/v2\/users\/2"}],"replies":[{"embeddable":true,"href":"https:\/\/portaltela.pt\/api\/wp\/v2\/comments?post=196188"}],"version-history":[{"count":0,"href":"https:\/\/portaltela.pt\/api\/wp\/v2\/posts\/196188\/revisions"}],"wp:featuredmedia":[{"embeddable":true,"href":"https:\/\/portaltela.pt\/api\/wp\/v2\/media\/196200"}],"wp:attachment":[{"href":"https:\/\/portaltela.pt\/api\/wp\/v2\/media?parent=196188"}],"wp:term":[{"taxonomy":"category","embeddable":true,"href":"https:\/\/portaltela.pt\/api\/wp\/v2\/categories?post=196188"},{"taxonomy":"post_tag","embeddable":true,"href":"https:\/\/portaltela.pt\/api\/wp\/v2\/tags?post=196188"}],"curies":[{"name":"wp","href":"https:\/\/api.w.org\/{rel}","templated":true}]}}