{"id":196163,"date":"2026-02-04T07:19:36","date_gmt":"2026-02-04T10:19:36","guid":{"rendered":"https:\/\/portaltela.pt\/noticias\/2026\/02\/04\/melinda-gates-recorda-memorias-dolorosas-apos-ligacoes-de-gates-a-epstein\/"},"modified":"2026-02-04T07:19:36","modified_gmt":"2026-02-04T10:19:36","slug":"melinda-gates-recorda-memorias-dolorosas-apos-ligacoes-de-gates-a-epstein","status":"publish","type":"post","link":"https:\/\/portaltela.pt\/noticias\/internacional\/2026\/02\/04\/melinda-gates-recorda-memorias-dolorosas-apos-ligacoes-de-gates-a-epstein\/","title":{"rendered":"Melinda Gates recorda mem\u00f3rias dolorosas ap\u00f3s liga\u00e7\u00f5es de Gates a Epstein"},"content":{"rendered":"<p>Melinda French Gates afirmou que Bill Gates deve prestar explica\u00e7\u00f5es sobre alega\u00e7\u00f5es surgidas nos documentos ligados a Jeffrey Epstein, divulgados pelo Departamento de Justi\u00e7a dos EUA. A observa\u00e7\u00e3o foi feita durante o podcast Wild Card da NPR.<\/p>\n<p>A cientista disse que as revela\u00e7\u00f5es reacendem mem\u00f3rias dolorosas do seu casamento. Ela destacou que as d\u00favidas presentes nos documentos n\u00e3o a dizem respeito diretamente e que as perguntas dizem respeito aos envolvidos.<\/p>\n<p>Bill Gates \u00e9 um dos nomes mencionados nas cerca de tr\u00eas milh\u00f5es de p\u00e1ginas de comunica\u00e7\u00f5es de Epstein tornadas p\u00fablicas pelo DOJ. O porta-voz do fundador da Microsoft qualificou as acusa\u00e7\u00f5es de falsas e indicou que os documentos refletem apenas frustra\u00e7\u00e3o de Epstein.<\/p>\n<p>Entre os emails, Epstein afirma que Gates pediu ajuda para marcar encontros com mulheres casadas e para obter medicamentos para tratar uma infe\u00e7\u00e3o sexualmente transmiss\u00edvel, alegadamente contra\u00edda com mulheres russas. O texto tamb\u00e9m aponta que o empres\u00e1rio pretendia entregar os f\u00e1rmacos \u00e0 esposa sem o conhecimento dela.<\/p>\n<p>Num outro email, Epstein acusou Gates de solicitar a elimina\u00e7\u00e3o de mensagens relacionadas com o tema. Na NPR, Melinda French Gates descreveu a publica\u00e7\u00e3o como trazendo \u201ctristeza indescrit\u00edvel\u201d e recorda\u00e7\u00f5es do seu casamento.<\/p>\n<p>Ela disse ainda ter conseguido seguir em frente com a sua vida, e expressou o desejo de que haja justi\u00e7a para as jovens envolvidas. Melinda sublinhou que as perguntas devem ser respondidas pelas pessoas mencionadas, incluindo o ex-marido.<\/p>\n<p>A entrevista \u00e0 NPR tem vers\u00e3o completa a ser divulgada nos pr\u00f3ximos dias. Concluiu que o caso refor\u00e7a, para si, a necessidade de esclarecer fatos e responsabilizar quem for pertinente, sem retirar o foco das v\u00edtimas.<\/p>\n","protected":false},"excerpt":{"rendered":"<ul>\n<li>Melinda French Gates disse que Bill Gates deve explicar as alega\u00e7\u00f5es surgidas nos documentos recentemente divulgados sobre Jeffrey Epstein.<\/li>\n<li>O Departamento de Justi\u00e7a dos Estados Unidos tornou p\u00fablicas cerca de tr\u00eas milh\u00f5es de p\u00e1ginas de comunica\u00e7\u00f5es de Epstein.<\/li>\n<li>Um porta-voz de Bill Gates rejeitou as acusa\u00e7\u00f5es, qualificando-as como absurdeas e falsas, e disse que os documentos mostram apenas a frustra\u00e7\u00e3o de Epstein por n\u00e3o manter uma rela\u00e7\u00e3o pr\u00f3xima com Gates.<\/li>\n<li>Entre os emails, Epstein afirma que Gates pediu ajuda para marcar encontros com mulheres casadas e para obter medicamentos para uma infe\u00e7\u00e3o sexualmente transmiss\u00edvel, alegadamente para a esposa sem o seu conhecimento; h\u00e1 ainda alega\u00e7\u00f5es de pedidos para apagar mensagens.<\/li>\n<li>Melinda classificou as revela\u00e7\u00f5es como uma \u201ctristeza indescrit\u00edvel\u201d que a fez recordar o casamento, dizendo que espera justi\u00e7a para as raparigas e que a entrevista integral \u00e0 NPR ser\u00e1 divulgada nos pr\u00f3ximos dias.<\/li>\n<\/ul>\n","protected":false},"author":2,"featured_media":196171,"comment_status":"closed","ping_status":"closed","sticky":false,"template":"","format":"standard","meta":{"footnotes":""},"categories":[4,1],"tags":[4962,147,3990,2221,195,250],"class_list":["post-196163","post","type-post","status-publish","format-standard","has-post-thumbnail","hentry","category-internacional","category-noticias","tag-bill-gates","tag-crime","tag-crimes-sexuais","tag-exploracao-de-menores-dependente-ou-em-situacao-vulneravel","tag-informacao","tag-seguranca-publica"],"yoast_head":"<!-- This site is optimized with the Yoast SEO plugin v27.2 - https:\/\/yoast.com\/product\/yoast-seo-wordpress\/ -->\n<title>Melinda Gates recorda mem\u00f3rias dolorosas ap\u00f3s liga\u00e7\u00f5es de Gates a Epstein - Portal Tela Portugal<\/title>\n<meta name=\"robots\" content=\"index, follow, max-snippet:-1, max-image-preview:large, max-video-preview:-1\" \/>\n<meta property=\"og:locale\" content=\"pt_PT\" \/>\n<meta property=\"og:type\" content=\"article\" \/>\n<meta property=\"og:title\" content=\"Melinda Gates recorda mem\u00f3rias dolorosas ap\u00f3s liga\u00e7\u00f5es de Gates a Epstein - Portal Tela Portugal\" \/>\n<meta property=\"og:description\" content=\"Melinda French Gates disse que Bill Gates deve explicar as alega\u00e7\u00f5es surgidas nos documentos recentemente divulgados sobre Jeffrey Epstein. O Departamento de Justi\u00e7a dos Estados Unidos tornou p\u00fablicas cerca de tr\u00eas milh\u00f5es de p\u00e1ginas de comunica\u00e7\u00f5es de Epstein. Um porta-voz de Bill Gates rejeitou as acusa\u00e7\u00f5es, qualificando-as como absurdeas e falsas, e disse que os documentos mostram apenas a frustra\u00e7\u00e3o de Epstein por n\u00e3o manter uma rela\u00e7\u00e3o pr\u00f3xima com Gates. Entre os emails, Epstein afirma que Gates pediu ajuda para marcar encontros com mulheres casadas e para obter medicamentos para uma infe\u00e7\u00e3o sexualmente transmiss\u00edvel, alegadamente para a esposa sem o seu conhecimento; h\u00e1 ainda alega\u00e7\u00f5es de pedidos para apagar mensagens. Melinda classificou as revela\u00e7\u00f5es como uma \u201ctristeza indescrit\u00edvel\u201d que a fez recordar o casamento, dizendo que espera justi\u00e7a para as raparigas e que a entrevista integral \u00e0 NPR ser\u00e1 divulgada nos pr\u00f3ximos dias.\" \/>\n<meta property=\"og:url\" content=\"https:\/\/portaltela.pt\/noticias\/2026\/02\/04\/melinda-gates-recorda-memorias-dolorosas-apos-ligacoes-de-gates-a-epstein\/\" \/>\n<meta property=\"og:site_name\" content=\"Portal Tela Portugal\" \/>\n<meta property=\"article:published_time\" content=\"2026-02-04T10:19:36+00:00\" \/>\n<meta name=\"author\" content=\"Telinha\" \/>\n<meta name=\"twitter:card\" content=\"summary_large_image\" \/>\n<meta name=\"twitter:label1\" content=\"Escrito por\" \/>\n\t<meta name=\"twitter:data1\" content=\"Telinha\" \/>\n\t<meta name=\"twitter:label2\" content=\"Tempo estimado de leitura\" \/>\n\t<meta name=\"twitter:data2\" content=\"1 minuto\" \/>\n<script type=\"application\/ld+json\" class=\"yoast-schema-graph\">{\"@context\":\"https:\/\/schema.org\",\"@graph\":[{\"@type\":\"Article\",\"@id\":\"https:\/\/portaltela.pt\/noticias\/2026\/02\/04\/melinda-gates-recorda-memorias-dolorosas-apos-ligacoes-de-gates-a-epstein\/#article\",\"isPartOf\":{\"@id\":\"https:\/\/portaltela.pt\/noticias\/2026\/02\/04\/melinda-gates-recorda-memorias-dolorosas-apos-ligacoes-de-gates-a-epstein\/\"},\"author\":{\"name\":\"Telinha\",\"@id\":\"https:\/\/portaltela.pt\/#\/schema\/person\/c4278d4a6028830caff9ee44b42d32ed\"},\"headline\":\"Melinda Gates recorda mem\u00f3rias dolorosas ap\u00f3s liga\u00e7\u00f5es de Gates a Epstein\",\"datePublished\":\"2026-02-04T10:19:36+00:00\",\"mainEntityOfPage\":{\"@id\":\"https:\/\/portaltela.pt\/noticias\/2026\/02\/04\/melinda-gates-recorda-memorias-dolorosas-apos-ligacoes-de-gates-a-epstein\/\"},\"wordCount\":308,\"image\":{\"@id\":\"https:\/\/portaltela.pt\/noticias\/2026\/02\/04\/melinda-gates-recorda-memorias-dolorosas-apos-ligacoes-de-gates-a-epstein\/#primaryimage\"},\"thumbnailUrl\":\"https:\/\/portaltela.pt\/s.01k8rhncp4jt1\/2026\/02\/unnamed-file-1155.jpg\",\"keywords\":[\"Bill Gates\",\"crime\",\"crimes sexuais\",\"explora\u00e7\u00e3o de menores dependente ou em situa\u00e7\u00e3o vulner\u00e1vel\",\"informa\u00e7\u00e3o\",\"seguran\u00e7a p\u00fablica\"],\"articleSection\":[\"Internacional\",\"Not\u00edcias\"],\"inLanguage\":\"pt-PT\"},{\"@type\":\"WebPage\",\"@id\":\"https:\/\/portaltela.pt\/noticias\/2026\/02\/04\/melinda-gates-recorda-memorias-dolorosas-apos-ligacoes-de-gates-a-epstein\/\",\"url\":\"https:\/\/portaltela.pt\/noticias\/2026\/02\/04\/melinda-gates-recorda-memorias-dolorosas-apos-ligacoes-de-gates-a-epstein\/\",\"name\":\"Melinda Gates recorda mem\u00f3rias dolorosas ap\u00f3s liga\u00e7\u00f5es de Gates a Epstein - Portal Tela Portugal\",\"isPartOf\":{\"@id\":\"https:\/\/portaltela.pt\/#website\"},\"primaryImageOfPage\":{\"@id\":\"https:\/\/portaltela.pt\/noticias\/2026\/02\/04\/melinda-gates-recorda-memorias-dolorosas-apos-ligacoes-de-gates-a-epstein\/#primaryimage\"},\"image\":{\"@id\":\"https:\/\/portaltela.pt\/noticias\/2026\/02\/04\/melinda-gates-recorda-memorias-dolorosas-apos-ligacoes-de-gates-a-epstein\/#primaryimage\"},\"thumbnailUrl\":\"https:\/\/portaltela.pt\/s.01k8rhncp4jt1\/2026\/02\/unnamed-file-1155.jpg\",\"datePublished\":\"2026-02-04T10:19:36+00:00\",\"author\":{\"@id\":\"https:\/\/portaltela.pt\/#\/schema\/person\/c4278d4a6028830caff9ee44b42d32ed\"},\"breadcrumb\":{\"@id\":\"https:\/\/portaltela.pt\/noticias\/2026\/02\/04\/melinda-gates-recorda-memorias-dolorosas-apos-ligacoes-de-gates-a-epstein\/#breadcrumb\"},\"inLanguage\":\"pt-PT\",\"potentialAction\":[{\"@type\":\"ReadAction\",\"target\":[\"https:\/\/portaltela.pt\/noticias\/2026\/02\/04\/melinda-gates-recorda-memorias-dolorosas-apos-ligacoes-de-gates-a-epstein\/\"]}]},{\"@type\":\"ImageObject\",\"inLanguage\":\"pt-PT\",\"@id\":\"https:\/\/portaltela.pt\/noticias\/2026\/02\/04\/melinda-gates-recorda-memorias-dolorosas-apos-ligacoes-de-gates-a-epstein\/#primaryimage\",\"url\":\"https:\/\/portaltela.pt\/s.01k8rhncp4jt1\/2026\/02\/unnamed-file-1155.jpg\",\"contentUrl\":\"https:\/\/portaltela.pt\/s.01k8rhncp4jt1\/2026\/02\/unnamed-file-1155.jpg\",\"width\":796,\"height\":448,\"caption\":\"Melinda French Gates recorda \u201cmem\u00f3rias dolorosas\u201d ap\u00f3s liga\u00e7\u00f5es de Bill Gates aos ficheiros Epstein\"},{\"@type\":\"BreadcrumbList\",\"@id\":\"https:\/\/portaltela.pt\/noticias\/2026\/02\/04\/melinda-gates-recorda-memorias-dolorosas-apos-ligacoes-de-gates-a-epstein\/#breadcrumb\",\"itemListElement\":[{\"@type\":\"ListItem\",\"position\":1,\"name\":\"In\u00edcio\",\"item\":\"https:\/\/portaltela.pt\/\"},{\"@type\":\"ListItem\",\"position\":2,\"name\":\"Melinda Gates recorda mem\u00f3rias dolorosas ap\u00f3s liga\u00e7\u00f5es de Gates a Epstein\"}]},{\"@type\":\"WebSite\",\"@id\":\"https:\/\/portaltela.pt\/#website\",\"url\":\"https:\/\/portaltela.pt\/\",\"name\":\"Portal Tela Portugal\",\"description\":\"\",\"potentialAction\":[{\"@type\":\"SearchAction\",\"target\":{\"@type\":\"EntryPoint\",\"urlTemplate\":\"https:\/\/portaltela.pt\/?s={search_term_string}\"},\"query-input\":{\"@type\":\"PropertyValueSpecification\",\"valueRequired\":true,\"valueName\":\"search_term_string\"}}],\"inLanguage\":\"pt-PT\"},{\"@type\":\"Person\",\"@id\":\"https:\/\/portaltela.pt\/#\/schema\/person\/c4278d4a6028830caff9ee44b42d32ed\",\"name\":\"Telinha\",\"image\":{\"@type\":\"ImageObject\",\"inLanguage\":\"pt-PT\",\"@id\":\"https:\/\/portaltela.pt\/s.01k8rhncp4jt1\/2025\/11\/talking-bot-125x125.png\",\"url\":\"https:\/\/portaltela.pt\/s.01k8rhncp4jt1\/2025\/11\/talking-bot-125x125.png\",\"contentUrl\":\"https:\/\/portaltela.pt\/s.01k8rhncp4jt1\/2025\/11\/talking-bot-125x125.png\",\"caption\":\"Telinha\"},\"sameAs\":[\"https:\/\/portaltela.pt\/\"],\"url\":\"https:\/\/portaltela.pt\/por\/367410592786\/\"}]}<\/script>\n<!-- \/ Yoast SEO plugin. -->","yoast_head_json":{"title":"Melinda Gates recorda mem\u00f3rias dolorosas ap\u00f3s liga\u00e7\u00f5es de Gates a Epstein - Portal Tela Portugal","robots":{"index":"index","follow":"follow","max-snippet":"max-snippet:-1","max-image-preview":"max-image-preview:large","max-video-preview":"max-video-preview:-1"},"og_locale":"pt_PT","og_type":"article","og_title":"Melinda Gates recorda mem\u00f3rias dolorosas ap\u00f3s liga\u00e7\u00f5es de Gates a Epstein - Portal Tela Portugal","og_description":"Melinda French Gates disse que Bill Gates deve explicar as alega\u00e7\u00f5es surgidas nos documentos recentemente divulgados sobre Jeffrey Epstein. O Departamento de Justi\u00e7a dos Estados Unidos tornou p\u00fablicas cerca de tr\u00eas milh\u00f5es de p\u00e1ginas de comunica\u00e7\u00f5es de Epstein. Um porta-voz de Bill Gates rejeitou as acusa\u00e7\u00f5es, qualificando-as como absurdeas e falsas, e disse que os documentos mostram apenas a frustra\u00e7\u00e3o de Epstein por n\u00e3o manter uma rela\u00e7\u00e3o pr\u00f3xima com Gates. Entre os emails, Epstein afirma que Gates pediu ajuda para marcar encontros com mulheres casadas e para obter medicamentos para uma infe\u00e7\u00e3o sexualmente transmiss\u00edvel, alegadamente para a esposa sem o seu conhecimento; h\u00e1 ainda alega\u00e7\u00f5es de pedidos para apagar mensagens. Melinda classificou as revela\u00e7\u00f5es como uma \u201ctristeza indescrit\u00edvel\u201d que a fez recordar o casamento, dizendo que espera justi\u00e7a para as raparigas e que a entrevista integral \u00e0 NPR ser\u00e1 divulgada nos pr\u00f3ximos dias.","og_url":"https:\/\/portaltela.pt\/noticias\/2026\/02\/04\/melinda-gates-recorda-memorias-dolorosas-apos-ligacoes-de-gates-a-epstein\/","og_site_name":"Portal Tela Portugal","article_published_time":"2026-02-04T10:19:36+00:00","author":"Telinha","twitter_card":"summary_large_image","twitter_misc":{"Escrito por":"Telinha","Tempo estimado de leitura":"1 minuto"},"schema":{"@context":"https:\/\/schema.org","@graph":[{"@type":"Article","@id":"https:\/\/portaltela.pt\/noticias\/2026\/02\/04\/melinda-gates-recorda-memorias-dolorosas-apos-ligacoes-de-gates-a-epstein\/#article","isPartOf":{"@id":"https:\/\/portaltela.pt\/noticias\/2026\/02\/04\/melinda-gates-recorda-memorias-dolorosas-apos-ligacoes-de-gates-a-epstein\/"},"author":{"name":"Telinha","@id":"https:\/\/portaltela.pt\/#\/schema\/person\/c4278d4a6028830caff9ee44b42d32ed"},"headline":"Melinda Gates recorda mem\u00f3rias dolorosas ap\u00f3s liga\u00e7\u00f5es de Gates a Epstein","datePublished":"2026-02-04T10:19:36+00:00","mainEntityOfPage":{"@id":"https:\/\/portaltela.pt\/noticias\/2026\/02\/04\/melinda-gates-recorda-memorias-dolorosas-apos-ligacoes-de-gates-a-epstein\/"},"wordCount":308,"image":{"@id":"https:\/\/portaltela.pt\/noticias\/2026\/02\/04\/melinda-gates-recorda-memorias-dolorosas-apos-ligacoes-de-gates-a-epstein\/#primaryimage"},"thumbnailUrl":"https:\/\/portaltela.pt\/s.01k8rhncp4jt1\/2026\/02\/unnamed-file-1155.jpg","keywords":["Bill Gates","crime","crimes sexuais","explora\u00e7\u00e3o de menores dependente ou em situa\u00e7\u00e3o vulner\u00e1vel","informa\u00e7\u00e3o","seguran\u00e7a p\u00fablica"],"articleSection":["Internacional","Not\u00edcias"],"inLanguage":"pt-PT"},{"@type":"WebPage","@id":"https:\/\/portaltela.pt\/noticias\/2026\/02\/04\/melinda-gates-recorda-memorias-dolorosas-apos-ligacoes-de-gates-a-epstein\/","url":"https:\/\/portaltela.pt\/noticias\/2026\/02\/04\/melinda-gates-recorda-memorias-dolorosas-apos-ligacoes-de-gates-a-epstein\/","name":"Melinda Gates recorda mem\u00f3rias dolorosas ap\u00f3s liga\u00e7\u00f5es de Gates a Epstein - Portal Tela Portugal","isPartOf":{"@id":"https:\/\/portaltela.pt\/#website"},"primaryImageOfPage":{"@id":"https:\/\/portaltela.pt\/noticias\/2026\/02\/04\/melinda-gates-recorda-memorias-dolorosas-apos-ligacoes-de-gates-a-epstein\/#primaryimage"},"image":{"@id":"https:\/\/portaltela.pt\/noticias\/2026\/02\/04\/melinda-gates-recorda-memorias-dolorosas-apos-ligacoes-de-gates-a-epstein\/#primaryimage"},"thumbnailUrl":"https:\/\/portaltela.pt\/s.01k8rhncp4jt1\/2026\/02\/unnamed-file-1155.jpg","datePublished":"2026-02-04T10:19:36+00:00","author":{"@id":"https:\/\/portaltela.pt\/#\/schema\/person\/c4278d4a6028830caff9ee44b42d32ed"},"breadcrumb":{"@id":"https:\/\/portaltela.pt\/noticias\/2026\/02\/04\/melinda-gates-recorda-memorias-dolorosas-apos-ligacoes-de-gates-a-epstein\/#breadcrumb"},"inLanguage":"pt-PT","potentialAction":[{"@type":"ReadAction","target":["https:\/\/portaltela.pt\/noticias\/2026\/02\/04\/melinda-gates-recorda-memorias-dolorosas-apos-ligacoes-de-gates-a-epstein\/"]}]},{"@type":"ImageObject","inLanguage":"pt-PT","@id":"https:\/\/portaltela.pt\/noticias\/2026\/02\/04\/melinda-gates-recorda-memorias-dolorosas-apos-ligacoes-de-gates-a-epstein\/#primaryimage","url":"https:\/\/portaltela.pt\/s.01k8rhncp4jt1\/2026\/02\/unnamed-file-1155.jpg","contentUrl":"https:\/\/portaltela.pt\/s.01k8rhncp4jt1\/2026\/02\/unnamed-file-1155.jpg","width":796,"height":448,"caption":"Melinda French Gates recorda \u201cmem\u00f3rias dolorosas\u201d ap\u00f3s liga\u00e7\u00f5es de Bill Gates aos ficheiros Epstein"},{"@type":"BreadcrumbList","@id":"https:\/\/portaltela.pt\/noticias\/2026\/02\/04\/melinda-gates-recorda-memorias-dolorosas-apos-ligacoes-de-gates-a-epstein\/#breadcrumb","itemListElement":[{"@type":"ListItem","position":1,"name":"In\u00edcio","item":"https:\/\/portaltela.pt\/"},{"@type":"ListItem","position":2,"name":"Melinda Gates recorda mem\u00f3rias dolorosas ap\u00f3s liga\u00e7\u00f5es de Gates a Epstein"}]},{"@type":"WebSite","@id":"https:\/\/portaltela.pt\/#website","url":"https:\/\/portaltela.pt\/","name":"Portal Tela Portugal","description":"","potentialAction":[{"@type":"SearchAction","target":{"@type":"EntryPoint","urlTemplate":"https:\/\/portaltela.pt\/?s={search_term_string}"},"query-input":{"@type":"PropertyValueSpecification","valueRequired":true,"valueName":"search_term_string"}}],"inLanguage":"pt-PT"},{"@type":"Person","@id":"https:\/\/portaltela.pt\/#\/schema\/person\/c4278d4a6028830caff9ee44b42d32ed","name":"Telinha","image":{"@type":"ImageObject","inLanguage":"pt-PT","@id":"https:\/\/portaltela.pt\/s.01k8rhncp4jt1\/2025\/11\/talking-bot-125x125.png","url":"https:\/\/portaltela.pt\/s.01k8rhncp4jt1\/2025\/11\/talking-bot-125x125.png","contentUrl":"https:\/\/portaltela.pt\/s.01k8rhncp4jt1\/2025\/11\/talking-bot-125x125.png","caption":"Telinha"},"sameAs":["https:\/\/portaltela.pt\/"],"url":"https:\/\/portaltela.pt\/por\/367410592786\/"}]}},"_links":{"self":[{"href":"https:\/\/portaltela.pt\/api\/wp\/v2\/posts\/196163","targetHints":{"allow":["GET"]}}],"collection":[{"href":"https:\/\/portaltela.pt\/api\/wp\/v2\/posts"}],"about":[{"href":"https:\/\/portaltela.pt\/api\/wp\/v2\/types\/post"}],"author":[{"embeddable":true,"href":"https:\/\/portaltela.pt\/api\/wp\/v2\/users\/2"}],"replies":[{"embeddable":true,"href":"https:\/\/portaltela.pt\/api\/wp\/v2\/comments?post=196163"}],"version-history":[{"count":0,"href":"https:\/\/portaltela.pt\/api\/wp\/v2\/posts\/196163\/revisions"}],"wp:featuredmedia":[{"embeddable":true,"href":"https:\/\/portaltela.pt\/api\/wp\/v2\/media\/196171"}],"wp:attachment":[{"href":"https:\/\/portaltela.pt\/api\/wp\/v2\/media?parent=196163"}],"wp:term":[{"taxonomy":"category","embeddable":true,"href":"https:\/\/portaltela.pt\/api\/wp\/v2\/categories?post=196163"},{"taxonomy":"post_tag","embeddable":true,"href":"https:\/\/portaltela.pt\/api\/wp\/v2\/tags?post=196163"}],"curies":[{"name":"wp","href":"https:\/\/api.w.org\/{rel}","templated":true}]}}