{"id":196151,"date":"2026-02-04T07:13:00","date_gmt":"2026-02-04T10:13:00","guid":{"rendered":"https:\/\/portaltela.pt\/noticias\/2026\/02\/04\/unidade-de-geriatria-torna-se-referencia-nos-grandes-hospitais-do-pais\/"},"modified":"2026-02-04T07:13:00","modified_gmt":"2026-02-04T10:13:00","slug":"unidade-de-geriatria-torna-se-referencia-nos-grandes-hospitais-do-pais","status":"publish","type":"post","link":"https:\/\/portaltela.pt\/noticias\/2026\/02\/04\/unidade-de-geriatria-torna-se-referencia-nos-grandes-hospitais-do-pais\/","title":{"rendered":"Unidade de Geriatria torna-se refer\u00eancia nos grandes hospitais do pa\u00eds"},"content":{"rendered":"<p>O Hospital de S\u00e3o Miguel, em Oliveira de Azem\u00e9is, vive uma transforma\u00e7\u00e3o sob a gest\u00e3o da Unidade Local de Sa\u00fade (ULS). A aposta central \u00e9 a Geriatria Aguda, que atrai m\u00e9dicos de grandes centros e sustenta um projeto-piloto que leva equipas hospitalares aos lares da regi\u00e3o. O objetivo \u00e9 antecipar crises em idosos vulner\u00e1veis e reduzir a press\u00e3o nas urg\u00eancias.<\/p>\n<p>Desde 2015, Miguel Paiva tem conduzido uma reabilita\u00e7\u00e3o profunda da unidade. O investimento tornou poss\u00edvel mudar condi\u00e7\u00f5es degradadas e lan\u00e7ar val\u00eancias diferenciadas, que consolidam o hospital na rede regional. A unidade tornou-se refer\u00eancia de qualidade cl\u00ednica no pa\u00eds.<\/p>\n<h3>Geriatria Aguda como polo de forma\u00e7\u00e3o<\/h3>\n<p>A cria\u00e7\u00e3o da Unidade de Geriatria Aguda atrai m\u00e9dicos de institui\u00e7\u00f5es de refer\u00eancia, como o Hospital de Santo Ant\u00f3nio. Profissionais de renome procuram Oliveira de Azem\u00e9is para est\u00e1gios, sinal de valoriza\u00e7\u00e3o da unidade e da rede de proximidade.<\/p>\n<h3>Projeto-piloto: o hospital vai aos lares<\/h3>\n<p>O modelo envolve visitas regulares de equipas de geriatria a doentes institucionalizados em lares. A abordagem proativa visa prevenir descompensa\u00e7\u00f5es, reduzir desloca\u00e7\u00f5es \u00e0 urg\u00eancia e criar uma rede de prote\u00e7\u00e3o para idosos de alto risco.<\/p>\n<h3>Integra\u00e7\u00e3o na Unidade de Sa\u00fade Local<\/h3>\n<p>A integra\u00e7\u00e3o entre cuidados prim\u00e1rios e hospitalares eliminou as barreiras entre \u201ccasas diferentes\u201d. A coordena\u00e7\u00e3o facilita o di\u00e1logo cl\u00ednico, otimiza recursos e fortalece o acompanhamento especializado dos doentes da regi\u00e3o.<\/p>\n<h3>Proximidade como refer\u00eancia nacional<\/h3>\n<p>A unidade tornou-se um polo de compet\u00eancias, ensinando pr\u00e1ticas de geriatria aguda a m\u00e9dicos de outras institui\u00e7\u00f5es. A gest\u00e3o atual destaca que a descentraliza\u00e7\u00e3o, associada \u00e0 qualidade t\u00e9cnica, refor\u00e7a a proximidade sem comprometer a excel\u00eancia cl\u00ednica.<\/p>\n<h3>Contexto hist\u00f3rico na regi\u00e3o<\/h3>\n<p>O hospital enfrentou per\u00edodos de abandono e falta de investimento antes de 2015. A estrat\u00e9gia passou por reabilita\u00e7\u00e3o f\u00edsica, melhoria de infraestrutura e moderniza\u00e7\u00e3o de servi\u00e7os, incluindo radiologia, para ampliar a atua\u00e7\u00e3o ambulat\u00f3ria.<\/p>\n","protected":false},"excerpt":{"rendered":"<ul>\n<li>O Hospital de S\u00e3o Miguel, em Oliveira de Azem\u00e9is, tornou-se refer\u00eancia nacional pela Unidade de Geriatria Aguda e por um projeto-piloto que leva equipas hospitalares aos lares de idosos.<\/li>\n<li>A institui\u00e7\u00e3o passou por uma recupera\u00e7\u00e3o sob a gest\u00e3o da Unidade Local de Sa\u00fade, ap\u00f3s anos de abandono com infiltra\u00e7\u00f5es e falta de investimento, avan\u00e7ando com reabilita\u00e7\u00e3o e moderniza\u00e7\u00e3o da \u00e1rea de radiologia.<\/li>\n<li>A cria\u00e7\u00e3o da Geriatria Aguda elevou o hospital ao topo da especialidade no pa\u00eds, com m\u00e9dicos de grandes centros hospitalares a procurar est\u00e1gios na unidade.<\/li>\n<li>O projeto piloto de medicina de antecipa\u00e7\u00e3o prev\u00ea visitas regulares de m\u00e9dicos e enfermeiros aos lares de idosos institucionalizados de alto risco, para evitar descompensa\u00e7\u00f5es e urg\u00eancias.<\/li>\n<li>A integra\u00e7\u00e3o com a Unidade de Sa\u00fade Local eliminou as \u201ccasas diferentes\u201d entre cuidados prim\u00e1rios e hospitalares, fortalecendo a rede de proximidade e a qualidade do atendimento.<\/li>\n<\/ul>\n","protected":false},"author":2,"featured_media":196159,"comment_status":"closed","ping_status":"closed","sticky":false,"template":"","format":"standard","meta":{"footnotes":""},"categories":[1],"tags":[5370,5371,1290,2581,1554,3159],"class_list":["post-196151","post","type-post","status-publish","format-standard","has-post-thumbnail","hentry","category-noticias","tag-a-geriatria","tag-cuidados-de-saude","tag-formacao","tag-hospitais","tag-radiologia","tag-unidades-de-saude-familiar"],"yoast_head":"<!-- This site is optimized with the Yoast SEO plugin v27.2 - https:\/\/yoast.com\/product\/yoast-seo-wordpress\/ -->\n<title>Unidade de Geriatria torna-se refer\u00eancia nos grandes hospitais do pa\u00eds - Portal Tela Portugal<\/title>\n<meta name=\"robots\" content=\"index, follow, max-snippet:-1, max-image-preview:large, max-video-preview:-1\" \/>\n<meta property=\"og:locale\" content=\"pt_PT\" \/>\n<meta property=\"og:type\" content=\"article\" \/>\n<meta property=\"og:title\" content=\"Unidade de Geriatria torna-se refer\u00eancia nos grandes hospitais do pa\u00eds - Portal Tela Portugal\" \/>\n<meta property=\"og:description\" content=\"O Hospital de S\u00e3o Miguel, em Oliveira de Azem\u00e9is, tornou-se refer\u00eancia nacional pela Unidade de Geriatria Aguda e por um projeto-piloto que leva equipas hospitalares aos lares de idosos. A institui\u00e7\u00e3o passou por uma recupera\u00e7\u00e3o sob a gest\u00e3o da Unidade Local de Sa\u00fade, ap\u00f3s anos de abandono com infiltra\u00e7\u00f5es e falta de investimento, avan\u00e7ando com reabilita\u00e7\u00e3o e moderniza\u00e7\u00e3o da \u00e1rea de radiologia. A cria\u00e7\u00e3o da Geriatria Aguda elevou o hospital ao topo da especialidade no pa\u00eds, com m\u00e9dicos de grandes centros hospitalares a procurar est\u00e1gios na unidade. O projeto piloto de medicina de antecipa\u00e7\u00e3o prev\u00ea visitas regulares de m\u00e9dicos e enfermeiros aos lares de idosos institucionalizados de alto risco, para evitar descompensa\u00e7\u00f5es e urg\u00eancias. A integra\u00e7\u00e3o com a Unidade de Sa\u00fade Local eliminou as \u201ccasas diferentes\u201d entre cuidados prim\u00e1rios e hospitalares, fortalecendo a rede de proximidade e a qualidade do atendimento.\" \/>\n<meta property=\"og:url\" content=\"https:\/\/portaltela.pt\/noticias\/2026\/02\/04\/unidade-de-geriatria-torna-se-referencia-nos-grandes-hospitais-do-pais\/\" \/>\n<meta property=\"og:site_name\" content=\"Portal Tela Portugal\" \/>\n<meta property=\"article:published_time\" content=\"2026-02-04T10:13:00+00:00\" \/>\n<meta name=\"author\" content=\"Telinha\" \/>\n<meta name=\"twitter:card\" content=\"summary_large_image\" \/>\n<meta name=\"twitter:label1\" content=\"Escrito por\" \/>\n\t<meta name=\"twitter:data1\" content=\"Telinha\" \/>\n\t<meta name=\"twitter:label2\" content=\"Tempo estimado de leitura\" \/>\n\t<meta name=\"twitter:data2\" content=\"2 minutos\" \/>\n<script type=\"application\/ld+json\" class=\"yoast-schema-graph\">{\"@context\":\"https:\/\/schema.org\",\"@graph\":[{\"@type\":\"Article\",\"@id\":\"https:\/\/portaltela.pt\/noticias\/2026\/02\/04\/unidade-de-geriatria-torna-se-referencia-nos-grandes-hospitais-do-pais\/#article\",\"isPartOf\":{\"@id\":\"https:\/\/portaltela.pt\/noticias\/2026\/02\/04\/unidade-de-geriatria-torna-se-referencia-nos-grandes-hospitais-do-pais\/\"},\"author\":{\"name\":\"Telinha\",\"@id\":\"https:\/\/portaltela.pt\/#\/schema\/person\/c4278d4a6028830caff9ee44b42d32ed\"},\"headline\":\"Unidade de Geriatria torna-se refer\u00eancia nos grandes hospitais do pa\u00eds\",\"datePublished\":\"2026-02-04T10:13:00+00:00\",\"mainEntityOfPage\":{\"@id\":\"https:\/\/portaltela.pt\/noticias\/2026\/02\/04\/unidade-de-geriatria-torna-se-referencia-nos-grandes-hospitais-do-pais\/\"},\"wordCount\":362,\"image\":{\"@id\":\"https:\/\/portaltela.pt\/noticias\/2026\/02\/04\/unidade-de-geriatria-torna-se-referencia-nos-grandes-hospitais-do-pais\/#primaryimage\"},\"thumbnailUrl\":\"https:\/\/portaltela.pt\/s.01k8rhncp4jt1\/2026\/02\/unnamed-file-1151.jpg\",\"keywords\":[\"a geriatria\",\"cuidados de sa\u00fade\",\"forma\u00e7\u00e3o\",\"hospitais\",\"radiologia\",\"Unidades de Sa\u00fade Familiar\"],\"articleSection\":[\"Not\u00edcias\"],\"inLanguage\":\"pt-PT\"},{\"@type\":\"WebPage\",\"@id\":\"https:\/\/portaltela.pt\/noticias\/2026\/02\/04\/unidade-de-geriatria-torna-se-referencia-nos-grandes-hospitais-do-pais\/\",\"url\":\"https:\/\/portaltela.pt\/noticias\/2026\/02\/04\/unidade-de-geriatria-torna-se-referencia-nos-grandes-hospitais-do-pais\/\",\"name\":\"Unidade de Geriatria torna-se refer\u00eancia nos grandes hospitais do pa\u00eds - Portal Tela Portugal\",\"isPartOf\":{\"@id\":\"https:\/\/portaltela.pt\/#website\"},\"primaryImageOfPage\":{\"@id\":\"https:\/\/portaltela.pt\/noticias\/2026\/02\/04\/unidade-de-geriatria-torna-se-referencia-nos-grandes-hospitais-do-pais\/#primaryimage\"},\"image\":{\"@id\":\"https:\/\/portaltela.pt\/noticias\/2026\/02\/04\/unidade-de-geriatria-torna-se-referencia-nos-grandes-hospitais-do-pais\/#primaryimage\"},\"thumbnailUrl\":\"https:\/\/portaltela.pt\/s.01k8rhncp4jt1\/2026\/02\/unnamed-file-1151.jpg\",\"datePublished\":\"2026-02-04T10:13:00+00:00\",\"author\":{\"@id\":\"https:\/\/portaltela.pt\/#\/schema\/person\/c4278d4a6028830caff9ee44b42d32ed\"},\"breadcrumb\":{\"@id\":\"https:\/\/portaltela.pt\/noticias\/2026\/02\/04\/unidade-de-geriatria-torna-se-referencia-nos-grandes-hospitais-do-pais\/#breadcrumb\"},\"inLanguage\":\"pt-PT\",\"potentialAction\":[{\"@type\":\"ReadAction\",\"target\":[\"https:\/\/portaltela.pt\/noticias\/2026\/02\/04\/unidade-de-geriatria-torna-se-referencia-nos-grandes-hospitais-do-pais\/\"]}]},{\"@type\":\"ImageObject\",\"inLanguage\":\"pt-PT\",\"@id\":\"https:\/\/portaltela.pt\/noticias\/2026\/02\/04\/unidade-de-geriatria-torna-se-referencia-nos-grandes-hospitais-do-pais\/#primaryimage\",\"url\":\"https:\/\/portaltela.pt\/s.01k8rhncp4jt1\/2026\/02\/unnamed-file-1151.jpg\",\"contentUrl\":\"https:\/\/portaltela.pt\/s.01k8rhncp4jt1\/2026\/02\/unnamed-file-1151.jpg\",\"width\":796,\"height\":448,\"caption\":\"Unidade de Geriatria \u00e9 refer\u00eancia para os grandes hospitais do pa\u00eds\"},{\"@type\":\"BreadcrumbList\",\"@id\":\"https:\/\/portaltela.pt\/noticias\/2026\/02\/04\/unidade-de-geriatria-torna-se-referencia-nos-grandes-hospitais-do-pais\/#breadcrumb\",\"itemListElement\":[{\"@type\":\"ListItem\",\"position\":1,\"name\":\"In\u00edcio\",\"item\":\"https:\/\/portaltela.pt\/\"},{\"@type\":\"ListItem\",\"position\":2,\"name\":\"Unidade de Geriatria torna-se refer\u00eancia nos grandes hospitais do pa\u00eds\"}]},{\"@type\":\"WebSite\",\"@id\":\"https:\/\/portaltela.pt\/#website\",\"url\":\"https:\/\/portaltela.pt\/\",\"name\":\"Portal Tela Portugal\",\"description\":\"\",\"potentialAction\":[{\"@type\":\"SearchAction\",\"target\":{\"@type\":\"EntryPoint\",\"urlTemplate\":\"https:\/\/portaltela.pt\/?s={search_term_string}\"},\"query-input\":{\"@type\":\"PropertyValueSpecification\",\"valueRequired\":true,\"valueName\":\"search_term_string\"}}],\"inLanguage\":\"pt-PT\"},{\"@type\":\"Person\",\"@id\":\"https:\/\/portaltela.pt\/#\/schema\/person\/c4278d4a6028830caff9ee44b42d32ed\",\"name\":\"Telinha\",\"image\":{\"@type\":\"ImageObject\",\"inLanguage\":\"pt-PT\",\"@id\":\"https:\/\/portaltela.pt\/s.01k8rhncp4jt1\/2025\/11\/talking-bot-125x125.png\",\"url\":\"https:\/\/portaltela.pt\/s.01k8rhncp4jt1\/2025\/11\/talking-bot-125x125.png\",\"contentUrl\":\"https:\/\/portaltela.pt\/s.01k8rhncp4jt1\/2025\/11\/talking-bot-125x125.png\",\"caption\":\"Telinha\"},\"sameAs\":[\"https:\/\/portaltela.pt\/\"],\"url\":\"https:\/\/portaltela.pt\/por\/367410592786\/\"}]}<\/script>\n<!-- \/ Yoast SEO plugin. -->","yoast_head_json":{"title":"Unidade de Geriatria torna-se refer\u00eancia nos grandes hospitais do pa\u00eds - Portal Tela Portugal","robots":{"index":"index","follow":"follow","max-snippet":"max-snippet:-1","max-image-preview":"max-image-preview:large","max-video-preview":"max-video-preview:-1"},"og_locale":"pt_PT","og_type":"article","og_title":"Unidade de Geriatria torna-se refer\u00eancia nos grandes hospitais do pa\u00eds - Portal Tela Portugal","og_description":"O Hospital de S\u00e3o Miguel, em Oliveira de Azem\u00e9is, tornou-se refer\u00eancia nacional pela Unidade de Geriatria Aguda e por um projeto-piloto que leva equipas hospitalares aos lares de idosos. A institui\u00e7\u00e3o passou por uma recupera\u00e7\u00e3o sob a gest\u00e3o da Unidade Local de Sa\u00fade, ap\u00f3s anos de abandono com infiltra\u00e7\u00f5es e falta de investimento, avan\u00e7ando com reabilita\u00e7\u00e3o e moderniza\u00e7\u00e3o da \u00e1rea de radiologia. A cria\u00e7\u00e3o da Geriatria Aguda elevou o hospital ao topo da especialidade no pa\u00eds, com m\u00e9dicos de grandes centros hospitalares a procurar est\u00e1gios na unidade. O projeto piloto de medicina de antecipa\u00e7\u00e3o prev\u00ea visitas regulares de m\u00e9dicos e enfermeiros aos lares de idosos institucionalizados de alto risco, para evitar descompensa\u00e7\u00f5es e urg\u00eancias. A integra\u00e7\u00e3o com a Unidade de Sa\u00fade Local eliminou as \u201ccasas diferentes\u201d entre cuidados prim\u00e1rios e hospitalares, fortalecendo a rede de proximidade e a qualidade do atendimento.","og_url":"https:\/\/portaltela.pt\/noticias\/2026\/02\/04\/unidade-de-geriatria-torna-se-referencia-nos-grandes-hospitais-do-pais\/","og_site_name":"Portal Tela Portugal","article_published_time":"2026-02-04T10:13:00+00:00","author":"Telinha","twitter_card":"summary_large_image","twitter_misc":{"Escrito por":"Telinha","Tempo estimado de leitura":"2 minutos"},"schema":{"@context":"https:\/\/schema.org","@graph":[{"@type":"Article","@id":"https:\/\/portaltela.pt\/noticias\/2026\/02\/04\/unidade-de-geriatria-torna-se-referencia-nos-grandes-hospitais-do-pais\/#article","isPartOf":{"@id":"https:\/\/portaltela.pt\/noticias\/2026\/02\/04\/unidade-de-geriatria-torna-se-referencia-nos-grandes-hospitais-do-pais\/"},"author":{"name":"Telinha","@id":"https:\/\/portaltela.pt\/#\/schema\/person\/c4278d4a6028830caff9ee44b42d32ed"},"headline":"Unidade de Geriatria torna-se refer\u00eancia nos grandes hospitais do pa\u00eds","datePublished":"2026-02-04T10:13:00+00:00","mainEntityOfPage":{"@id":"https:\/\/portaltela.pt\/noticias\/2026\/02\/04\/unidade-de-geriatria-torna-se-referencia-nos-grandes-hospitais-do-pais\/"},"wordCount":362,"image":{"@id":"https:\/\/portaltela.pt\/noticias\/2026\/02\/04\/unidade-de-geriatria-torna-se-referencia-nos-grandes-hospitais-do-pais\/#primaryimage"},"thumbnailUrl":"https:\/\/portaltela.pt\/s.01k8rhncp4jt1\/2026\/02\/unnamed-file-1151.jpg","keywords":["a geriatria","cuidados de sa\u00fade","forma\u00e7\u00e3o","hospitais","radiologia","Unidades de Sa\u00fade Familiar"],"articleSection":["Not\u00edcias"],"inLanguage":"pt-PT"},{"@type":"WebPage","@id":"https:\/\/portaltela.pt\/noticias\/2026\/02\/04\/unidade-de-geriatria-torna-se-referencia-nos-grandes-hospitais-do-pais\/","url":"https:\/\/portaltela.pt\/noticias\/2026\/02\/04\/unidade-de-geriatria-torna-se-referencia-nos-grandes-hospitais-do-pais\/","name":"Unidade de Geriatria torna-se refer\u00eancia nos grandes hospitais do pa\u00eds - Portal Tela Portugal","isPartOf":{"@id":"https:\/\/portaltela.pt\/#website"},"primaryImageOfPage":{"@id":"https:\/\/portaltela.pt\/noticias\/2026\/02\/04\/unidade-de-geriatria-torna-se-referencia-nos-grandes-hospitais-do-pais\/#primaryimage"},"image":{"@id":"https:\/\/portaltela.pt\/noticias\/2026\/02\/04\/unidade-de-geriatria-torna-se-referencia-nos-grandes-hospitais-do-pais\/#primaryimage"},"thumbnailUrl":"https:\/\/portaltela.pt\/s.01k8rhncp4jt1\/2026\/02\/unnamed-file-1151.jpg","datePublished":"2026-02-04T10:13:00+00:00","author":{"@id":"https:\/\/portaltela.pt\/#\/schema\/person\/c4278d4a6028830caff9ee44b42d32ed"},"breadcrumb":{"@id":"https:\/\/portaltela.pt\/noticias\/2026\/02\/04\/unidade-de-geriatria-torna-se-referencia-nos-grandes-hospitais-do-pais\/#breadcrumb"},"inLanguage":"pt-PT","potentialAction":[{"@type":"ReadAction","target":["https:\/\/portaltela.pt\/noticias\/2026\/02\/04\/unidade-de-geriatria-torna-se-referencia-nos-grandes-hospitais-do-pais\/"]}]},{"@type":"ImageObject","inLanguage":"pt-PT","@id":"https:\/\/portaltela.pt\/noticias\/2026\/02\/04\/unidade-de-geriatria-torna-se-referencia-nos-grandes-hospitais-do-pais\/#primaryimage","url":"https:\/\/portaltela.pt\/s.01k8rhncp4jt1\/2026\/02\/unnamed-file-1151.jpg","contentUrl":"https:\/\/portaltela.pt\/s.01k8rhncp4jt1\/2026\/02\/unnamed-file-1151.jpg","width":796,"height":448,"caption":"Unidade de Geriatria \u00e9 refer\u00eancia para os grandes hospitais do pa\u00eds"},{"@type":"BreadcrumbList","@id":"https:\/\/portaltela.pt\/noticias\/2026\/02\/04\/unidade-de-geriatria-torna-se-referencia-nos-grandes-hospitais-do-pais\/#breadcrumb","itemListElement":[{"@type":"ListItem","position":1,"name":"In\u00edcio","item":"https:\/\/portaltela.pt\/"},{"@type":"ListItem","position":2,"name":"Unidade de Geriatria torna-se refer\u00eancia nos grandes hospitais do pa\u00eds"}]},{"@type":"WebSite","@id":"https:\/\/portaltela.pt\/#website","url":"https:\/\/portaltela.pt\/","name":"Portal Tela Portugal","description":"","potentialAction":[{"@type":"SearchAction","target":{"@type":"EntryPoint","urlTemplate":"https:\/\/portaltela.pt\/?s={search_term_string}"},"query-input":{"@type":"PropertyValueSpecification","valueRequired":true,"valueName":"search_term_string"}}],"inLanguage":"pt-PT"},{"@type":"Person","@id":"https:\/\/portaltela.pt\/#\/schema\/person\/c4278d4a6028830caff9ee44b42d32ed","name":"Telinha","image":{"@type":"ImageObject","inLanguage":"pt-PT","@id":"https:\/\/portaltela.pt\/s.01k8rhncp4jt1\/2025\/11\/talking-bot-125x125.png","url":"https:\/\/portaltela.pt\/s.01k8rhncp4jt1\/2025\/11\/talking-bot-125x125.png","contentUrl":"https:\/\/portaltela.pt\/s.01k8rhncp4jt1\/2025\/11\/talking-bot-125x125.png","caption":"Telinha"},"sameAs":["https:\/\/portaltela.pt\/"],"url":"https:\/\/portaltela.pt\/por\/367410592786\/"}]}},"_links":{"self":[{"href":"https:\/\/portaltela.pt\/api\/wp\/v2\/posts\/196151","targetHints":{"allow":["GET"]}}],"collection":[{"href":"https:\/\/portaltela.pt\/api\/wp\/v2\/posts"}],"about":[{"href":"https:\/\/portaltela.pt\/api\/wp\/v2\/types\/post"}],"author":[{"embeddable":true,"href":"https:\/\/portaltela.pt\/api\/wp\/v2\/users\/2"}],"replies":[{"embeddable":true,"href":"https:\/\/portaltela.pt\/api\/wp\/v2\/comments?post=196151"}],"version-history":[{"count":0,"href":"https:\/\/portaltela.pt\/api\/wp\/v2\/posts\/196151\/revisions"}],"wp:featuredmedia":[{"embeddable":true,"href":"https:\/\/portaltela.pt\/api\/wp\/v2\/media\/196159"}],"wp:attachment":[{"href":"https:\/\/portaltela.pt\/api\/wp\/v2\/media?parent=196151"}],"wp:term":[{"taxonomy":"category","embeddable":true,"href":"https:\/\/portaltela.pt\/api\/wp\/v2\/categories?post=196151"},{"taxonomy":"post_tag","embeddable":true,"href":"https:\/\/portaltela.pt\/api\/wp\/v2\/tags?post=196151"}],"curies":[{"name":"wp","href":"https:\/\/api.w.org\/{rel}","templated":true}]}}