{"id":196135,"date":"2026-02-04T04:00:00","date_gmt":"2026-02-04T07:00:00","guid":{"rendered":"https:\/\/portaltela.pt\/noticias\/2026\/02\/04\/numero-de-doentes-oncologicos-operados-cresce-67-em-cinco-anos\/"},"modified":"2026-02-04T04:00:00","modified_gmt":"2026-02-04T07:00:00","slug":"numero-de-doentes-oncologicos-operados-cresce-67-em-cinco-anos","status":"publish","type":"post","link":"https:\/\/portaltela.pt\/noticias\/2026\/02\/04\/numero-de-doentes-oncologicos-operados-cresce-67-em-cinco-anos\/","title":{"rendered":"N\u00famero de doentes oncol\u00f3gicos operados cresce 67% em cinco anos"},"content":{"rendered":"<p>O n\u00famero de doentes oncol\u00f3gicos operados aumentou 67% nos \u00faltimos cinco anos, segundo dados da Dire\u00e7\u00e3o-Geral da Sa\u00fade (DGS). A progress\u00e3o indica maior abertura de interven\u00e7\u00e3o cir\u00fargica em tumores malignos.<\/p>\n<p>A DGS apresenta ainda que, em 2024, um em cada quatro pacientes operados por doen\u00e7a oncol\u00f3gica foi intervencionado fora do tempo m\u00e1ximo de resposta. Este indicador reflete atrasos na programa\u00e7\u00e3o ou na realiza\u00e7\u00e3o de procedimentos.<\/p>\n<p>Os dados destacam a evolu\u00e7\u00e3o no acesso a cirurgia oncol\u00f3gica, mas tamb\u00e9m apontam para encargos de gest\u00e3o que podem impactar a janela entre diagn\u00f3stico e interven\u00e7\u00e3o. A DGS n\u00e3o detalha causas espec\u00edficas dos atrasos.<\/p>\n<h3>Perspetivas e contexto<\/h3>\n<p>Os ficheiros divulgados pela DGS cobrem o conjunto nacional e ajudam a aferir a disponibilidade de servi\u00e7os oncol\u00f3gicos em distintas regi\u00f5es.<\/p>\n<p>A autoridade de sa\u00fade sublinha a import\u00e2ncia de reduzir o tempo entre diagn\u00f3stico e cirurgia para melhorar desfechos cl\u00ednicos. O relat\u00f3rio n\u00e3o aponta responsabilidades individuais.<\/p>\n","protected":false},"excerpt":{"rendered":"<ul>\n<li>Em cinco anos, o n\u00famero de doentes operados por doen\u00e7a oncol\u00f3gica aumentou 67%.<\/li>\n<li>Em 2024, um em cada quatro operados ficou acima do tempo m\u00e1ximo de resposta, segundo a Dire\u00e7\u00e3o-Geral da Sa\u00fade (DGS).<\/li>\n<\/ul>\n","protected":false},"author":2,"featured_media":196142,"comment_status":"closed","ping_status":"closed","sticky":false,"template":"","format":"standard","meta":{"footnotes":""},"categories":[1],"tags":[2218,3634,215,3994,1014,271],"class_list":["post-196135","post","type-post","status-publish","format-standard","has-post-thumbnail","hentry","category-noticias","tag-cirurgia-geral","tag-cirurgias","tag-investigacao","tag-oncologia","tag-portugal","tag-saude-publica"],"yoast_head":"<!-- This site is optimized with the Yoast SEO plugin v27.2 - https:\/\/yoast.com\/product\/yoast-seo-wordpress\/ -->\n<title>N\u00famero de doentes oncol\u00f3gicos operados cresce 67% em cinco anos - Portal Tela Portugal<\/title>\n<meta name=\"robots\" content=\"index, follow, max-snippet:-1, max-image-preview:large, max-video-preview:-1\" \/>\n<meta property=\"og:locale\" content=\"pt_PT\" \/>\n<meta property=\"og:type\" content=\"article\" \/>\n<meta property=\"og:title\" content=\"N\u00famero de doentes oncol\u00f3gicos operados cresce 67% em cinco anos - Portal Tela Portugal\" \/>\n<meta property=\"og:description\" content=\"Em cinco anos, o n\u00famero de doentes operados por doen\u00e7a oncol\u00f3gica aumentou 67%. Em 2024, um em cada quatro operados ficou acima do tempo m\u00e1ximo de resposta, segundo a Dire\u00e7\u00e3o-Geral da Sa\u00fade (DGS).\" \/>\n<meta property=\"og:url\" content=\"https:\/\/portaltela.pt\/noticias\/2026\/02\/04\/numero-de-doentes-oncologicos-operados-cresce-67-em-cinco-anos\/\" \/>\n<meta property=\"og:site_name\" content=\"Portal Tela Portugal\" \/>\n<meta property=\"article:published_time\" content=\"2026-02-04T07:00:00+00:00\" \/>\n<meta name=\"author\" content=\"Telinha\" \/>\n<meta name=\"twitter:card\" content=\"summary_large_image\" \/>\n<meta name=\"twitter:label1\" content=\"Escrito por\" \/>\n\t<meta name=\"twitter:data1\" content=\"Telinha\" \/>\n\t<meta name=\"twitter:label2\" content=\"Tempo estimado de leitura\" \/>\n\t<meta name=\"twitter:data2\" content=\"1 minuto\" \/>\n<script type=\"application\/ld+json\" class=\"yoast-schema-graph\">{\"@context\":\"https:\/\/schema.org\",\"@graph\":[{\"@type\":\"Article\",\"@id\":\"https:\/\/portaltela.pt\/noticias\/2026\/02\/04\/numero-de-doentes-oncologicos-operados-cresce-67-em-cinco-anos\/#article\",\"isPartOf\":{\"@id\":\"https:\/\/portaltela.pt\/noticias\/2026\/02\/04\/numero-de-doentes-oncologicos-operados-cresce-67-em-cinco-anos\/\"},\"author\":{\"name\":\"Telinha\",\"@id\":\"https:\/\/portaltela.pt\/#\/schema\/person\/c4278d4a6028830caff9ee44b42d32ed\"},\"headline\":\"N\u00famero de doentes oncol\u00f3gicos operados cresce 67% em cinco anos\",\"datePublished\":\"2026-02-04T07:00:00+00:00\",\"mainEntityOfPage\":{\"@id\":\"https:\/\/portaltela.pt\/noticias\/2026\/02\/04\/numero-de-doentes-oncologicos-operados-cresce-67-em-cinco-anos\/\"},\"wordCount\":186,\"image\":{\"@id\":\"https:\/\/portaltela.pt\/noticias\/2026\/02\/04\/numero-de-doentes-oncologicos-operados-cresce-67-em-cinco-anos\/#primaryimage\"},\"thumbnailUrl\":\"https:\/\/portaltela.pt\/s.01k8rhncp4jt1\/2026\/02\/CACHE_780X1200_ANALOG_WATERMARKED_43918876_1587427_15112024033643.jpg\",\"keywords\":[\"Cirurgia Geral\",\"cirurgias\",\"investiga\u00e7\u00e3o\",\"Oncologia\",\"Portugal\",\"sa\u00fade p\u00fablica\"],\"articleSection\":[\"Not\u00edcias\"],\"inLanguage\":\"pt-PT\"},{\"@type\":\"WebPage\",\"@id\":\"https:\/\/portaltela.pt\/noticias\/2026\/02\/04\/numero-de-doentes-oncologicos-operados-cresce-67-em-cinco-anos\/\",\"url\":\"https:\/\/portaltela.pt\/noticias\/2026\/02\/04\/numero-de-doentes-oncologicos-operados-cresce-67-em-cinco-anos\/\",\"name\":\"N\u00famero de doentes oncol\u00f3gicos operados cresce 67% em cinco anos - Portal Tela Portugal\",\"isPartOf\":{\"@id\":\"https:\/\/portaltela.pt\/#website\"},\"primaryImageOfPage\":{\"@id\":\"https:\/\/portaltela.pt\/noticias\/2026\/02\/04\/numero-de-doentes-oncologicos-operados-cresce-67-em-cinco-anos\/#primaryimage\"},\"image\":{\"@id\":\"https:\/\/portaltela.pt\/noticias\/2026\/02\/04\/numero-de-doentes-oncologicos-operados-cresce-67-em-cinco-anos\/#primaryimage\"},\"thumbnailUrl\":\"https:\/\/portaltela.pt\/s.01k8rhncp4jt1\/2026\/02\/CACHE_780X1200_ANALOG_WATERMARKED_43918876_1587427_15112024033643.jpg\",\"datePublished\":\"2026-02-04T07:00:00+00:00\",\"author\":{\"@id\":\"https:\/\/portaltela.pt\/#\/schema\/person\/c4278d4a6028830caff9ee44b42d32ed\"},\"breadcrumb\":{\"@id\":\"https:\/\/portaltela.pt\/noticias\/2026\/02\/04\/numero-de-doentes-oncologicos-operados-cresce-67-em-cinco-anos\/#breadcrumb\"},\"inLanguage\":\"pt-PT\",\"potentialAction\":[{\"@type\":\"ReadAction\",\"target\":[\"https:\/\/portaltela.pt\/noticias\/2026\/02\/04\/numero-de-doentes-oncologicos-operados-cresce-67-em-cinco-anos\/\"]}]},{\"@type\":\"ImageObject\",\"inLanguage\":\"pt-PT\",\"@id\":\"https:\/\/portaltela.pt\/noticias\/2026\/02\/04\/numero-de-doentes-oncologicos-operados-cresce-67-em-cinco-anos\/#primaryimage\",\"url\":\"https:\/\/portaltela.pt\/s.01k8rhncp4jt1\/2026\/02\/CACHE_780X1200_ANALOG_WATERMARKED_43918876_1587427_15112024033643.jpg\",\"contentUrl\":\"https:\/\/portaltela.pt\/s.01k8rhncp4jt1\/2026\/02\/CACHE_780X1200_ANALOG_WATERMARKED_43918876_1587427_15112024033643.jpg\",\"width\":796,\"height\":448,\"caption\":\"N\u00famero de doentes oncol\u00f3gicos operados aumentou 67% em cinco anos\"},{\"@type\":\"BreadcrumbList\",\"@id\":\"https:\/\/portaltela.pt\/noticias\/2026\/02\/04\/numero-de-doentes-oncologicos-operados-cresce-67-em-cinco-anos\/#breadcrumb\",\"itemListElement\":[{\"@type\":\"ListItem\",\"position\":1,\"name\":\"In\u00edcio\",\"item\":\"https:\/\/portaltela.pt\/\"},{\"@type\":\"ListItem\",\"position\":2,\"name\":\"N\u00famero de doentes oncol\u00f3gicos operados cresce 67% em cinco anos\"}]},{\"@type\":\"WebSite\",\"@id\":\"https:\/\/portaltela.pt\/#website\",\"url\":\"https:\/\/portaltela.pt\/\",\"name\":\"Portal Tela Portugal\",\"description\":\"\",\"potentialAction\":[{\"@type\":\"SearchAction\",\"target\":{\"@type\":\"EntryPoint\",\"urlTemplate\":\"https:\/\/portaltela.pt\/?s={search_term_string}\"},\"query-input\":{\"@type\":\"PropertyValueSpecification\",\"valueRequired\":true,\"valueName\":\"search_term_string\"}}],\"inLanguage\":\"pt-PT\"},{\"@type\":\"Person\",\"@id\":\"https:\/\/portaltela.pt\/#\/schema\/person\/c4278d4a6028830caff9ee44b42d32ed\",\"name\":\"Telinha\",\"image\":{\"@type\":\"ImageObject\",\"inLanguage\":\"pt-PT\",\"@id\":\"https:\/\/portaltela.pt\/s.01k8rhncp4jt1\/2025\/11\/talking-bot-125x125.png\",\"url\":\"https:\/\/portaltela.pt\/s.01k8rhncp4jt1\/2025\/11\/talking-bot-125x125.png\",\"contentUrl\":\"https:\/\/portaltela.pt\/s.01k8rhncp4jt1\/2025\/11\/talking-bot-125x125.png\",\"caption\":\"Telinha\"},\"sameAs\":[\"https:\/\/portaltela.pt\/\"],\"url\":\"https:\/\/portaltela.pt\/por\/367410592786\/\"}]}<\/script>\n<!-- \/ Yoast SEO plugin. -->","yoast_head_json":{"title":"N\u00famero de doentes oncol\u00f3gicos operados cresce 67% em cinco anos - Portal Tela Portugal","robots":{"index":"index","follow":"follow","max-snippet":"max-snippet:-1","max-image-preview":"max-image-preview:large","max-video-preview":"max-video-preview:-1"},"og_locale":"pt_PT","og_type":"article","og_title":"N\u00famero de doentes oncol\u00f3gicos operados cresce 67% em cinco anos - Portal Tela Portugal","og_description":"Em cinco anos, o n\u00famero de doentes operados por doen\u00e7a oncol\u00f3gica aumentou 67%. Em 2024, um em cada quatro operados ficou acima do tempo m\u00e1ximo de resposta, segundo a Dire\u00e7\u00e3o-Geral da Sa\u00fade (DGS).","og_url":"https:\/\/portaltela.pt\/noticias\/2026\/02\/04\/numero-de-doentes-oncologicos-operados-cresce-67-em-cinco-anos\/","og_site_name":"Portal Tela Portugal","article_published_time":"2026-02-04T07:00:00+00:00","author":"Telinha","twitter_card":"summary_large_image","twitter_misc":{"Escrito por":"Telinha","Tempo estimado de leitura":"1 minuto"},"schema":{"@context":"https:\/\/schema.org","@graph":[{"@type":"Article","@id":"https:\/\/portaltela.pt\/noticias\/2026\/02\/04\/numero-de-doentes-oncologicos-operados-cresce-67-em-cinco-anos\/#article","isPartOf":{"@id":"https:\/\/portaltela.pt\/noticias\/2026\/02\/04\/numero-de-doentes-oncologicos-operados-cresce-67-em-cinco-anos\/"},"author":{"name":"Telinha","@id":"https:\/\/portaltela.pt\/#\/schema\/person\/c4278d4a6028830caff9ee44b42d32ed"},"headline":"N\u00famero de doentes oncol\u00f3gicos operados cresce 67% em cinco anos","datePublished":"2026-02-04T07:00:00+00:00","mainEntityOfPage":{"@id":"https:\/\/portaltela.pt\/noticias\/2026\/02\/04\/numero-de-doentes-oncologicos-operados-cresce-67-em-cinco-anos\/"},"wordCount":186,"image":{"@id":"https:\/\/portaltela.pt\/noticias\/2026\/02\/04\/numero-de-doentes-oncologicos-operados-cresce-67-em-cinco-anos\/#primaryimage"},"thumbnailUrl":"https:\/\/portaltela.pt\/s.01k8rhncp4jt1\/2026\/02\/CACHE_780X1200_ANALOG_WATERMARKED_43918876_1587427_15112024033643.jpg","keywords":["Cirurgia Geral","cirurgias","investiga\u00e7\u00e3o","Oncologia","Portugal","sa\u00fade p\u00fablica"],"articleSection":["Not\u00edcias"],"inLanguage":"pt-PT"},{"@type":"WebPage","@id":"https:\/\/portaltela.pt\/noticias\/2026\/02\/04\/numero-de-doentes-oncologicos-operados-cresce-67-em-cinco-anos\/","url":"https:\/\/portaltela.pt\/noticias\/2026\/02\/04\/numero-de-doentes-oncologicos-operados-cresce-67-em-cinco-anos\/","name":"N\u00famero de doentes oncol\u00f3gicos operados cresce 67% em cinco anos - Portal Tela Portugal","isPartOf":{"@id":"https:\/\/portaltela.pt\/#website"},"primaryImageOfPage":{"@id":"https:\/\/portaltela.pt\/noticias\/2026\/02\/04\/numero-de-doentes-oncologicos-operados-cresce-67-em-cinco-anos\/#primaryimage"},"image":{"@id":"https:\/\/portaltela.pt\/noticias\/2026\/02\/04\/numero-de-doentes-oncologicos-operados-cresce-67-em-cinco-anos\/#primaryimage"},"thumbnailUrl":"https:\/\/portaltela.pt\/s.01k8rhncp4jt1\/2026\/02\/CACHE_780X1200_ANALOG_WATERMARKED_43918876_1587427_15112024033643.jpg","datePublished":"2026-02-04T07:00:00+00:00","author":{"@id":"https:\/\/portaltela.pt\/#\/schema\/person\/c4278d4a6028830caff9ee44b42d32ed"},"breadcrumb":{"@id":"https:\/\/portaltela.pt\/noticias\/2026\/02\/04\/numero-de-doentes-oncologicos-operados-cresce-67-em-cinco-anos\/#breadcrumb"},"inLanguage":"pt-PT","potentialAction":[{"@type":"ReadAction","target":["https:\/\/portaltela.pt\/noticias\/2026\/02\/04\/numero-de-doentes-oncologicos-operados-cresce-67-em-cinco-anos\/"]}]},{"@type":"ImageObject","inLanguage":"pt-PT","@id":"https:\/\/portaltela.pt\/noticias\/2026\/02\/04\/numero-de-doentes-oncologicos-operados-cresce-67-em-cinco-anos\/#primaryimage","url":"https:\/\/portaltela.pt\/s.01k8rhncp4jt1\/2026\/02\/CACHE_780X1200_ANALOG_WATERMARKED_43918876_1587427_15112024033643.jpg","contentUrl":"https:\/\/portaltela.pt\/s.01k8rhncp4jt1\/2026\/02\/CACHE_780X1200_ANALOG_WATERMARKED_43918876_1587427_15112024033643.jpg","width":796,"height":448,"caption":"N\u00famero de doentes oncol\u00f3gicos operados aumentou 67% em cinco anos"},{"@type":"BreadcrumbList","@id":"https:\/\/portaltela.pt\/noticias\/2026\/02\/04\/numero-de-doentes-oncologicos-operados-cresce-67-em-cinco-anos\/#breadcrumb","itemListElement":[{"@type":"ListItem","position":1,"name":"In\u00edcio","item":"https:\/\/portaltela.pt\/"},{"@type":"ListItem","position":2,"name":"N\u00famero de doentes oncol\u00f3gicos operados cresce 67% em cinco anos"}]},{"@type":"WebSite","@id":"https:\/\/portaltela.pt\/#website","url":"https:\/\/portaltela.pt\/","name":"Portal Tela Portugal","description":"","potentialAction":[{"@type":"SearchAction","target":{"@type":"EntryPoint","urlTemplate":"https:\/\/portaltela.pt\/?s={search_term_string}"},"query-input":{"@type":"PropertyValueSpecification","valueRequired":true,"valueName":"search_term_string"}}],"inLanguage":"pt-PT"},{"@type":"Person","@id":"https:\/\/portaltela.pt\/#\/schema\/person\/c4278d4a6028830caff9ee44b42d32ed","name":"Telinha","image":{"@type":"ImageObject","inLanguage":"pt-PT","@id":"https:\/\/portaltela.pt\/s.01k8rhncp4jt1\/2025\/11\/talking-bot-125x125.png","url":"https:\/\/portaltela.pt\/s.01k8rhncp4jt1\/2025\/11\/talking-bot-125x125.png","contentUrl":"https:\/\/portaltela.pt\/s.01k8rhncp4jt1\/2025\/11\/talking-bot-125x125.png","caption":"Telinha"},"sameAs":["https:\/\/portaltela.pt\/"],"url":"https:\/\/portaltela.pt\/por\/367410592786\/"}]}},"_links":{"self":[{"href":"https:\/\/portaltela.pt\/api\/wp\/v2\/posts\/196135","targetHints":{"allow":["GET"]}}],"collection":[{"href":"https:\/\/portaltela.pt\/api\/wp\/v2\/posts"}],"about":[{"href":"https:\/\/portaltela.pt\/api\/wp\/v2\/types\/post"}],"author":[{"embeddable":true,"href":"https:\/\/portaltela.pt\/api\/wp\/v2\/users\/2"}],"replies":[{"embeddable":true,"href":"https:\/\/portaltela.pt\/api\/wp\/v2\/comments?post=196135"}],"version-history":[{"count":0,"href":"https:\/\/portaltela.pt\/api\/wp\/v2\/posts\/196135\/revisions"}],"wp:featuredmedia":[{"embeddable":true,"href":"https:\/\/portaltela.pt\/api\/wp\/v2\/media\/196142"}],"wp:attachment":[{"href":"https:\/\/portaltela.pt\/api\/wp\/v2\/media?parent=196135"}],"wp:term":[{"taxonomy":"category","embeddable":true,"href":"https:\/\/portaltela.pt\/api\/wp\/v2\/categories?post=196135"},{"taxonomy":"post_tag","embeddable":true,"href":"https:\/\/portaltela.pt\/api\/wp\/v2\/tags?post=196135"}],"curies":[{"name":"wp","href":"https:\/\/api.w.org\/{rel}","templated":true}]}}