{"id":196108,"date":"2026-02-04T07:19:27","date_gmt":"2026-02-04T10:19:27","guid":{"rendered":"https:\/\/portaltela.pt\/noticias\/2026\/02\/04\/casal-e-filho-desalojados-apos-casa-desabar-parcialmente-em-ourique\/"},"modified":"2026-02-04T07:19:27","modified_gmt":"2026-02-04T10:19:27","slug":"casal-e-filho-desalojados-apos-casa-desabar-parcialmente-em-ourique","status":"publish","type":"post","link":"https:\/\/portaltela.pt\/noticias\/2026\/02\/04\/casal-e-filho-desalojados-apos-casa-desabar-parcialmente-em-ourique\/","title":{"rendered":"Casal e filho desalojados ap\u00f3s casa desabar parcialmente em Ourique"},"content":{"rendered":"<p>O desabamento parcial de uma habita\u00e7\u00e3o em Ourique, no distrito de Beja, deixou um casal de cerca de 70 anos e o filho, de 40, desalojados nesta quarta-feira. O alerta \u00e0s autoridades foi recebido \u00e0s 07:57, ap\u00f3s o im\u00f3vel ficar sem condi\u00e7\u00f5es de habitabilidade devido ao mau tempo.<\/p>\n<p>A casa, situada no lugar de Foros da Favela, a cerca de oito quil\u00f3metros da vila, sofreu o desabamento parcial. As paredes em taipa e infiltra\u00e7\u00f5es provocadas pelas chuvas intensas s\u00e3o apontadas como fatores prov\u00e1veis.<\/p>\n<p>As opera\u00e7\u00f5es de socorro envolveram os Bombeiros de Ourique e o Servi\u00e7o Municipal de Prote\u00e7\u00e3o Civil. O desfecho aponta para desocupa\u00e7\u00e3o provis\u00f3ria da resid\u00eancia afetada.<\/p>\n<h3>Realojamento tempor\u00e1rio<\/h3>\n<p>O presidente da C\u00e2mara de Ourique, Marcelo Guerreiro, revelou que os tr\u00eas moradores ser\u00e3o realojados temporariamente numa casa do munic\u00edpio. N\u00e3o houve registo de feridos. As autoridades permanecem dispon\u00edveis para apoio adicional conforme necess\u00e1rio.<\/p>\n","protected":false},"excerpt":{"rendered":"<ul>\n<li>Casal com cerca de 70 anos e o filho de 40 ficaram desalojados ap\u00f3s a casa desabar parcialmente, em Foros da Favela, Ourique (Beja).<\/li>\n<li>O alerta para o desabamento foi dado \u00e0s 07:57, segundo o Comando Sub-Regional de Emerg\u00eancia e Prote\u00e7\u00e3o Civil do Baixo Alentejo.<\/li>\n<li>A habita\u00e7\u00e3o tem paredes em taipa e as chuvas intensas podem ter originado infiltra\u00e7\u00f5es que levaram ao desabamento.<\/li>\n<li>O presidente da C\u00e2mara de Ourique informou que os tr\u00eas moradores v\u00e3o ser realojados temporariamente numa casa do munic\u00edpio.<\/li>\n<li>As opera\u00e7\u00f5es envolveram os Bombeiros de Ourique e o Servi\u00e7o Municipal de Prote\u00e7\u00e3o Civil.<\/li>\n<\/ul>\n","protected":false},"author":2,"featured_media":196112,"comment_status":"closed","ping_status":"closed","sticky":false,"template":"","format":"standard","meta":{"footnotes":""},"categories":[1],"tags":[971,5329,4590,3004,2014,320],"class_list":["post-196108","post","type-post","status-publish","format-standard","has-post-thumbnail","hentry","category-noticias","tag-bombeiros","tag-chuva","tag-desabrigos","tag-desalojados","tag-ourique","tag-protecao-civil"],"yoast_head":"<!-- This site is optimized with the Yoast SEO plugin v27.2 - https:\/\/yoast.com\/product\/yoast-seo-wordpress\/ -->\n<title>Casal e filho desalojados ap\u00f3s casa desabar parcialmente em Ourique - Portal Tela Portugal<\/title>\n<meta name=\"robots\" content=\"index, follow, max-snippet:-1, max-image-preview:large, max-video-preview:-1\" \/>\n<meta property=\"og:locale\" content=\"pt_PT\" \/>\n<meta property=\"og:type\" content=\"article\" \/>\n<meta property=\"og:title\" content=\"Casal e filho desalojados ap\u00f3s casa desabar parcialmente em Ourique - Portal Tela Portugal\" \/>\n<meta property=\"og:description\" content=\"Casal com cerca de 70 anos e o filho de 40 ficaram desalojados ap\u00f3s a casa desabar parcialmente, em Foros da Favela, Ourique (Beja). O alerta para o desabamento foi dado \u00e0s 07:57, segundo o Comando Sub-Regional de Emerg\u00eancia e Prote\u00e7\u00e3o Civil do Baixo Alentejo. A habita\u00e7\u00e3o tem paredes em taipa e as chuvas intensas podem ter originado infiltra\u00e7\u00f5es que levaram ao desabamento. O presidente da C\u00e2mara de Ourique informou que os tr\u00eas moradores v\u00e3o ser realojados temporariamente numa casa do munic\u00edpio. As opera\u00e7\u00f5es envolveram os Bombeiros de Ourique e o Servi\u00e7o Municipal de Prote\u00e7\u00e3o Civil.\" \/>\n<meta property=\"og:url\" content=\"https:\/\/portaltela.pt\/noticias\/2026\/02\/04\/casal-e-filho-desalojados-apos-casa-desabar-parcialmente-em-ourique\/\" \/>\n<meta property=\"og:site_name\" content=\"Portal Tela Portugal\" \/>\n<meta property=\"article:published_time\" content=\"2026-02-04T10:19:27+00:00\" \/>\n<meta name=\"author\" content=\"Telinha\" \/>\n<meta name=\"twitter:card\" content=\"summary_large_image\" \/>\n<meta name=\"twitter:label1\" content=\"Escrito por\" \/>\n\t<meta name=\"twitter:data1\" content=\"Telinha\" \/>\n\t<meta name=\"twitter:label2\" content=\"Tempo estimado de leitura\" \/>\n\t<meta name=\"twitter:data2\" content=\"1 minuto\" \/>\n<script type=\"application\/ld+json\" class=\"yoast-schema-graph\">{\"@context\":\"https:\/\/schema.org\",\"@graph\":[{\"@type\":\"Article\",\"@id\":\"https:\/\/portaltela.pt\/noticias\/2026\/02\/04\/casal-e-filho-desalojados-apos-casa-desabar-parcialmente-em-ourique\/#article\",\"isPartOf\":{\"@id\":\"https:\/\/portaltela.pt\/noticias\/2026\/02\/04\/casal-e-filho-desalojados-apos-casa-desabar-parcialmente-em-ourique\/\"},\"author\":{\"name\":\"Telinha\",\"@id\":\"https:\/\/portaltela.pt\/#\/schema\/person\/c4278d4a6028830caff9ee44b42d32ed\"},\"headline\":\"Casal e filho desalojados ap\u00f3s casa desabar parcialmente em Ourique\",\"datePublished\":\"2026-02-04T10:19:27+00:00\",\"mainEntityOfPage\":{\"@id\":\"https:\/\/portaltela.pt\/noticias\/2026\/02\/04\/casal-e-filho-desalojados-apos-casa-desabar-parcialmente-em-ourique\/\"},\"wordCount\":174,\"image\":{\"@id\":\"https:\/\/portaltela.pt\/noticias\/2026\/02\/04\/casal-e-filho-desalojados-apos-casa-desabar-parcialmente-em-ourique\/#primaryimage\"},\"thumbnailUrl\":\"https:\/\/portaltela.pt\/s.01k8rhncp4jt1\/2026\/02\/img_1500x1000uu2021-11-28-22-16-00-1104050-1.jpg\",\"keywords\":[\"bombeiros\",\"chuva\",\"desabrigos\",\"desalojados\",\"Ourique\",\"prote\u00e7\u00e3o civil\"],\"articleSection\":[\"Not\u00edcias\"],\"inLanguage\":\"pt-PT\"},{\"@type\":\"WebPage\",\"@id\":\"https:\/\/portaltela.pt\/noticias\/2026\/02\/04\/casal-e-filho-desalojados-apos-casa-desabar-parcialmente-em-ourique\/\",\"url\":\"https:\/\/portaltela.pt\/noticias\/2026\/02\/04\/casal-e-filho-desalojados-apos-casa-desabar-parcialmente-em-ourique\/\",\"name\":\"Casal e filho desalojados ap\u00f3s casa desabar parcialmente em Ourique - Portal Tela Portugal\",\"isPartOf\":{\"@id\":\"https:\/\/portaltela.pt\/#website\"},\"primaryImageOfPage\":{\"@id\":\"https:\/\/portaltela.pt\/noticias\/2026\/02\/04\/casal-e-filho-desalojados-apos-casa-desabar-parcialmente-em-ourique\/#primaryimage\"},\"image\":{\"@id\":\"https:\/\/portaltela.pt\/noticias\/2026\/02\/04\/casal-e-filho-desalojados-apos-casa-desabar-parcialmente-em-ourique\/#primaryimage\"},\"thumbnailUrl\":\"https:\/\/portaltela.pt\/s.01k8rhncp4jt1\/2026\/02\/img_1500x1000uu2021-11-28-22-16-00-1104050-1.jpg\",\"datePublished\":\"2026-02-04T10:19:27+00:00\",\"author\":{\"@id\":\"https:\/\/portaltela.pt\/#\/schema\/person\/c4278d4a6028830caff9ee44b42d32ed\"},\"breadcrumb\":{\"@id\":\"https:\/\/portaltela.pt\/noticias\/2026\/02\/04\/casal-e-filho-desalojados-apos-casa-desabar-parcialmente-em-ourique\/#breadcrumb\"},\"inLanguage\":\"pt-PT\",\"potentialAction\":[{\"@type\":\"ReadAction\",\"target\":[\"https:\/\/portaltela.pt\/noticias\/2026\/02\/04\/casal-e-filho-desalojados-apos-casa-desabar-parcialmente-em-ourique\/\"]}]},{\"@type\":\"ImageObject\",\"inLanguage\":\"pt-PT\",\"@id\":\"https:\/\/portaltela.pt\/noticias\/2026\/02\/04\/casal-e-filho-desalojados-apos-casa-desabar-parcialmente-em-ourique\/#primaryimage\",\"url\":\"https:\/\/portaltela.pt\/s.01k8rhncp4jt1\/2026\/02\/img_1500x1000uu2021-11-28-22-16-00-1104050-1.jpg\",\"contentUrl\":\"https:\/\/portaltela.pt\/s.01k8rhncp4jt1\/2026\/02\/img_1500x1000uu2021-11-28-22-16-00-1104050-1.jpg\",\"width\":796,\"height\":448,\"caption\":\"Bombeiros\"},{\"@type\":\"BreadcrumbList\",\"@id\":\"https:\/\/portaltela.pt\/noticias\/2026\/02\/04\/casal-e-filho-desalojados-apos-casa-desabar-parcialmente-em-ourique\/#breadcrumb\",\"itemListElement\":[{\"@type\":\"ListItem\",\"position\":1,\"name\":\"In\u00edcio\",\"item\":\"https:\/\/portaltela.pt\/\"},{\"@type\":\"ListItem\",\"position\":2,\"name\":\"Casal e filho desalojados ap\u00f3s casa desabar parcialmente em Ourique\"}]},{\"@type\":\"WebSite\",\"@id\":\"https:\/\/portaltela.pt\/#website\",\"url\":\"https:\/\/portaltela.pt\/\",\"name\":\"Portal Tela Portugal\",\"description\":\"\",\"potentialAction\":[{\"@type\":\"SearchAction\",\"target\":{\"@type\":\"EntryPoint\",\"urlTemplate\":\"https:\/\/portaltela.pt\/?s={search_term_string}\"},\"query-input\":{\"@type\":\"PropertyValueSpecification\",\"valueRequired\":true,\"valueName\":\"search_term_string\"}}],\"inLanguage\":\"pt-PT\"},{\"@type\":\"Person\",\"@id\":\"https:\/\/portaltela.pt\/#\/schema\/person\/c4278d4a6028830caff9ee44b42d32ed\",\"name\":\"Telinha\",\"image\":{\"@type\":\"ImageObject\",\"inLanguage\":\"pt-PT\",\"@id\":\"https:\/\/portaltela.pt\/s.01k8rhncp4jt1\/2025\/11\/talking-bot-125x125.png\",\"url\":\"https:\/\/portaltela.pt\/s.01k8rhncp4jt1\/2025\/11\/talking-bot-125x125.png\",\"contentUrl\":\"https:\/\/portaltela.pt\/s.01k8rhncp4jt1\/2025\/11\/talking-bot-125x125.png\",\"caption\":\"Telinha\"},\"sameAs\":[\"https:\/\/portaltela.pt\/\"],\"url\":\"https:\/\/portaltela.pt\/por\/367410592786\/\"}]}<\/script>\n<!-- \/ Yoast SEO plugin. -->","yoast_head_json":{"title":"Casal e filho desalojados ap\u00f3s casa desabar parcialmente em Ourique - Portal Tela Portugal","robots":{"index":"index","follow":"follow","max-snippet":"max-snippet:-1","max-image-preview":"max-image-preview:large","max-video-preview":"max-video-preview:-1"},"og_locale":"pt_PT","og_type":"article","og_title":"Casal e filho desalojados ap\u00f3s casa desabar parcialmente em Ourique - Portal Tela Portugal","og_description":"Casal com cerca de 70 anos e o filho de 40 ficaram desalojados ap\u00f3s a casa desabar parcialmente, em Foros da Favela, Ourique (Beja). O alerta para o desabamento foi dado \u00e0s 07:57, segundo o Comando Sub-Regional de Emerg\u00eancia e Prote\u00e7\u00e3o Civil do Baixo Alentejo. A habita\u00e7\u00e3o tem paredes em taipa e as chuvas intensas podem ter originado infiltra\u00e7\u00f5es que levaram ao desabamento. O presidente da C\u00e2mara de Ourique informou que os tr\u00eas moradores v\u00e3o ser realojados temporariamente numa casa do munic\u00edpio. As opera\u00e7\u00f5es envolveram os Bombeiros de Ourique e o Servi\u00e7o Municipal de Prote\u00e7\u00e3o Civil.","og_url":"https:\/\/portaltela.pt\/noticias\/2026\/02\/04\/casal-e-filho-desalojados-apos-casa-desabar-parcialmente-em-ourique\/","og_site_name":"Portal Tela Portugal","article_published_time":"2026-02-04T10:19:27+00:00","author":"Telinha","twitter_card":"summary_large_image","twitter_misc":{"Escrito por":"Telinha","Tempo estimado de leitura":"1 minuto"},"schema":{"@context":"https:\/\/schema.org","@graph":[{"@type":"Article","@id":"https:\/\/portaltela.pt\/noticias\/2026\/02\/04\/casal-e-filho-desalojados-apos-casa-desabar-parcialmente-em-ourique\/#article","isPartOf":{"@id":"https:\/\/portaltela.pt\/noticias\/2026\/02\/04\/casal-e-filho-desalojados-apos-casa-desabar-parcialmente-em-ourique\/"},"author":{"name":"Telinha","@id":"https:\/\/portaltela.pt\/#\/schema\/person\/c4278d4a6028830caff9ee44b42d32ed"},"headline":"Casal e filho desalojados ap\u00f3s casa desabar parcialmente em Ourique","datePublished":"2026-02-04T10:19:27+00:00","mainEntityOfPage":{"@id":"https:\/\/portaltela.pt\/noticias\/2026\/02\/04\/casal-e-filho-desalojados-apos-casa-desabar-parcialmente-em-ourique\/"},"wordCount":174,"image":{"@id":"https:\/\/portaltela.pt\/noticias\/2026\/02\/04\/casal-e-filho-desalojados-apos-casa-desabar-parcialmente-em-ourique\/#primaryimage"},"thumbnailUrl":"https:\/\/portaltela.pt\/s.01k8rhncp4jt1\/2026\/02\/img_1500x1000uu2021-11-28-22-16-00-1104050-1.jpg","keywords":["bombeiros","chuva","desabrigos","desalojados","Ourique","prote\u00e7\u00e3o civil"],"articleSection":["Not\u00edcias"],"inLanguage":"pt-PT"},{"@type":"WebPage","@id":"https:\/\/portaltela.pt\/noticias\/2026\/02\/04\/casal-e-filho-desalojados-apos-casa-desabar-parcialmente-em-ourique\/","url":"https:\/\/portaltela.pt\/noticias\/2026\/02\/04\/casal-e-filho-desalojados-apos-casa-desabar-parcialmente-em-ourique\/","name":"Casal e filho desalojados ap\u00f3s casa desabar parcialmente em Ourique - Portal Tela Portugal","isPartOf":{"@id":"https:\/\/portaltela.pt\/#website"},"primaryImageOfPage":{"@id":"https:\/\/portaltela.pt\/noticias\/2026\/02\/04\/casal-e-filho-desalojados-apos-casa-desabar-parcialmente-em-ourique\/#primaryimage"},"image":{"@id":"https:\/\/portaltela.pt\/noticias\/2026\/02\/04\/casal-e-filho-desalojados-apos-casa-desabar-parcialmente-em-ourique\/#primaryimage"},"thumbnailUrl":"https:\/\/portaltela.pt\/s.01k8rhncp4jt1\/2026\/02\/img_1500x1000uu2021-11-28-22-16-00-1104050-1.jpg","datePublished":"2026-02-04T10:19:27+00:00","author":{"@id":"https:\/\/portaltela.pt\/#\/schema\/person\/c4278d4a6028830caff9ee44b42d32ed"},"breadcrumb":{"@id":"https:\/\/portaltela.pt\/noticias\/2026\/02\/04\/casal-e-filho-desalojados-apos-casa-desabar-parcialmente-em-ourique\/#breadcrumb"},"inLanguage":"pt-PT","potentialAction":[{"@type":"ReadAction","target":["https:\/\/portaltela.pt\/noticias\/2026\/02\/04\/casal-e-filho-desalojados-apos-casa-desabar-parcialmente-em-ourique\/"]}]},{"@type":"ImageObject","inLanguage":"pt-PT","@id":"https:\/\/portaltela.pt\/noticias\/2026\/02\/04\/casal-e-filho-desalojados-apos-casa-desabar-parcialmente-em-ourique\/#primaryimage","url":"https:\/\/portaltela.pt\/s.01k8rhncp4jt1\/2026\/02\/img_1500x1000uu2021-11-28-22-16-00-1104050-1.jpg","contentUrl":"https:\/\/portaltela.pt\/s.01k8rhncp4jt1\/2026\/02\/img_1500x1000uu2021-11-28-22-16-00-1104050-1.jpg","width":796,"height":448,"caption":"Bombeiros"},{"@type":"BreadcrumbList","@id":"https:\/\/portaltela.pt\/noticias\/2026\/02\/04\/casal-e-filho-desalojados-apos-casa-desabar-parcialmente-em-ourique\/#breadcrumb","itemListElement":[{"@type":"ListItem","position":1,"name":"In\u00edcio","item":"https:\/\/portaltela.pt\/"},{"@type":"ListItem","position":2,"name":"Casal e filho desalojados ap\u00f3s casa desabar parcialmente em Ourique"}]},{"@type":"WebSite","@id":"https:\/\/portaltela.pt\/#website","url":"https:\/\/portaltela.pt\/","name":"Portal Tela Portugal","description":"","potentialAction":[{"@type":"SearchAction","target":{"@type":"EntryPoint","urlTemplate":"https:\/\/portaltela.pt\/?s={search_term_string}"},"query-input":{"@type":"PropertyValueSpecification","valueRequired":true,"valueName":"search_term_string"}}],"inLanguage":"pt-PT"},{"@type":"Person","@id":"https:\/\/portaltela.pt\/#\/schema\/person\/c4278d4a6028830caff9ee44b42d32ed","name":"Telinha","image":{"@type":"ImageObject","inLanguage":"pt-PT","@id":"https:\/\/portaltela.pt\/s.01k8rhncp4jt1\/2025\/11\/talking-bot-125x125.png","url":"https:\/\/portaltela.pt\/s.01k8rhncp4jt1\/2025\/11\/talking-bot-125x125.png","contentUrl":"https:\/\/portaltela.pt\/s.01k8rhncp4jt1\/2025\/11\/talking-bot-125x125.png","caption":"Telinha"},"sameAs":["https:\/\/portaltela.pt\/"],"url":"https:\/\/portaltela.pt\/por\/367410592786\/"}]}},"_links":{"self":[{"href":"https:\/\/portaltela.pt\/api\/wp\/v2\/posts\/196108","targetHints":{"allow":["GET"]}}],"collection":[{"href":"https:\/\/portaltela.pt\/api\/wp\/v2\/posts"}],"about":[{"href":"https:\/\/portaltela.pt\/api\/wp\/v2\/types\/post"}],"author":[{"embeddable":true,"href":"https:\/\/portaltela.pt\/api\/wp\/v2\/users\/2"}],"replies":[{"embeddable":true,"href":"https:\/\/portaltela.pt\/api\/wp\/v2\/comments?post=196108"}],"version-history":[{"count":0,"href":"https:\/\/portaltela.pt\/api\/wp\/v2\/posts\/196108\/revisions"}],"wp:featuredmedia":[{"embeddable":true,"href":"https:\/\/portaltela.pt\/api\/wp\/v2\/media\/196112"}],"wp:attachment":[{"href":"https:\/\/portaltela.pt\/api\/wp\/v2\/media?parent=196108"}],"wp:term":[{"taxonomy":"category","embeddable":true,"href":"https:\/\/portaltela.pt\/api\/wp\/v2\/categories?post=196108"},{"taxonomy":"post_tag","embeddable":true,"href":"https:\/\/portaltela.pt\/api\/wp\/v2\/tags?post=196108"}],"curies":[{"name":"wp","href":"https:\/\/api.w.org\/{rel}","templated":true}]}}