{"id":196092,"date":"2026-02-04T06:49:00","date_gmt":"2026-02-04T09:49:00","guid":{"rendered":"https:\/\/portaltela.pt\/noticias\/2026\/02\/04\/doentes-oncologicos-operados-aumentaram-67-em-cinco-anos\/"},"modified":"2026-02-04T06:49:00","modified_gmt":"2026-02-04T09:49:00","slug":"doentes-oncologicos-operados-aumentaram-67-em-cinco-anos","status":"publish","type":"post","link":"https:\/\/portaltela.pt\/noticias\/2026\/02\/04\/doentes-oncologicos-operados-aumentaram-67-em-cinco-anos\/","title":{"rendered":"Doentes oncol\u00f3gicos operados aumentaram 67% em cinco anos"},"content":{"rendered":"<p>O n\u00famero de doentes operados por doen\u00e7a oncol\u00f3gica cresceu 67% em cinco anos, indicam dados da DGS. Em 2024, um em cada quatro pacientes operados ficou acima do Tempo M\u00e1ximo de Resposta Garantida (TMRG).<\/p>\n<p>Entre 2020 e 2024, houve mais 31.178 cirurgias oncol\u00f3gicas. No intervalo 2023-2024 o aumento atingiu 9.441 pacientes operados, em pleno programa de redu\u00e7\u00e3o de listas de espera OncoStop.<\/p>\n<p>Nos dados divulgado no Dia Mundial de Luta Contra o Cancro, a DGS reconhece que o n\u00famero de doentes tratados com quimioterapia e imunoterapia tem aumentado, com maior presen\u00e7a de tratamentos em ambulat\u00f3rio. Em 2024, mais de 400.000 pacientes receberam alguma forma de tratamento, refletindo um incremento de 10% na radioterapia e na quimio\/imunoterapia.<\/p>\n<h3>Acesso a terapias inovadoras e m\u00e9tricas de mortalidade<\/h3>\n<p>Houve tamb\u00e9m um aumento de doentes com acesso a terapias inovadoras, incluindo CAR-T. A DGS destaca uma redu\u00e7\u00e3o do risco de morte por tumores malignos abaixo dos 75 anos entre 2019 e 2023, associada a melhoria na preven\u00e7\u00e3o e nos rastreios.<\/p>\n<p>Isabel Fernandes, diretora do Programa Nacional para as Doen\u00e7as Oncol\u00f3gicas, refor\u00e7a que a sobreviv\u00eancia aos cinco anos para cancro de mama e de pr\u00f3stata est\u00e1 acima de 90% e 96%, respetivamente. A especialista ressalva a melhoria global da mortalidade padronizada, apesar do aumento de \u00f3bitos absoluto.<\/p>\n<p>Portugal apresenta sobreviv\u00eancia a cinco anos acima da m\u00e9dia europeia, com cerca de 240 \u00f3bitos por 100.000 habitantes face a 250 na Uni\u00e3o Europeia. Os dados indicam que a sobreviv\u00eancia global \u00e9 menor nos homens do que nas mulheres.<\/p>\n<p>Segundo a DGS, as doen\u00e7as oncol\u00f3gicas representam uma das principais causas de anos potenciais de vida perdidos em Portugal, destacando o cancro de pulm\u00e3o e as neoplasias digestivas como fatores relevantes.<\/p>\n","protected":false},"excerpt":{"rendered":"<ul>\n<li>O n\u00famero de doentes operados por doen\u00e7a oncol\u00f3gica aumentou 67% em cinco anos (2020 a 2024), correspondendo a mais 31.178 cirurgias; entre 2023 e 2024 houve um aumento de 9.441 operados.<\/li>\n<li>Em 2024, mais de 20.000 doentes oncol\u00f3gicos foram operados acima do Tempo M\u00e1ximo de Resposta Garantida (TMRG), ou seja, 25,4% do total.<\/li>\n<li>O tratamento de quimioterapia e imunoterapia evoluiu, com mais de 400.000 doentes em 2024, refletindo um aumento de 10% na radioterapia e quimioterapia\/imunoterapia, e maior acesso a terapias inovadoras como as c\u00e9lulas CAR-T.<\/li>\n<li>A diretora do Programa Nacional para as Doen\u00e7as Oncol\u00f3gicas, Isabel Fernandes, destaca a sobreviv\u00eancia a cinco anos para cancro de mama e de pr\u00f3stata (&gt; 90% e ~96%), al\u00e9m da redu\u00e7\u00e3o da mortalidade padronizada por tumores malignos.<\/li>\n<li>Portugal apresenta sobreviv\u00eancia a cinco anos acima da m\u00e9dia europeia; as doen\u00e7as oncol\u00f3gicas continuam entre as principais causas de anos potenciais de vida perdidos (YPVP), com 47.381 YPVP, perto do dobro do total de doen\u00e7as cerebrovasculares.<\/li>\n<\/ul>\n","protected":false},"author":2,"featured_media":196093,"comment_status":"closed","ping_status":"closed","sticky":false,"template":"","format":"standard","meta":{"footnotes":""},"categories":[1],"tags":[5364,1874,61,3994,924,172],"class_list":["post-196092","post","type-post","status-publish","format-standard","has-post-thumbnail","hentry","category-noticias","tag-ambulatorios","tag-cancer","tag-doencas","tag-oncologia","tag-quimioterapia","tag-saude"],"yoast_head":"<!-- This site is optimized with the Yoast SEO plugin v27.2 - https:\/\/yoast.com\/product\/yoast-seo-wordpress\/ -->\n<title>Doentes oncol\u00f3gicos operados aumentaram 67% em cinco anos - Portal Tela Portugal<\/title>\n<meta name=\"robots\" content=\"index, follow, max-snippet:-1, max-image-preview:large, max-video-preview:-1\" \/>\n<meta property=\"og:locale\" content=\"pt_PT\" \/>\n<meta property=\"og:type\" content=\"article\" \/>\n<meta property=\"og:title\" content=\"Doentes oncol\u00f3gicos operados aumentaram 67% em cinco anos - Portal Tela Portugal\" \/>\n<meta property=\"og:description\" content=\"O n\u00famero de doentes operados por doen\u00e7a oncol\u00f3gica aumentou 67% em cinco anos (2020 a 2024), correspondendo a mais 31.178 cirurgias; entre 2023 e 2024 houve um aumento de 9.441 operados. Em 2024, mais de 20.000 doentes oncol\u00f3gicos foram operados acima do Tempo M\u00e1ximo de Resposta Garantida (TMRG), ou seja, 25,4% do total. O tratamento de quimioterapia e imunoterapia evoluiu, com mais de 400.000 doentes em 2024, refletindo um aumento de 10% na radioterapia e quimioterapia\/imunoterapia, e maior acesso a terapias inovadoras como as c\u00e9lulas CAR-T. A diretora do Programa Nacional para as Doen\u00e7as Oncol\u00f3gicas, Isabel Fernandes, destaca a sobreviv\u00eancia a cinco anos para cancro de mama e de pr\u00f3stata (&gt; 90% e ~96%), al\u00e9m da redu\u00e7\u00e3o da mortalidade padronizada por tumores malignos. Portugal apresenta sobreviv\u00eancia a cinco anos acima da m\u00e9dia europeia; as doen\u00e7as oncol\u00f3gicas continuam entre as principais causas de anos potenciais de vida perdidos (YPVP), com 47.381 YPVP, perto do dobro do total de doen\u00e7as cerebrovasculares.\" \/>\n<meta property=\"og:url\" content=\"https:\/\/portaltela.pt\/noticias\/2026\/02\/04\/doentes-oncologicos-operados-aumentaram-67-em-cinco-anos\/\" \/>\n<meta property=\"og:site_name\" content=\"Portal Tela Portugal\" \/>\n<meta property=\"article:published_time\" content=\"2026-02-04T09:49:00+00:00\" \/>\n<meta name=\"author\" content=\"Telinha\" \/>\n<meta name=\"twitter:card\" content=\"summary_large_image\" \/>\n<meta name=\"twitter:label1\" content=\"Escrito por\" \/>\n\t<meta name=\"twitter:data1\" content=\"Telinha\" \/>\n\t<meta name=\"twitter:label2\" content=\"Tempo estimado de leitura\" \/>\n\t<meta name=\"twitter:data2\" content=\"1 minuto\" \/>\n<script type=\"application\/ld+json\" class=\"yoast-schema-graph\">{\"@context\":\"https:\/\/schema.org\",\"@graph\":[{\"@type\":\"Article\",\"@id\":\"https:\/\/portaltela.pt\/noticias\/2026\/02\/04\/doentes-oncologicos-operados-aumentaram-67-em-cinco-anos\/#article\",\"isPartOf\":{\"@id\":\"https:\/\/portaltela.pt\/noticias\/2026\/02\/04\/doentes-oncologicos-operados-aumentaram-67-em-cinco-anos\/\"},\"author\":{\"name\":\"Telinha\",\"@id\":\"https:\/\/portaltela.pt\/#\/schema\/person\/c4278d4a6028830caff9ee44b42d32ed\"},\"headline\":\"Doentes oncol\u00f3gicos operados aumentaram 67% em cinco anos\",\"datePublished\":\"2026-02-04T09:49:00+00:00\",\"mainEntityOfPage\":{\"@id\":\"https:\/\/portaltela.pt\/noticias\/2026\/02\/04\/doentes-oncologicos-operados-aumentaram-67-em-cinco-anos\/\"},\"wordCount\":297,\"image\":{\"@id\":\"https:\/\/portaltela.pt\/noticias\/2026\/02\/04\/doentes-oncologicos-operados-aumentaram-67-em-cinco-anos\/#primaryimage\"},\"thumbnailUrl\":\"https:\/\/portaltela.pt\/s.01k8rhncp4jt1\/2026\/02\/unnamed-file-1144.jpg\",\"keywords\":[\"ambulat\u00f3rios\",\"C\u00e2ncer\",\"doen\u00e7as\",\"Oncologia\",\"quimioterapia\",\"sa\u00fade\"],\"articleSection\":[\"Not\u00edcias\"],\"inLanguage\":\"pt-PT\"},{\"@type\":\"WebPage\",\"@id\":\"https:\/\/portaltela.pt\/noticias\/2026\/02\/04\/doentes-oncologicos-operados-aumentaram-67-em-cinco-anos\/\",\"url\":\"https:\/\/portaltela.pt\/noticias\/2026\/02\/04\/doentes-oncologicos-operados-aumentaram-67-em-cinco-anos\/\",\"name\":\"Doentes oncol\u00f3gicos operados aumentaram 67% em cinco anos - Portal Tela Portugal\",\"isPartOf\":{\"@id\":\"https:\/\/portaltela.pt\/#website\"},\"primaryImageOfPage\":{\"@id\":\"https:\/\/portaltela.pt\/noticias\/2026\/02\/04\/doentes-oncologicos-operados-aumentaram-67-em-cinco-anos\/#primaryimage\"},\"image\":{\"@id\":\"https:\/\/portaltela.pt\/noticias\/2026\/02\/04\/doentes-oncologicos-operados-aumentaram-67-em-cinco-anos\/#primaryimage\"},\"thumbnailUrl\":\"https:\/\/portaltela.pt\/s.01k8rhncp4jt1\/2026\/02\/unnamed-file-1144.jpg\",\"datePublished\":\"2026-02-04T09:49:00+00:00\",\"author\":{\"@id\":\"https:\/\/portaltela.pt\/#\/schema\/person\/c4278d4a6028830caff9ee44b42d32ed\"},\"breadcrumb\":{\"@id\":\"https:\/\/portaltela.pt\/noticias\/2026\/02\/04\/doentes-oncologicos-operados-aumentaram-67-em-cinco-anos\/#breadcrumb\"},\"inLanguage\":\"pt-PT\",\"potentialAction\":[{\"@type\":\"ReadAction\",\"target\":[\"https:\/\/portaltela.pt\/noticias\/2026\/02\/04\/doentes-oncologicos-operados-aumentaram-67-em-cinco-anos\/\"]}]},{\"@type\":\"ImageObject\",\"inLanguage\":\"pt-PT\",\"@id\":\"https:\/\/portaltela.pt\/noticias\/2026\/02\/04\/doentes-oncologicos-operados-aumentaram-67-em-cinco-anos\/#primaryimage\",\"url\":\"https:\/\/portaltela.pt\/s.01k8rhncp4jt1\/2026\/02\/unnamed-file-1144.jpg\",\"contentUrl\":\"https:\/\/portaltela.pt\/s.01k8rhncp4jt1\/2026\/02\/unnamed-file-1144.jpg\",\"width\":796,\"height\":448,\"caption\":\"Foto Shutterstock\"},{\"@type\":\"BreadcrumbList\",\"@id\":\"https:\/\/portaltela.pt\/noticias\/2026\/02\/04\/doentes-oncologicos-operados-aumentaram-67-em-cinco-anos\/#breadcrumb\",\"itemListElement\":[{\"@type\":\"ListItem\",\"position\":1,\"name\":\"In\u00edcio\",\"item\":\"https:\/\/portaltela.pt\/\"},{\"@type\":\"ListItem\",\"position\":2,\"name\":\"Doentes oncol\u00f3gicos operados aumentaram 67% em cinco anos\"}]},{\"@type\":\"WebSite\",\"@id\":\"https:\/\/portaltela.pt\/#website\",\"url\":\"https:\/\/portaltela.pt\/\",\"name\":\"Portal Tela Portugal\",\"description\":\"\",\"potentialAction\":[{\"@type\":\"SearchAction\",\"target\":{\"@type\":\"EntryPoint\",\"urlTemplate\":\"https:\/\/portaltela.pt\/?s={search_term_string}\"},\"query-input\":{\"@type\":\"PropertyValueSpecification\",\"valueRequired\":true,\"valueName\":\"search_term_string\"}}],\"inLanguage\":\"pt-PT\"},{\"@type\":\"Person\",\"@id\":\"https:\/\/portaltela.pt\/#\/schema\/person\/c4278d4a6028830caff9ee44b42d32ed\",\"name\":\"Telinha\",\"image\":{\"@type\":\"ImageObject\",\"inLanguage\":\"pt-PT\",\"@id\":\"https:\/\/portaltela.pt\/s.01k8rhncp4jt1\/2025\/11\/talking-bot-125x125.png\",\"url\":\"https:\/\/portaltela.pt\/s.01k8rhncp4jt1\/2025\/11\/talking-bot-125x125.png\",\"contentUrl\":\"https:\/\/portaltela.pt\/s.01k8rhncp4jt1\/2025\/11\/talking-bot-125x125.png\",\"caption\":\"Telinha\"},\"sameAs\":[\"https:\/\/portaltela.pt\/\"],\"url\":\"https:\/\/portaltela.pt\/por\/367410592786\/\"}]}<\/script>\n<!-- \/ Yoast SEO plugin. -->","yoast_head_json":{"title":"Doentes oncol\u00f3gicos operados aumentaram 67% em cinco anos - Portal Tela Portugal","robots":{"index":"index","follow":"follow","max-snippet":"max-snippet:-1","max-image-preview":"max-image-preview:large","max-video-preview":"max-video-preview:-1"},"og_locale":"pt_PT","og_type":"article","og_title":"Doentes oncol\u00f3gicos operados aumentaram 67% em cinco anos - Portal Tela Portugal","og_description":"O n\u00famero de doentes operados por doen\u00e7a oncol\u00f3gica aumentou 67% em cinco anos (2020 a 2024), correspondendo a mais 31.178 cirurgias; entre 2023 e 2024 houve um aumento de 9.441 operados. Em 2024, mais de 20.000 doentes oncol\u00f3gicos foram operados acima do Tempo M\u00e1ximo de Resposta Garantida (TMRG), ou seja, 25,4% do total. O tratamento de quimioterapia e imunoterapia evoluiu, com mais de 400.000 doentes em 2024, refletindo um aumento de 10% na radioterapia e quimioterapia\/imunoterapia, e maior acesso a terapias inovadoras como as c\u00e9lulas CAR-T. A diretora do Programa Nacional para as Doen\u00e7as Oncol\u00f3gicas, Isabel Fernandes, destaca a sobreviv\u00eancia a cinco anos para cancro de mama e de pr\u00f3stata (&gt; 90% e ~96%), al\u00e9m da redu\u00e7\u00e3o da mortalidade padronizada por tumores malignos. Portugal apresenta sobreviv\u00eancia a cinco anos acima da m\u00e9dia europeia; as doen\u00e7as oncol\u00f3gicas continuam entre as principais causas de anos potenciais de vida perdidos (YPVP), com 47.381 YPVP, perto do dobro do total de doen\u00e7as cerebrovasculares.","og_url":"https:\/\/portaltela.pt\/noticias\/2026\/02\/04\/doentes-oncologicos-operados-aumentaram-67-em-cinco-anos\/","og_site_name":"Portal Tela Portugal","article_published_time":"2026-02-04T09:49:00+00:00","author":"Telinha","twitter_card":"summary_large_image","twitter_misc":{"Escrito por":"Telinha","Tempo estimado de leitura":"1 minuto"},"schema":{"@context":"https:\/\/schema.org","@graph":[{"@type":"Article","@id":"https:\/\/portaltela.pt\/noticias\/2026\/02\/04\/doentes-oncologicos-operados-aumentaram-67-em-cinco-anos\/#article","isPartOf":{"@id":"https:\/\/portaltela.pt\/noticias\/2026\/02\/04\/doentes-oncologicos-operados-aumentaram-67-em-cinco-anos\/"},"author":{"name":"Telinha","@id":"https:\/\/portaltela.pt\/#\/schema\/person\/c4278d4a6028830caff9ee44b42d32ed"},"headline":"Doentes oncol\u00f3gicos operados aumentaram 67% em cinco anos","datePublished":"2026-02-04T09:49:00+00:00","mainEntityOfPage":{"@id":"https:\/\/portaltela.pt\/noticias\/2026\/02\/04\/doentes-oncologicos-operados-aumentaram-67-em-cinco-anos\/"},"wordCount":297,"image":{"@id":"https:\/\/portaltela.pt\/noticias\/2026\/02\/04\/doentes-oncologicos-operados-aumentaram-67-em-cinco-anos\/#primaryimage"},"thumbnailUrl":"https:\/\/portaltela.pt\/s.01k8rhncp4jt1\/2026\/02\/unnamed-file-1144.jpg","keywords":["ambulat\u00f3rios","C\u00e2ncer","doen\u00e7as","Oncologia","quimioterapia","sa\u00fade"],"articleSection":["Not\u00edcias"],"inLanguage":"pt-PT"},{"@type":"WebPage","@id":"https:\/\/portaltela.pt\/noticias\/2026\/02\/04\/doentes-oncologicos-operados-aumentaram-67-em-cinco-anos\/","url":"https:\/\/portaltela.pt\/noticias\/2026\/02\/04\/doentes-oncologicos-operados-aumentaram-67-em-cinco-anos\/","name":"Doentes oncol\u00f3gicos operados aumentaram 67% em cinco anos - Portal Tela Portugal","isPartOf":{"@id":"https:\/\/portaltela.pt\/#website"},"primaryImageOfPage":{"@id":"https:\/\/portaltela.pt\/noticias\/2026\/02\/04\/doentes-oncologicos-operados-aumentaram-67-em-cinco-anos\/#primaryimage"},"image":{"@id":"https:\/\/portaltela.pt\/noticias\/2026\/02\/04\/doentes-oncologicos-operados-aumentaram-67-em-cinco-anos\/#primaryimage"},"thumbnailUrl":"https:\/\/portaltela.pt\/s.01k8rhncp4jt1\/2026\/02\/unnamed-file-1144.jpg","datePublished":"2026-02-04T09:49:00+00:00","author":{"@id":"https:\/\/portaltela.pt\/#\/schema\/person\/c4278d4a6028830caff9ee44b42d32ed"},"breadcrumb":{"@id":"https:\/\/portaltela.pt\/noticias\/2026\/02\/04\/doentes-oncologicos-operados-aumentaram-67-em-cinco-anos\/#breadcrumb"},"inLanguage":"pt-PT","potentialAction":[{"@type":"ReadAction","target":["https:\/\/portaltela.pt\/noticias\/2026\/02\/04\/doentes-oncologicos-operados-aumentaram-67-em-cinco-anos\/"]}]},{"@type":"ImageObject","inLanguage":"pt-PT","@id":"https:\/\/portaltela.pt\/noticias\/2026\/02\/04\/doentes-oncologicos-operados-aumentaram-67-em-cinco-anos\/#primaryimage","url":"https:\/\/portaltela.pt\/s.01k8rhncp4jt1\/2026\/02\/unnamed-file-1144.jpg","contentUrl":"https:\/\/portaltela.pt\/s.01k8rhncp4jt1\/2026\/02\/unnamed-file-1144.jpg","width":796,"height":448,"caption":"Foto Shutterstock"},{"@type":"BreadcrumbList","@id":"https:\/\/portaltela.pt\/noticias\/2026\/02\/04\/doentes-oncologicos-operados-aumentaram-67-em-cinco-anos\/#breadcrumb","itemListElement":[{"@type":"ListItem","position":1,"name":"In\u00edcio","item":"https:\/\/portaltela.pt\/"},{"@type":"ListItem","position":2,"name":"Doentes oncol\u00f3gicos operados aumentaram 67% em cinco anos"}]},{"@type":"WebSite","@id":"https:\/\/portaltela.pt\/#website","url":"https:\/\/portaltela.pt\/","name":"Portal Tela Portugal","description":"","potentialAction":[{"@type":"SearchAction","target":{"@type":"EntryPoint","urlTemplate":"https:\/\/portaltela.pt\/?s={search_term_string}"},"query-input":{"@type":"PropertyValueSpecification","valueRequired":true,"valueName":"search_term_string"}}],"inLanguage":"pt-PT"},{"@type":"Person","@id":"https:\/\/portaltela.pt\/#\/schema\/person\/c4278d4a6028830caff9ee44b42d32ed","name":"Telinha","image":{"@type":"ImageObject","inLanguage":"pt-PT","@id":"https:\/\/portaltela.pt\/s.01k8rhncp4jt1\/2025\/11\/talking-bot-125x125.png","url":"https:\/\/portaltela.pt\/s.01k8rhncp4jt1\/2025\/11\/talking-bot-125x125.png","contentUrl":"https:\/\/portaltela.pt\/s.01k8rhncp4jt1\/2025\/11\/talking-bot-125x125.png","caption":"Telinha"},"sameAs":["https:\/\/portaltela.pt\/"],"url":"https:\/\/portaltela.pt\/por\/367410592786\/"}]}},"_links":{"self":[{"href":"https:\/\/portaltela.pt\/api\/wp\/v2\/posts\/196092","targetHints":{"allow":["GET"]}}],"collection":[{"href":"https:\/\/portaltela.pt\/api\/wp\/v2\/posts"}],"about":[{"href":"https:\/\/portaltela.pt\/api\/wp\/v2\/types\/post"}],"author":[{"embeddable":true,"href":"https:\/\/portaltela.pt\/api\/wp\/v2\/users\/2"}],"replies":[{"embeddable":true,"href":"https:\/\/portaltela.pt\/api\/wp\/v2\/comments?post=196092"}],"version-history":[{"count":0,"href":"https:\/\/portaltela.pt\/api\/wp\/v2\/posts\/196092\/revisions"}],"wp:featuredmedia":[{"embeddable":true,"href":"https:\/\/portaltela.pt\/api\/wp\/v2\/media\/196093"}],"wp:attachment":[{"href":"https:\/\/portaltela.pt\/api\/wp\/v2\/media?parent=196092"}],"wp:term":[{"taxonomy":"category","embeddable":true,"href":"https:\/\/portaltela.pt\/api\/wp\/v2\/categories?post=196092"},{"taxonomy":"post_tag","embeddable":true,"href":"https:\/\/portaltela.pt\/api\/wp\/v2\/tags?post=196092"}],"curies":[{"name":"wp","href":"https:\/\/api.w.org\/{rel}","templated":true}]}}