{"id":196081,"date":"2026-02-04T06:41:00","date_gmt":"2026-02-04T09:41:00","guid":{"rendered":"https:\/\/portaltela.pt\/noticias\/2026\/02\/04\/seguro-e-ventura-seguem-para-sul-passando-pelo-distrito-de-beja\/"},"modified":"2026-02-04T06:41:00","modified_gmt":"2026-02-04T09:41:00","slug":"seguro-e-ventura-seguem-para-sul-passando-pelo-distrito-de-beja","status":"publish","type":"post","link":"https:\/\/portaltela.pt\/noticias\/politica\/2026\/02\/04\/seguro-e-ventura-seguem-para-sul-passando-pelo-distrito-de-beja\/","title":{"rendered":"Seguro e Ventura seguem para sul, passando pelo distrito de Beja"},"content":{"rendered":"<p>O confronto pelas presidenciais continua a sul do pa\u00eds. Hoje, Ant\u00f3nio Jos\u00e9 Seguro e Andr\u00e9 Ventura seguem a campanha at\u00e9 ao distrito de Beja, onde concentram esfor\u00e7os na v\u00e9spera da segunda volta.<\/p>\n<p>Ao oitavo dia de campanha, as caravanas dos dois candidatos rumam ao sul, com Beja a figurar entre os pontos-chave. Na primeira volta, Ventura ficou a 3 300 votos de Seguro no distrito, que registou 33,70% de apoio a Seguro.<\/p>\n<p>Seguro, apoiado pelo PS, tem um almo\u00e7o marcado \u00e0s 12:30 no Cine-Castraense, em Castro Verde, conforme agenda divulgada. Quanto a Ventura, at\u00e9 \u00e0s 21:00 de ter\u00e7a-feira n\u00e3o tinham sido publicadas a\u00e7\u00f5es de campanha espec\u00edficas para Beja, sabendo-se apenas que o candidato tamb\u00e9m estaria na regi\u00e3o pela manh\u00e3.<\/p>\n<h3>Agenda na regi\u00e3o de Beja<\/h3>\n<p>Na altura, a campanha de ambos os candidatos mantinha-se em Beja, numa altura em que o pa\u00eds enfrenta uma crise provocada pelo mau tempo da \u00faltima semana. Seguros e Ventura j\u00e1 visitaram zonas afetadas pela depress\u00e3o Kristin, com abordagens distintas \u2014 o socialista numa desloca\u00e7\u00e3o acompanhada pela comunica\u00e7\u00e3o social, o outro mais presente nos locais com danos.<\/p>\n<p>O atual panorama eleitoral aponta para a segunda volta, marcada para 8 de fevereiro, entre Seguro, que na primeira volta alcan\u00e7ou 31,11% (1 755 563 votos), e Ventura, com 23,52% (1 327 021 votos). O voto antecipado decorreu no domingo anterior.<\/p>\n<p>O vencedor suceder\u00e1 a Marcelo Rebelo de Sousa, que cumpre o segundo mandato at\u00e9 mar\u00e7o. A desloca\u00e7\u00e3o para Beja insere-se numa campanha que procura responder aos impactos da tempestade recente e manter o foco nos eleitores da regi\u00e3o.<\/p>\n","protected":false},"excerpt":{"rendered":"<ul>\n<li>A campanha para a segunda volta prossegue hoje no sul do pa\u00eds, com Ant\u00f3nio Jos\u00e9 Seguro e Andr\u00e9 Ventura a passarem pelo distrito de Beja.<\/li>\n<li>Na primeira volta, Ventura ficou a 3.300 votos de Seguro no distrito de Beja, onde Seguro foi o mais votado com 33,70%.<\/li>\n<li>Seguro tem um almo\u00e7o agendado \u00e0s 12:30 no Cine-Castraense, em Castro Verde.<\/li>\n<li>Ventura ainda n\u00e3o divulgou quaisquer a\u00e7\u00f5es de campanha at\u00e9 \u00e0s 21:00, mas estar\u00e1 pelo distrito de Beja ao final da manh\u00e3.<\/li>\n<li>O pa\u00eds enfrenta a crise provocada pelo mau tempo Kristin; na primeira volta, Seguro teve 31,11% e Ventura 23,52% dos votos, com a vota\u00e7\u00e3o marcada para 8 de fevereiro e voto antecipado j\u00e1 realizado no domingo.<\/li>\n<\/ul>\n","protected":false},"author":2,"featured_media":196087,"comment_status":"closed","ping_status":"closed","sticky":false,"template":"","format":"standard","meta":{"footnotes":""},"categories":[1,5],"tags":[2655,943,5055,68,2832,30],"class_list":["post-196081","post","type-post","status-publish","format-standard","has-post-thumbnail","hentry","category-noticias","category-politica","tag-antonio-jose-seguro","tag-beja","tag-castro-verde","tag-eleicoes","tag-politica","tag-presidente"],"yoast_head":"<!-- This site is optimized with the Yoast SEO plugin v27.2 - https:\/\/yoast.com\/product\/yoast-seo-wordpress\/ -->\n<title>Seguro e Ventura seguem para sul, passando pelo distrito de Beja - Portal Tela Portugal<\/title>\n<meta name=\"robots\" content=\"index, follow, max-snippet:-1, max-image-preview:large, max-video-preview:-1\" \/>\n<meta property=\"og:locale\" content=\"pt_PT\" \/>\n<meta property=\"og:type\" content=\"article\" \/>\n<meta property=\"og:title\" content=\"Seguro e Ventura seguem para sul, passando pelo distrito de Beja - Portal Tela Portugal\" \/>\n<meta property=\"og:description\" content=\"A campanha para a segunda volta prossegue hoje no sul do pa\u00eds, com Ant\u00f3nio Jos\u00e9 Seguro e Andr\u00e9 Ventura a passarem pelo distrito de Beja. Na primeira volta, Ventura ficou a 3.300 votos de Seguro no distrito de Beja, onde Seguro foi o mais votado com 33,70%. Seguro tem um almo\u00e7o agendado \u00e0s 12:30 no Cine-Castraense, em Castro Verde. Ventura ainda n\u00e3o divulgou quaisquer a\u00e7\u00f5es de campanha at\u00e9 \u00e0s 21:00, mas estar\u00e1 pelo distrito de Beja ao final da manh\u00e3. O pa\u00eds enfrenta a crise provocada pelo mau tempo Kristin; na primeira volta, Seguro teve 31,11% e Ventura 23,52% dos votos, com a vota\u00e7\u00e3o marcada para 8 de fevereiro e voto antecipado j\u00e1 realizado no domingo.\" \/>\n<meta property=\"og:url\" content=\"https:\/\/portaltela.pt\/noticias\/2026\/02\/04\/seguro-e-ventura-seguem-para-sul-passando-pelo-distrito-de-beja\/\" \/>\n<meta property=\"og:site_name\" content=\"Portal Tela Portugal\" \/>\n<meta property=\"article:published_time\" content=\"2026-02-04T09:41:00+00:00\" \/>\n<meta name=\"author\" content=\"Telinha\" \/>\n<meta name=\"twitter:card\" content=\"summary_large_image\" \/>\n<meta name=\"twitter:label1\" content=\"Escrito por\" \/>\n\t<meta name=\"twitter:data1\" content=\"Telinha\" \/>\n\t<meta name=\"twitter:label2\" content=\"Tempo estimado de leitura\" \/>\n\t<meta name=\"twitter:data2\" content=\"1 minuto\" \/>\n<script type=\"application\/ld+json\" class=\"yoast-schema-graph\">{\"@context\":\"https:\/\/schema.org\",\"@graph\":[{\"@type\":\"Article\",\"@id\":\"https:\/\/portaltela.pt\/noticias\/2026\/02\/04\/seguro-e-ventura-seguem-para-sul-passando-pelo-distrito-de-beja\/#article\",\"isPartOf\":{\"@id\":\"https:\/\/portaltela.pt\/noticias\/2026\/02\/04\/seguro-e-ventura-seguem-para-sul-passando-pelo-distrito-de-beja\/\"},\"author\":{\"name\":\"Telinha\",\"@id\":\"https:\/\/portaltela.pt\/#\/schema\/person\/c4278d4a6028830caff9ee44b42d32ed\"},\"headline\":\"Seguro e Ventura seguem para sul, passando pelo distrito de Beja\",\"datePublished\":\"2026-02-04T09:41:00+00:00\",\"mainEntityOfPage\":{\"@id\":\"https:\/\/portaltela.pt\/noticias\/2026\/02\/04\/seguro-e-ventura-seguem-para-sul-passando-pelo-distrito-de-beja\/\"},\"wordCount\":276,\"image\":{\"@id\":\"https:\/\/portaltela.pt\/noticias\/2026\/02\/04\/seguro-e-ventura-seguem-para-sul-passando-pelo-distrito-de-beja\/#primaryimage\"},\"thumbnailUrl\":\"https:\/\/portaltela.pt\/s.01k8rhncp4jt1\/2026\/02\/unnamed-file-1142.jpg\",\"keywords\":[\"Ant\u00f3nio Jos\u00e9 Seguro\",\"Beja\",\"Castro Verde\",\"elei\u00e7\u00f5es\",\"pol\u00edtica\",\"presidente\"],\"articleSection\":[\"Not\u00edcias\",\"Pol\u00edtica\"],\"inLanguage\":\"pt-PT\"},{\"@type\":\"WebPage\",\"@id\":\"https:\/\/portaltela.pt\/noticias\/2026\/02\/04\/seguro-e-ventura-seguem-para-sul-passando-pelo-distrito-de-beja\/\",\"url\":\"https:\/\/portaltela.pt\/noticias\/2026\/02\/04\/seguro-e-ventura-seguem-para-sul-passando-pelo-distrito-de-beja\/\",\"name\":\"Seguro e Ventura seguem para sul, passando pelo distrito de Beja - Portal Tela Portugal\",\"isPartOf\":{\"@id\":\"https:\/\/portaltela.pt\/#website\"},\"primaryImageOfPage\":{\"@id\":\"https:\/\/portaltela.pt\/noticias\/2026\/02\/04\/seguro-e-ventura-seguem-para-sul-passando-pelo-distrito-de-beja\/#primaryimage\"},\"image\":{\"@id\":\"https:\/\/portaltela.pt\/noticias\/2026\/02\/04\/seguro-e-ventura-seguem-para-sul-passando-pelo-distrito-de-beja\/#primaryimage\"},\"thumbnailUrl\":\"https:\/\/portaltela.pt\/s.01k8rhncp4jt1\/2026\/02\/unnamed-file-1142.jpg\",\"datePublished\":\"2026-02-04T09:41:00+00:00\",\"author\":{\"@id\":\"https:\/\/portaltela.pt\/#\/schema\/person\/c4278d4a6028830caff9ee44b42d32ed\"},\"breadcrumb\":{\"@id\":\"https:\/\/portaltela.pt\/noticias\/2026\/02\/04\/seguro-e-ventura-seguem-para-sul-passando-pelo-distrito-de-beja\/#breadcrumb\"},\"inLanguage\":\"pt-PT\",\"potentialAction\":[{\"@type\":\"ReadAction\",\"target\":[\"https:\/\/portaltela.pt\/noticias\/2026\/02\/04\/seguro-e-ventura-seguem-para-sul-passando-pelo-distrito-de-beja\/\"]}]},{\"@type\":\"ImageObject\",\"inLanguage\":\"pt-PT\",\"@id\":\"https:\/\/portaltela.pt\/noticias\/2026\/02\/04\/seguro-e-ventura-seguem-para-sul-passando-pelo-distrito-de-beja\/#primaryimage\",\"url\":\"https:\/\/portaltela.pt\/s.01k8rhncp4jt1\/2026\/02\/unnamed-file-1142.jpg\",\"contentUrl\":\"https:\/\/portaltela.pt\/s.01k8rhncp4jt1\/2026\/02\/unnamed-file-1142.jpg\",\"width\":796,\"height\":448,\"caption\":\"Foto Shutterstock\"},{\"@type\":\"BreadcrumbList\",\"@id\":\"https:\/\/portaltela.pt\/noticias\/2026\/02\/04\/seguro-e-ventura-seguem-para-sul-passando-pelo-distrito-de-beja\/#breadcrumb\",\"itemListElement\":[{\"@type\":\"ListItem\",\"position\":1,\"name\":\"In\u00edcio\",\"item\":\"https:\/\/portaltela.pt\/\"},{\"@type\":\"ListItem\",\"position\":2,\"name\":\"Seguro e Ventura seguem para sul, passando pelo distrito de Beja\"}]},{\"@type\":\"WebSite\",\"@id\":\"https:\/\/portaltela.pt\/#website\",\"url\":\"https:\/\/portaltela.pt\/\",\"name\":\"Portal Tela Portugal\",\"description\":\"\",\"potentialAction\":[{\"@type\":\"SearchAction\",\"target\":{\"@type\":\"EntryPoint\",\"urlTemplate\":\"https:\/\/portaltela.pt\/?s={search_term_string}\"},\"query-input\":{\"@type\":\"PropertyValueSpecification\",\"valueRequired\":true,\"valueName\":\"search_term_string\"}}],\"inLanguage\":\"pt-PT\"},{\"@type\":\"Person\",\"@id\":\"https:\/\/portaltela.pt\/#\/schema\/person\/c4278d4a6028830caff9ee44b42d32ed\",\"name\":\"Telinha\",\"image\":{\"@type\":\"ImageObject\",\"inLanguage\":\"pt-PT\",\"@id\":\"https:\/\/portaltela.pt\/s.01k8rhncp4jt1\/2025\/11\/talking-bot-125x125.png\",\"url\":\"https:\/\/portaltela.pt\/s.01k8rhncp4jt1\/2025\/11\/talking-bot-125x125.png\",\"contentUrl\":\"https:\/\/portaltela.pt\/s.01k8rhncp4jt1\/2025\/11\/talking-bot-125x125.png\",\"caption\":\"Telinha\"},\"sameAs\":[\"https:\/\/portaltela.pt\/\"],\"url\":\"https:\/\/portaltela.pt\/por\/367410592786\/\"}]}<\/script>\n<!-- \/ Yoast SEO plugin. -->","yoast_head_json":{"title":"Seguro e Ventura seguem para sul, passando pelo distrito de Beja - Portal Tela Portugal","robots":{"index":"index","follow":"follow","max-snippet":"max-snippet:-1","max-image-preview":"max-image-preview:large","max-video-preview":"max-video-preview:-1"},"og_locale":"pt_PT","og_type":"article","og_title":"Seguro e Ventura seguem para sul, passando pelo distrito de Beja - Portal Tela Portugal","og_description":"A campanha para a segunda volta prossegue hoje no sul do pa\u00eds, com Ant\u00f3nio Jos\u00e9 Seguro e Andr\u00e9 Ventura a passarem pelo distrito de Beja. Na primeira volta, Ventura ficou a 3.300 votos de Seguro no distrito de Beja, onde Seguro foi o mais votado com 33,70%. Seguro tem um almo\u00e7o agendado \u00e0s 12:30 no Cine-Castraense, em Castro Verde. Ventura ainda n\u00e3o divulgou quaisquer a\u00e7\u00f5es de campanha at\u00e9 \u00e0s 21:00, mas estar\u00e1 pelo distrito de Beja ao final da manh\u00e3. O pa\u00eds enfrenta a crise provocada pelo mau tempo Kristin; na primeira volta, Seguro teve 31,11% e Ventura 23,52% dos votos, com a vota\u00e7\u00e3o marcada para 8 de fevereiro e voto antecipado j\u00e1 realizado no domingo.","og_url":"https:\/\/portaltela.pt\/noticias\/2026\/02\/04\/seguro-e-ventura-seguem-para-sul-passando-pelo-distrito-de-beja\/","og_site_name":"Portal Tela Portugal","article_published_time":"2026-02-04T09:41:00+00:00","author":"Telinha","twitter_card":"summary_large_image","twitter_misc":{"Escrito por":"Telinha","Tempo estimado de leitura":"1 minuto"},"schema":{"@context":"https:\/\/schema.org","@graph":[{"@type":"Article","@id":"https:\/\/portaltela.pt\/noticias\/2026\/02\/04\/seguro-e-ventura-seguem-para-sul-passando-pelo-distrito-de-beja\/#article","isPartOf":{"@id":"https:\/\/portaltela.pt\/noticias\/2026\/02\/04\/seguro-e-ventura-seguem-para-sul-passando-pelo-distrito-de-beja\/"},"author":{"name":"Telinha","@id":"https:\/\/portaltela.pt\/#\/schema\/person\/c4278d4a6028830caff9ee44b42d32ed"},"headline":"Seguro e Ventura seguem para sul, passando pelo distrito de Beja","datePublished":"2026-02-04T09:41:00+00:00","mainEntityOfPage":{"@id":"https:\/\/portaltela.pt\/noticias\/2026\/02\/04\/seguro-e-ventura-seguem-para-sul-passando-pelo-distrito-de-beja\/"},"wordCount":276,"image":{"@id":"https:\/\/portaltela.pt\/noticias\/2026\/02\/04\/seguro-e-ventura-seguem-para-sul-passando-pelo-distrito-de-beja\/#primaryimage"},"thumbnailUrl":"https:\/\/portaltela.pt\/s.01k8rhncp4jt1\/2026\/02\/unnamed-file-1142.jpg","keywords":["Ant\u00f3nio Jos\u00e9 Seguro","Beja","Castro Verde","elei\u00e7\u00f5es","pol\u00edtica","presidente"],"articleSection":["Not\u00edcias","Pol\u00edtica"],"inLanguage":"pt-PT"},{"@type":"WebPage","@id":"https:\/\/portaltela.pt\/noticias\/2026\/02\/04\/seguro-e-ventura-seguem-para-sul-passando-pelo-distrito-de-beja\/","url":"https:\/\/portaltela.pt\/noticias\/2026\/02\/04\/seguro-e-ventura-seguem-para-sul-passando-pelo-distrito-de-beja\/","name":"Seguro e Ventura seguem para sul, passando pelo distrito de Beja - Portal Tela Portugal","isPartOf":{"@id":"https:\/\/portaltela.pt\/#website"},"primaryImageOfPage":{"@id":"https:\/\/portaltela.pt\/noticias\/2026\/02\/04\/seguro-e-ventura-seguem-para-sul-passando-pelo-distrito-de-beja\/#primaryimage"},"image":{"@id":"https:\/\/portaltela.pt\/noticias\/2026\/02\/04\/seguro-e-ventura-seguem-para-sul-passando-pelo-distrito-de-beja\/#primaryimage"},"thumbnailUrl":"https:\/\/portaltela.pt\/s.01k8rhncp4jt1\/2026\/02\/unnamed-file-1142.jpg","datePublished":"2026-02-04T09:41:00+00:00","author":{"@id":"https:\/\/portaltela.pt\/#\/schema\/person\/c4278d4a6028830caff9ee44b42d32ed"},"breadcrumb":{"@id":"https:\/\/portaltela.pt\/noticias\/2026\/02\/04\/seguro-e-ventura-seguem-para-sul-passando-pelo-distrito-de-beja\/#breadcrumb"},"inLanguage":"pt-PT","potentialAction":[{"@type":"ReadAction","target":["https:\/\/portaltela.pt\/noticias\/2026\/02\/04\/seguro-e-ventura-seguem-para-sul-passando-pelo-distrito-de-beja\/"]}]},{"@type":"ImageObject","inLanguage":"pt-PT","@id":"https:\/\/portaltela.pt\/noticias\/2026\/02\/04\/seguro-e-ventura-seguem-para-sul-passando-pelo-distrito-de-beja\/#primaryimage","url":"https:\/\/portaltela.pt\/s.01k8rhncp4jt1\/2026\/02\/unnamed-file-1142.jpg","contentUrl":"https:\/\/portaltela.pt\/s.01k8rhncp4jt1\/2026\/02\/unnamed-file-1142.jpg","width":796,"height":448,"caption":"Foto Shutterstock"},{"@type":"BreadcrumbList","@id":"https:\/\/portaltela.pt\/noticias\/2026\/02\/04\/seguro-e-ventura-seguem-para-sul-passando-pelo-distrito-de-beja\/#breadcrumb","itemListElement":[{"@type":"ListItem","position":1,"name":"In\u00edcio","item":"https:\/\/portaltela.pt\/"},{"@type":"ListItem","position":2,"name":"Seguro e Ventura seguem para sul, passando pelo distrito de Beja"}]},{"@type":"WebSite","@id":"https:\/\/portaltela.pt\/#website","url":"https:\/\/portaltela.pt\/","name":"Portal Tela Portugal","description":"","potentialAction":[{"@type":"SearchAction","target":{"@type":"EntryPoint","urlTemplate":"https:\/\/portaltela.pt\/?s={search_term_string}"},"query-input":{"@type":"PropertyValueSpecification","valueRequired":true,"valueName":"search_term_string"}}],"inLanguage":"pt-PT"},{"@type":"Person","@id":"https:\/\/portaltela.pt\/#\/schema\/person\/c4278d4a6028830caff9ee44b42d32ed","name":"Telinha","image":{"@type":"ImageObject","inLanguage":"pt-PT","@id":"https:\/\/portaltela.pt\/s.01k8rhncp4jt1\/2025\/11\/talking-bot-125x125.png","url":"https:\/\/portaltela.pt\/s.01k8rhncp4jt1\/2025\/11\/talking-bot-125x125.png","contentUrl":"https:\/\/portaltela.pt\/s.01k8rhncp4jt1\/2025\/11\/talking-bot-125x125.png","caption":"Telinha"},"sameAs":["https:\/\/portaltela.pt\/"],"url":"https:\/\/portaltela.pt\/por\/367410592786\/"}]}},"_links":{"self":[{"href":"https:\/\/portaltela.pt\/api\/wp\/v2\/posts\/196081","targetHints":{"allow":["GET"]}}],"collection":[{"href":"https:\/\/portaltela.pt\/api\/wp\/v2\/posts"}],"about":[{"href":"https:\/\/portaltela.pt\/api\/wp\/v2\/types\/post"}],"author":[{"embeddable":true,"href":"https:\/\/portaltela.pt\/api\/wp\/v2\/users\/2"}],"replies":[{"embeddable":true,"href":"https:\/\/portaltela.pt\/api\/wp\/v2\/comments?post=196081"}],"version-history":[{"count":0,"href":"https:\/\/portaltela.pt\/api\/wp\/v2\/posts\/196081\/revisions"}],"wp:featuredmedia":[{"embeddable":true,"href":"https:\/\/portaltela.pt\/api\/wp\/v2\/media\/196087"}],"wp:attachment":[{"href":"https:\/\/portaltela.pt\/api\/wp\/v2\/media?parent=196081"}],"wp:term":[{"taxonomy":"category","embeddable":true,"href":"https:\/\/portaltela.pt\/api\/wp\/v2\/categories?post=196081"},{"taxonomy":"post_tag","embeddable":true,"href":"https:\/\/portaltela.pt\/api\/wp\/v2\/tags?post=196081"}],"curies":[{"name":"wp","href":"https:\/\/api.w.org\/{rel}","templated":true}]}}