{"id":196078,"date":"2026-02-04T07:11:37","date_gmt":"2026-02-04T10:11:37","guid":{"rendered":"https:\/\/portaltela.pt\/noticias\/2026\/02\/04\/miguel-cristovinho-e-mia-rose-de-novo-em-ferias-frias\/"},"modified":"2026-02-04T07:11:37","modified_gmt":"2026-02-04T10:11:37","slug":"miguel-cristovinho-e-mia-rose-de-novo-em-ferias-frias","status":"publish","type":"post","link":"https:\/\/portaltela.pt\/noticias\/2026\/02\/04\/miguel-cristovinho-e-mia-rose-de-novo-em-ferias-frias\/","title":{"rendered":"Miguel Cristovinho e Mia Rose de novo em f\u00e9rias frias"},"content":{"rendered":"<p>Miguel Cristovinho, dos D.A.M.A, e Mia Rose viajaram para a Serra Nevada, onde passaram f\u00e9rias em modo fam\u00edlia alargada. O passeio contou com a presen\u00e7a dos atuais parceiros e o filho em comum do antigo casal, Mateus, de sete anos.<\/p>\n<p>Al\u00e9m de Mateus estiveram C\u00e1tia Figueiredo, atual companheira de Miguel, Ant\u00f3nio Morais, marido de Mia Rose, e o filho do casal, Ant\u00f3nio Francisco. A decis\u00e3o de manter este conv\u00edvio foi descrita como centrada no bem-estar da crian\u00e7a.<\/p>\n<p>A partilha da fam\u00edlia foi discutida no programa Noite das Estrelas, da CMTV, onde o comentarista elogiou a atitude. Refor\u00e7ou que a conviv\u00eancia saud\u00e1vel entre ex-parceiros \u00e9 um exemplo para o filho e para a pr\u00f3pria rela\u00e7\u00e3o entre todos.<\/p>\n<p>Para o p\u00fablico, a not\u00edcia sublinha que a fam\u00edlia se apresenta unida em torno do objetivo de apoiar Mateus, sem comprometer as atuais rela\u00e7\u00f5es familiares de cada um. A visita \u00e0 Serra Nevada refor\u00e7ou o conceito de fam\u00edlia ampliada que privilegia o bem-estar da crian\u00e7a.<\/p>\n","protected":false},"excerpt":{"rendered":"<ul>\n<li>Miguel Cristovinho e Mia Rose viajaram para a Serra Nevada acompanhados pelas respetivas novas parceiras e filhos, incluindo Mateus, de sete anos.<\/li>\n<li>A viagem foi realizada em modo fam\u00edlia alargada, com C\u00e1tia Figueiredo, Ant\u00f3nio Morais e Ant\u00f3nio Francisco tamb\u00e9m presentes.<\/li>\n<li>O ex-casal manteve uma rela\u00e7\u00e3o entre 2017 e 2020 e j\u00e1 tem o filho em comum, Mateus.<\/li>\n<li>O tema foi discutido no programa Noite das Estrelas, da CMTV, onde Z\u00e9 Gouveia elogiou a conviv\u00eancia e disse que beneficia a crian\u00e7a.<\/li>\n<\/ul>\n","protected":false},"author":2,"featured_media":196082,"comment_status":"closed","ping_status":"closed","sticky":false,"template":"","format":"standard","meta":{"footnotes":""},"categories":[12,1],"tags":[5361,75,3953,64,148,1759],"class_list":["post-196078","post","type-post","status-publish","format-standard","has-post-thumbnail","hentry","category-entretenimento","category-noticias","tag-a-familia","tag-convivencia","tag-criancas","tag-familia","tag-familias","tag-infancia"],"yoast_head":"<!-- This site is optimized with the Yoast SEO plugin v27.2 - https:\/\/yoast.com\/product\/yoast-seo-wordpress\/ -->\n<title>Miguel Cristovinho e Mia Rose de novo em f\u00e9rias frias - Portal Tela Portugal<\/title>\n<meta name=\"robots\" content=\"index, follow, max-snippet:-1, max-image-preview:large, max-video-preview:-1\" \/>\n<meta property=\"og:locale\" content=\"pt_PT\" \/>\n<meta property=\"og:type\" content=\"article\" \/>\n<meta property=\"og:title\" content=\"Miguel Cristovinho e Mia Rose de novo em f\u00e9rias frias - Portal Tela Portugal\" \/>\n<meta property=\"og:description\" content=\"Miguel Cristovinho e Mia Rose viajaram para a Serra Nevada acompanhados pelas respetivas novas parceiras e filhos, incluindo Mateus, de sete anos. A viagem foi realizada em modo fam\u00edlia alargada, com C\u00e1tia Figueiredo, Ant\u00f3nio Morais e Ant\u00f3nio Francisco tamb\u00e9m presentes. O ex-casal manteve uma rela\u00e7\u00e3o entre 2017 e 2020 e j\u00e1 tem o filho em comum, Mateus. O tema foi discutido no programa Noite das Estrelas, da CMTV, onde Z\u00e9 Gouveia elogiou a conviv\u00eancia e disse que beneficia a crian\u00e7a.\" \/>\n<meta property=\"og:url\" content=\"https:\/\/portaltela.pt\/noticias\/2026\/02\/04\/miguel-cristovinho-e-mia-rose-de-novo-em-ferias-frias\/\" \/>\n<meta property=\"og:site_name\" content=\"Portal Tela Portugal\" \/>\n<meta property=\"article:published_time\" content=\"2026-02-04T10:11:37+00:00\" \/>\n<meta name=\"author\" content=\"Telinha\" \/>\n<meta name=\"twitter:card\" content=\"summary_large_image\" \/>\n<meta name=\"twitter:label1\" content=\"Escrito por\" \/>\n\t<meta name=\"twitter:data1\" content=\"Telinha\" \/>\n\t<meta name=\"twitter:label2\" content=\"Tempo estimado de leitura\" \/>\n\t<meta name=\"twitter:data2\" content=\"1 minuto\" \/>\n<script type=\"application\/ld+json\" class=\"yoast-schema-graph\">{\"@context\":\"https:\/\/schema.org\",\"@graph\":[{\"@type\":\"Article\",\"@id\":\"https:\/\/portaltela.pt\/noticias\/2026\/02\/04\/miguel-cristovinho-e-mia-rose-de-novo-em-ferias-frias\/#article\",\"isPartOf\":{\"@id\":\"https:\/\/portaltela.pt\/noticias\/2026\/02\/04\/miguel-cristovinho-e-mia-rose-de-novo-em-ferias-frias\/\"},\"author\":{\"name\":\"Telinha\",\"@id\":\"https:\/\/portaltela.pt\/#\/schema\/person\/c4278d4a6028830caff9ee44b42d32ed\"},\"headline\":\"Miguel Cristovinho e Mia Rose de novo em f\u00e9rias frias\",\"datePublished\":\"2026-02-04T10:11:37+00:00\",\"mainEntityOfPage\":{\"@id\":\"https:\/\/portaltela.pt\/noticias\/2026\/02\/04\/miguel-cristovinho-e-mia-rose-de-novo-em-ferias-frias\/\"},\"wordCount\":196,\"image\":{\"@id\":\"https:\/\/portaltela.pt\/noticias\/2026\/02\/04\/miguel-cristovinho-e-mia-rose-de-novo-em-ferias-frias\/#primaryimage\"},\"thumbnailUrl\":\"https:\/\/portaltela.pt\/s.01k8rhncp4jt1\/2026\/02\/img_1280x718uu2020-07-06-17-08-38-2149294.jpg\",\"keywords\":[\"A fam\u00edlia\",\"conviv\u00eancia\",\"crian\u00e7as\",\"fam\u00edlia\",\"fam\u00edlias\",\"inf\u00e2ncia\"],\"articleSection\":[\"Entretenimento\",\"Not\u00edcias\"],\"inLanguage\":\"pt-PT\"},{\"@type\":\"WebPage\",\"@id\":\"https:\/\/portaltela.pt\/noticias\/2026\/02\/04\/miguel-cristovinho-e-mia-rose-de-novo-em-ferias-frias\/\",\"url\":\"https:\/\/portaltela.pt\/noticias\/2026\/02\/04\/miguel-cristovinho-e-mia-rose-de-novo-em-ferias-frias\/\",\"name\":\"Miguel Cristovinho e Mia Rose de novo em f\u00e9rias frias - Portal Tela Portugal\",\"isPartOf\":{\"@id\":\"https:\/\/portaltela.pt\/#website\"},\"primaryImageOfPage\":{\"@id\":\"https:\/\/portaltela.pt\/noticias\/2026\/02\/04\/miguel-cristovinho-e-mia-rose-de-novo-em-ferias-frias\/#primaryimage\"},\"image\":{\"@id\":\"https:\/\/portaltela.pt\/noticias\/2026\/02\/04\/miguel-cristovinho-e-mia-rose-de-novo-em-ferias-frias\/#primaryimage\"},\"thumbnailUrl\":\"https:\/\/portaltela.pt\/s.01k8rhncp4jt1\/2026\/02\/img_1280x718uu2020-07-06-17-08-38-2149294.jpg\",\"datePublished\":\"2026-02-04T10:11:37+00:00\",\"author\":{\"@id\":\"https:\/\/portaltela.pt\/#\/schema\/person\/c4278d4a6028830caff9ee44b42d32ed\"},\"breadcrumb\":{\"@id\":\"https:\/\/portaltela.pt\/noticias\/2026\/02\/04\/miguel-cristovinho-e-mia-rose-de-novo-em-ferias-frias\/#breadcrumb\"},\"inLanguage\":\"pt-PT\",\"potentialAction\":[{\"@type\":\"ReadAction\",\"target\":[\"https:\/\/portaltela.pt\/noticias\/2026\/02\/04\/miguel-cristovinho-e-mia-rose-de-novo-em-ferias-frias\/\"]}]},{\"@type\":\"ImageObject\",\"inLanguage\":\"pt-PT\",\"@id\":\"https:\/\/portaltela.pt\/noticias\/2026\/02\/04\/miguel-cristovinho-e-mia-rose-de-novo-em-ferias-frias\/#primaryimage\",\"url\":\"https:\/\/portaltela.pt\/s.01k8rhncp4jt1\/2026\/02\/img_1280x718uu2020-07-06-17-08-38-2149294.jpg\",\"contentUrl\":\"https:\/\/portaltela.pt\/s.01k8rhncp4jt1\/2026\/02\/img_1280x718uu2020-07-06-17-08-38-2149294.jpg\",\"width\":796,\"height\":448,\"caption\":\"Mia Rose e Miguel Cristovinho\"},{\"@type\":\"BreadcrumbList\",\"@id\":\"https:\/\/portaltela.pt\/noticias\/2026\/02\/04\/miguel-cristovinho-e-mia-rose-de-novo-em-ferias-frias\/#breadcrumb\",\"itemListElement\":[{\"@type\":\"ListItem\",\"position\":1,\"name\":\"In\u00edcio\",\"item\":\"https:\/\/portaltela.pt\/\"},{\"@type\":\"ListItem\",\"position\":2,\"name\":\"Miguel Cristovinho e Mia Rose de novo em f\u00e9rias frias\"}]},{\"@type\":\"WebSite\",\"@id\":\"https:\/\/portaltela.pt\/#website\",\"url\":\"https:\/\/portaltela.pt\/\",\"name\":\"Portal Tela Portugal\",\"description\":\"\",\"potentialAction\":[{\"@type\":\"SearchAction\",\"target\":{\"@type\":\"EntryPoint\",\"urlTemplate\":\"https:\/\/portaltela.pt\/?s={search_term_string}\"},\"query-input\":{\"@type\":\"PropertyValueSpecification\",\"valueRequired\":true,\"valueName\":\"search_term_string\"}}],\"inLanguage\":\"pt-PT\"},{\"@type\":\"Person\",\"@id\":\"https:\/\/portaltela.pt\/#\/schema\/person\/c4278d4a6028830caff9ee44b42d32ed\",\"name\":\"Telinha\",\"image\":{\"@type\":\"ImageObject\",\"inLanguage\":\"pt-PT\",\"@id\":\"https:\/\/portaltela.pt\/s.01k8rhncp4jt1\/2025\/11\/talking-bot-125x125.png\",\"url\":\"https:\/\/portaltela.pt\/s.01k8rhncp4jt1\/2025\/11\/talking-bot-125x125.png\",\"contentUrl\":\"https:\/\/portaltela.pt\/s.01k8rhncp4jt1\/2025\/11\/talking-bot-125x125.png\",\"caption\":\"Telinha\"},\"sameAs\":[\"https:\/\/portaltela.pt\/\"],\"url\":\"https:\/\/portaltela.pt\/por\/367410592786\/\"}]}<\/script>\n<!-- \/ Yoast SEO plugin. -->","yoast_head_json":{"title":"Miguel Cristovinho e Mia Rose de novo em f\u00e9rias frias - Portal Tela Portugal","robots":{"index":"index","follow":"follow","max-snippet":"max-snippet:-1","max-image-preview":"max-image-preview:large","max-video-preview":"max-video-preview:-1"},"og_locale":"pt_PT","og_type":"article","og_title":"Miguel Cristovinho e Mia Rose de novo em f\u00e9rias frias - Portal Tela Portugal","og_description":"Miguel Cristovinho e Mia Rose viajaram para a Serra Nevada acompanhados pelas respetivas novas parceiras e filhos, incluindo Mateus, de sete anos. A viagem foi realizada em modo fam\u00edlia alargada, com C\u00e1tia Figueiredo, Ant\u00f3nio Morais e Ant\u00f3nio Francisco tamb\u00e9m presentes. O ex-casal manteve uma rela\u00e7\u00e3o entre 2017 e 2020 e j\u00e1 tem o filho em comum, Mateus. O tema foi discutido no programa Noite das Estrelas, da CMTV, onde Z\u00e9 Gouveia elogiou a conviv\u00eancia e disse que beneficia a crian\u00e7a.","og_url":"https:\/\/portaltela.pt\/noticias\/2026\/02\/04\/miguel-cristovinho-e-mia-rose-de-novo-em-ferias-frias\/","og_site_name":"Portal Tela Portugal","article_published_time":"2026-02-04T10:11:37+00:00","author":"Telinha","twitter_card":"summary_large_image","twitter_misc":{"Escrito por":"Telinha","Tempo estimado de leitura":"1 minuto"},"schema":{"@context":"https:\/\/schema.org","@graph":[{"@type":"Article","@id":"https:\/\/portaltela.pt\/noticias\/2026\/02\/04\/miguel-cristovinho-e-mia-rose-de-novo-em-ferias-frias\/#article","isPartOf":{"@id":"https:\/\/portaltela.pt\/noticias\/2026\/02\/04\/miguel-cristovinho-e-mia-rose-de-novo-em-ferias-frias\/"},"author":{"name":"Telinha","@id":"https:\/\/portaltela.pt\/#\/schema\/person\/c4278d4a6028830caff9ee44b42d32ed"},"headline":"Miguel Cristovinho e Mia Rose de novo em f\u00e9rias frias","datePublished":"2026-02-04T10:11:37+00:00","mainEntityOfPage":{"@id":"https:\/\/portaltela.pt\/noticias\/2026\/02\/04\/miguel-cristovinho-e-mia-rose-de-novo-em-ferias-frias\/"},"wordCount":196,"image":{"@id":"https:\/\/portaltela.pt\/noticias\/2026\/02\/04\/miguel-cristovinho-e-mia-rose-de-novo-em-ferias-frias\/#primaryimage"},"thumbnailUrl":"https:\/\/portaltela.pt\/s.01k8rhncp4jt1\/2026\/02\/img_1280x718uu2020-07-06-17-08-38-2149294.jpg","keywords":["A fam\u00edlia","conviv\u00eancia","crian\u00e7as","fam\u00edlia","fam\u00edlias","inf\u00e2ncia"],"articleSection":["Entretenimento","Not\u00edcias"],"inLanguage":"pt-PT"},{"@type":"WebPage","@id":"https:\/\/portaltela.pt\/noticias\/2026\/02\/04\/miguel-cristovinho-e-mia-rose-de-novo-em-ferias-frias\/","url":"https:\/\/portaltela.pt\/noticias\/2026\/02\/04\/miguel-cristovinho-e-mia-rose-de-novo-em-ferias-frias\/","name":"Miguel Cristovinho e Mia Rose de novo em f\u00e9rias frias - Portal Tela Portugal","isPartOf":{"@id":"https:\/\/portaltela.pt\/#website"},"primaryImageOfPage":{"@id":"https:\/\/portaltela.pt\/noticias\/2026\/02\/04\/miguel-cristovinho-e-mia-rose-de-novo-em-ferias-frias\/#primaryimage"},"image":{"@id":"https:\/\/portaltela.pt\/noticias\/2026\/02\/04\/miguel-cristovinho-e-mia-rose-de-novo-em-ferias-frias\/#primaryimage"},"thumbnailUrl":"https:\/\/portaltela.pt\/s.01k8rhncp4jt1\/2026\/02\/img_1280x718uu2020-07-06-17-08-38-2149294.jpg","datePublished":"2026-02-04T10:11:37+00:00","author":{"@id":"https:\/\/portaltela.pt\/#\/schema\/person\/c4278d4a6028830caff9ee44b42d32ed"},"breadcrumb":{"@id":"https:\/\/portaltela.pt\/noticias\/2026\/02\/04\/miguel-cristovinho-e-mia-rose-de-novo-em-ferias-frias\/#breadcrumb"},"inLanguage":"pt-PT","potentialAction":[{"@type":"ReadAction","target":["https:\/\/portaltela.pt\/noticias\/2026\/02\/04\/miguel-cristovinho-e-mia-rose-de-novo-em-ferias-frias\/"]}]},{"@type":"ImageObject","inLanguage":"pt-PT","@id":"https:\/\/portaltela.pt\/noticias\/2026\/02\/04\/miguel-cristovinho-e-mia-rose-de-novo-em-ferias-frias\/#primaryimage","url":"https:\/\/portaltela.pt\/s.01k8rhncp4jt1\/2026\/02\/img_1280x718uu2020-07-06-17-08-38-2149294.jpg","contentUrl":"https:\/\/portaltela.pt\/s.01k8rhncp4jt1\/2026\/02\/img_1280x718uu2020-07-06-17-08-38-2149294.jpg","width":796,"height":448,"caption":"Mia Rose e Miguel Cristovinho"},{"@type":"BreadcrumbList","@id":"https:\/\/portaltela.pt\/noticias\/2026\/02\/04\/miguel-cristovinho-e-mia-rose-de-novo-em-ferias-frias\/#breadcrumb","itemListElement":[{"@type":"ListItem","position":1,"name":"In\u00edcio","item":"https:\/\/portaltela.pt\/"},{"@type":"ListItem","position":2,"name":"Miguel Cristovinho e Mia Rose de novo em f\u00e9rias frias"}]},{"@type":"WebSite","@id":"https:\/\/portaltela.pt\/#website","url":"https:\/\/portaltela.pt\/","name":"Portal Tela Portugal","description":"","potentialAction":[{"@type":"SearchAction","target":{"@type":"EntryPoint","urlTemplate":"https:\/\/portaltela.pt\/?s={search_term_string}"},"query-input":{"@type":"PropertyValueSpecification","valueRequired":true,"valueName":"search_term_string"}}],"inLanguage":"pt-PT"},{"@type":"Person","@id":"https:\/\/portaltela.pt\/#\/schema\/person\/c4278d4a6028830caff9ee44b42d32ed","name":"Telinha","image":{"@type":"ImageObject","inLanguage":"pt-PT","@id":"https:\/\/portaltela.pt\/s.01k8rhncp4jt1\/2025\/11\/talking-bot-125x125.png","url":"https:\/\/portaltela.pt\/s.01k8rhncp4jt1\/2025\/11\/talking-bot-125x125.png","contentUrl":"https:\/\/portaltela.pt\/s.01k8rhncp4jt1\/2025\/11\/talking-bot-125x125.png","caption":"Telinha"},"sameAs":["https:\/\/portaltela.pt\/"],"url":"https:\/\/portaltela.pt\/por\/367410592786\/"}]}},"_links":{"self":[{"href":"https:\/\/portaltela.pt\/api\/wp\/v2\/posts\/196078","targetHints":{"allow":["GET"]}}],"collection":[{"href":"https:\/\/portaltela.pt\/api\/wp\/v2\/posts"}],"about":[{"href":"https:\/\/portaltela.pt\/api\/wp\/v2\/types\/post"}],"author":[{"embeddable":true,"href":"https:\/\/portaltela.pt\/api\/wp\/v2\/users\/2"}],"replies":[{"embeddable":true,"href":"https:\/\/portaltela.pt\/api\/wp\/v2\/comments?post=196078"}],"version-history":[{"count":0,"href":"https:\/\/portaltela.pt\/api\/wp\/v2\/posts\/196078\/revisions"}],"wp:featuredmedia":[{"embeddable":true,"href":"https:\/\/portaltela.pt\/api\/wp\/v2\/media\/196082"}],"wp:attachment":[{"href":"https:\/\/portaltela.pt\/api\/wp\/v2\/media?parent=196078"}],"wp:term":[{"taxonomy":"category","embeddable":true,"href":"https:\/\/portaltela.pt\/api\/wp\/v2\/categories?post=196078"},{"taxonomy":"post_tag","embeddable":true,"href":"https:\/\/portaltela.pt\/api\/wp\/v2\/tags?post=196078"}],"curies":[{"name":"wp","href":"https:\/\/api.w.org\/{rel}","templated":true}]}}