{"id":196065,"date":"2026-02-04T06:34:07","date_gmt":"2026-02-04T09:34:07","guid":{"rendered":"https:\/\/portaltela.pt\/noticias\/2026\/02\/04\/regiao-norte-cria-plataforma-para-definir-prioridades-estrategicas-na-economia\/"},"modified":"2026-02-04T06:34:07","modified_gmt":"2026-02-04T09:34:07","slug":"regiao-norte-cria-plataforma-para-definir-prioridades-estrategicas-na-economia","status":"publish","type":"post","link":"https:\/\/portaltela.pt\/noticias\/economia\/2026\/02\/04\/regiao-norte-cria-plataforma-para-definir-prioridades-estrategicas-na-economia\/","title":{"rendered":"Regi\u00e3o Norte cria plataforma para definir prioridades estrat\u00e9gicas na economia"},"content":{"rendered":"<p>O Norte de Portugal apresenta uma nova plataforma para orientar as prioridades estrat\u00e9gicas da Economia do Mar. O arranque ocorreu no Terminal de Cruzeiros do Porto de Leix\u00f5es, durante a sess\u00e3o inaugural do projeto PREMI \u2013 Plataforma Regional Mar Inteligente, financiado pelo NORTE 2030.<\/p>\n<p>A iniciativa envolve sete entidades num modelo de colabora\u00e7\u00e3o, com o objetivo de apoiar a Comiss\u00e3o de Coordena\u00e7\u00e3o e Desenvolvimento Regional do Norte (CCDR NORTE) no processo de descoberta empreendedora no dom\u00ednio dos Recursos e Economia do Mar.<\/p>\n<p>O PREMI visa dinamizar a Plataforma Regional de Especializa\u00e7\u00e3o Inteligente dos Resources e Economia do Mar (PREI REM). Pretende identificar prioridades de investimento, linhas de a\u00e7\u00e3o e projetos estruturantes com foco no crescimento sustent\u00e1vel, transi\u00e7\u00e3o digital e valoriza\u00e7\u00e3o do sistema regional de inova\u00e7\u00e3o.<\/p>\n<p>A iniciativa surgiu para consolidar a Am\u00e9rica de iniciativas regionais, alinhando recursos, compet\u00eancias e oportunidades de mercado no setor mar\u00edtimo. A meta \u00e9 acelerar a inova\u00e7\u00e3o e criar oportunidades para empresas locais, universidades e centros de investiga\u00e7\u00e3o.<\/p>\n<p>A gest\u00e3o do projeto est\u00e1 alinhada com a estrat\u00e9gia NORTE 2030, potenciando sinergias entre organismos p\u00fablicos, privados e academia. A parceria p\u00fablica-privada pretende facilitar financiamento, conhecimento t\u00e9cnico e redes de colabora\u00e7\u00e3o.<\/p>\n<p>A CCDR NORTE destaca que o PREMI fortalece a governa\u00e7\u00e3o regional da Economia do Mar, promovendo uma vis\u00e3o integrada de desenvolvimento, sustentabilidade e competitividade, com impactos previstos na cria\u00e7\u00e3o de emprego e inova\u00e7\u00e3o.<\/p>\n<p>Para mais informa\u00e7\u00f5es sobre o projeto, a organiza\u00e7\u00e3o respons\u00e1vel disponibiliza materiais detalhados sobre objetivos, prazos e indicadores de desempenho. O conte\u00fado est\u00e1 descritivo sobre as etapas, metas e parceiros envolvidos no arranque do PREMI.<\/p>\n","protected":false},"excerpt":{"rendered":"<ul>\n<li>Sess\u00e3o de arranque do projeto PREMI realizou-se no Terminal de Cruzeiros do Porto de Leix\u00f5es.<\/li>\n<li>PREMI \u00e9 a Plataforma Regional Mar Inteligente, financiada pelo NORTE 2030.<\/li>\n<li>O projeto re\u00fane sete entidades num modelo colaborativo para apoiar a CCDR NORTE na descoberta empreendedora nos Recursos e Economia do Mar.<\/li>\n<li>Objetiva dinamizar a Plataforma Regional de Especializa\u00e7\u00e3o Inteligente dos Recursos e Economia do Mar (PREI REM), definindo prioridades de investimento, linhas de a\u00e7\u00e3o e projetos estruturantes.<\/li>\n<li>Enfoca crescimento sustent\u00e1vel, transi\u00e7\u00e3o digital e valoriza\u00e7\u00e3o do sistema regional de inova\u00e7\u00e3o.<\/li>\n<\/ul>\n","protected":false},"author":2,"featured_media":196066,"comment_status":"closed","ping_status":"closed","sticky":false,"template":"","format":"standard","meta":{"footnotes":""},"categories":[2,1],"tags":[28,33,2765,1996,3444,4025],"class_list":["post-196065","post","type-post","status-publish","format-standard","has-post-thumbnail","hentry","category-economia","category-noticias","tag-economia","tag-inovacao","tag-norte","tag-parcerias-internacionais","tag-sustentabilidade","tag-transicao-digital"],"yoast_head":"<!-- This site is optimized with the Yoast SEO plugin v27.2 - https:\/\/yoast.com\/product\/yoast-seo-wordpress\/ -->\n<title>Regi\u00e3o Norte cria plataforma para definir prioridades estrat\u00e9gicas na economia - Portal Tela Portugal<\/title>\n<meta name=\"robots\" content=\"index, follow, max-snippet:-1, max-image-preview:large, max-video-preview:-1\" \/>\n<meta property=\"og:locale\" content=\"pt_PT\" \/>\n<meta property=\"og:type\" content=\"article\" \/>\n<meta property=\"og:title\" content=\"Regi\u00e3o Norte cria plataforma para definir prioridades estrat\u00e9gicas na economia - Portal Tela Portugal\" \/>\n<meta property=\"og:description\" content=\"Sess\u00e3o de arranque do projeto PREMI realizou-se no Terminal de Cruzeiros do Porto de Leix\u00f5es. PREMI \u00e9 a Plataforma Regional Mar Inteligente, financiada pelo NORTE 2030. O projeto re\u00fane sete entidades num modelo colaborativo para apoiar a CCDR NORTE na descoberta empreendedora nos Recursos e Economia do Mar. Objetiva dinamizar a Plataforma Regional de Especializa\u00e7\u00e3o Inteligente dos Recursos e Economia do Mar (PREI REM), definindo prioridades de investimento, linhas de a\u00e7\u00e3o e projetos estruturantes. Enfoca crescimento sustent\u00e1vel, transi\u00e7\u00e3o digital e valoriza\u00e7\u00e3o do sistema regional de inova\u00e7\u00e3o.\" \/>\n<meta property=\"og:url\" content=\"https:\/\/portaltela.pt\/noticias\/2026\/02\/04\/regiao-norte-cria-plataforma-para-definir-prioridades-estrategicas-na-economia\/\" \/>\n<meta property=\"og:site_name\" content=\"Portal Tela Portugal\" \/>\n<meta property=\"article:published_time\" content=\"2026-02-04T09:34:07+00:00\" \/>\n<meta name=\"author\" content=\"Telinha\" \/>\n<meta name=\"twitter:card\" content=\"summary_large_image\" \/>\n<meta name=\"twitter:label1\" content=\"Escrito por\" \/>\n\t<meta name=\"twitter:data1\" content=\"Telinha\" \/>\n\t<meta name=\"twitter:label2\" content=\"Tempo estimado de leitura\" \/>\n\t<meta name=\"twitter:data2\" content=\"1 minuto\" \/>\n<script type=\"application\/ld+json\" class=\"yoast-schema-graph\">{\"@context\":\"https:\/\/schema.org\",\"@graph\":[{\"@type\":\"Article\",\"@id\":\"https:\/\/portaltela.pt\/noticias\/2026\/02\/04\/regiao-norte-cria-plataforma-para-definir-prioridades-estrategicas-na-economia\/#article\",\"isPartOf\":{\"@id\":\"https:\/\/portaltela.pt\/noticias\/2026\/02\/04\/regiao-norte-cria-plataforma-para-definir-prioridades-estrategicas-na-economia\/\"},\"author\":{\"name\":\"Telinha\",\"@id\":\"https:\/\/portaltela.pt\/#\/schema\/person\/c4278d4a6028830caff9ee44b42d32ed\"},\"headline\":\"Regi\u00e3o Norte cria plataforma para definir prioridades estrat\u00e9gicas na economia\",\"datePublished\":\"2026-02-04T09:34:07+00:00\",\"mainEntityOfPage\":{\"@id\":\"https:\/\/portaltela.pt\/noticias\/2026\/02\/04\/regiao-norte-cria-plataforma-para-definir-prioridades-estrategicas-na-economia\/\"},\"wordCount\":300,\"image\":{\"@id\":\"https:\/\/portaltela.pt\/noticias\/2026\/02\/04\/regiao-norte-cria-plataforma-para-definir-prioridades-estrategicas-na-economia\/#primaryimage\"},\"thumbnailUrl\":\"https:\/\/portaltela.pt\/s.01k8rhncp4jt1\/2026\/02\/Regiao-Norte-cria-nova-plataforma-para-definir-prioridades-estrategicas-na.jpg\",\"keywords\":[\"economia\",\"inova\u00e7\u00e3o\",\"Norte\",\"parcerias internacionais\",\"Sustentabilidade\",\"Transi\u00e7\u00e3o Digital\"],\"articleSection\":[\"Economia\",\"Not\u00edcias\"],\"inLanguage\":\"pt-PT\"},{\"@type\":\"WebPage\",\"@id\":\"https:\/\/portaltela.pt\/noticias\/2026\/02\/04\/regiao-norte-cria-plataforma-para-definir-prioridades-estrategicas-na-economia\/\",\"url\":\"https:\/\/portaltela.pt\/noticias\/2026\/02\/04\/regiao-norte-cria-plataforma-para-definir-prioridades-estrategicas-na-economia\/\",\"name\":\"Regi\u00e3o Norte cria plataforma para definir prioridades estrat\u00e9gicas na economia - Portal Tela Portugal\",\"isPartOf\":{\"@id\":\"https:\/\/portaltela.pt\/#website\"},\"primaryImageOfPage\":{\"@id\":\"https:\/\/portaltela.pt\/noticias\/2026\/02\/04\/regiao-norte-cria-plataforma-para-definir-prioridades-estrategicas-na-economia\/#primaryimage\"},\"image\":{\"@id\":\"https:\/\/portaltela.pt\/noticias\/2026\/02\/04\/regiao-norte-cria-plataforma-para-definir-prioridades-estrategicas-na-economia\/#primaryimage\"},\"thumbnailUrl\":\"https:\/\/portaltela.pt\/s.01k8rhncp4jt1\/2026\/02\/Regiao-Norte-cria-nova-plataforma-para-definir-prioridades-estrategicas-na.jpg\",\"datePublished\":\"2026-02-04T09:34:07+00:00\",\"author\":{\"@id\":\"https:\/\/portaltela.pt\/#\/schema\/person\/c4278d4a6028830caff9ee44b42d32ed\"},\"breadcrumb\":{\"@id\":\"https:\/\/portaltela.pt\/noticias\/2026\/02\/04\/regiao-norte-cria-plataforma-para-definir-prioridades-estrategicas-na-economia\/#breadcrumb\"},\"inLanguage\":\"pt-PT\",\"potentialAction\":[{\"@type\":\"ReadAction\",\"target\":[\"https:\/\/portaltela.pt\/noticias\/2026\/02\/04\/regiao-norte-cria-plataforma-para-definir-prioridades-estrategicas-na-economia\/\"]}]},{\"@type\":\"ImageObject\",\"inLanguage\":\"pt-PT\",\"@id\":\"https:\/\/portaltela.pt\/noticias\/2026\/02\/04\/regiao-norte-cria-plataforma-para-definir-prioridades-estrategicas-na-economia\/#primaryimage\",\"url\":\"https:\/\/portaltela.pt\/s.01k8rhncp4jt1\/2026\/02\/Regiao-Norte-cria-nova-plataforma-para-definir-prioridades-estrategicas-na.jpg\",\"contentUrl\":\"https:\/\/portaltela.pt\/s.01k8rhncp4jt1\/2026\/02\/Regiao-Norte-cria-nova-plataforma-para-definir-prioridades-estrategicas-na.jpg\",\"width\":796,\"height\":448,\"caption\":\"Regi\u00e3o Norte cria nova plataforma para definir prioridades estrat\u00e9gicas na Econo\u2026\"},{\"@type\":\"BreadcrumbList\",\"@id\":\"https:\/\/portaltela.pt\/noticias\/2026\/02\/04\/regiao-norte-cria-plataforma-para-definir-prioridades-estrategicas-na-economia\/#breadcrumb\",\"itemListElement\":[{\"@type\":\"ListItem\",\"position\":1,\"name\":\"In\u00edcio\",\"item\":\"https:\/\/portaltela.pt\/\"},{\"@type\":\"ListItem\",\"position\":2,\"name\":\"Regi\u00e3o Norte cria plataforma para definir prioridades estrat\u00e9gicas na economia\"}]},{\"@type\":\"WebSite\",\"@id\":\"https:\/\/portaltela.pt\/#website\",\"url\":\"https:\/\/portaltela.pt\/\",\"name\":\"Portal Tela Portugal\",\"description\":\"\",\"potentialAction\":[{\"@type\":\"SearchAction\",\"target\":{\"@type\":\"EntryPoint\",\"urlTemplate\":\"https:\/\/portaltela.pt\/?s={search_term_string}\"},\"query-input\":{\"@type\":\"PropertyValueSpecification\",\"valueRequired\":true,\"valueName\":\"search_term_string\"}}],\"inLanguage\":\"pt-PT\"},{\"@type\":\"Person\",\"@id\":\"https:\/\/portaltela.pt\/#\/schema\/person\/c4278d4a6028830caff9ee44b42d32ed\",\"name\":\"Telinha\",\"image\":{\"@type\":\"ImageObject\",\"inLanguage\":\"pt-PT\",\"@id\":\"https:\/\/portaltela.pt\/s.01k8rhncp4jt1\/2025\/11\/talking-bot-125x125.png\",\"url\":\"https:\/\/portaltela.pt\/s.01k8rhncp4jt1\/2025\/11\/talking-bot-125x125.png\",\"contentUrl\":\"https:\/\/portaltela.pt\/s.01k8rhncp4jt1\/2025\/11\/talking-bot-125x125.png\",\"caption\":\"Telinha\"},\"sameAs\":[\"https:\/\/portaltela.pt\/\"],\"url\":\"https:\/\/portaltela.pt\/por\/367410592786\/\"}]}<\/script>\n<!-- \/ Yoast SEO plugin. -->","yoast_head_json":{"title":"Regi\u00e3o Norte cria plataforma para definir prioridades estrat\u00e9gicas na economia - Portal Tela Portugal","robots":{"index":"index","follow":"follow","max-snippet":"max-snippet:-1","max-image-preview":"max-image-preview:large","max-video-preview":"max-video-preview:-1"},"og_locale":"pt_PT","og_type":"article","og_title":"Regi\u00e3o Norte cria plataforma para definir prioridades estrat\u00e9gicas na economia - Portal Tela Portugal","og_description":"Sess\u00e3o de arranque do projeto PREMI realizou-se no Terminal de Cruzeiros do Porto de Leix\u00f5es. PREMI \u00e9 a Plataforma Regional Mar Inteligente, financiada pelo NORTE 2030. O projeto re\u00fane sete entidades num modelo colaborativo para apoiar a CCDR NORTE na descoberta empreendedora nos Recursos e Economia do Mar. Objetiva dinamizar a Plataforma Regional de Especializa\u00e7\u00e3o Inteligente dos Recursos e Economia do Mar (PREI REM), definindo prioridades de investimento, linhas de a\u00e7\u00e3o e projetos estruturantes. Enfoca crescimento sustent\u00e1vel, transi\u00e7\u00e3o digital e valoriza\u00e7\u00e3o do sistema regional de inova\u00e7\u00e3o.","og_url":"https:\/\/portaltela.pt\/noticias\/2026\/02\/04\/regiao-norte-cria-plataforma-para-definir-prioridades-estrategicas-na-economia\/","og_site_name":"Portal Tela Portugal","article_published_time":"2026-02-04T09:34:07+00:00","author":"Telinha","twitter_card":"summary_large_image","twitter_misc":{"Escrito por":"Telinha","Tempo estimado de leitura":"1 minuto"},"schema":{"@context":"https:\/\/schema.org","@graph":[{"@type":"Article","@id":"https:\/\/portaltela.pt\/noticias\/2026\/02\/04\/regiao-norte-cria-plataforma-para-definir-prioridades-estrategicas-na-economia\/#article","isPartOf":{"@id":"https:\/\/portaltela.pt\/noticias\/2026\/02\/04\/regiao-norte-cria-plataforma-para-definir-prioridades-estrategicas-na-economia\/"},"author":{"name":"Telinha","@id":"https:\/\/portaltela.pt\/#\/schema\/person\/c4278d4a6028830caff9ee44b42d32ed"},"headline":"Regi\u00e3o Norte cria plataforma para definir prioridades estrat\u00e9gicas na economia","datePublished":"2026-02-04T09:34:07+00:00","mainEntityOfPage":{"@id":"https:\/\/portaltela.pt\/noticias\/2026\/02\/04\/regiao-norte-cria-plataforma-para-definir-prioridades-estrategicas-na-economia\/"},"wordCount":300,"image":{"@id":"https:\/\/portaltela.pt\/noticias\/2026\/02\/04\/regiao-norte-cria-plataforma-para-definir-prioridades-estrategicas-na-economia\/#primaryimage"},"thumbnailUrl":"https:\/\/portaltela.pt\/s.01k8rhncp4jt1\/2026\/02\/Regiao-Norte-cria-nova-plataforma-para-definir-prioridades-estrategicas-na.jpg","keywords":["economia","inova\u00e7\u00e3o","Norte","parcerias internacionais","Sustentabilidade","Transi\u00e7\u00e3o Digital"],"articleSection":["Economia","Not\u00edcias"],"inLanguage":"pt-PT"},{"@type":"WebPage","@id":"https:\/\/portaltela.pt\/noticias\/2026\/02\/04\/regiao-norte-cria-plataforma-para-definir-prioridades-estrategicas-na-economia\/","url":"https:\/\/portaltela.pt\/noticias\/2026\/02\/04\/regiao-norte-cria-plataforma-para-definir-prioridades-estrategicas-na-economia\/","name":"Regi\u00e3o Norte cria plataforma para definir prioridades estrat\u00e9gicas na economia - Portal Tela Portugal","isPartOf":{"@id":"https:\/\/portaltela.pt\/#website"},"primaryImageOfPage":{"@id":"https:\/\/portaltela.pt\/noticias\/2026\/02\/04\/regiao-norte-cria-plataforma-para-definir-prioridades-estrategicas-na-economia\/#primaryimage"},"image":{"@id":"https:\/\/portaltela.pt\/noticias\/2026\/02\/04\/regiao-norte-cria-plataforma-para-definir-prioridades-estrategicas-na-economia\/#primaryimage"},"thumbnailUrl":"https:\/\/portaltela.pt\/s.01k8rhncp4jt1\/2026\/02\/Regiao-Norte-cria-nova-plataforma-para-definir-prioridades-estrategicas-na.jpg","datePublished":"2026-02-04T09:34:07+00:00","author":{"@id":"https:\/\/portaltela.pt\/#\/schema\/person\/c4278d4a6028830caff9ee44b42d32ed"},"breadcrumb":{"@id":"https:\/\/portaltela.pt\/noticias\/2026\/02\/04\/regiao-norte-cria-plataforma-para-definir-prioridades-estrategicas-na-economia\/#breadcrumb"},"inLanguage":"pt-PT","potentialAction":[{"@type":"ReadAction","target":["https:\/\/portaltela.pt\/noticias\/2026\/02\/04\/regiao-norte-cria-plataforma-para-definir-prioridades-estrategicas-na-economia\/"]}]},{"@type":"ImageObject","inLanguage":"pt-PT","@id":"https:\/\/portaltela.pt\/noticias\/2026\/02\/04\/regiao-norte-cria-plataforma-para-definir-prioridades-estrategicas-na-economia\/#primaryimage","url":"https:\/\/portaltela.pt\/s.01k8rhncp4jt1\/2026\/02\/Regiao-Norte-cria-nova-plataforma-para-definir-prioridades-estrategicas-na.jpg","contentUrl":"https:\/\/portaltela.pt\/s.01k8rhncp4jt1\/2026\/02\/Regiao-Norte-cria-nova-plataforma-para-definir-prioridades-estrategicas-na.jpg","width":796,"height":448,"caption":"Regi\u00e3o Norte cria nova plataforma para definir prioridades estrat\u00e9gicas na Econo\u2026"},{"@type":"BreadcrumbList","@id":"https:\/\/portaltela.pt\/noticias\/2026\/02\/04\/regiao-norte-cria-plataforma-para-definir-prioridades-estrategicas-na-economia\/#breadcrumb","itemListElement":[{"@type":"ListItem","position":1,"name":"In\u00edcio","item":"https:\/\/portaltela.pt\/"},{"@type":"ListItem","position":2,"name":"Regi\u00e3o Norte cria plataforma para definir prioridades estrat\u00e9gicas na economia"}]},{"@type":"WebSite","@id":"https:\/\/portaltela.pt\/#website","url":"https:\/\/portaltela.pt\/","name":"Portal Tela Portugal","description":"","potentialAction":[{"@type":"SearchAction","target":{"@type":"EntryPoint","urlTemplate":"https:\/\/portaltela.pt\/?s={search_term_string}"},"query-input":{"@type":"PropertyValueSpecification","valueRequired":true,"valueName":"search_term_string"}}],"inLanguage":"pt-PT"},{"@type":"Person","@id":"https:\/\/portaltela.pt\/#\/schema\/person\/c4278d4a6028830caff9ee44b42d32ed","name":"Telinha","image":{"@type":"ImageObject","inLanguage":"pt-PT","@id":"https:\/\/portaltela.pt\/s.01k8rhncp4jt1\/2025\/11\/talking-bot-125x125.png","url":"https:\/\/portaltela.pt\/s.01k8rhncp4jt1\/2025\/11\/talking-bot-125x125.png","contentUrl":"https:\/\/portaltela.pt\/s.01k8rhncp4jt1\/2025\/11\/talking-bot-125x125.png","caption":"Telinha"},"sameAs":["https:\/\/portaltela.pt\/"],"url":"https:\/\/portaltela.pt\/por\/367410592786\/"}]}},"_links":{"self":[{"href":"https:\/\/portaltela.pt\/api\/wp\/v2\/posts\/196065","targetHints":{"allow":["GET"]}}],"collection":[{"href":"https:\/\/portaltela.pt\/api\/wp\/v2\/posts"}],"about":[{"href":"https:\/\/portaltela.pt\/api\/wp\/v2\/types\/post"}],"author":[{"embeddable":true,"href":"https:\/\/portaltela.pt\/api\/wp\/v2\/users\/2"}],"replies":[{"embeddable":true,"href":"https:\/\/portaltela.pt\/api\/wp\/v2\/comments?post=196065"}],"version-history":[{"count":0,"href":"https:\/\/portaltela.pt\/api\/wp\/v2\/posts\/196065\/revisions"}],"wp:featuredmedia":[{"embeddable":true,"href":"https:\/\/portaltela.pt\/api\/wp\/v2\/media\/196066"}],"wp:attachment":[{"href":"https:\/\/portaltela.pt\/api\/wp\/v2\/media?parent=196065"}],"wp:term":[{"taxonomy":"category","embeddable":true,"href":"https:\/\/portaltela.pt\/api\/wp\/v2\/categories?post=196065"},{"taxonomy":"post_tag","embeddable":true,"href":"https:\/\/portaltela.pt\/api\/wp\/v2\/tags?post=196065"}],"curies":[{"name":"wp","href":"https:\/\/api.w.org\/{rel}","templated":true}]}}