{"id":196062,"date":"2026-02-04T07:02:25","date_gmt":"2026-02-04T10:02:25","guid":{"rendered":"https:\/\/portaltela.pt\/noticias\/2026\/02\/04\/crise-humanitaria-agrava-se-por-falha-de-apoio-internacional\/"},"modified":"2026-02-04T07:02:25","modified_gmt":"2026-02-04T10:02:25","slug":"crise-humanitaria-agrava-se-por-falha-de-apoio-internacional","status":"publish","type":"post","link":"https:\/\/portaltela.pt\/noticias\/2026\/02\/04\/crise-humanitaria-agrava-se-por-falha-de-apoio-internacional\/","title":{"rendered":"Crise humanit\u00e1ria agrava-se por falha de apoio internacional"},"content":{"rendered":"<p>Gaza regista regressos a Khan Younis ap\u00f3s a reabertura de Rafah, com fam\u00edlias recebidas no Hospital Nasser ap\u00f3s a entrada de 40 palestinianos na faixa de Gaza. O regresso ocorre num momento de tens\u00e3o humanit\u00e1ria crescente e de controlo de fronteiras.<\/p>\n<p>Chuva e frio dificultam a vida de deslocados instalados em tendas prec\u00e1rias, aumentando o risco de doen\u00e7as e agravando as condi\u00e7\u00f5es de abrigo j\u00e1 fr\u00e1geis. Milhares continuam sem acesso regular a servi\u00e7os b\u00e1sicos.<\/p>\n<p>O Hamas informou a morte de Raed Saad, comandante da unidade de produ\u00e7\u00e3o militar, num ataque nas imedia\u00e7\u00f5es da cidade de Gaza. O feito ocorre num contexto de intensifica\u00e7\u00e3o das opera\u00e7\u00f5es desde o in\u00edcio do cessar-fogo.<\/p>\n<p>A ONU alertou para a necessidade de 28 mil milh\u00f5es de euros para 2026, ap\u00f3s cortes que afectaram milhares de postos em ag\u00eancias de migra\u00e7\u00e3o e refugiados. A organiza\u00e7\u00e3o prev\u00ea impactos significativos na resposta humanit\u00e1ria.<\/p>\n<p>Inunda\u00e7\u00e3o de campos de refugiados intensifica a crise, com acampamentos improvisados a registar danos e fam\u00edlias a perderem pertences. A situa\u00e7\u00e3o aumenta a press\u00e3o sobre a rede de assist\u00eancia.<\/p>\n<p>Israel indicou inten\u00e7\u00e3o de suspender ajuda em Gaza enquanto aumenta a ofensiva, ao mesmo tempo que pediu aos palestinianos para evacuarem a cidade de Gaza. A Cruz Vermelha descreveu a evacua\u00e7\u00e3o como invi\u00e1vel.<\/p>\n<p>A UNICEF descreve uma situa\u00e7\u00e3o catastr\u00f3fica entre crian\u00e7as em Al Fasher, com cerca de 600.000 deslocados nos \u00faltimos meses, metade deles crian\u00e7as, segundo dados da ag\u00eancia. A falta de alimento agrava a vulnerabilidade.<\/p>\n<p>Numa escalada de tens\u00e3o, a comunidade internacional critica o lan\u00e7amento a\u00e9reo de ajuda, alegando riscos de seguran\u00e7a. Doadores continuam a enviar mercadorias, apesar das condi\u00e7\u00f5es no terreno.<\/p>\n<p>Parte relevante do cen\u00e1rio envolve um suposto cessar-fogo proposto por mediadores \u00e1rabes, com o Hamas a confirmar uma resposta positiva e Israel ainda sem decis\u00e3o final, num momento de grande inseguran\u00e7a.<\/p>\n<p>Um navio com milhares de toneladas de ajuda aproxima-se de um porto israelita, numa rota antiga de entregas diretas a Gaza, tentando contornar bloqueios. Recentemente, a regi\u00e3o recebeu grandes remessas atrav\u00e9s de estruturas associadas a organiza\u00e7\u00f5es humanit\u00e1rias.<\/p>\n<p>Pelo menos 100 palestinianos morreram em ataques pr\u00f3ximos a posi\u00e7\u00f5es de distribui\u00e7\u00e3o de ajuda. O incidente ocorre poucos dias depois de visitas de funcion\u00e1rios norte-americanos \u00e0s instala\u00e7\u00f5es da Funda\u00e7\u00e3o Humanit\u00e1ria de Gaza.<\/p>\n<p>Multid\u00f5es reuniram-se junto aos cami\u00f5es de ajuda na \u00e1rea de Morag, evidenciando a procura por alimentos em meio \u00e0 escassez G address. A popula\u00e7\u00e3o continua dependente de assist\u00eancia externa.<\/p>\n<p>Netanyahu convocou o gabinete de seguran\u00e7a para discutir planos de ocupa\u00e7\u00e3o da Faixa de Gaza, num contexto de fome crescente e de dificuldades de acesso a ajuda. As autoridades planeiam a\u00e7\u00f5es de longo alcance, com impacto civil significativo.<\/p>\n<p>A crise permanece marcada pela fome e pela dificuldade de distribui\u00e7\u00e3o de alimentos, mesmo com lan\u00e7amentos a\u00e9reos de ajuda a zonas de acesso limitado. O cen\u00e1rio exige coordena\u00e7\u00e3o internacional cont\u00ednua.<\/p>\n","protected":false},"excerpt":{"rendered":"<ul>\n<li>Cerca de 40 palestinianos entraram em Gaza via Rafah e foram recebidos no Hospital Nasser.<\/li>\n<li>Chuva intensa e frio dificultam a vida de deslocados em tendas prec\u00e1rias em Gaza.<\/li>\n<li>Hamas confirmou a morte de Raed Saad, comandante da unidade de produ\u00e7\u00e3o militar, num ataque israelita perto da cidade de Gaza.<\/li>\n<li>A ag\u00eancia humanit\u00e1ria da ONU pediu 28 mil milh\u00f5es de euros para 2026, depois de cortes de pessoal em v\u00e1rias \u00e1reas de ajuda.<\/li>\n<li>Inunda\u00e7\u00f5es nos campos de refugiados agravam a crise, com centenas de milhares de pessoas a sofrer falta de alimentos e ajuda.<\/li>\n<\/ul>\n","protected":false},"author":2,"featured_media":196063,"comment_status":"closed","ping_status":"closed","sticky":false,"template":"","format":"standard","meta":{"footnotes":""},"categories":[1],"tags":[5360,1935,320,3786,4832],"class_list":["post-196062","post","type-post","status-publish","format-standard","has-post-thumbnail","hentry","category-noticias","tag-comunidade-internacional","tag-emergencias","tag-protecao-civil","tag-refugiados-internos","tag-unicef-portugal"],"yoast_head":"<!-- This site is optimized with the Yoast SEO plugin v27.2 - https:\/\/yoast.com\/product\/yoast-seo-wordpress\/ -->\n<title>Crise humanit\u00e1ria agrava-se por falha de apoio internacional - Portal Tela Portugal<\/title>\n<meta name=\"robots\" content=\"index, follow, max-snippet:-1, max-image-preview:large, max-video-preview:-1\" \/>\n<meta property=\"og:locale\" content=\"pt_PT\" \/>\n<meta property=\"og:type\" content=\"article\" \/>\n<meta property=\"og:title\" content=\"Crise humanit\u00e1ria agrava-se por falha de apoio internacional - Portal Tela Portugal\" \/>\n<meta property=\"og:description\" content=\"Cerca de 40 palestinianos entraram em Gaza via Rafah e foram recebidos no Hospital Nasser. Chuva intensa e frio dificultam a vida de deslocados em tendas prec\u00e1rias em Gaza. Hamas confirmou a morte de Raed Saad, comandante da unidade de produ\u00e7\u00e3o militar, num ataque israelita perto da cidade de Gaza. A ag\u00eancia humanit\u00e1ria da ONU pediu 28 mil milh\u00f5es de euros para 2026, depois de cortes de pessoal em v\u00e1rias \u00e1reas de ajuda. Inunda\u00e7\u00f5es nos campos de refugiados agravam a crise, com centenas de milhares de pessoas a sofrer falta de alimentos e ajuda.\" \/>\n<meta property=\"og:url\" content=\"https:\/\/portaltela.pt\/noticias\/2026\/02\/04\/crise-humanitaria-agrava-se-por-falha-de-apoio-internacional\/\" \/>\n<meta property=\"og:site_name\" content=\"Portal Tela Portugal\" \/>\n<meta property=\"article:published_time\" content=\"2026-02-04T10:02:25+00:00\" \/>\n<meta name=\"author\" content=\"Telinha\" \/>\n<meta name=\"twitter:card\" content=\"summary_large_image\" \/>\n<meta name=\"twitter:label1\" content=\"Escrito por\" \/>\n\t<meta name=\"twitter:data1\" content=\"Telinha\" \/>\n\t<meta name=\"twitter:label2\" content=\"Tempo estimado de leitura\" \/>\n\t<meta name=\"twitter:data2\" content=\"3 minutos\" \/>\n<script type=\"application\/ld+json\" class=\"yoast-schema-graph\">{\"@context\":\"https:\/\/schema.org\",\"@graph\":[{\"@type\":\"Article\",\"@id\":\"https:\/\/portaltela.pt\/noticias\/2026\/02\/04\/crise-humanitaria-agrava-se-por-falha-de-apoio-internacional\/#article\",\"isPartOf\":{\"@id\":\"https:\/\/portaltela.pt\/noticias\/2026\/02\/04\/crise-humanitaria-agrava-se-por-falha-de-apoio-internacional\/\"},\"author\":{\"name\":\"Telinha\",\"@id\":\"https:\/\/portaltela.pt\/#\/schema\/person\/c4278d4a6028830caff9ee44b42d32ed\"},\"headline\":\"Crise humanit\u00e1ria agrava-se por falha de apoio internacional\",\"datePublished\":\"2026-02-04T10:02:25+00:00\",\"mainEntityOfPage\":{\"@id\":\"https:\/\/portaltela.pt\/noticias\/2026\/02\/04\/crise-humanitaria-agrava-se-por-falha-de-apoio-internacional\/\"},\"wordCount\":534,\"image\":{\"@id\":\"https:\/\/portaltela.pt\/noticias\/2026\/02\/04\/crise-humanitaria-agrava-se-por-falha-de-apoio-internacional\/#primaryimage\"},\"thumbnailUrl\":\"https:\/\/portaltela.pt\/s.01k8rhncp4jt1\/2026\/02\/320x180_cmsv2_ee549d07-dc40-53a4-a456-c1ed51454c8d-9637762.jpg\",\"keywords\":[\"comunidade internacional\",\"emerg\u00eancias\",\"prote\u00e7\u00e3o civil\",\"refugiados internos\",\"UNICEF Portugal\"],\"articleSection\":[\"Not\u00edcias\"],\"inLanguage\":\"pt-PT\"},{\"@type\":\"WebPage\",\"@id\":\"https:\/\/portaltela.pt\/noticias\/2026\/02\/04\/crise-humanitaria-agrava-se-por-falha-de-apoio-internacional\/\",\"url\":\"https:\/\/portaltela.pt\/noticias\/2026\/02\/04\/crise-humanitaria-agrava-se-por-falha-de-apoio-internacional\/\",\"name\":\"Crise humanit\u00e1ria agrava-se por falha de apoio internacional - Portal Tela Portugal\",\"isPartOf\":{\"@id\":\"https:\/\/portaltela.pt\/#website\"},\"primaryImageOfPage\":{\"@id\":\"https:\/\/portaltela.pt\/noticias\/2026\/02\/04\/crise-humanitaria-agrava-se-por-falha-de-apoio-internacional\/#primaryimage\"},\"image\":{\"@id\":\"https:\/\/portaltela.pt\/noticias\/2026\/02\/04\/crise-humanitaria-agrava-se-por-falha-de-apoio-internacional\/#primaryimage\"},\"thumbnailUrl\":\"https:\/\/portaltela.pt\/s.01k8rhncp4jt1\/2026\/02\/320x180_cmsv2_ee549d07-dc40-53a4-a456-c1ed51454c8d-9637762.jpg\",\"datePublished\":\"2026-02-04T10:02:25+00:00\",\"author\":{\"@id\":\"https:\/\/portaltela.pt\/#\/schema\/person\/c4278d4a6028830caff9ee44b42d32ed\"},\"breadcrumb\":{\"@id\":\"https:\/\/portaltela.pt\/noticias\/2026\/02\/04\/crise-humanitaria-agrava-se-por-falha-de-apoio-internacional\/#breadcrumb\"},\"inLanguage\":\"pt-PT\",\"potentialAction\":[{\"@type\":\"ReadAction\",\"target\":[\"https:\/\/portaltela.pt\/noticias\/2026\/02\/04\/crise-humanitaria-agrava-se-por-falha-de-apoio-internacional\/\"]}]},{\"@type\":\"ImageObject\",\"inLanguage\":\"pt-PT\",\"@id\":\"https:\/\/portaltela.pt\/noticias\/2026\/02\/04\/crise-humanitaria-agrava-se-por-falha-de-apoio-internacional\/#primaryimage\",\"url\":\"https:\/\/portaltela.pt\/s.01k8rhncp4jt1\/2026\/02\/320x180_cmsv2_ee549d07-dc40-53a4-a456-c1ed51454c8d-9637762.jpg\",\"contentUrl\":\"https:\/\/portaltela.pt\/s.01k8rhncp4jt1\/2026\/02\/320x180_cmsv2_ee549d07-dc40-53a4-a456-c1ed51454c8d-9637762.jpg\",\"width\":796,\"height\":448,\"caption\":\"Familiares recebem regressados no Hospital Nasser, ap\u00f3s a entrada em Gaza de um grupo de 40 palestinianos\"},{\"@type\":\"BreadcrumbList\",\"@id\":\"https:\/\/portaltela.pt\/noticias\/2026\/02\/04\/crise-humanitaria-agrava-se-por-falha-de-apoio-internacional\/#breadcrumb\",\"itemListElement\":[{\"@type\":\"ListItem\",\"position\":1,\"name\":\"In\u00edcio\",\"item\":\"https:\/\/portaltela.pt\/\"},{\"@type\":\"ListItem\",\"position\":2,\"name\":\"Crise humanit\u00e1ria agrava-se por falha de apoio internacional\"}]},{\"@type\":\"WebSite\",\"@id\":\"https:\/\/portaltela.pt\/#website\",\"url\":\"https:\/\/portaltela.pt\/\",\"name\":\"Portal Tela Portugal\",\"description\":\"\",\"potentialAction\":[{\"@type\":\"SearchAction\",\"target\":{\"@type\":\"EntryPoint\",\"urlTemplate\":\"https:\/\/portaltela.pt\/?s={search_term_string}\"},\"query-input\":{\"@type\":\"PropertyValueSpecification\",\"valueRequired\":true,\"valueName\":\"search_term_string\"}}],\"inLanguage\":\"pt-PT\"},{\"@type\":\"Person\",\"@id\":\"https:\/\/portaltela.pt\/#\/schema\/person\/c4278d4a6028830caff9ee44b42d32ed\",\"name\":\"Telinha\",\"image\":{\"@type\":\"ImageObject\",\"inLanguage\":\"pt-PT\",\"@id\":\"https:\/\/portaltela.pt\/s.01k8rhncp4jt1\/2025\/11\/talking-bot-125x125.png\",\"url\":\"https:\/\/portaltela.pt\/s.01k8rhncp4jt1\/2025\/11\/talking-bot-125x125.png\",\"contentUrl\":\"https:\/\/portaltela.pt\/s.01k8rhncp4jt1\/2025\/11\/talking-bot-125x125.png\",\"caption\":\"Telinha\"},\"sameAs\":[\"https:\/\/portaltela.pt\/\"],\"url\":\"https:\/\/portaltela.pt\/por\/367410592786\/\"}]}<\/script>\n<!-- \/ Yoast SEO plugin. -->","yoast_head_json":{"title":"Crise humanit\u00e1ria agrava-se por falha de apoio internacional - Portal Tela Portugal","robots":{"index":"index","follow":"follow","max-snippet":"max-snippet:-1","max-image-preview":"max-image-preview:large","max-video-preview":"max-video-preview:-1"},"og_locale":"pt_PT","og_type":"article","og_title":"Crise humanit\u00e1ria agrava-se por falha de apoio internacional - Portal Tela Portugal","og_description":"Cerca de 40 palestinianos entraram em Gaza via Rafah e foram recebidos no Hospital Nasser. Chuva intensa e frio dificultam a vida de deslocados em tendas prec\u00e1rias em Gaza. Hamas confirmou a morte de Raed Saad, comandante da unidade de produ\u00e7\u00e3o militar, num ataque israelita perto da cidade de Gaza. A ag\u00eancia humanit\u00e1ria da ONU pediu 28 mil milh\u00f5es de euros para 2026, depois de cortes de pessoal em v\u00e1rias \u00e1reas de ajuda. Inunda\u00e7\u00f5es nos campos de refugiados agravam a crise, com centenas de milhares de pessoas a sofrer falta de alimentos e ajuda.","og_url":"https:\/\/portaltela.pt\/noticias\/2026\/02\/04\/crise-humanitaria-agrava-se-por-falha-de-apoio-internacional\/","og_site_name":"Portal Tela Portugal","article_published_time":"2026-02-04T10:02:25+00:00","author":"Telinha","twitter_card":"summary_large_image","twitter_misc":{"Escrito por":"Telinha","Tempo estimado de leitura":"3 minutos"},"schema":{"@context":"https:\/\/schema.org","@graph":[{"@type":"Article","@id":"https:\/\/portaltela.pt\/noticias\/2026\/02\/04\/crise-humanitaria-agrava-se-por-falha-de-apoio-internacional\/#article","isPartOf":{"@id":"https:\/\/portaltela.pt\/noticias\/2026\/02\/04\/crise-humanitaria-agrava-se-por-falha-de-apoio-internacional\/"},"author":{"name":"Telinha","@id":"https:\/\/portaltela.pt\/#\/schema\/person\/c4278d4a6028830caff9ee44b42d32ed"},"headline":"Crise humanit\u00e1ria agrava-se por falha de apoio internacional","datePublished":"2026-02-04T10:02:25+00:00","mainEntityOfPage":{"@id":"https:\/\/portaltela.pt\/noticias\/2026\/02\/04\/crise-humanitaria-agrava-se-por-falha-de-apoio-internacional\/"},"wordCount":534,"image":{"@id":"https:\/\/portaltela.pt\/noticias\/2026\/02\/04\/crise-humanitaria-agrava-se-por-falha-de-apoio-internacional\/#primaryimage"},"thumbnailUrl":"https:\/\/portaltela.pt\/s.01k8rhncp4jt1\/2026\/02\/320x180_cmsv2_ee549d07-dc40-53a4-a456-c1ed51454c8d-9637762.jpg","keywords":["comunidade internacional","emerg\u00eancias","prote\u00e7\u00e3o civil","refugiados internos","UNICEF Portugal"],"articleSection":["Not\u00edcias"],"inLanguage":"pt-PT"},{"@type":"WebPage","@id":"https:\/\/portaltela.pt\/noticias\/2026\/02\/04\/crise-humanitaria-agrava-se-por-falha-de-apoio-internacional\/","url":"https:\/\/portaltela.pt\/noticias\/2026\/02\/04\/crise-humanitaria-agrava-se-por-falha-de-apoio-internacional\/","name":"Crise humanit\u00e1ria agrava-se por falha de apoio internacional - Portal Tela Portugal","isPartOf":{"@id":"https:\/\/portaltela.pt\/#website"},"primaryImageOfPage":{"@id":"https:\/\/portaltela.pt\/noticias\/2026\/02\/04\/crise-humanitaria-agrava-se-por-falha-de-apoio-internacional\/#primaryimage"},"image":{"@id":"https:\/\/portaltela.pt\/noticias\/2026\/02\/04\/crise-humanitaria-agrava-se-por-falha-de-apoio-internacional\/#primaryimage"},"thumbnailUrl":"https:\/\/portaltela.pt\/s.01k8rhncp4jt1\/2026\/02\/320x180_cmsv2_ee549d07-dc40-53a4-a456-c1ed51454c8d-9637762.jpg","datePublished":"2026-02-04T10:02:25+00:00","author":{"@id":"https:\/\/portaltela.pt\/#\/schema\/person\/c4278d4a6028830caff9ee44b42d32ed"},"breadcrumb":{"@id":"https:\/\/portaltela.pt\/noticias\/2026\/02\/04\/crise-humanitaria-agrava-se-por-falha-de-apoio-internacional\/#breadcrumb"},"inLanguage":"pt-PT","potentialAction":[{"@type":"ReadAction","target":["https:\/\/portaltela.pt\/noticias\/2026\/02\/04\/crise-humanitaria-agrava-se-por-falha-de-apoio-internacional\/"]}]},{"@type":"ImageObject","inLanguage":"pt-PT","@id":"https:\/\/portaltela.pt\/noticias\/2026\/02\/04\/crise-humanitaria-agrava-se-por-falha-de-apoio-internacional\/#primaryimage","url":"https:\/\/portaltela.pt\/s.01k8rhncp4jt1\/2026\/02\/320x180_cmsv2_ee549d07-dc40-53a4-a456-c1ed51454c8d-9637762.jpg","contentUrl":"https:\/\/portaltela.pt\/s.01k8rhncp4jt1\/2026\/02\/320x180_cmsv2_ee549d07-dc40-53a4-a456-c1ed51454c8d-9637762.jpg","width":796,"height":448,"caption":"Familiares recebem regressados no Hospital Nasser, ap\u00f3s a entrada em Gaza de um grupo de 40 palestinianos"},{"@type":"BreadcrumbList","@id":"https:\/\/portaltela.pt\/noticias\/2026\/02\/04\/crise-humanitaria-agrava-se-por-falha-de-apoio-internacional\/#breadcrumb","itemListElement":[{"@type":"ListItem","position":1,"name":"In\u00edcio","item":"https:\/\/portaltela.pt\/"},{"@type":"ListItem","position":2,"name":"Crise humanit\u00e1ria agrava-se por falha de apoio internacional"}]},{"@type":"WebSite","@id":"https:\/\/portaltela.pt\/#website","url":"https:\/\/portaltela.pt\/","name":"Portal Tela Portugal","description":"","potentialAction":[{"@type":"SearchAction","target":{"@type":"EntryPoint","urlTemplate":"https:\/\/portaltela.pt\/?s={search_term_string}"},"query-input":{"@type":"PropertyValueSpecification","valueRequired":true,"valueName":"search_term_string"}}],"inLanguage":"pt-PT"},{"@type":"Person","@id":"https:\/\/portaltela.pt\/#\/schema\/person\/c4278d4a6028830caff9ee44b42d32ed","name":"Telinha","image":{"@type":"ImageObject","inLanguage":"pt-PT","@id":"https:\/\/portaltela.pt\/s.01k8rhncp4jt1\/2025\/11\/talking-bot-125x125.png","url":"https:\/\/portaltela.pt\/s.01k8rhncp4jt1\/2025\/11\/talking-bot-125x125.png","contentUrl":"https:\/\/portaltela.pt\/s.01k8rhncp4jt1\/2025\/11\/talking-bot-125x125.png","caption":"Telinha"},"sameAs":["https:\/\/portaltela.pt\/"],"url":"https:\/\/portaltela.pt\/por\/367410592786\/"}]}},"_links":{"self":[{"href":"https:\/\/portaltela.pt\/api\/wp\/v2\/posts\/196062","targetHints":{"allow":["GET"]}}],"collection":[{"href":"https:\/\/portaltela.pt\/api\/wp\/v2\/posts"}],"about":[{"href":"https:\/\/portaltela.pt\/api\/wp\/v2\/types\/post"}],"author":[{"embeddable":true,"href":"https:\/\/portaltela.pt\/api\/wp\/v2\/users\/2"}],"replies":[{"embeddable":true,"href":"https:\/\/portaltela.pt\/api\/wp\/v2\/comments?post=196062"}],"version-history":[{"count":0,"href":"https:\/\/portaltela.pt\/api\/wp\/v2\/posts\/196062\/revisions"}],"wp:featuredmedia":[{"embeddable":true,"href":"https:\/\/portaltela.pt\/api\/wp\/v2\/media\/196063"}],"wp:attachment":[{"href":"https:\/\/portaltela.pt\/api\/wp\/v2\/media?parent=196062"}],"wp:term":[{"taxonomy":"category","embeddable":true,"href":"https:\/\/portaltela.pt\/api\/wp\/v2\/categories?post=196062"},{"taxonomy":"post_tag","embeddable":true,"href":"https:\/\/portaltela.pt\/api\/wp\/v2\/tags?post=196062"}],"curies":[{"name":"wp","href":"https:\/\/api.w.org\/{rel}","templated":true}]}}