{"id":196044,"date":"2026-02-04T06:59:07","date_gmt":"2026-02-04T09:59:07","guid":{"rendered":"https:\/\/portaltela.pt\/noticias\/2026\/02\/04\/segredos-do-ultimo-dia-de-mercado-e-alerta-no-fc-porto\/"},"modified":"2026-02-04T06:59:07","modified_gmt":"2026-02-04T09:59:07","slug":"segredos-do-ultimo-dia-de-mercado-e-alerta-no-fc-porto","status":"publish","type":"post","link":"https:\/\/portaltela.pt\/desporto\/futebol\/2026\/02\/04\/segredos-do-ultimo-dia-de-mercado-e-alerta-no-fc-porto\/","title":{"rendered":"Segredos do \u00faltimo dia de mercado e alerta no FC Porto"},"content":{"rendered":"<p>No \u00faltimo dia de mercado, os clubes encerraram opera\u00e7\u00f5es com foco na gest\u00e3o de ativos e planejamento para a pr\u00f3xima \u00e9poca. A grande aposta foi ajustar plant\u00e9is e equilibrar balan\u00e7os, em frente ao fecho do per\u00edodo de transfer\u00eancias. Entre rumores e confirma\u00e7\u00f5es, a verdadeira aposta recaiu sobre como as estruturas desportivas v\u00e3o reagir aos movimentos mais simb\u00f3licos.<\/p>\n<p>No FC Porto, o tema central que persiste \u00e9 o alinhamento estrat\u00e9gico do grupo de centrais e a possibilidade de mudan\u00e7as na defesa. V\u00edtor Pinto questionou Maur\u00edcio Farioli sobre a manuten\u00e7\u00e3o de uma das melhores duplas centrais da Europa, deixando em aberto se haver\u00e1 altera\u00e7\u00f5es futuras.<\/p>\n<p>O dia tamb\u00e9m ficou marcado fora do relvado. Sha&#8217;Carri Richardson foi apanhada a conduzir com excesso de velocidade, numa ocorr\u00eancia que ganhou relevo medi\u00e1tico. No lado clim\u00e1tico, Penafiel viu inunda\u00e7\u00f5es provocadas por aluimento de terras, enquanto Tomar registou imagens de drone de uma casa totalmente destru\u00edda pelo mau tempo.<\/p>\n<h3>Desportos e controv\u00e9rsias<\/h3>\n<p>Noutro tom, V\u00edtor Pinto comentou que, se Marinakis acredita ter recebido um golpe do Benfica por causa de Andr\u00e9 Luiz, o problema \u00e9 dele. Em Leiria, a tempestade Kristin deixou um idoso sem telhado e sem quintal. Estas situa\u00e7\u00f5es refor\u00e7am a volatilidade do dia a dia desportivo e meteorol\u00f3gico.<\/p>\n<h3>Mercado e clubes<\/h3>\n<p>O jornal confidencial Record revela hist\u00f3rias de mercado que ficaram por contar, com refer\u00eancias \u00e0 atua\u00e7\u00e3o de dirigentes. Em rela\u00e7\u00e3o aos clubes, o texto sugere que propriet\u00e1rios e gestores permanecem atentos \u00e0s din\u00e2micas de poder.<\/p>\n<h3>Outras notas<\/h3>\n<p>Entre outras not\u00edcias, a imprensa acompanha a vida de ex-futebolistas, incluindo o filho de Jos\u00e9 Mourinho, que se dedica a uma nova carreira na Internet, ap\u00f3s a desist\u00eancia do futebol.<\/p>\n","protected":false},"excerpt":{"rendered":"<ul>\n<li>10 Minutos Record aborda os segredos do \u00faltimo dia de mercado e um alerta no FC Porto.<\/li>\n<li>V\u00edtor Pinto questiona Farioli sobre manter uma das melhores duplas de centrais da Europa e o motivo de a desfazer.<\/li>\n<li>Tempestade Kristin deixa um idoso sem telhado e sem quintal em Leiria.<\/li>\n<li>Inunda\u00e7\u00f5es provocadas por aluimento de terras em Penafiel; imagens de drone mostram casa totalmente destru\u00edda em Tomar.<\/li>\n<li>Confidencial Record apresenta hist\u00f3rias de mercado que ficaram por contar, com cr\u00edticas a Andr\u00e9 Luiz e aos donos de clubes.<\/li>\n<\/ul>\n","protected":false},"author":2,"featured_media":196048,"comment_status":"closed","ping_status":"closed","sticky":false,"template":"","format":"standard","meta":{"footnotes":""},"categories":[21,24],"tags":[2769,2028,32,1385,1993,1088],"class_list":["post-196044","post","type-post","status-publish","format-standard","has-post-thumbnail","hentry","category-desporto","category-futebol","tag-andre-luiz","tag-fc-porto","tag-futebol","tag-leiria","tag-penafiel","tag-tomar"],"yoast_head":"<!-- This site is optimized with the Yoast SEO plugin v27.2 - https:\/\/yoast.com\/product\/yoast-seo-wordpress\/ -->\n<title>Segredos do \u00faltimo dia de mercado e alerta no FC Porto - Portal Tela Portugal<\/title>\n<meta name=\"robots\" content=\"index, follow, max-snippet:-1, max-image-preview:large, max-video-preview:-1\" \/>\n<meta property=\"og:locale\" content=\"pt_PT\" \/>\n<meta property=\"og:type\" content=\"article\" \/>\n<meta property=\"og:title\" content=\"Segredos do \u00faltimo dia de mercado e alerta no FC Porto - Portal Tela Portugal\" \/>\n<meta property=\"og:description\" content=\"10 Minutos Record aborda os segredos do \u00faltimo dia de mercado e um alerta no FC Porto. V\u00edtor Pinto questiona Farioli sobre manter uma das melhores duplas de centrais da Europa e o motivo de a desfazer. Tempestade Kristin deixa um idoso sem telhado e sem quintal em Leiria. Inunda\u00e7\u00f5es provocadas por aluimento de terras em Penafiel; imagens de drone mostram casa totalmente destru\u00edda em Tomar. Confidencial Record apresenta hist\u00f3rias de mercado que ficaram por contar, com cr\u00edticas a Andr\u00e9 Luiz e aos donos de clubes.\" \/>\n<meta property=\"og:url\" content=\"https:\/\/portaltela.pt\/noticias\/2026\/02\/04\/segredos-do-ultimo-dia-de-mercado-e-alerta-no-fc-porto\/\" \/>\n<meta property=\"og:site_name\" content=\"Portal Tela Portugal\" \/>\n<meta property=\"article:published_time\" content=\"2026-02-04T09:59:07+00:00\" \/>\n<meta name=\"author\" content=\"Telinha\" \/>\n<meta name=\"twitter:card\" content=\"summary_large_image\" \/>\n<meta name=\"twitter:label1\" content=\"Escrito por\" \/>\n\t<meta name=\"twitter:data1\" content=\"Telinha\" \/>\n\t<meta name=\"twitter:label2\" content=\"Tempo estimado de leitura\" \/>\n\t<meta name=\"twitter:data2\" content=\"2 minutos\" \/>\n<script type=\"application\/ld+json\" class=\"yoast-schema-graph\">{\"@context\":\"https:\/\/schema.org\",\"@graph\":[{\"@type\":\"Article\",\"@id\":\"https:\/\/portaltela.pt\/noticias\/2026\/02\/04\/segredos-do-ultimo-dia-de-mercado-e-alerta-no-fc-porto\/#article\",\"isPartOf\":{\"@id\":\"https:\/\/portaltela.pt\/noticias\/2026\/02\/04\/segredos-do-ultimo-dia-de-mercado-e-alerta-no-fc-porto\/\"},\"author\":{\"name\":\"Telinha\",\"@id\":\"https:\/\/portaltela.pt\/#\/schema\/person\/c4278d4a6028830caff9ee44b42d32ed\"},\"headline\":\"Segredos do \u00faltimo dia de mercado e alerta no FC Porto\",\"datePublished\":\"2026-02-04T09:59:07+00:00\",\"mainEntityOfPage\":{\"@id\":\"https:\/\/portaltela.pt\/noticias\/2026\/02\/04\/segredos-do-ultimo-dia-de-mercado-e-alerta-no-fc-porto\/\"},\"wordCount\":319,\"image\":{\"@id\":\"https:\/\/portaltela.pt\/noticias\/2026\/02\/04\/segredos-do-ultimo-dia-de-mercado-e-alerta-no-fc-porto\/#primaryimage\"},\"thumbnailUrl\":\"https:\/\/portaltela.pt\/s.01k8rhncp4jt1\/2026\/02\/img_80x100uu2026-02-04-03-00-00-2419438.jpg\",\"keywords\":[\"Andr\u00e9 Luiz\",\"FC Porto\",\"futebol\",\"Leiria\",\"Penafiel\",\"Tomar\"],\"articleSection\":[\"Desporto\",\"Futebol\"],\"inLanguage\":\"pt-PT\"},{\"@type\":\"WebPage\",\"@id\":\"https:\/\/portaltela.pt\/noticias\/2026\/02\/04\/segredos-do-ultimo-dia-de-mercado-e-alerta-no-fc-porto\/\",\"url\":\"https:\/\/portaltela.pt\/noticias\/2026\/02\/04\/segredos-do-ultimo-dia-de-mercado-e-alerta-no-fc-porto\/\",\"name\":\"Segredos do \u00faltimo dia de mercado e alerta no FC Porto - Portal Tela Portugal\",\"isPartOf\":{\"@id\":\"https:\/\/portaltela.pt\/#website\"},\"primaryImageOfPage\":{\"@id\":\"https:\/\/portaltela.pt\/noticias\/2026\/02\/04\/segredos-do-ultimo-dia-de-mercado-e-alerta-no-fc-porto\/#primaryimage\"},\"image\":{\"@id\":\"https:\/\/portaltela.pt\/noticias\/2026\/02\/04\/segredos-do-ultimo-dia-de-mercado-e-alerta-no-fc-porto\/#primaryimage\"},\"thumbnailUrl\":\"https:\/\/portaltela.pt\/s.01k8rhncp4jt1\/2026\/02\/img_80x100uu2026-02-04-03-00-00-2419438.jpg\",\"datePublished\":\"2026-02-04T09:59:07+00:00\",\"author\":{\"@id\":\"https:\/\/portaltela.pt\/#\/schema\/person\/c4278d4a6028830caff9ee44b42d32ed\"},\"breadcrumb\":{\"@id\":\"https:\/\/portaltela.pt\/noticias\/2026\/02\/04\/segredos-do-ultimo-dia-de-mercado-e-alerta-no-fc-porto\/#breadcrumb\"},\"inLanguage\":\"pt-PT\",\"potentialAction\":[{\"@type\":\"ReadAction\",\"target\":[\"https:\/\/portaltela.pt\/noticias\/2026\/02\/04\/segredos-do-ultimo-dia-de-mercado-e-alerta-no-fc-porto\/\"]}]},{\"@type\":\"ImageObject\",\"inLanguage\":\"pt-PT\",\"@id\":\"https:\/\/portaltela.pt\/noticias\/2026\/02\/04\/segredos-do-ultimo-dia-de-mercado-e-alerta-no-fc-porto\/#primaryimage\",\"url\":\"https:\/\/portaltela.pt\/s.01k8rhncp4jt1\/2026\/02\/img_80x100uu2026-02-04-03-00-00-2419438.jpg\",\"contentUrl\":\"https:\/\/portaltela.pt\/s.01k8rhncp4jt1\/2026\/02\/img_80x100uu2026-02-04-03-00-00-2419438.jpg\",\"width\":796,\"height\":448,\"caption\":\"Os temas que marcam a atualidade desportiva esta quarta-feira\"},{\"@type\":\"BreadcrumbList\",\"@id\":\"https:\/\/portaltela.pt\/noticias\/2026\/02\/04\/segredos-do-ultimo-dia-de-mercado-e-alerta-no-fc-porto\/#breadcrumb\",\"itemListElement\":[{\"@type\":\"ListItem\",\"position\":1,\"name\":\"In\u00edcio\",\"item\":\"https:\/\/portaltela.pt\/\"},{\"@type\":\"ListItem\",\"position\":2,\"name\":\"Segredos do \u00faltimo dia de mercado e alerta no FC Porto\"}]},{\"@type\":\"WebSite\",\"@id\":\"https:\/\/portaltela.pt\/#website\",\"url\":\"https:\/\/portaltela.pt\/\",\"name\":\"Portal Tela Portugal\",\"description\":\"\",\"potentialAction\":[{\"@type\":\"SearchAction\",\"target\":{\"@type\":\"EntryPoint\",\"urlTemplate\":\"https:\/\/portaltela.pt\/?s={search_term_string}\"},\"query-input\":{\"@type\":\"PropertyValueSpecification\",\"valueRequired\":true,\"valueName\":\"search_term_string\"}}],\"inLanguage\":\"pt-PT\"},{\"@type\":\"Person\",\"@id\":\"https:\/\/portaltela.pt\/#\/schema\/person\/c4278d4a6028830caff9ee44b42d32ed\",\"name\":\"Telinha\",\"image\":{\"@type\":\"ImageObject\",\"inLanguage\":\"pt-PT\",\"@id\":\"https:\/\/portaltela.pt\/s.01k8rhncp4jt1\/2025\/11\/talking-bot-125x125.png\",\"url\":\"https:\/\/portaltela.pt\/s.01k8rhncp4jt1\/2025\/11\/talking-bot-125x125.png\",\"contentUrl\":\"https:\/\/portaltela.pt\/s.01k8rhncp4jt1\/2025\/11\/talking-bot-125x125.png\",\"caption\":\"Telinha\"},\"sameAs\":[\"https:\/\/portaltela.pt\/\"],\"url\":\"https:\/\/portaltela.pt\/por\/367410592786\/\"}]}<\/script>\n<!-- \/ Yoast SEO plugin. -->","yoast_head_json":{"title":"Segredos do \u00faltimo dia de mercado e alerta no FC Porto - Portal Tela Portugal","robots":{"index":"index","follow":"follow","max-snippet":"max-snippet:-1","max-image-preview":"max-image-preview:large","max-video-preview":"max-video-preview:-1"},"og_locale":"pt_PT","og_type":"article","og_title":"Segredos do \u00faltimo dia de mercado e alerta no FC Porto - Portal Tela Portugal","og_description":"10 Minutos Record aborda os segredos do \u00faltimo dia de mercado e um alerta no FC Porto. V\u00edtor Pinto questiona Farioli sobre manter uma das melhores duplas de centrais da Europa e o motivo de a desfazer. Tempestade Kristin deixa um idoso sem telhado e sem quintal em Leiria. Inunda\u00e7\u00f5es provocadas por aluimento de terras em Penafiel; imagens de drone mostram casa totalmente destru\u00edda em Tomar. Confidencial Record apresenta hist\u00f3rias de mercado que ficaram por contar, com cr\u00edticas a Andr\u00e9 Luiz e aos donos de clubes.","og_url":"https:\/\/portaltela.pt\/noticias\/2026\/02\/04\/segredos-do-ultimo-dia-de-mercado-e-alerta-no-fc-porto\/","og_site_name":"Portal Tela Portugal","article_published_time":"2026-02-04T09:59:07+00:00","author":"Telinha","twitter_card":"summary_large_image","twitter_misc":{"Escrito por":"Telinha","Tempo estimado de leitura":"2 minutos"},"schema":{"@context":"https:\/\/schema.org","@graph":[{"@type":"Article","@id":"https:\/\/portaltela.pt\/noticias\/2026\/02\/04\/segredos-do-ultimo-dia-de-mercado-e-alerta-no-fc-porto\/#article","isPartOf":{"@id":"https:\/\/portaltela.pt\/noticias\/2026\/02\/04\/segredos-do-ultimo-dia-de-mercado-e-alerta-no-fc-porto\/"},"author":{"name":"Telinha","@id":"https:\/\/portaltela.pt\/#\/schema\/person\/c4278d4a6028830caff9ee44b42d32ed"},"headline":"Segredos do \u00faltimo dia de mercado e alerta no FC Porto","datePublished":"2026-02-04T09:59:07+00:00","mainEntityOfPage":{"@id":"https:\/\/portaltela.pt\/noticias\/2026\/02\/04\/segredos-do-ultimo-dia-de-mercado-e-alerta-no-fc-porto\/"},"wordCount":319,"image":{"@id":"https:\/\/portaltela.pt\/noticias\/2026\/02\/04\/segredos-do-ultimo-dia-de-mercado-e-alerta-no-fc-porto\/#primaryimage"},"thumbnailUrl":"https:\/\/portaltela.pt\/s.01k8rhncp4jt1\/2026\/02\/img_80x100uu2026-02-04-03-00-00-2419438.jpg","keywords":["Andr\u00e9 Luiz","FC Porto","futebol","Leiria","Penafiel","Tomar"],"articleSection":["Desporto","Futebol"],"inLanguage":"pt-PT"},{"@type":"WebPage","@id":"https:\/\/portaltela.pt\/noticias\/2026\/02\/04\/segredos-do-ultimo-dia-de-mercado-e-alerta-no-fc-porto\/","url":"https:\/\/portaltela.pt\/noticias\/2026\/02\/04\/segredos-do-ultimo-dia-de-mercado-e-alerta-no-fc-porto\/","name":"Segredos do \u00faltimo dia de mercado e alerta no FC Porto - Portal Tela Portugal","isPartOf":{"@id":"https:\/\/portaltela.pt\/#website"},"primaryImageOfPage":{"@id":"https:\/\/portaltela.pt\/noticias\/2026\/02\/04\/segredos-do-ultimo-dia-de-mercado-e-alerta-no-fc-porto\/#primaryimage"},"image":{"@id":"https:\/\/portaltela.pt\/noticias\/2026\/02\/04\/segredos-do-ultimo-dia-de-mercado-e-alerta-no-fc-porto\/#primaryimage"},"thumbnailUrl":"https:\/\/portaltela.pt\/s.01k8rhncp4jt1\/2026\/02\/img_80x100uu2026-02-04-03-00-00-2419438.jpg","datePublished":"2026-02-04T09:59:07+00:00","author":{"@id":"https:\/\/portaltela.pt\/#\/schema\/person\/c4278d4a6028830caff9ee44b42d32ed"},"breadcrumb":{"@id":"https:\/\/portaltela.pt\/noticias\/2026\/02\/04\/segredos-do-ultimo-dia-de-mercado-e-alerta-no-fc-porto\/#breadcrumb"},"inLanguage":"pt-PT","potentialAction":[{"@type":"ReadAction","target":["https:\/\/portaltela.pt\/noticias\/2026\/02\/04\/segredos-do-ultimo-dia-de-mercado-e-alerta-no-fc-porto\/"]}]},{"@type":"ImageObject","inLanguage":"pt-PT","@id":"https:\/\/portaltela.pt\/noticias\/2026\/02\/04\/segredos-do-ultimo-dia-de-mercado-e-alerta-no-fc-porto\/#primaryimage","url":"https:\/\/portaltela.pt\/s.01k8rhncp4jt1\/2026\/02\/img_80x100uu2026-02-04-03-00-00-2419438.jpg","contentUrl":"https:\/\/portaltela.pt\/s.01k8rhncp4jt1\/2026\/02\/img_80x100uu2026-02-04-03-00-00-2419438.jpg","width":796,"height":448,"caption":"Os temas que marcam a atualidade desportiva esta quarta-feira"},{"@type":"BreadcrumbList","@id":"https:\/\/portaltela.pt\/noticias\/2026\/02\/04\/segredos-do-ultimo-dia-de-mercado-e-alerta-no-fc-porto\/#breadcrumb","itemListElement":[{"@type":"ListItem","position":1,"name":"In\u00edcio","item":"https:\/\/portaltela.pt\/"},{"@type":"ListItem","position":2,"name":"Segredos do \u00faltimo dia de mercado e alerta no FC Porto"}]},{"@type":"WebSite","@id":"https:\/\/portaltela.pt\/#website","url":"https:\/\/portaltela.pt\/","name":"Portal Tela Portugal","description":"","potentialAction":[{"@type":"SearchAction","target":{"@type":"EntryPoint","urlTemplate":"https:\/\/portaltela.pt\/?s={search_term_string}"},"query-input":{"@type":"PropertyValueSpecification","valueRequired":true,"valueName":"search_term_string"}}],"inLanguage":"pt-PT"},{"@type":"Person","@id":"https:\/\/portaltela.pt\/#\/schema\/person\/c4278d4a6028830caff9ee44b42d32ed","name":"Telinha","image":{"@type":"ImageObject","inLanguage":"pt-PT","@id":"https:\/\/portaltela.pt\/s.01k8rhncp4jt1\/2025\/11\/talking-bot-125x125.png","url":"https:\/\/portaltela.pt\/s.01k8rhncp4jt1\/2025\/11\/talking-bot-125x125.png","contentUrl":"https:\/\/portaltela.pt\/s.01k8rhncp4jt1\/2025\/11\/talking-bot-125x125.png","caption":"Telinha"},"sameAs":["https:\/\/portaltela.pt\/"],"url":"https:\/\/portaltela.pt\/por\/367410592786\/"}]}},"_links":{"self":[{"href":"https:\/\/portaltela.pt\/api\/wp\/v2\/posts\/196044","targetHints":{"allow":["GET"]}}],"collection":[{"href":"https:\/\/portaltela.pt\/api\/wp\/v2\/posts"}],"about":[{"href":"https:\/\/portaltela.pt\/api\/wp\/v2\/types\/post"}],"author":[{"embeddable":true,"href":"https:\/\/portaltela.pt\/api\/wp\/v2\/users\/2"}],"replies":[{"embeddable":true,"href":"https:\/\/portaltela.pt\/api\/wp\/v2\/comments?post=196044"}],"version-history":[{"count":0,"href":"https:\/\/portaltela.pt\/api\/wp\/v2\/posts\/196044\/revisions"}],"wp:featuredmedia":[{"embeddable":true,"href":"https:\/\/portaltela.pt\/api\/wp\/v2\/media\/196048"}],"wp:attachment":[{"href":"https:\/\/portaltela.pt\/api\/wp\/v2\/media?parent=196044"}],"wp:term":[{"taxonomy":"category","embeddable":true,"href":"https:\/\/portaltela.pt\/api\/wp\/v2\/categories?post=196044"},{"taxonomy":"post_tag","embeddable":true,"href":"https:\/\/portaltela.pt\/api\/wp\/v2\/tags?post=196044"}],"curies":[{"name":"wp","href":"https:\/\/api.w.org\/{rel}","templated":true}]}}