{"id":195999,"date":"2026-02-04T06:37:03","date_gmt":"2026-02-04T09:37:03","guid":{"rendered":"https:\/\/portaltela.pt\/noticias\/2026\/02\/04\/gato-na-alemanha-e-alvo-de-autoridades-por-miar-excessivamente\/"},"modified":"2026-02-04T06:37:03","modified_gmt":"2026-02-04T09:37:03","slug":"gato-na-alemanha-e-alvo-de-autoridades-por-miar-excessivamente","status":"publish","type":"post","link":"https:\/\/portaltela.pt\/noticias\/2026\/02\/04\/gato-na-alemanha-e-alvo-de-autoridades-por-miar-excessivamente\/","title":{"rendered":"Gato na Alemanha \u00e9 alvo de autoridades por miar excessivamente"},"content":{"rendered":"<p>Em Esslingen, no sul da Alemanha, um gato cor-de-laranja de tr\u00eas anos tornou-se alvo de uma investiga\u00e7\u00e3o do departamento de ordem p\u00fablica. A raz\u00e3o apresentada pelo vizinho \u00e9 o miar excessivo, supostamente perturbando o sossego da rua.<\/p>\n<p>Ao longo dos \u00faltimos dias, a autarquia enviou v\u00e1rias cartas \u00e0 tutora, a artista Patrizia Capreoli. O objetivo inicial era confirmar se Garfield est\u00e1 castrado, conforme a lei municipal desde 2024 para gatos que vivem no exterior.<\/p>\n<p>Capreoli apresentou, no entanto, um atestado veterin\u00e1rio que comprova a castra\u00e7\u00e3o do animal. Mesmo assim, a situa\u00e7\u00e3o manteve-se sob escrut\u00ednio com um novo of\u00edcio a mencionar \u201cmiar intenso, queixoso e repetido\u201d \u00e0 porta de casa, alegadamente em v\u00e1rias ocasi\u00f5es di\u00e1rias.<\/p>\n<p>A pol\u00edcia municipal permanece a avaliar se o comportamento do felino configura viola\u00e7\u00e3o das normas de ru\u00eddo. O caso ganhou notoriedade local, suscitando debate sobre o equil\u00edbrio entre bem-estar animal e tranquilidade p\u00fablica. A not\u00edcia foi reportada pelo Pets and Company.<\/p>\n","protected":false},"excerpt":{"rendered":"<ul>\n<li>Em Esslingen, no sul da Alemanha, um gato laranja chamado Garfield \u00e9 alvo de uma investiga\u00e7\u00e3o do departamento de ordem p\u00fablica.<\/li>\n<li>O vizinho queixou-se de que o felino mia demasiado e perturba o sossego da rua.<\/li>\n<li>A autarquia enviou cartas \u00e0 tutora, Patrizia Capreoli, sobre se Garfield estaria castrado, requisito desde 2024 para gatos com acesso ao exterior.<\/li>\n<li>Patrizia apresentou atestado veterin\u00e1rio comprovando a castra\u00e7\u00e3o, mas o processo seguiu com novo of\u00edcio sobre \u201cmiar intenso, queixoso e repetido\u201d \u00e0 porta de casa.<\/li>\n<li>A administra\u00e7\u00e3o municipal considera o miar repetido potencial viola\u00e7\u00e3o de regras de ru\u00eddo.<\/li>\n<\/ul>\n","protected":false},"author":2,"featured_media":196007,"comment_status":"closed","ping_status":"closed","sticky":false,"template":"","format":"standard","meta":{"footnotes":""},"categories":[1],"tags":[1603,3091,4577,216,2874],"class_list":["post-195999","post","type-post","status-publish","format-standard","has-post-thumbnail","hentry","category-noticias","tag-alemanha","tag-animais","tag-animais-de-companhia","tag-ordem-publica","tag-policia-municipal"],"yoast_head":"<!-- This site is optimized with the Yoast SEO plugin v27.2 - https:\/\/yoast.com\/product\/yoast-seo-wordpress\/ -->\n<title>Gato na Alemanha \u00e9 alvo de autoridades por miar excessivamente - Portal Tela Portugal<\/title>\n<meta name=\"robots\" content=\"index, follow, max-snippet:-1, max-image-preview:large, max-video-preview:-1\" \/>\n<meta property=\"og:locale\" content=\"pt_PT\" \/>\n<meta property=\"og:type\" content=\"article\" \/>\n<meta property=\"og:title\" content=\"Gato na Alemanha \u00e9 alvo de autoridades por miar excessivamente - Portal Tela Portugal\" \/>\n<meta property=\"og:description\" content=\"Em Esslingen, no sul da Alemanha, um gato laranja chamado Garfield \u00e9 alvo de uma investiga\u00e7\u00e3o do departamento de ordem p\u00fablica. O vizinho queixou-se de que o felino mia demasiado e perturba o sossego da rua. A autarquia enviou cartas \u00e0 tutora, Patrizia Capreoli, sobre se Garfield estaria castrado, requisito desde 2024 para gatos com acesso ao exterior. Patrizia apresentou atestado veterin\u00e1rio comprovando a castra\u00e7\u00e3o, mas o processo seguiu com novo of\u00edcio sobre \u201cmiar intenso, queixoso e repetido\u201d \u00e0 porta de casa. A administra\u00e7\u00e3o municipal considera o miar repetido potencial viola\u00e7\u00e3o de regras de ru\u00eddo.\" \/>\n<meta property=\"og:url\" content=\"https:\/\/portaltela.pt\/noticias\/2026\/02\/04\/gato-na-alemanha-e-alvo-de-autoridades-por-miar-excessivamente\/\" \/>\n<meta property=\"og:site_name\" content=\"Portal Tela Portugal\" \/>\n<meta property=\"article:published_time\" content=\"2026-02-04T09:37:03+00:00\" \/>\n<meta name=\"author\" content=\"Telinha\" \/>\n<meta name=\"twitter:card\" content=\"summary_large_image\" \/>\n<meta name=\"twitter:label1\" content=\"Escrito por\" \/>\n\t<meta name=\"twitter:data1\" content=\"Telinha\" \/>\n\t<meta name=\"twitter:label2\" content=\"Tempo estimado de leitura\" \/>\n\t<meta name=\"twitter:data2\" content=\"1 minuto\" \/>\n<script type=\"application\/ld+json\" class=\"yoast-schema-graph\">{\"@context\":\"https:\/\/schema.org\",\"@graph\":[{\"@type\":\"Article\",\"@id\":\"https:\/\/portaltela.pt\/noticias\/2026\/02\/04\/gato-na-alemanha-e-alvo-de-autoridades-por-miar-excessivamente\/#article\",\"isPartOf\":{\"@id\":\"https:\/\/portaltela.pt\/noticias\/2026\/02\/04\/gato-na-alemanha-e-alvo-de-autoridades-por-miar-excessivamente\/\"},\"author\":{\"name\":\"Telinha\",\"@id\":\"https:\/\/portaltela.pt\/#\/schema\/person\/c4278d4a6028830caff9ee44b42d32ed\"},\"headline\":\"Gato na Alemanha \u00e9 alvo de autoridades por miar excessivamente\",\"datePublished\":\"2026-02-04T09:37:03+00:00\",\"mainEntityOfPage\":{\"@id\":\"https:\/\/portaltela.pt\/noticias\/2026\/02\/04\/gato-na-alemanha-e-alvo-de-autoridades-por-miar-excessivamente\/\"},\"wordCount\":179,\"image\":{\"@id\":\"https:\/\/portaltela.pt\/noticias\/2026\/02\/04\/gato-na-alemanha-e-alvo-de-autoridades-por-miar-excessivamente\/#primaryimage\"},\"thumbnailUrl\":\"https:\/\/portaltela.pt\/s.01k8rhncp4jt1\/2026\/02\/img_920x518uu2026-02-04-09-35-05-2419444.jpg\",\"keywords\":[\"Alemanha\",\"animais\",\"animais de companhia\",\"ordem p\u00fablica\",\"pol\u00edcia municipal\"],\"articleSection\":[\"Not\u00edcias\"],\"inLanguage\":\"pt-PT\"},{\"@type\":\"WebPage\",\"@id\":\"https:\/\/portaltela.pt\/noticias\/2026\/02\/04\/gato-na-alemanha-e-alvo-de-autoridades-por-miar-excessivamente\/\",\"url\":\"https:\/\/portaltela.pt\/noticias\/2026\/02\/04\/gato-na-alemanha-e-alvo-de-autoridades-por-miar-excessivamente\/\",\"name\":\"Gato na Alemanha \u00e9 alvo de autoridades por miar excessivamente - Portal Tela Portugal\",\"isPartOf\":{\"@id\":\"https:\/\/portaltela.pt\/#website\"},\"primaryImageOfPage\":{\"@id\":\"https:\/\/portaltela.pt\/noticias\/2026\/02\/04\/gato-na-alemanha-e-alvo-de-autoridades-por-miar-excessivamente\/#primaryimage\"},\"image\":{\"@id\":\"https:\/\/portaltela.pt\/noticias\/2026\/02\/04\/gato-na-alemanha-e-alvo-de-autoridades-por-miar-excessivamente\/#primaryimage\"},\"thumbnailUrl\":\"https:\/\/portaltela.pt\/s.01k8rhncp4jt1\/2026\/02\/img_920x518uu2026-02-04-09-35-05-2419444.jpg\",\"datePublished\":\"2026-02-04T09:37:03+00:00\",\"author\":{\"@id\":\"https:\/\/portaltela.pt\/#\/schema\/person\/c4278d4a6028830caff9ee44b42d32ed\"},\"breadcrumb\":{\"@id\":\"https:\/\/portaltela.pt\/noticias\/2026\/02\/04\/gato-na-alemanha-e-alvo-de-autoridades-por-miar-excessivamente\/#breadcrumb\"},\"inLanguage\":\"pt-PT\",\"potentialAction\":[{\"@type\":\"ReadAction\",\"target\":[\"https:\/\/portaltela.pt\/noticias\/2026\/02\/04\/gato-na-alemanha-e-alvo-de-autoridades-por-miar-excessivamente\/\"]}]},{\"@type\":\"ImageObject\",\"inLanguage\":\"pt-PT\",\"@id\":\"https:\/\/portaltela.pt\/noticias\/2026\/02\/04\/gato-na-alemanha-e-alvo-de-autoridades-por-miar-excessivamente\/#primaryimage\",\"url\":\"https:\/\/portaltela.pt\/s.01k8rhncp4jt1\/2026\/02\/img_920x518uu2026-02-04-09-35-05-2419444.jpg\",\"contentUrl\":\"https:\/\/portaltela.pt\/s.01k8rhncp4jt1\/2026\/02\/img_920x518uu2026-02-04-09-35-05-2419444.jpg\",\"width\":796,\"height\":448,\"caption\":\"Na Alemanha h\u00e1 um gato na mira das autoridades por\u2026 miar demais\"},{\"@type\":\"BreadcrumbList\",\"@id\":\"https:\/\/portaltela.pt\/noticias\/2026\/02\/04\/gato-na-alemanha-e-alvo-de-autoridades-por-miar-excessivamente\/#breadcrumb\",\"itemListElement\":[{\"@type\":\"ListItem\",\"position\":1,\"name\":\"In\u00edcio\",\"item\":\"https:\/\/portaltela.pt\/\"},{\"@type\":\"ListItem\",\"position\":2,\"name\":\"Gato na Alemanha \u00e9 alvo de autoridades por miar excessivamente\"}]},{\"@type\":\"WebSite\",\"@id\":\"https:\/\/portaltela.pt\/#website\",\"url\":\"https:\/\/portaltela.pt\/\",\"name\":\"Portal Tela Portugal\",\"description\":\"\",\"potentialAction\":[{\"@type\":\"SearchAction\",\"target\":{\"@type\":\"EntryPoint\",\"urlTemplate\":\"https:\/\/portaltela.pt\/?s={search_term_string}\"},\"query-input\":{\"@type\":\"PropertyValueSpecification\",\"valueRequired\":true,\"valueName\":\"search_term_string\"}}],\"inLanguage\":\"pt-PT\"},{\"@type\":\"Person\",\"@id\":\"https:\/\/portaltela.pt\/#\/schema\/person\/c4278d4a6028830caff9ee44b42d32ed\",\"name\":\"Telinha\",\"image\":{\"@type\":\"ImageObject\",\"inLanguage\":\"pt-PT\",\"@id\":\"https:\/\/portaltela.pt\/s.01k8rhncp4jt1\/2025\/11\/talking-bot-125x125.png\",\"url\":\"https:\/\/portaltela.pt\/s.01k8rhncp4jt1\/2025\/11\/talking-bot-125x125.png\",\"contentUrl\":\"https:\/\/portaltela.pt\/s.01k8rhncp4jt1\/2025\/11\/talking-bot-125x125.png\",\"caption\":\"Telinha\"},\"sameAs\":[\"https:\/\/portaltela.pt\/\"],\"url\":\"https:\/\/portaltela.pt\/por\/367410592786\/\"}]}<\/script>\n<!-- \/ Yoast SEO plugin. -->","yoast_head_json":{"title":"Gato na Alemanha \u00e9 alvo de autoridades por miar excessivamente - Portal Tela Portugal","robots":{"index":"index","follow":"follow","max-snippet":"max-snippet:-1","max-image-preview":"max-image-preview:large","max-video-preview":"max-video-preview:-1"},"og_locale":"pt_PT","og_type":"article","og_title":"Gato na Alemanha \u00e9 alvo de autoridades por miar excessivamente - Portal Tela Portugal","og_description":"Em Esslingen, no sul da Alemanha, um gato laranja chamado Garfield \u00e9 alvo de uma investiga\u00e7\u00e3o do departamento de ordem p\u00fablica. O vizinho queixou-se de que o felino mia demasiado e perturba o sossego da rua. A autarquia enviou cartas \u00e0 tutora, Patrizia Capreoli, sobre se Garfield estaria castrado, requisito desde 2024 para gatos com acesso ao exterior. Patrizia apresentou atestado veterin\u00e1rio comprovando a castra\u00e7\u00e3o, mas o processo seguiu com novo of\u00edcio sobre \u201cmiar intenso, queixoso e repetido\u201d \u00e0 porta de casa. A administra\u00e7\u00e3o municipal considera o miar repetido potencial viola\u00e7\u00e3o de regras de ru\u00eddo.","og_url":"https:\/\/portaltela.pt\/noticias\/2026\/02\/04\/gato-na-alemanha-e-alvo-de-autoridades-por-miar-excessivamente\/","og_site_name":"Portal Tela Portugal","article_published_time":"2026-02-04T09:37:03+00:00","author":"Telinha","twitter_card":"summary_large_image","twitter_misc":{"Escrito por":"Telinha","Tempo estimado de leitura":"1 minuto"},"schema":{"@context":"https:\/\/schema.org","@graph":[{"@type":"Article","@id":"https:\/\/portaltela.pt\/noticias\/2026\/02\/04\/gato-na-alemanha-e-alvo-de-autoridades-por-miar-excessivamente\/#article","isPartOf":{"@id":"https:\/\/portaltela.pt\/noticias\/2026\/02\/04\/gato-na-alemanha-e-alvo-de-autoridades-por-miar-excessivamente\/"},"author":{"name":"Telinha","@id":"https:\/\/portaltela.pt\/#\/schema\/person\/c4278d4a6028830caff9ee44b42d32ed"},"headline":"Gato na Alemanha \u00e9 alvo de autoridades por miar excessivamente","datePublished":"2026-02-04T09:37:03+00:00","mainEntityOfPage":{"@id":"https:\/\/portaltela.pt\/noticias\/2026\/02\/04\/gato-na-alemanha-e-alvo-de-autoridades-por-miar-excessivamente\/"},"wordCount":179,"image":{"@id":"https:\/\/portaltela.pt\/noticias\/2026\/02\/04\/gato-na-alemanha-e-alvo-de-autoridades-por-miar-excessivamente\/#primaryimage"},"thumbnailUrl":"https:\/\/portaltela.pt\/s.01k8rhncp4jt1\/2026\/02\/img_920x518uu2026-02-04-09-35-05-2419444.jpg","keywords":["Alemanha","animais","animais de companhia","ordem p\u00fablica","pol\u00edcia municipal"],"articleSection":["Not\u00edcias"],"inLanguage":"pt-PT"},{"@type":"WebPage","@id":"https:\/\/portaltela.pt\/noticias\/2026\/02\/04\/gato-na-alemanha-e-alvo-de-autoridades-por-miar-excessivamente\/","url":"https:\/\/portaltela.pt\/noticias\/2026\/02\/04\/gato-na-alemanha-e-alvo-de-autoridades-por-miar-excessivamente\/","name":"Gato na Alemanha \u00e9 alvo de autoridades por miar excessivamente - Portal Tela Portugal","isPartOf":{"@id":"https:\/\/portaltela.pt\/#website"},"primaryImageOfPage":{"@id":"https:\/\/portaltela.pt\/noticias\/2026\/02\/04\/gato-na-alemanha-e-alvo-de-autoridades-por-miar-excessivamente\/#primaryimage"},"image":{"@id":"https:\/\/portaltela.pt\/noticias\/2026\/02\/04\/gato-na-alemanha-e-alvo-de-autoridades-por-miar-excessivamente\/#primaryimage"},"thumbnailUrl":"https:\/\/portaltela.pt\/s.01k8rhncp4jt1\/2026\/02\/img_920x518uu2026-02-04-09-35-05-2419444.jpg","datePublished":"2026-02-04T09:37:03+00:00","author":{"@id":"https:\/\/portaltela.pt\/#\/schema\/person\/c4278d4a6028830caff9ee44b42d32ed"},"breadcrumb":{"@id":"https:\/\/portaltela.pt\/noticias\/2026\/02\/04\/gato-na-alemanha-e-alvo-de-autoridades-por-miar-excessivamente\/#breadcrumb"},"inLanguage":"pt-PT","potentialAction":[{"@type":"ReadAction","target":["https:\/\/portaltela.pt\/noticias\/2026\/02\/04\/gato-na-alemanha-e-alvo-de-autoridades-por-miar-excessivamente\/"]}]},{"@type":"ImageObject","inLanguage":"pt-PT","@id":"https:\/\/portaltela.pt\/noticias\/2026\/02\/04\/gato-na-alemanha-e-alvo-de-autoridades-por-miar-excessivamente\/#primaryimage","url":"https:\/\/portaltela.pt\/s.01k8rhncp4jt1\/2026\/02\/img_920x518uu2026-02-04-09-35-05-2419444.jpg","contentUrl":"https:\/\/portaltela.pt\/s.01k8rhncp4jt1\/2026\/02\/img_920x518uu2026-02-04-09-35-05-2419444.jpg","width":796,"height":448,"caption":"Na Alemanha h\u00e1 um gato na mira das autoridades por\u2026 miar demais"},{"@type":"BreadcrumbList","@id":"https:\/\/portaltela.pt\/noticias\/2026\/02\/04\/gato-na-alemanha-e-alvo-de-autoridades-por-miar-excessivamente\/#breadcrumb","itemListElement":[{"@type":"ListItem","position":1,"name":"In\u00edcio","item":"https:\/\/portaltela.pt\/"},{"@type":"ListItem","position":2,"name":"Gato na Alemanha \u00e9 alvo de autoridades por miar excessivamente"}]},{"@type":"WebSite","@id":"https:\/\/portaltela.pt\/#website","url":"https:\/\/portaltela.pt\/","name":"Portal Tela Portugal","description":"","potentialAction":[{"@type":"SearchAction","target":{"@type":"EntryPoint","urlTemplate":"https:\/\/portaltela.pt\/?s={search_term_string}"},"query-input":{"@type":"PropertyValueSpecification","valueRequired":true,"valueName":"search_term_string"}}],"inLanguage":"pt-PT"},{"@type":"Person","@id":"https:\/\/portaltela.pt\/#\/schema\/person\/c4278d4a6028830caff9ee44b42d32ed","name":"Telinha","image":{"@type":"ImageObject","inLanguage":"pt-PT","@id":"https:\/\/portaltela.pt\/s.01k8rhncp4jt1\/2025\/11\/talking-bot-125x125.png","url":"https:\/\/portaltela.pt\/s.01k8rhncp4jt1\/2025\/11\/talking-bot-125x125.png","contentUrl":"https:\/\/portaltela.pt\/s.01k8rhncp4jt1\/2025\/11\/talking-bot-125x125.png","caption":"Telinha"},"sameAs":["https:\/\/portaltela.pt\/"],"url":"https:\/\/portaltela.pt\/por\/367410592786\/"}]}},"_links":{"self":[{"href":"https:\/\/portaltela.pt\/api\/wp\/v2\/posts\/195999","targetHints":{"allow":["GET"]}}],"collection":[{"href":"https:\/\/portaltela.pt\/api\/wp\/v2\/posts"}],"about":[{"href":"https:\/\/portaltela.pt\/api\/wp\/v2\/types\/post"}],"author":[{"embeddable":true,"href":"https:\/\/portaltela.pt\/api\/wp\/v2\/users\/2"}],"replies":[{"embeddable":true,"href":"https:\/\/portaltela.pt\/api\/wp\/v2\/comments?post=195999"}],"version-history":[{"count":0,"href":"https:\/\/portaltela.pt\/api\/wp\/v2\/posts\/195999\/revisions"}],"wp:featuredmedia":[{"embeddable":true,"href":"https:\/\/portaltela.pt\/api\/wp\/v2\/media\/196007"}],"wp:attachment":[{"href":"https:\/\/portaltela.pt\/api\/wp\/v2\/media?parent=195999"}],"wp:term":[{"taxonomy":"category","embeddable":true,"href":"https:\/\/portaltela.pt\/api\/wp\/v2\/categories?post=195999"},{"taxonomy":"post_tag","embeddable":true,"href":"https:\/\/portaltela.pt\/api\/wp\/v2\/tags?post=195999"}],"curies":[{"name":"wp","href":"https:\/\/api.w.org\/{rel}","templated":true}]}}