{"id":195990,"date":"2026-02-04T06:15:00","date_gmt":"2026-02-04T09:15:00","guid":{"rendered":"https:\/\/portaltela.pt\/noticias\/2026\/02\/04\/falece-o-padre-pedro-fernandes-natural-da-camacha\/"},"modified":"2026-02-04T06:15:00","modified_gmt":"2026-02-04T09:15:00","slug":"falece-o-padre-pedro-fernandes-natural-da-camacha","status":"publish","type":"post","link":"https:\/\/portaltela.pt\/noticias\/2026\/02\/04\/falece-o-padre-pedro-fernandes-natural-da-camacha\/","title":{"rendered":"Falece o padre Pedro Fernandes, natural da Camacha"},"content":{"rendered":"<p>O padre Pedro Fernandes, natural da Camacha, faleceu ontem. Exercia fun\u00e7\u00f5es pastorais em duas par\u00f3quias de Alenquer, no continente portugu\u00eas. A not\u00edcia foi comunicada pela Junta de Freguesia da Camacha.<\/p>\n<p>A autarquia lembra que, nos \u00faltimos anos, o sacerdote foi p\u00e1roco das par\u00f3quias de Meca e de Cabanas de Torres, ambas em Alenquer. Em comunicado, a institui\u00e7\u00e3o expressou o seu profundo pesar pela perda de um filho da terra.<\/p>\n<h3>Trajet\u00f3ria<\/h3>\n<p>Faleceu Pedro de Gouveia Fernandes, sacerdote da Ordem dos C\u00f3negos Regrantes de Santa Cruz, natural da Camacha. Nasceu a 15 de mar\u00e7o de 1950 e ingressou no semin\u00e1rio em 1979, no Sameiro, Braga.<\/p>\n<p>Foi ordenado presb\u00edtero a 1 de abril de 1989, na S\u00e9 do Funchal, e celebrou a Missa Nova nessa mesma semana. Ao longo da carreira, atuou em Machico, Cani\u00e7al, \u00c1gua de Pena e no Alentejo, antes de se fixar em Meca e Cabanas de Torres, no concelho de Alenquer, onde permaneceu 27 anos.<\/p>\n<p>Em julho de 2025 foi dispensado dos of\u00edcios de p\u00e1roco por motivos de doen\u00e7a. A sua voca\u00e7\u00e3o foi marcada por uma trajet\u00f3ria que incluiu servi\u00e7o militar na Guin\u00e9 e uma passagem pelos CTT antes da entrada na Ordem dos C\u00f3negos Regrantes da Santa Cruz (cr\u00fazios).<\/p>\n<h3>Funeral<\/h3>\n<p>O funeral est\u00e1 marcado para quinta-feira, 5 de fevereiro, \u00e0s 11h, no Mosteiro dos Cr\u00fazios, no Sameiro, Braga. A fam\u00edlia e as comunidades das par\u00f3quias de Meca e Cabanas de Torres dever\u00e3o estar presentes para a despedida. Fontes: Jornal da Madeira e Diocese do Funchal.<\/p>\n","protected":false},"excerpt":{"rendered":"<ul>\n<li>Faleceu ontem o padre Pedro Fernandes, natural da Camacha, que exercia fun\u00e7\u00f5es em duas par\u00f3quias de Alenquer, no continente portugu\u00eas.<\/li>\n<li>A Junta de Freguesia da Camacha manifestou profundo pesar pelo falecimento de um filho da terra, que foi p\u00e1roco em Meca e de Cabanas de Torres, em Alenquer.<\/li>\n<li>O funeral est\u00e1 marcado para quinta-feira, 5 de Fevereiro, \u00e0s 11h, no Mosteiro dos Cr\u00fazios, no Sameiro, em Braga.<\/li>\n<li>Pedro de Gouveia Fernandes nasceu a 15 de mar\u00e7o de 1950, foi ordenado em 1989 e teve, ao longo da vida, v\u00e1rias fun\u00e7\u00f5es pastorais, destacando-se 27 anos como p\u00e1roco de Meca e de Cabanas de Torres.<\/li>\n<li>Em julho de 2025 foi oficializada a dispensa dos of\u00edcios de p\u00e1roco de Meca e de Cabanas de Torres por motivo de doen\u00e7a.<\/li>\n<\/ul>\n","protected":false},"author":2,"featured_media":196001,"comment_status":"closed","ping_status":"closed","sticky":false,"template":"","format":"standard","meta":{"footnotes":""},"categories":[1],"tags":[4180,1327,5358,2978,1283,104],"class_list":["post-195990","post","type-post","status-publish","format-standard","has-post-thumbnail","hentry","category-noticias","tag-alenquer","tag-camacha","tag-canical","tag-catolico","tag-machico","tag-religiao"],"yoast_head":"<!-- This site is optimized with the Yoast SEO plugin v27.2 - https:\/\/yoast.com\/product\/yoast-seo-wordpress\/ -->\n<title>Falece o padre Pedro Fernandes, natural da Camacha - Portal Tela Portugal<\/title>\n<meta name=\"robots\" content=\"index, follow, max-snippet:-1, max-image-preview:large, max-video-preview:-1\" \/>\n<meta property=\"og:locale\" content=\"pt_PT\" \/>\n<meta property=\"og:type\" content=\"article\" \/>\n<meta property=\"og:title\" content=\"Falece o padre Pedro Fernandes, natural da Camacha - Portal Tela Portugal\" \/>\n<meta property=\"og:description\" content=\"Faleceu ontem o padre Pedro Fernandes, natural da Camacha, que exercia fun\u00e7\u00f5es em duas par\u00f3quias de Alenquer, no continente portugu\u00eas. A Junta de Freguesia da Camacha manifestou profundo pesar pelo falecimento de um filho da terra, que foi p\u00e1roco em Meca e de Cabanas de Torres, em Alenquer. O funeral est\u00e1 marcado para quinta-feira, 5 de Fevereiro, \u00e0s 11h, no Mosteiro dos Cr\u00fazios, no Sameiro, em Braga. Pedro de Gouveia Fernandes nasceu a 15 de mar\u00e7o de 1950, foi ordenado em 1989 e teve, ao longo da vida, v\u00e1rias fun\u00e7\u00f5es pastorais, destacando-se 27 anos como p\u00e1roco de Meca e de Cabanas de Torres. Em julho de 2025 foi oficializada a dispensa dos of\u00edcios de p\u00e1roco de Meca e de Cabanas de Torres por motivo de doen\u00e7a.\" \/>\n<meta property=\"og:url\" content=\"https:\/\/portaltela.pt\/noticias\/2026\/02\/04\/falece-o-padre-pedro-fernandes-natural-da-camacha\/\" \/>\n<meta property=\"og:site_name\" content=\"Portal Tela Portugal\" \/>\n<meta property=\"article:published_time\" content=\"2026-02-04T09:15:00+00:00\" \/>\n<meta name=\"author\" content=\"Telinha\" \/>\n<meta name=\"twitter:card\" content=\"summary_large_image\" \/>\n<meta name=\"twitter:label1\" content=\"Escrito por\" \/>\n\t<meta name=\"twitter:data1\" content=\"Telinha\" \/>\n\t<meta name=\"twitter:label2\" content=\"Tempo estimado de leitura\" \/>\n\t<meta name=\"twitter:data2\" content=\"1 minuto\" \/>\n<script type=\"application\/ld+json\" class=\"yoast-schema-graph\">{\"@context\":\"https:\/\/schema.org\",\"@graph\":[{\"@type\":\"Article\",\"@id\":\"https:\/\/portaltela.pt\/noticias\/2026\/02\/04\/falece-o-padre-pedro-fernandes-natural-da-camacha\/#article\",\"isPartOf\":{\"@id\":\"https:\/\/portaltela.pt\/noticias\/2026\/02\/04\/falece-o-padre-pedro-fernandes-natural-da-camacha\/\"},\"author\":{\"name\":\"Telinha\",\"@id\":\"https:\/\/portaltela.pt\/#\/schema\/person\/c4278d4a6028830caff9ee44b42d32ed\"},\"headline\":\"Falece o padre Pedro Fernandes, natural da Camacha\",\"datePublished\":\"2026-02-04T09:15:00+00:00\",\"mainEntityOfPage\":{\"@id\":\"https:\/\/portaltela.pt\/noticias\/2026\/02\/04\/falece-o-padre-pedro-fernandes-natural-da-camacha\/\"},\"wordCount\":272,\"image\":{\"@id\":\"https:\/\/portaltela.pt\/noticias\/2026\/02\/04\/falece-o-padre-pedro-fernandes-natural-da-camacha\/#primaryimage\"},\"thumbnailUrl\":\"https:\/\/portaltela.pt\/s.01k8rhncp4jt1\/2026\/02\/unnamed-file-1127.jpg\",\"keywords\":[\"Alenquer\",\"Camacha\",\"Cani\u00e7al\",\"cat\u00f3lico\",\"Machico\",\"religi\u00e3o\"],\"articleSection\":[\"Not\u00edcias\"],\"inLanguage\":\"pt-PT\"},{\"@type\":\"WebPage\",\"@id\":\"https:\/\/portaltela.pt\/noticias\/2026\/02\/04\/falece-o-padre-pedro-fernandes-natural-da-camacha\/\",\"url\":\"https:\/\/portaltela.pt\/noticias\/2026\/02\/04\/falece-o-padre-pedro-fernandes-natural-da-camacha\/\",\"name\":\"Falece o padre Pedro Fernandes, natural da Camacha - Portal Tela Portugal\",\"isPartOf\":{\"@id\":\"https:\/\/portaltela.pt\/#website\"},\"primaryImageOfPage\":{\"@id\":\"https:\/\/portaltela.pt\/noticias\/2026\/02\/04\/falece-o-padre-pedro-fernandes-natural-da-camacha\/#primaryimage\"},\"image\":{\"@id\":\"https:\/\/portaltela.pt\/noticias\/2026\/02\/04\/falece-o-padre-pedro-fernandes-natural-da-camacha\/#primaryimage\"},\"thumbnailUrl\":\"https:\/\/portaltela.pt\/s.01k8rhncp4jt1\/2026\/02\/unnamed-file-1127.jpg\",\"datePublished\":\"2026-02-04T09:15:00+00:00\",\"author\":{\"@id\":\"https:\/\/portaltela.pt\/#\/schema\/person\/c4278d4a6028830caff9ee44b42d32ed\"},\"breadcrumb\":{\"@id\":\"https:\/\/portaltela.pt\/noticias\/2026\/02\/04\/falece-o-padre-pedro-fernandes-natural-da-camacha\/#breadcrumb\"},\"inLanguage\":\"pt-PT\",\"potentialAction\":[{\"@type\":\"ReadAction\",\"target\":[\"https:\/\/portaltela.pt\/noticias\/2026\/02\/04\/falece-o-padre-pedro-fernandes-natural-da-camacha\/\"]}]},{\"@type\":\"ImageObject\",\"inLanguage\":\"pt-PT\",\"@id\":\"https:\/\/portaltela.pt\/noticias\/2026\/02\/04\/falece-o-padre-pedro-fernandes-natural-da-camacha\/#primaryimage\",\"url\":\"https:\/\/portaltela.pt\/s.01k8rhncp4jt1\/2026\/02\/unnamed-file-1127.jpg\",\"contentUrl\":\"https:\/\/portaltela.pt\/s.01k8rhncp4jt1\/2026\/02\/unnamed-file-1127.jpg\",\"width\":796,\"height\":448,\"caption\":\"Foto DR\"},{\"@type\":\"BreadcrumbList\",\"@id\":\"https:\/\/portaltela.pt\/noticias\/2026\/02\/04\/falece-o-padre-pedro-fernandes-natural-da-camacha\/#breadcrumb\",\"itemListElement\":[{\"@type\":\"ListItem\",\"position\":1,\"name\":\"In\u00edcio\",\"item\":\"https:\/\/portaltela.pt\/\"},{\"@type\":\"ListItem\",\"position\":2,\"name\":\"Falece o padre Pedro Fernandes, natural da Camacha\"}]},{\"@type\":\"WebSite\",\"@id\":\"https:\/\/portaltela.pt\/#website\",\"url\":\"https:\/\/portaltela.pt\/\",\"name\":\"Portal Tela Portugal\",\"description\":\"\",\"potentialAction\":[{\"@type\":\"SearchAction\",\"target\":{\"@type\":\"EntryPoint\",\"urlTemplate\":\"https:\/\/portaltela.pt\/?s={search_term_string}\"},\"query-input\":{\"@type\":\"PropertyValueSpecification\",\"valueRequired\":true,\"valueName\":\"search_term_string\"}}],\"inLanguage\":\"pt-PT\"},{\"@type\":\"Person\",\"@id\":\"https:\/\/portaltela.pt\/#\/schema\/person\/c4278d4a6028830caff9ee44b42d32ed\",\"name\":\"Telinha\",\"image\":{\"@type\":\"ImageObject\",\"inLanguage\":\"pt-PT\",\"@id\":\"https:\/\/portaltela.pt\/s.01k8rhncp4jt1\/2025\/11\/talking-bot-125x125.png\",\"url\":\"https:\/\/portaltela.pt\/s.01k8rhncp4jt1\/2025\/11\/talking-bot-125x125.png\",\"contentUrl\":\"https:\/\/portaltela.pt\/s.01k8rhncp4jt1\/2025\/11\/talking-bot-125x125.png\",\"caption\":\"Telinha\"},\"sameAs\":[\"https:\/\/portaltela.pt\/\"],\"url\":\"https:\/\/portaltela.pt\/por\/367410592786\/\"}]}<\/script>\n<!-- \/ Yoast SEO plugin. -->","yoast_head_json":{"title":"Falece o padre Pedro Fernandes, natural da Camacha - Portal Tela Portugal","robots":{"index":"index","follow":"follow","max-snippet":"max-snippet:-1","max-image-preview":"max-image-preview:large","max-video-preview":"max-video-preview:-1"},"og_locale":"pt_PT","og_type":"article","og_title":"Falece o padre Pedro Fernandes, natural da Camacha - Portal Tela Portugal","og_description":"Faleceu ontem o padre Pedro Fernandes, natural da Camacha, que exercia fun\u00e7\u00f5es em duas par\u00f3quias de Alenquer, no continente portugu\u00eas. A Junta de Freguesia da Camacha manifestou profundo pesar pelo falecimento de um filho da terra, que foi p\u00e1roco em Meca e de Cabanas de Torres, em Alenquer. O funeral est\u00e1 marcado para quinta-feira, 5 de Fevereiro, \u00e0s 11h, no Mosteiro dos Cr\u00fazios, no Sameiro, em Braga. Pedro de Gouveia Fernandes nasceu a 15 de mar\u00e7o de 1950, foi ordenado em 1989 e teve, ao longo da vida, v\u00e1rias fun\u00e7\u00f5es pastorais, destacando-se 27 anos como p\u00e1roco de Meca e de Cabanas de Torres. Em julho de 2025 foi oficializada a dispensa dos of\u00edcios de p\u00e1roco de Meca e de Cabanas de Torres por motivo de doen\u00e7a.","og_url":"https:\/\/portaltela.pt\/noticias\/2026\/02\/04\/falece-o-padre-pedro-fernandes-natural-da-camacha\/","og_site_name":"Portal Tela Portugal","article_published_time":"2026-02-04T09:15:00+00:00","author":"Telinha","twitter_card":"summary_large_image","twitter_misc":{"Escrito por":"Telinha","Tempo estimado de leitura":"1 minuto"},"schema":{"@context":"https:\/\/schema.org","@graph":[{"@type":"Article","@id":"https:\/\/portaltela.pt\/noticias\/2026\/02\/04\/falece-o-padre-pedro-fernandes-natural-da-camacha\/#article","isPartOf":{"@id":"https:\/\/portaltela.pt\/noticias\/2026\/02\/04\/falece-o-padre-pedro-fernandes-natural-da-camacha\/"},"author":{"name":"Telinha","@id":"https:\/\/portaltela.pt\/#\/schema\/person\/c4278d4a6028830caff9ee44b42d32ed"},"headline":"Falece o padre Pedro Fernandes, natural da Camacha","datePublished":"2026-02-04T09:15:00+00:00","mainEntityOfPage":{"@id":"https:\/\/portaltela.pt\/noticias\/2026\/02\/04\/falece-o-padre-pedro-fernandes-natural-da-camacha\/"},"wordCount":272,"image":{"@id":"https:\/\/portaltela.pt\/noticias\/2026\/02\/04\/falece-o-padre-pedro-fernandes-natural-da-camacha\/#primaryimage"},"thumbnailUrl":"https:\/\/portaltela.pt\/s.01k8rhncp4jt1\/2026\/02\/unnamed-file-1127.jpg","keywords":["Alenquer","Camacha","Cani\u00e7al","cat\u00f3lico","Machico","religi\u00e3o"],"articleSection":["Not\u00edcias"],"inLanguage":"pt-PT"},{"@type":"WebPage","@id":"https:\/\/portaltela.pt\/noticias\/2026\/02\/04\/falece-o-padre-pedro-fernandes-natural-da-camacha\/","url":"https:\/\/portaltela.pt\/noticias\/2026\/02\/04\/falece-o-padre-pedro-fernandes-natural-da-camacha\/","name":"Falece o padre Pedro Fernandes, natural da Camacha - Portal Tela Portugal","isPartOf":{"@id":"https:\/\/portaltela.pt\/#website"},"primaryImageOfPage":{"@id":"https:\/\/portaltela.pt\/noticias\/2026\/02\/04\/falece-o-padre-pedro-fernandes-natural-da-camacha\/#primaryimage"},"image":{"@id":"https:\/\/portaltela.pt\/noticias\/2026\/02\/04\/falece-o-padre-pedro-fernandes-natural-da-camacha\/#primaryimage"},"thumbnailUrl":"https:\/\/portaltela.pt\/s.01k8rhncp4jt1\/2026\/02\/unnamed-file-1127.jpg","datePublished":"2026-02-04T09:15:00+00:00","author":{"@id":"https:\/\/portaltela.pt\/#\/schema\/person\/c4278d4a6028830caff9ee44b42d32ed"},"breadcrumb":{"@id":"https:\/\/portaltela.pt\/noticias\/2026\/02\/04\/falece-o-padre-pedro-fernandes-natural-da-camacha\/#breadcrumb"},"inLanguage":"pt-PT","potentialAction":[{"@type":"ReadAction","target":["https:\/\/portaltela.pt\/noticias\/2026\/02\/04\/falece-o-padre-pedro-fernandes-natural-da-camacha\/"]}]},{"@type":"ImageObject","inLanguage":"pt-PT","@id":"https:\/\/portaltela.pt\/noticias\/2026\/02\/04\/falece-o-padre-pedro-fernandes-natural-da-camacha\/#primaryimage","url":"https:\/\/portaltela.pt\/s.01k8rhncp4jt1\/2026\/02\/unnamed-file-1127.jpg","contentUrl":"https:\/\/portaltela.pt\/s.01k8rhncp4jt1\/2026\/02\/unnamed-file-1127.jpg","width":796,"height":448,"caption":"Foto DR"},{"@type":"BreadcrumbList","@id":"https:\/\/portaltela.pt\/noticias\/2026\/02\/04\/falece-o-padre-pedro-fernandes-natural-da-camacha\/#breadcrumb","itemListElement":[{"@type":"ListItem","position":1,"name":"In\u00edcio","item":"https:\/\/portaltela.pt\/"},{"@type":"ListItem","position":2,"name":"Falece o padre Pedro Fernandes, natural da Camacha"}]},{"@type":"WebSite","@id":"https:\/\/portaltela.pt\/#website","url":"https:\/\/portaltela.pt\/","name":"Portal Tela Portugal","description":"","potentialAction":[{"@type":"SearchAction","target":{"@type":"EntryPoint","urlTemplate":"https:\/\/portaltela.pt\/?s={search_term_string}"},"query-input":{"@type":"PropertyValueSpecification","valueRequired":true,"valueName":"search_term_string"}}],"inLanguage":"pt-PT"},{"@type":"Person","@id":"https:\/\/portaltela.pt\/#\/schema\/person\/c4278d4a6028830caff9ee44b42d32ed","name":"Telinha","image":{"@type":"ImageObject","inLanguage":"pt-PT","@id":"https:\/\/portaltela.pt\/s.01k8rhncp4jt1\/2025\/11\/talking-bot-125x125.png","url":"https:\/\/portaltela.pt\/s.01k8rhncp4jt1\/2025\/11\/talking-bot-125x125.png","contentUrl":"https:\/\/portaltela.pt\/s.01k8rhncp4jt1\/2025\/11\/talking-bot-125x125.png","caption":"Telinha"},"sameAs":["https:\/\/portaltela.pt\/"],"url":"https:\/\/portaltela.pt\/por\/367410592786\/"}]}},"_links":{"self":[{"href":"https:\/\/portaltela.pt\/api\/wp\/v2\/posts\/195990","targetHints":{"allow":["GET"]}}],"collection":[{"href":"https:\/\/portaltela.pt\/api\/wp\/v2\/posts"}],"about":[{"href":"https:\/\/portaltela.pt\/api\/wp\/v2\/types\/post"}],"author":[{"embeddable":true,"href":"https:\/\/portaltela.pt\/api\/wp\/v2\/users\/2"}],"replies":[{"embeddable":true,"href":"https:\/\/portaltela.pt\/api\/wp\/v2\/comments?post=195990"}],"version-history":[{"count":0,"href":"https:\/\/portaltela.pt\/api\/wp\/v2\/posts\/195990\/revisions"}],"wp:featuredmedia":[{"embeddable":true,"href":"https:\/\/portaltela.pt\/api\/wp\/v2\/media\/196001"}],"wp:attachment":[{"href":"https:\/\/portaltela.pt\/api\/wp\/v2\/media?parent=195990"}],"wp:term":[{"taxonomy":"category","embeddable":true,"href":"https:\/\/portaltela.pt\/api\/wp\/v2\/categories?post=195990"},{"taxonomy":"post_tag","embeddable":true,"href":"https:\/\/portaltela.pt\/api\/wp\/v2\/tags?post=195990"}],"curies":[{"name":"wp","href":"https:\/\/api.w.org\/{rel}","templated":true}]}}