{"id":195973,"date":"2026-02-04T06:10:24","date_gmt":"2026-02-04T09:10:24","guid":{"rendered":"https:\/\/portaltela.pt\/noticias\/2026\/02\/04\/tenista-turca-ayla-aksu-vence-torneio-itf-w75-porto\/"},"modified":"2026-02-04T06:10:24","modified_gmt":"2026-02-04T09:10:24","slug":"tenista-turca-ayla-aksu-vence-torneio-itf-w75-porto","status":"publish","type":"post","link":"https:\/\/portaltela.pt\/desporto\/2026\/02\/04\/tenista-turca-ayla-aksu-vence-torneio-itf-w75-porto\/","title":{"rendered":"Tenista turca Ayla Aksu vence torneio ITF W75 Porto"},"content":{"rendered":"<p>Ayla Aksu, tenista turca de 29 anos, sagrou-se vencedora do ITF W75 Porto, disputado no Complexo Desportivo do Monte Aventino, em Portugal, no fim de semana. O torneio integrou o calend\u00e1rio feminino da Federa\u00e7\u00e3o Internacional de T\u00e9nis e distribuiu pr\u00e9mios totais de 60 mil d\u00f3lares.<\/p>\n<p>A jogadora ultrapassou a jovem b\u00falgara Elizara Yaneva, de 18 anos, em dois sets. O placar final foi 7-5 e 6-4, ap\u00f3s 1 hora e 24 minutos de jogo.<\/p>\n<p>A vit\u00f3ria marca o regresso de Aksu aos t\u00edtulos, depois de ter triunfado em 2024 no W35 de Collogne-Bellcrive, na Su\u00ed\u00e7a. A cerim\u00f3nia de entrega contou com a presen\u00e7a do vereador do Desporto, Rodrigo Passos, a representar o munic\u00edpio.<\/p>\n<p>O ITF W75 Porto I \u00e9 o primeiro torneio internacional feminino de 2026 da Federa\u00e7\u00e3o Portuguesa de T\u00e9nis, com o apoio do Munic\u00edpio do Porto atrav\u00e9s da \u00c1gora. A organiza\u00e7\u00e3o j\u00e1 anuncia o ITF W50 Porto II, de 2 a 8 de fevereiro, no mesmo recinto. Fonte: CM Porto; Foto: CMP | Nuno Miguel Coelho<\/p>\n","protected":false},"excerpt":{"rendered":"<ul>\n<li>Ayla Aksu, tenista turca de 29 anos, venceu o ITF W75 Porto disputado no Complexo Desportivo do Monte Aventino.<\/li>\n<li>A advers\u00e1ria na final foi a jovem b\u00falgara Elizara Yaneva, de 18 anos, derrotada em dois sets por 7-5 e 6-4, ap\u00f3s 1 hora e 24 minutos.<\/li>\n<li>A jogadora residente regressa aos t\u00edtulos ap\u00f3s vencer o W35 de Collogne-Bellcrive, na Su\u00ed\u00e7a, em 2024.<\/li>\n<li>A cerim\u00f3nia de entrega de pr\u00e9mios contou com a presen\u00e7a do vereador do Desporto, Juventude e Associativismo, Rodrigo Passos.<\/li>\n<li>O ITF W75 Porto I \u00e9 o primeiro torneio internacional feminino de 2026 organizado pela Federa\u00e7\u00e3o Portuguesa de T\u00e9nis, com apoio do Munic\u00edpio do Porto via \u00c1gora, distribuindo 60 mil d\u00f3lares em pr\u00e9mios; segue o ITF W50 Porto II, de 2 a 8 de fevereiro.<\/li>\n<\/ul>\n","protected":false},"author":2,"featured_media":195981,"comment_status":"closed","ping_status":"closed","sticky":false,"template":"","format":"standard","meta":{"footnotes":""},"categories":[21],"tags":[1487,1242,5356,982,94,2126],"class_list":["post-195973","post","type-post","status-publish","format-standard","has-post-thumbnail","hentry","category-desporto","tag-bulgaria","tag-feminino","tag-itf","tag-porto","tag-tenis","tag-turquia"],"yoast_head":"<!-- This site is optimized with the Yoast SEO plugin v27.2 - https:\/\/yoast.com\/product\/yoast-seo-wordpress\/ -->\n<title>Tenista turca Ayla Aksu vence torneio ITF W75 Porto - Portal Tela Portugal<\/title>\n<meta name=\"robots\" content=\"index, follow, max-snippet:-1, max-image-preview:large, max-video-preview:-1\" \/>\n<meta property=\"og:locale\" content=\"pt_PT\" \/>\n<meta property=\"og:type\" content=\"article\" \/>\n<meta property=\"og:title\" content=\"Tenista turca Ayla Aksu vence torneio ITF W75 Porto - Portal Tela Portugal\" \/>\n<meta property=\"og:description\" content=\"Ayla Aksu, tenista turca de 29 anos, venceu o ITF W75 Porto disputado no Complexo Desportivo do Monte Aventino. A advers\u00e1ria na final foi a jovem b\u00falgara Elizara Yaneva, de 18 anos, derrotada em dois sets por 7-5 e 6-4, ap\u00f3s 1 hora e 24 minutos. A jogadora residente regressa aos t\u00edtulos ap\u00f3s vencer o W35 de Collogne-Bellcrive, na Su\u00ed\u00e7a, em 2024. A cerim\u00f3nia de entrega de pr\u00e9mios contou com a presen\u00e7a do vereador do Desporto, Juventude e Associativismo, Rodrigo Passos. O ITF W75 Porto I \u00e9 o primeiro torneio internacional feminino de 2026 organizado pela Federa\u00e7\u00e3o Portuguesa de T\u00e9nis, com apoio do Munic\u00edpio do Porto via \u00c1gora, distribuindo 60 mil d\u00f3lares em pr\u00e9mios; segue o ITF W50 Porto II, de 2 a 8 de fevereiro.\" \/>\n<meta property=\"og:url\" content=\"https:\/\/portaltela.pt\/noticias\/2026\/02\/04\/tenista-turca-ayla-aksu-vence-torneio-itf-w75-porto\/\" \/>\n<meta property=\"og:site_name\" content=\"Portal Tela Portugal\" \/>\n<meta property=\"article:published_time\" content=\"2026-02-04T09:10:24+00:00\" \/>\n<meta name=\"author\" content=\"Telinha\" \/>\n<meta name=\"twitter:card\" content=\"summary_large_image\" \/>\n<meta name=\"twitter:label1\" content=\"Escrito por\" \/>\n\t<meta name=\"twitter:data1\" content=\"Telinha\" \/>\n\t<meta name=\"twitter:label2\" content=\"Tempo estimado de leitura\" \/>\n\t<meta name=\"twitter:data2\" content=\"1 minuto\" \/>\n<script type=\"application\/ld+json\" class=\"yoast-schema-graph\">{\"@context\":\"https:\/\/schema.org\",\"@graph\":[{\"@type\":\"Article\",\"@id\":\"https:\/\/portaltela.pt\/noticias\/2026\/02\/04\/tenista-turca-ayla-aksu-vence-torneio-itf-w75-porto\/#article\",\"isPartOf\":{\"@id\":\"https:\/\/portaltela.pt\/noticias\/2026\/02\/04\/tenista-turca-ayla-aksu-vence-torneio-itf-w75-porto\/\"},\"author\":{\"name\":\"Telinha\",\"@id\":\"https:\/\/portaltela.pt\/#\/schema\/person\/c4278d4a6028830caff9ee44b42d32ed\"},\"headline\":\"Tenista turca Ayla Aksu vence torneio ITF W75 Porto\",\"datePublished\":\"2026-02-04T09:10:24+00:00\",\"mainEntityOfPage\":{\"@id\":\"https:\/\/portaltela.pt\/noticias\/2026\/02\/04\/tenista-turca-ayla-aksu-vence-torneio-itf-w75-porto\/\"},\"wordCount\":184,\"image\":{\"@id\":\"https:\/\/portaltela.pt\/noticias\/2026\/02\/04\/tenista-turca-ayla-aksu-vence-torneio-itf-w75-porto\/#primaryimage\"},\"thumbnailUrl\":\"https:\/\/portaltela.pt\/s.01k8rhncp4jt1\/2026\/02\/unnamed-file-1121.jpg\",\"keywords\":[\"Bulg\u00e1ria\",\"feminino\",\"ITF\",\"Porto\",\"t\u00eanis\",\"Turquia\"],\"articleSection\":[\"Desporto\"],\"inLanguage\":\"pt-PT\"},{\"@type\":\"WebPage\",\"@id\":\"https:\/\/portaltela.pt\/noticias\/2026\/02\/04\/tenista-turca-ayla-aksu-vence-torneio-itf-w75-porto\/\",\"url\":\"https:\/\/portaltela.pt\/noticias\/2026\/02\/04\/tenista-turca-ayla-aksu-vence-torneio-itf-w75-porto\/\",\"name\":\"Tenista turca Ayla Aksu vence torneio ITF W75 Porto - Portal Tela Portugal\",\"isPartOf\":{\"@id\":\"https:\/\/portaltela.pt\/#website\"},\"primaryImageOfPage\":{\"@id\":\"https:\/\/portaltela.pt\/noticias\/2026\/02\/04\/tenista-turca-ayla-aksu-vence-torneio-itf-w75-porto\/#primaryimage\"},\"image\":{\"@id\":\"https:\/\/portaltela.pt\/noticias\/2026\/02\/04\/tenista-turca-ayla-aksu-vence-torneio-itf-w75-porto\/#primaryimage\"},\"thumbnailUrl\":\"https:\/\/portaltela.pt\/s.01k8rhncp4jt1\/2026\/02\/unnamed-file-1121.jpg\",\"datePublished\":\"2026-02-04T09:10:24+00:00\",\"author\":{\"@id\":\"https:\/\/portaltela.pt\/#\/schema\/person\/c4278d4a6028830caff9ee44b42d32ed\"},\"breadcrumb\":{\"@id\":\"https:\/\/portaltela.pt\/noticias\/2026\/02\/04\/tenista-turca-ayla-aksu-vence-torneio-itf-w75-porto\/#breadcrumb\"},\"inLanguage\":\"pt-PT\",\"potentialAction\":[{\"@type\":\"ReadAction\",\"target\":[\"https:\/\/portaltela.pt\/noticias\/2026\/02\/04\/tenista-turca-ayla-aksu-vence-torneio-itf-w75-porto\/\"]}]},{\"@type\":\"ImageObject\",\"inLanguage\":\"pt-PT\",\"@id\":\"https:\/\/portaltela.pt\/noticias\/2026\/02\/04\/tenista-turca-ayla-aksu-vence-torneio-itf-w75-porto\/#primaryimage\",\"url\":\"https:\/\/portaltela.pt\/s.01k8rhncp4jt1\/2026\/02\/unnamed-file-1121.jpg\",\"contentUrl\":\"https:\/\/portaltela.pt\/s.01k8rhncp4jt1\/2026\/02\/unnamed-file-1121.jpg\",\"width\":796,\"height\":448,\"caption\":\"Tenista turca Ayla Aksu vence torneio ITF W75 Porto\"},{\"@type\":\"BreadcrumbList\",\"@id\":\"https:\/\/portaltela.pt\/noticias\/2026\/02\/04\/tenista-turca-ayla-aksu-vence-torneio-itf-w75-porto\/#breadcrumb\",\"itemListElement\":[{\"@type\":\"ListItem\",\"position\":1,\"name\":\"In\u00edcio\",\"item\":\"https:\/\/portaltela.pt\/\"},{\"@type\":\"ListItem\",\"position\":2,\"name\":\"Tenista turca Ayla Aksu vence torneio ITF W75 Porto\"}]},{\"@type\":\"WebSite\",\"@id\":\"https:\/\/portaltela.pt\/#website\",\"url\":\"https:\/\/portaltela.pt\/\",\"name\":\"Portal Tela Portugal\",\"description\":\"\",\"potentialAction\":[{\"@type\":\"SearchAction\",\"target\":{\"@type\":\"EntryPoint\",\"urlTemplate\":\"https:\/\/portaltela.pt\/?s={search_term_string}\"},\"query-input\":{\"@type\":\"PropertyValueSpecification\",\"valueRequired\":true,\"valueName\":\"search_term_string\"}}],\"inLanguage\":\"pt-PT\"},{\"@type\":\"Person\",\"@id\":\"https:\/\/portaltela.pt\/#\/schema\/person\/c4278d4a6028830caff9ee44b42d32ed\",\"name\":\"Telinha\",\"image\":{\"@type\":\"ImageObject\",\"inLanguage\":\"pt-PT\",\"@id\":\"https:\/\/portaltela.pt\/s.01k8rhncp4jt1\/2025\/11\/talking-bot-125x125.png\",\"url\":\"https:\/\/portaltela.pt\/s.01k8rhncp4jt1\/2025\/11\/talking-bot-125x125.png\",\"contentUrl\":\"https:\/\/portaltela.pt\/s.01k8rhncp4jt1\/2025\/11\/talking-bot-125x125.png\",\"caption\":\"Telinha\"},\"sameAs\":[\"https:\/\/portaltela.pt\/\"],\"url\":\"https:\/\/portaltela.pt\/por\/367410592786\/\"}]}<\/script>\n<!-- \/ Yoast SEO plugin. -->","yoast_head_json":{"title":"Tenista turca Ayla Aksu vence torneio ITF W75 Porto - Portal Tela Portugal","robots":{"index":"index","follow":"follow","max-snippet":"max-snippet:-1","max-image-preview":"max-image-preview:large","max-video-preview":"max-video-preview:-1"},"og_locale":"pt_PT","og_type":"article","og_title":"Tenista turca Ayla Aksu vence torneio ITF W75 Porto - Portal Tela Portugal","og_description":"Ayla Aksu, tenista turca de 29 anos, venceu o ITF W75 Porto disputado no Complexo Desportivo do Monte Aventino. A advers\u00e1ria na final foi a jovem b\u00falgara Elizara Yaneva, de 18 anos, derrotada em dois sets por 7-5 e 6-4, ap\u00f3s 1 hora e 24 minutos. A jogadora residente regressa aos t\u00edtulos ap\u00f3s vencer o W35 de Collogne-Bellcrive, na Su\u00ed\u00e7a, em 2024. A cerim\u00f3nia de entrega de pr\u00e9mios contou com a presen\u00e7a do vereador do Desporto, Juventude e Associativismo, Rodrigo Passos. O ITF W75 Porto I \u00e9 o primeiro torneio internacional feminino de 2026 organizado pela Federa\u00e7\u00e3o Portuguesa de T\u00e9nis, com apoio do Munic\u00edpio do Porto via \u00c1gora, distribuindo 60 mil d\u00f3lares em pr\u00e9mios; segue o ITF W50 Porto II, de 2 a 8 de fevereiro.","og_url":"https:\/\/portaltela.pt\/noticias\/2026\/02\/04\/tenista-turca-ayla-aksu-vence-torneio-itf-w75-porto\/","og_site_name":"Portal Tela Portugal","article_published_time":"2026-02-04T09:10:24+00:00","author":"Telinha","twitter_card":"summary_large_image","twitter_misc":{"Escrito por":"Telinha","Tempo estimado de leitura":"1 minuto"},"schema":{"@context":"https:\/\/schema.org","@graph":[{"@type":"Article","@id":"https:\/\/portaltela.pt\/noticias\/2026\/02\/04\/tenista-turca-ayla-aksu-vence-torneio-itf-w75-porto\/#article","isPartOf":{"@id":"https:\/\/portaltela.pt\/noticias\/2026\/02\/04\/tenista-turca-ayla-aksu-vence-torneio-itf-w75-porto\/"},"author":{"name":"Telinha","@id":"https:\/\/portaltela.pt\/#\/schema\/person\/c4278d4a6028830caff9ee44b42d32ed"},"headline":"Tenista turca Ayla Aksu vence torneio ITF W75 Porto","datePublished":"2026-02-04T09:10:24+00:00","mainEntityOfPage":{"@id":"https:\/\/portaltela.pt\/noticias\/2026\/02\/04\/tenista-turca-ayla-aksu-vence-torneio-itf-w75-porto\/"},"wordCount":184,"image":{"@id":"https:\/\/portaltela.pt\/noticias\/2026\/02\/04\/tenista-turca-ayla-aksu-vence-torneio-itf-w75-porto\/#primaryimage"},"thumbnailUrl":"https:\/\/portaltela.pt\/s.01k8rhncp4jt1\/2026\/02\/unnamed-file-1121.jpg","keywords":["Bulg\u00e1ria","feminino","ITF","Porto","t\u00eanis","Turquia"],"articleSection":["Desporto"],"inLanguage":"pt-PT"},{"@type":"WebPage","@id":"https:\/\/portaltela.pt\/noticias\/2026\/02\/04\/tenista-turca-ayla-aksu-vence-torneio-itf-w75-porto\/","url":"https:\/\/portaltela.pt\/noticias\/2026\/02\/04\/tenista-turca-ayla-aksu-vence-torneio-itf-w75-porto\/","name":"Tenista turca Ayla Aksu vence torneio ITF W75 Porto - Portal Tela Portugal","isPartOf":{"@id":"https:\/\/portaltela.pt\/#website"},"primaryImageOfPage":{"@id":"https:\/\/portaltela.pt\/noticias\/2026\/02\/04\/tenista-turca-ayla-aksu-vence-torneio-itf-w75-porto\/#primaryimage"},"image":{"@id":"https:\/\/portaltela.pt\/noticias\/2026\/02\/04\/tenista-turca-ayla-aksu-vence-torneio-itf-w75-porto\/#primaryimage"},"thumbnailUrl":"https:\/\/portaltela.pt\/s.01k8rhncp4jt1\/2026\/02\/unnamed-file-1121.jpg","datePublished":"2026-02-04T09:10:24+00:00","author":{"@id":"https:\/\/portaltela.pt\/#\/schema\/person\/c4278d4a6028830caff9ee44b42d32ed"},"breadcrumb":{"@id":"https:\/\/portaltela.pt\/noticias\/2026\/02\/04\/tenista-turca-ayla-aksu-vence-torneio-itf-w75-porto\/#breadcrumb"},"inLanguage":"pt-PT","potentialAction":[{"@type":"ReadAction","target":["https:\/\/portaltela.pt\/noticias\/2026\/02\/04\/tenista-turca-ayla-aksu-vence-torneio-itf-w75-porto\/"]}]},{"@type":"ImageObject","inLanguage":"pt-PT","@id":"https:\/\/portaltela.pt\/noticias\/2026\/02\/04\/tenista-turca-ayla-aksu-vence-torneio-itf-w75-porto\/#primaryimage","url":"https:\/\/portaltela.pt\/s.01k8rhncp4jt1\/2026\/02\/unnamed-file-1121.jpg","contentUrl":"https:\/\/portaltela.pt\/s.01k8rhncp4jt1\/2026\/02\/unnamed-file-1121.jpg","width":796,"height":448,"caption":"Tenista turca Ayla Aksu vence torneio ITF W75 Porto"},{"@type":"BreadcrumbList","@id":"https:\/\/portaltela.pt\/noticias\/2026\/02\/04\/tenista-turca-ayla-aksu-vence-torneio-itf-w75-porto\/#breadcrumb","itemListElement":[{"@type":"ListItem","position":1,"name":"In\u00edcio","item":"https:\/\/portaltela.pt\/"},{"@type":"ListItem","position":2,"name":"Tenista turca Ayla Aksu vence torneio ITF W75 Porto"}]},{"@type":"WebSite","@id":"https:\/\/portaltela.pt\/#website","url":"https:\/\/portaltela.pt\/","name":"Portal Tela Portugal","description":"","potentialAction":[{"@type":"SearchAction","target":{"@type":"EntryPoint","urlTemplate":"https:\/\/portaltela.pt\/?s={search_term_string}"},"query-input":{"@type":"PropertyValueSpecification","valueRequired":true,"valueName":"search_term_string"}}],"inLanguage":"pt-PT"},{"@type":"Person","@id":"https:\/\/portaltela.pt\/#\/schema\/person\/c4278d4a6028830caff9ee44b42d32ed","name":"Telinha","image":{"@type":"ImageObject","inLanguage":"pt-PT","@id":"https:\/\/portaltela.pt\/s.01k8rhncp4jt1\/2025\/11\/talking-bot-125x125.png","url":"https:\/\/portaltela.pt\/s.01k8rhncp4jt1\/2025\/11\/talking-bot-125x125.png","contentUrl":"https:\/\/portaltela.pt\/s.01k8rhncp4jt1\/2025\/11\/talking-bot-125x125.png","caption":"Telinha"},"sameAs":["https:\/\/portaltela.pt\/"],"url":"https:\/\/portaltela.pt\/por\/367410592786\/"}]}},"_links":{"self":[{"href":"https:\/\/portaltela.pt\/api\/wp\/v2\/posts\/195973","targetHints":{"allow":["GET"]}}],"collection":[{"href":"https:\/\/portaltela.pt\/api\/wp\/v2\/posts"}],"about":[{"href":"https:\/\/portaltela.pt\/api\/wp\/v2\/types\/post"}],"author":[{"embeddable":true,"href":"https:\/\/portaltela.pt\/api\/wp\/v2\/users\/2"}],"replies":[{"embeddable":true,"href":"https:\/\/portaltela.pt\/api\/wp\/v2\/comments?post=195973"}],"version-history":[{"count":0,"href":"https:\/\/portaltela.pt\/api\/wp\/v2\/posts\/195973\/revisions"}],"wp:featuredmedia":[{"embeddable":true,"href":"https:\/\/portaltela.pt\/api\/wp\/v2\/media\/195981"}],"wp:attachment":[{"href":"https:\/\/portaltela.pt\/api\/wp\/v2\/media?parent=195973"}],"wp:term":[{"taxonomy":"category","embeddable":true,"href":"https:\/\/portaltela.pt\/api\/wp\/v2\/categories?post=195973"},{"taxonomy":"post_tag","embeddable":true,"href":"https:\/\/portaltela.pt\/api\/wp\/v2\/tags?post=195973"}],"curies":[{"name":"wp","href":"https:\/\/api.w.org\/{rel}","templated":true}]}}