{"id":195966,"date":"2026-02-04T06:10:00","date_gmt":"2026-02-04T09:10:00","guid":{"rendered":"https:\/\/portaltela.pt\/noticias\/2026\/02\/04\/pr-avisa-que-medidas-no-papel-nao-valem-se-nao-puderem-ser-executadas\/"},"modified":"2026-02-04T06:10:00","modified_gmt":"2026-02-04T09:10:00","slug":"pr-avisa-que-medidas-no-papel-nao-valem-se-nao-puderem-ser-executadas","status":"publish","type":"post","link":"https:\/\/portaltela.pt\/noticias\/politica\/2026\/02\/04\/pr-avisa-que-medidas-no-papel-nao-valem-se-nao-puderem-ser-executadas\/","title":{"rendered":"PR avisa que medidas no papel n\u00e3o valem se n\u00e3o puderem ser executadas"},"content":{"rendered":"<p>O Presidente da Rep\u00fablica afirmou hoje que n\u00e3o faz sentido manter medidas de apoio \u00e0s popula\u00e7\u00f5es afetadas pelo mau tempo apenas no papel, sem possibilidade de execu\u00e7\u00e3o. O apelo foi feito durante declara\u00e7\u00f5es aos jornalistas \u00e0 margem das cerim\u00f3nias f\u00fanebres do cineasta Jo\u00e3o Canijo, em Lisboa, ap\u00f3s questionamentos sobre a resposta do Governo \u00e0 depress\u00e3o Kristin em Portugal continental.<\/p>\n<p>Marcelo Rebelo de Sousa sublinhou a necessidade de coordena\u00e7\u00e3o no terreno para evitar desespero entre quem sofreu os efeitos da intemp\u00e9rie. O chefe de Estado frisou que o foco n\u00e3o \u00e9 apenas o alcance das medidas, mas a capacidade de as materializar e responder \u00e0 situa\u00e7\u00e3o real que existe.<\/p>\n<p>O Presidente explicou que, numa reuni\u00e3o desta tarde com o primeiro-ministro no Pal\u00e1cio de Bel\u00e9m, foi avaliada a evolu\u00e7\u00e3o para os pr\u00f3ximos dias, com previs\u00f5es de quinta-feira e domingo particularmente desafiadores. Foi tamb\u00e9m discutido o impacto de mais de 100 mil utilizadores sem eletricidade e de cerca de 70 mil sem telecomunica\u00e7\u00f5es.<\/p>\n<h3>Avalia\u00e7\u00e3o da situa\u00e7\u00e3o e resposta operacional<\/h3>\n<p>Foi enfatizada a import\u00e2ncia de a m\u00e1quina do Estado funcionar de forma coordenada, desde as pessoas no terreno at\u00e9 aos mecanismos de resposta. O objetivo \u00e9 evitar que a popula\u00e7\u00e3o fique ansiosa ou desamparada pela falta de resposta r\u00e1pida.<\/p>\n<p>O chefe de Estado indicou que, al\u00e9m de Our\u00e9m, tamb\u00e9m haver\u00e1 visitas a Pedr\u00f3g\u00e3o Grande, com primeira passagem pela regi\u00e3o do Mondego, seguindo-se \u00e1reas do Sado e do Tejo. As desloca\u00e7\u00f5es pretendem avaliar necessidades locais e facilitar uma resposta integrada.<\/p>\n","protected":false},"excerpt":{"rendered":"<ul>\n<li>O Presidente da Rep\u00fablica disse que \u201cn\u00e3o serve de nada ter medidas no papel\u201d se n\u00e3o houver capacidade de as executar, defendendo coordena\u00e7\u00e3o no terreno.<\/li>\n<li>A declara\u00e7\u00e3o ocorreu \u00e0 margem das cerim\u00f3nias f\u00fanebres do cineasta Jo\u00e3o Canijo, questionado sobre a resposta do Governo \u00e0 passagem da depress\u00e3o Kristin em Portugal continental.<\/li>\n<li>Em reuni\u00e3o com o primeiro-ministro no Pal\u00e1cio de Bel\u00e9m, Marcelo Rebelo de Sousa analisou a situa\u00e7\u00e3o para os pr\u00f3ximos dias, com previs\u00f5es de quinta-feira e domingo complicados.<\/li>\n<li>O chefe de Estado afirmou a necessidade de a m\u00e1quina do Estado se coordenar para responder aos problemas, destacando a import\u00e2ncia de agir em Leiria e evitar que as pessoas fiquem ansiosas ou desesperadas.<\/li>\n<li>O presidente mencionou visitas futuras a Our\u00e9m, Pedr\u00f3g\u00e3o Grande, \u00e0 regi\u00e3o do Mondego, \u00e0 zona do Sado e \u00e0 regi\u00e3o do Tejo.<\/li>\n<\/ul>\n","protected":false},"author":2,"featured_media":195970,"comment_status":"closed","ping_status":"closed","sticky":false,"template":"","format":"standard","meta":{"footnotes":""},"categories":[1,5],"tags":[5215,2410,2357,4860,320,2408],"class_list":["post-195966","post","type-post","status-publish","format-standard","has-post-thumbnail","hentry","category-noticias","category-politica","tag-catastrofes-naturais","tag-mondego","tag-ourem","tag-pedrogao-grande","tag-protecao-civil","tag-tejo"],"yoast_head":"<!-- This site is optimized with the Yoast SEO plugin v27.2 - https:\/\/yoast.com\/product\/yoast-seo-wordpress\/ -->\n<title>PR avisa que medidas no papel n\u00e3o valem se n\u00e3o puderem ser executadas - Portal Tela Portugal<\/title>\n<meta name=\"robots\" content=\"index, follow, max-snippet:-1, max-image-preview:large, max-video-preview:-1\" \/>\n<meta property=\"og:locale\" content=\"pt_PT\" \/>\n<meta property=\"og:type\" content=\"article\" \/>\n<meta property=\"og:title\" content=\"PR avisa que medidas no papel n\u00e3o valem se n\u00e3o puderem ser executadas - Portal Tela Portugal\" \/>\n<meta property=\"og:description\" content=\"O Presidente da Rep\u00fablica disse que \u201cn\u00e3o serve de nada ter medidas no papel\u201d se n\u00e3o houver capacidade de as executar, defendendo coordena\u00e7\u00e3o no terreno. A declara\u00e7\u00e3o ocorreu \u00e0 margem das cerim\u00f3nias f\u00fanebres do cineasta Jo\u00e3o Canijo, questionado sobre a resposta do Governo \u00e0 passagem da depress\u00e3o Kristin em Portugal continental. Em reuni\u00e3o com o primeiro-ministro no Pal\u00e1cio de Bel\u00e9m, Marcelo Rebelo de Sousa analisou a situa\u00e7\u00e3o para os pr\u00f3ximos dias, com previs\u00f5es de quinta-feira e domingo complicados. O chefe de Estado afirmou a necessidade de a m\u00e1quina do Estado se coordenar para responder aos problemas, destacando a import\u00e2ncia de agir em Leiria e evitar que as pessoas fiquem ansiosas ou desesperadas. O presidente mencionou visitas futuras a Our\u00e9m, Pedr\u00f3g\u00e3o Grande, \u00e0 regi\u00e3o do Mondego, \u00e0 zona do Sado e \u00e0 regi\u00e3o do Tejo.\" \/>\n<meta property=\"og:url\" content=\"https:\/\/portaltela.pt\/noticias\/2026\/02\/04\/pr-avisa-que-medidas-no-papel-nao-valem-se-nao-puderem-ser-executadas\/\" \/>\n<meta property=\"og:site_name\" content=\"Portal Tela Portugal\" \/>\n<meta property=\"article:published_time\" content=\"2026-02-04T09:10:00+00:00\" \/>\n<meta name=\"author\" content=\"Telinha\" \/>\n<meta name=\"twitter:card\" content=\"summary_large_image\" \/>\n<meta name=\"twitter:label1\" content=\"Escrito por\" \/>\n\t<meta name=\"twitter:data1\" content=\"Telinha\" \/>\n\t<meta name=\"twitter:label2\" content=\"Tempo estimado de leitura\" \/>\n\t<meta name=\"twitter:data2\" content=\"1 minuto\" \/>\n<script type=\"application\/ld+json\" class=\"yoast-schema-graph\">{\"@context\":\"https:\/\/schema.org\",\"@graph\":[{\"@type\":\"Article\",\"@id\":\"https:\/\/portaltela.pt\/noticias\/2026\/02\/04\/pr-avisa-que-medidas-no-papel-nao-valem-se-nao-puderem-ser-executadas\/#article\",\"isPartOf\":{\"@id\":\"https:\/\/portaltela.pt\/noticias\/2026\/02\/04\/pr-avisa-que-medidas-no-papel-nao-valem-se-nao-puderem-ser-executadas\/\"},\"author\":{\"name\":\"Telinha\",\"@id\":\"https:\/\/portaltela.pt\/#\/schema\/person\/c4278d4a6028830caff9ee44b42d32ed\"},\"headline\":\"PR avisa que medidas no papel n\u00e3o valem se n\u00e3o puderem ser executadas\",\"datePublished\":\"2026-02-04T09:10:00+00:00\",\"mainEntityOfPage\":{\"@id\":\"https:\/\/portaltela.pt\/noticias\/2026\/02\/04\/pr-avisa-que-medidas-no-papel-nao-valem-se-nao-puderem-ser-executadas\/\"},\"wordCount\":288,\"image\":{\"@id\":\"https:\/\/portaltela.pt\/noticias\/2026\/02\/04\/pr-avisa-que-medidas-no-papel-nao-valem-se-nao-puderem-ser-executadas\/#primaryimage\"},\"thumbnailUrl\":\"https:\/\/portaltela.pt\/s.01k8rhncp4jt1\/2026\/02\/image-1-111-e1769871891970.jpg\",\"keywords\":[\"cat\u00e1strofes naturais\",\"Mondego\",\"Our\u00e9m\",\"Pedr\u00f3g\u00e3o Grande\",\"prote\u00e7\u00e3o civil\",\"Tejo\"],\"articleSection\":[\"Not\u00edcias\",\"Pol\u00edtica\"],\"inLanguage\":\"pt-PT\"},{\"@type\":\"WebPage\",\"@id\":\"https:\/\/portaltela.pt\/noticias\/2026\/02\/04\/pr-avisa-que-medidas-no-papel-nao-valem-se-nao-puderem-ser-executadas\/\",\"url\":\"https:\/\/portaltela.pt\/noticias\/2026\/02\/04\/pr-avisa-que-medidas-no-papel-nao-valem-se-nao-puderem-ser-executadas\/\",\"name\":\"PR avisa que medidas no papel n\u00e3o valem se n\u00e3o puderem ser executadas - Portal Tela Portugal\",\"isPartOf\":{\"@id\":\"https:\/\/portaltela.pt\/#website\"},\"primaryImageOfPage\":{\"@id\":\"https:\/\/portaltela.pt\/noticias\/2026\/02\/04\/pr-avisa-que-medidas-no-papel-nao-valem-se-nao-puderem-ser-executadas\/#primaryimage\"},\"image\":{\"@id\":\"https:\/\/portaltela.pt\/noticias\/2026\/02\/04\/pr-avisa-que-medidas-no-papel-nao-valem-se-nao-puderem-ser-executadas\/#primaryimage\"},\"thumbnailUrl\":\"https:\/\/portaltela.pt\/s.01k8rhncp4jt1\/2026\/02\/image-1-111-e1769871891970.jpg\",\"datePublished\":\"2026-02-04T09:10:00+00:00\",\"author\":{\"@id\":\"https:\/\/portaltela.pt\/#\/schema\/person\/c4278d4a6028830caff9ee44b42d32ed\"},\"breadcrumb\":{\"@id\":\"https:\/\/portaltela.pt\/noticias\/2026\/02\/04\/pr-avisa-que-medidas-no-papel-nao-valem-se-nao-puderem-ser-executadas\/#breadcrumb\"},\"inLanguage\":\"pt-PT\",\"potentialAction\":[{\"@type\":\"ReadAction\",\"target\":[\"https:\/\/portaltela.pt\/noticias\/2026\/02\/04\/pr-avisa-que-medidas-no-papel-nao-valem-se-nao-puderem-ser-executadas\/\"]}]},{\"@type\":\"ImageObject\",\"inLanguage\":\"pt-PT\",\"@id\":\"https:\/\/portaltela.pt\/noticias\/2026\/02\/04\/pr-avisa-que-medidas-no-papel-nao-valem-se-nao-puderem-ser-executadas\/#primaryimage\",\"url\":\"https:\/\/portaltela.pt\/s.01k8rhncp4jt1\/2026\/02\/image-1-111-e1769871891970.jpg\",\"contentUrl\":\"https:\/\/portaltela.pt\/s.01k8rhncp4jt1\/2026\/02\/image-1-111-e1769871891970.jpg\",\"width\":796,\"height\":448,\"caption\":\"Mau tempo: Marcelo Rebelo de Sousa defende cria\u00e7\u00e3o de comiss\u00e3o t\u00e9cnica independente\"},{\"@type\":\"BreadcrumbList\",\"@id\":\"https:\/\/portaltela.pt\/noticias\/2026\/02\/04\/pr-avisa-que-medidas-no-papel-nao-valem-se-nao-puderem-ser-executadas\/#breadcrumb\",\"itemListElement\":[{\"@type\":\"ListItem\",\"position\":1,\"name\":\"In\u00edcio\",\"item\":\"https:\/\/portaltela.pt\/\"},{\"@type\":\"ListItem\",\"position\":2,\"name\":\"PR avisa que medidas no papel n\u00e3o valem se n\u00e3o puderem ser executadas\"}]},{\"@type\":\"WebSite\",\"@id\":\"https:\/\/portaltela.pt\/#website\",\"url\":\"https:\/\/portaltela.pt\/\",\"name\":\"Portal Tela Portugal\",\"description\":\"\",\"potentialAction\":[{\"@type\":\"SearchAction\",\"target\":{\"@type\":\"EntryPoint\",\"urlTemplate\":\"https:\/\/portaltela.pt\/?s={search_term_string}\"},\"query-input\":{\"@type\":\"PropertyValueSpecification\",\"valueRequired\":true,\"valueName\":\"search_term_string\"}}],\"inLanguage\":\"pt-PT\"},{\"@type\":\"Person\",\"@id\":\"https:\/\/portaltela.pt\/#\/schema\/person\/c4278d4a6028830caff9ee44b42d32ed\",\"name\":\"Telinha\",\"image\":{\"@type\":\"ImageObject\",\"inLanguage\":\"pt-PT\",\"@id\":\"https:\/\/portaltela.pt\/s.01k8rhncp4jt1\/2025\/11\/talking-bot-125x125.png\",\"url\":\"https:\/\/portaltela.pt\/s.01k8rhncp4jt1\/2025\/11\/talking-bot-125x125.png\",\"contentUrl\":\"https:\/\/portaltela.pt\/s.01k8rhncp4jt1\/2025\/11\/talking-bot-125x125.png\",\"caption\":\"Telinha\"},\"sameAs\":[\"https:\/\/portaltela.pt\/\"],\"url\":\"https:\/\/portaltela.pt\/por\/367410592786\/\"}]}<\/script>\n<!-- \/ Yoast SEO plugin. -->","yoast_head_json":{"title":"PR avisa que medidas no papel n\u00e3o valem se n\u00e3o puderem ser executadas - Portal Tela Portugal","robots":{"index":"index","follow":"follow","max-snippet":"max-snippet:-1","max-image-preview":"max-image-preview:large","max-video-preview":"max-video-preview:-1"},"og_locale":"pt_PT","og_type":"article","og_title":"PR avisa que medidas no papel n\u00e3o valem se n\u00e3o puderem ser executadas - Portal Tela Portugal","og_description":"O Presidente da Rep\u00fablica disse que \u201cn\u00e3o serve de nada ter medidas no papel\u201d se n\u00e3o houver capacidade de as executar, defendendo coordena\u00e7\u00e3o no terreno. A declara\u00e7\u00e3o ocorreu \u00e0 margem das cerim\u00f3nias f\u00fanebres do cineasta Jo\u00e3o Canijo, questionado sobre a resposta do Governo \u00e0 passagem da depress\u00e3o Kristin em Portugal continental. Em reuni\u00e3o com o primeiro-ministro no Pal\u00e1cio de Bel\u00e9m, Marcelo Rebelo de Sousa analisou a situa\u00e7\u00e3o para os pr\u00f3ximos dias, com previs\u00f5es de quinta-feira e domingo complicados. O chefe de Estado afirmou a necessidade de a m\u00e1quina do Estado se coordenar para responder aos problemas, destacando a import\u00e2ncia de agir em Leiria e evitar que as pessoas fiquem ansiosas ou desesperadas. O presidente mencionou visitas futuras a Our\u00e9m, Pedr\u00f3g\u00e3o Grande, \u00e0 regi\u00e3o do Mondego, \u00e0 zona do Sado e \u00e0 regi\u00e3o do Tejo.","og_url":"https:\/\/portaltela.pt\/noticias\/2026\/02\/04\/pr-avisa-que-medidas-no-papel-nao-valem-se-nao-puderem-ser-executadas\/","og_site_name":"Portal Tela Portugal","article_published_time":"2026-02-04T09:10:00+00:00","author":"Telinha","twitter_card":"summary_large_image","twitter_misc":{"Escrito por":"Telinha","Tempo estimado de leitura":"1 minuto"},"schema":{"@context":"https:\/\/schema.org","@graph":[{"@type":"Article","@id":"https:\/\/portaltela.pt\/noticias\/2026\/02\/04\/pr-avisa-que-medidas-no-papel-nao-valem-se-nao-puderem-ser-executadas\/#article","isPartOf":{"@id":"https:\/\/portaltela.pt\/noticias\/2026\/02\/04\/pr-avisa-que-medidas-no-papel-nao-valem-se-nao-puderem-ser-executadas\/"},"author":{"name":"Telinha","@id":"https:\/\/portaltela.pt\/#\/schema\/person\/c4278d4a6028830caff9ee44b42d32ed"},"headline":"PR avisa que medidas no papel n\u00e3o valem se n\u00e3o puderem ser executadas","datePublished":"2026-02-04T09:10:00+00:00","mainEntityOfPage":{"@id":"https:\/\/portaltela.pt\/noticias\/2026\/02\/04\/pr-avisa-que-medidas-no-papel-nao-valem-se-nao-puderem-ser-executadas\/"},"wordCount":288,"image":{"@id":"https:\/\/portaltela.pt\/noticias\/2026\/02\/04\/pr-avisa-que-medidas-no-papel-nao-valem-se-nao-puderem-ser-executadas\/#primaryimage"},"thumbnailUrl":"https:\/\/portaltela.pt\/s.01k8rhncp4jt1\/2026\/02\/image-1-111-e1769871891970.jpg","keywords":["cat\u00e1strofes naturais","Mondego","Our\u00e9m","Pedr\u00f3g\u00e3o Grande","prote\u00e7\u00e3o civil","Tejo"],"articleSection":["Not\u00edcias","Pol\u00edtica"],"inLanguage":"pt-PT"},{"@type":"WebPage","@id":"https:\/\/portaltela.pt\/noticias\/2026\/02\/04\/pr-avisa-que-medidas-no-papel-nao-valem-se-nao-puderem-ser-executadas\/","url":"https:\/\/portaltela.pt\/noticias\/2026\/02\/04\/pr-avisa-que-medidas-no-papel-nao-valem-se-nao-puderem-ser-executadas\/","name":"PR avisa que medidas no papel n\u00e3o valem se n\u00e3o puderem ser executadas - Portal Tela Portugal","isPartOf":{"@id":"https:\/\/portaltela.pt\/#website"},"primaryImageOfPage":{"@id":"https:\/\/portaltela.pt\/noticias\/2026\/02\/04\/pr-avisa-que-medidas-no-papel-nao-valem-se-nao-puderem-ser-executadas\/#primaryimage"},"image":{"@id":"https:\/\/portaltela.pt\/noticias\/2026\/02\/04\/pr-avisa-que-medidas-no-papel-nao-valem-se-nao-puderem-ser-executadas\/#primaryimage"},"thumbnailUrl":"https:\/\/portaltela.pt\/s.01k8rhncp4jt1\/2026\/02\/image-1-111-e1769871891970.jpg","datePublished":"2026-02-04T09:10:00+00:00","author":{"@id":"https:\/\/portaltela.pt\/#\/schema\/person\/c4278d4a6028830caff9ee44b42d32ed"},"breadcrumb":{"@id":"https:\/\/portaltela.pt\/noticias\/2026\/02\/04\/pr-avisa-que-medidas-no-papel-nao-valem-se-nao-puderem-ser-executadas\/#breadcrumb"},"inLanguage":"pt-PT","potentialAction":[{"@type":"ReadAction","target":["https:\/\/portaltela.pt\/noticias\/2026\/02\/04\/pr-avisa-que-medidas-no-papel-nao-valem-se-nao-puderem-ser-executadas\/"]}]},{"@type":"ImageObject","inLanguage":"pt-PT","@id":"https:\/\/portaltela.pt\/noticias\/2026\/02\/04\/pr-avisa-que-medidas-no-papel-nao-valem-se-nao-puderem-ser-executadas\/#primaryimage","url":"https:\/\/portaltela.pt\/s.01k8rhncp4jt1\/2026\/02\/image-1-111-e1769871891970.jpg","contentUrl":"https:\/\/portaltela.pt\/s.01k8rhncp4jt1\/2026\/02\/image-1-111-e1769871891970.jpg","width":796,"height":448,"caption":"Mau tempo: Marcelo Rebelo de Sousa defende cria\u00e7\u00e3o de comiss\u00e3o t\u00e9cnica independente"},{"@type":"BreadcrumbList","@id":"https:\/\/portaltela.pt\/noticias\/2026\/02\/04\/pr-avisa-que-medidas-no-papel-nao-valem-se-nao-puderem-ser-executadas\/#breadcrumb","itemListElement":[{"@type":"ListItem","position":1,"name":"In\u00edcio","item":"https:\/\/portaltela.pt\/"},{"@type":"ListItem","position":2,"name":"PR avisa que medidas no papel n\u00e3o valem se n\u00e3o puderem ser executadas"}]},{"@type":"WebSite","@id":"https:\/\/portaltela.pt\/#website","url":"https:\/\/portaltela.pt\/","name":"Portal Tela Portugal","description":"","potentialAction":[{"@type":"SearchAction","target":{"@type":"EntryPoint","urlTemplate":"https:\/\/portaltela.pt\/?s={search_term_string}"},"query-input":{"@type":"PropertyValueSpecification","valueRequired":true,"valueName":"search_term_string"}}],"inLanguage":"pt-PT"},{"@type":"Person","@id":"https:\/\/portaltela.pt\/#\/schema\/person\/c4278d4a6028830caff9ee44b42d32ed","name":"Telinha","image":{"@type":"ImageObject","inLanguage":"pt-PT","@id":"https:\/\/portaltela.pt\/s.01k8rhncp4jt1\/2025\/11\/talking-bot-125x125.png","url":"https:\/\/portaltela.pt\/s.01k8rhncp4jt1\/2025\/11\/talking-bot-125x125.png","contentUrl":"https:\/\/portaltela.pt\/s.01k8rhncp4jt1\/2025\/11\/talking-bot-125x125.png","caption":"Telinha"},"sameAs":["https:\/\/portaltela.pt\/"],"url":"https:\/\/portaltela.pt\/por\/367410592786\/"}]}},"_links":{"self":[{"href":"https:\/\/portaltela.pt\/api\/wp\/v2\/posts\/195966","targetHints":{"allow":["GET"]}}],"collection":[{"href":"https:\/\/portaltela.pt\/api\/wp\/v2\/posts"}],"about":[{"href":"https:\/\/portaltela.pt\/api\/wp\/v2\/types\/post"}],"author":[{"embeddable":true,"href":"https:\/\/portaltela.pt\/api\/wp\/v2\/users\/2"}],"replies":[{"embeddable":true,"href":"https:\/\/portaltela.pt\/api\/wp\/v2\/comments?post=195966"}],"version-history":[{"count":0,"href":"https:\/\/portaltela.pt\/api\/wp\/v2\/posts\/195966\/revisions"}],"wp:featuredmedia":[{"embeddable":true,"href":"https:\/\/portaltela.pt\/api\/wp\/v2\/media\/195970"}],"wp:attachment":[{"href":"https:\/\/portaltela.pt\/api\/wp\/v2\/media?parent=195966"}],"wp:term":[{"taxonomy":"category","embeddable":true,"href":"https:\/\/portaltela.pt\/api\/wp\/v2\/categories?post=195966"},{"taxonomy":"post_tag","embeddable":true,"href":"https:\/\/portaltela.pt\/api\/wp\/v2\/tags?post=195966"}],"curies":[{"name":"wp","href":"https:\/\/api.w.org\/{rel}","templated":true}]}}