{"id":195922,"date":"2026-02-04T06:02:43","date_gmt":"2026-02-04T09:02:43","guid":{"rendered":"https:\/\/portaltela.pt\/noticias\/2026\/02\/04\/celorico-de-basto-apresenta-cabrito-assado-e-vinho-verde-em-evento-nacional\/"},"modified":"2026-02-04T06:02:43","modified_gmt":"2026-02-04T09:02:43","slug":"celorico-de-basto-apresenta-cabrito-assado-e-vinho-verde-em-evento-nacional","status":"publish","type":"post","link":"https:\/\/portaltela.pt\/noticias\/2026\/02\/04\/celorico-de-basto-apresenta-cabrito-assado-e-vinho-verde-em-evento-nacional\/","title":{"rendered":"Celorico de Basto apresenta cabrito assado e vinho verde em evento nacional"},"content":{"rendered":"<p>Dentre as a\u00e7\u00f5es de promo\u00e7\u00e3o tur\u00edstica, Celorico de Basto esteve presente no lan\u00e7amento da XVII edi\u00e7\u00e3o dos Fins de Semana Gastron\u00f3micos. O evento ocorreu em Barcelos, na passada ter\u00e7a-feira, 4 de fevereiro, visando projetar a gastronomia local.<\/p>\n<p>A edilidade levou a Barcelos uma mostra de sabores emblem\u00e1ticos do concelho, entre os quais cabrito assado, couves com feij\u00e3o e toucinho, pataniscas, bolo flor cam\u00e9lia, enchidos e vinho verde. A prova serviu para divulgar o que o territ\u00f3rio oferece aos visitantes.<\/p>\n<p>O objetivo \u00e9 valorizar recursos end\u00f3genos e atrair visitantes, fortalecendo a identidade local e impulsionando a economia, com foco na gastronomia como motor de desenvolvimento. O munic\u00edpio pretende consolidar Celorico de Basto como destino gastron\u00f3mico de elei\u00e7\u00e3o.<\/p>\n<h3>Evento nacional e aposta local<\/h3>\n<p>A iniciativa de Barcelos faz parte da estrat\u00e9gia de promo\u00e7\u00e3o tur\u00edstica de Celorico de Basto, que busca capitalizar a gastronomia e o vinho como fatores de atratividade. A participa\u00e7\u00e3o seguiu-se \u00e0 apresenta\u00e7\u00e3o nacional dos Fins de Semana Gastron\u00f3micos.<\/p>\n<h3>Datas e integra\u00e7\u00e3o com a Feira de Santa Catarina<\/h3>\n<p>O Fim de Semana Gastron\u00f3mico em Celorico de Basto est\u00e1 agendado para 27, 28 e 29 de novembro de 2026, integrado na Feira Anual de Santa Catarina. Os restaurantes aderentes v\u00e3o servir menus especiais com os produtos apresentados em Barcelos.<\/p>\n<p>A organiza\u00e7\u00e3o pretende que residentes e visitantes apurem a tradi\u00e7\u00e3o local, acompanhada pelo vinho verde da regi\u00e3o, contribuindo para dinamizar a economia local fora da \u00e9poca alta de ver\u00e3o. O principal objetivo \u00e9 criar din\u00e2mica tur\u00edstica sustent\u00e1vel.<\/p>\n","protected":false},"excerpt":{"rendered":"<ul>\n<li>Celorico de Basto participou no lan\u00e7amento nacional dos Fins de Semana Gastron\u00f3micos, em Barcelos, com cabrito assado, couves com feij\u00e3o e toucinho, pataniscas, bolo flor cam\u00e9lia, enchidos e vinho verde.<\/li>\n<li>A cerim\u00f3nia de apresenta\u00e7\u00e3o da XVII edi\u00e7\u00e3o ocorreu na ter\u00e7a-feira, dia quatro de fevereiro, promovida pelo Turismo Porto e Norte de Portugal.<\/li>\n<li>O vereador do Turismo, Jos\u00e9 Sousa, destacou que o objetivo \u00e9 valorizar a gastronomia local e atrair visitas ao concelho, consolidando a identidade e a economia locais.<\/li>\n<li>O Fim de Semana Gastron\u00f3mico de Celorico de Basto est\u00e1 marcado para 27, 28 e 29 de novembro de 2026, inserido na Feira Anual de Santa Catarina, com menus especiais nos restaurantes aderentes.<\/li>\n<li>A promo\u00e7\u00e3o insere-se numa estrat\u00e9gia para valorizar recursos end\u00f3genos, especialmente a gastronomia e o vinho, fortalecendo a oferta tur\u00edstica e a economia fora da \u00e9poca alta.<\/li>\n<\/ul>\n","protected":false},"author":2,"featured_media":195928,"comment_status":"closed","ping_status":"closed","sticky":false,"template":"","format":"standard","meta":{"footnotes":""},"categories":[1],"tags":[1027,1966,219,169,779,385],"class_list":["post-195922","post","type-post","status-publish","format-standard","has-post-thumbnail","hentry","category-noticias","tag-barcelos","tag-celorico-da-beira","tag-gastronomia","tag-turismo","tag-vinhos","tag-vinhos-verdes"],"yoast_head":"<!-- This site is optimized with the Yoast SEO plugin v27.2 - https:\/\/yoast.com\/product\/yoast-seo-wordpress\/ -->\n<title>Celorico de Basto apresenta cabrito assado e vinho verde em evento nacional - Portal Tela Portugal<\/title>\n<meta name=\"robots\" content=\"index, follow, max-snippet:-1, max-image-preview:large, max-video-preview:-1\" \/>\n<meta property=\"og:locale\" content=\"pt_PT\" \/>\n<meta property=\"og:type\" content=\"article\" \/>\n<meta property=\"og:title\" content=\"Celorico de Basto apresenta cabrito assado e vinho verde em evento nacional - Portal Tela Portugal\" \/>\n<meta property=\"og:description\" content=\"Celorico de Basto participou no lan\u00e7amento nacional dos Fins de Semana Gastron\u00f3micos, em Barcelos, com cabrito assado, couves com feij\u00e3o e toucinho, pataniscas, bolo flor cam\u00e9lia, enchidos e vinho verde. A cerim\u00f3nia de apresenta\u00e7\u00e3o da XVII edi\u00e7\u00e3o ocorreu na ter\u00e7a-feira, dia quatro de fevereiro, promovida pelo Turismo Porto e Norte de Portugal. O vereador do Turismo, Jos\u00e9 Sousa, destacou que o objetivo \u00e9 valorizar a gastronomia local e atrair visitas ao concelho, consolidando a identidade e a economia locais. O Fim de Semana Gastron\u00f3mico de Celorico de Basto est\u00e1 marcado para 27, 28 e 29 de novembro de 2026, inserido na Feira Anual de Santa Catarina, com menus especiais nos restaurantes aderentes. A promo\u00e7\u00e3o insere-se numa estrat\u00e9gia para valorizar recursos end\u00f3genos, especialmente a gastronomia e o vinho, fortalecendo a oferta tur\u00edstica e a economia fora da \u00e9poca alta.\" \/>\n<meta property=\"og:url\" content=\"https:\/\/portaltela.pt\/noticias\/2026\/02\/04\/celorico-de-basto-apresenta-cabrito-assado-e-vinho-verde-em-evento-nacional\/\" \/>\n<meta property=\"og:site_name\" content=\"Portal Tela Portugal\" \/>\n<meta property=\"article:published_time\" content=\"2026-02-04T09:02:43+00:00\" \/>\n<meta name=\"author\" content=\"Telinha\" \/>\n<meta name=\"twitter:card\" content=\"summary_large_image\" \/>\n<meta name=\"twitter:label1\" content=\"Escrito por\" \/>\n\t<meta name=\"twitter:data1\" content=\"Telinha\" \/>\n\t<meta name=\"twitter:label2\" content=\"Tempo estimado de leitura\" \/>\n\t<meta name=\"twitter:data2\" content=\"1 minuto\" \/>\n<script type=\"application\/ld+json\" class=\"yoast-schema-graph\">{\"@context\":\"https:\/\/schema.org\",\"@graph\":[{\"@type\":\"Article\",\"@id\":\"https:\/\/portaltela.pt\/noticias\/2026\/02\/04\/celorico-de-basto-apresenta-cabrito-assado-e-vinho-verde-em-evento-nacional\/#article\",\"isPartOf\":{\"@id\":\"https:\/\/portaltela.pt\/noticias\/2026\/02\/04\/celorico-de-basto-apresenta-cabrito-assado-e-vinho-verde-em-evento-nacional\/\"},\"author\":{\"name\":\"Telinha\",\"@id\":\"https:\/\/portaltela.pt\/#\/schema\/person\/c4278d4a6028830caff9ee44b42d32ed\"},\"headline\":\"Celorico de Basto apresenta cabrito assado e vinho verde em evento nacional\",\"datePublished\":\"2026-02-04T09:02:43+00:00\",\"mainEntityOfPage\":{\"@id\":\"https:\/\/portaltela.pt\/noticias\/2026\/02\/04\/celorico-de-basto-apresenta-cabrito-assado-e-vinho-verde-em-evento-nacional\/\"},\"wordCount\":280,\"image\":{\"@id\":\"https:\/\/portaltela.pt\/noticias\/2026\/02\/04\/celorico-de-basto-apresenta-cabrito-assado-e-vinho-verde-em-evento-nacional\/#primaryimage\"},\"thumbnailUrl\":\"https:\/\/portaltela.pt\/s.01k8rhncp4jt1\/2026\/02\/unnamed-file-1115.jpg\",\"keywords\":[\"Barcelos\",\"Celorico da Beira\",\"gastronomia\",\"turismo\",\"vinhos\",\"vinhos verdes\"],\"articleSection\":[\"Not\u00edcias\"],\"inLanguage\":\"pt-PT\"},{\"@type\":\"WebPage\",\"@id\":\"https:\/\/portaltela.pt\/noticias\/2026\/02\/04\/celorico-de-basto-apresenta-cabrito-assado-e-vinho-verde-em-evento-nacional\/\",\"url\":\"https:\/\/portaltela.pt\/noticias\/2026\/02\/04\/celorico-de-basto-apresenta-cabrito-assado-e-vinho-verde-em-evento-nacional\/\",\"name\":\"Celorico de Basto apresenta cabrito assado e vinho verde em evento nacional - Portal Tela Portugal\",\"isPartOf\":{\"@id\":\"https:\/\/portaltela.pt\/#website\"},\"primaryImageOfPage\":{\"@id\":\"https:\/\/portaltela.pt\/noticias\/2026\/02\/04\/celorico-de-basto-apresenta-cabrito-assado-e-vinho-verde-em-evento-nacional\/#primaryimage\"},\"image\":{\"@id\":\"https:\/\/portaltela.pt\/noticias\/2026\/02\/04\/celorico-de-basto-apresenta-cabrito-assado-e-vinho-verde-em-evento-nacional\/#primaryimage\"},\"thumbnailUrl\":\"https:\/\/portaltela.pt\/s.01k8rhncp4jt1\/2026\/02\/unnamed-file-1115.jpg\",\"datePublished\":\"2026-02-04T09:02:43+00:00\",\"author\":{\"@id\":\"https:\/\/portaltela.pt\/#\/schema\/person\/c4278d4a6028830caff9ee44b42d32ed\"},\"breadcrumb\":{\"@id\":\"https:\/\/portaltela.pt\/noticias\/2026\/02\/04\/celorico-de-basto-apresenta-cabrito-assado-e-vinho-verde-em-evento-nacional\/#breadcrumb\"},\"inLanguage\":\"pt-PT\",\"potentialAction\":[{\"@type\":\"ReadAction\",\"target\":[\"https:\/\/portaltela.pt\/noticias\/2026\/02\/04\/celorico-de-basto-apresenta-cabrito-assado-e-vinho-verde-em-evento-nacional\/\"]}]},{\"@type\":\"ImageObject\",\"inLanguage\":\"pt-PT\",\"@id\":\"https:\/\/portaltela.pt\/noticias\/2026\/02\/04\/celorico-de-basto-apresenta-cabrito-assado-e-vinho-verde-em-evento-nacional\/#primaryimage\",\"url\":\"https:\/\/portaltela.pt\/s.01k8rhncp4jt1\/2026\/02\/unnamed-file-1115.jpg\",\"contentUrl\":\"https:\/\/portaltela.pt\/s.01k8rhncp4jt1\/2026\/02\/unnamed-file-1115.jpg\",\"width\":796,\"height\":448,\"caption\":\"Celorico de Basto promove cabrito assado e vinho verde na apresenta\u00e7\u00e3o nacional dos Fins de Semana Gastron\u00f3micos\"},{\"@type\":\"BreadcrumbList\",\"@id\":\"https:\/\/portaltela.pt\/noticias\/2026\/02\/04\/celorico-de-basto-apresenta-cabrito-assado-e-vinho-verde-em-evento-nacional\/#breadcrumb\",\"itemListElement\":[{\"@type\":\"ListItem\",\"position\":1,\"name\":\"In\u00edcio\",\"item\":\"https:\/\/portaltela.pt\/\"},{\"@type\":\"ListItem\",\"position\":2,\"name\":\"Celorico de Basto apresenta cabrito assado e vinho verde em evento nacional\"}]},{\"@type\":\"WebSite\",\"@id\":\"https:\/\/portaltela.pt\/#website\",\"url\":\"https:\/\/portaltela.pt\/\",\"name\":\"Portal Tela Portugal\",\"description\":\"\",\"potentialAction\":[{\"@type\":\"SearchAction\",\"target\":{\"@type\":\"EntryPoint\",\"urlTemplate\":\"https:\/\/portaltela.pt\/?s={search_term_string}\"},\"query-input\":{\"@type\":\"PropertyValueSpecification\",\"valueRequired\":true,\"valueName\":\"search_term_string\"}}],\"inLanguage\":\"pt-PT\"},{\"@type\":\"Person\",\"@id\":\"https:\/\/portaltela.pt\/#\/schema\/person\/c4278d4a6028830caff9ee44b42d32ed\",\"name\":\"Telinha\",\"image\":{\"@type\":\"ImageObject\",\"inLanguage\":\"pt-PT\",\"@id\":\"https:\/\/portaltela.pt\/s.01k8rhncp4jt1\/2025\/11\/talking-bot-125x125.png\",\"url\":\"https:\/\/portaltela.pt\/s.01k8rhncp4jt1\/2025\/11\/talking-bot-125x125.png\",\"contentUrl\":\"https:\/\/portaltela.pt\/s.01k8rhncp4jt1\/2025\/11\/talking-bot-125x125.png\",\"caption\":\"Telinha\"},\"sameAs\":[\"https:\/\/portaltela.pt\/\"],\"url\":\"https:\/\/portaltela.pt\/por\/367410592786\/\"}]}<\/script>\n<!-- \/ Yoast SEO plugin. -->","yoast_head_json":{"title":"Celorico de Basto apresenta cabrito assado e vinho verde em evento nacional - Portal Tela Portugal","robots":{"index":"index","follow":"follow","max-snippet":"max-snippet:-1","max-image-preview":"max-image-preview:large","max-video-preview":"max-video-preview:-1"},"og_locale":"pt_PT","og_type":"article","og_title":"Celorico de Basto apresenta cabrito assado e vinho verde em evento nacional - Portal Tela Portugal","og_description":"Celorico de Basto participou no lan\u00e7amento nacional dos Fins de Semana Gastron\u00f3micos, em Barcelos, com cabrito assado, couves com feij\u00e3o e toucinho, pataniscas, bolo flor cam\u00e9lia, enchidos e vinho verde. A cerim\u00f3nia de apresenta\u00e7\u00e3o da XVII edi\u00e7\u00e3o ocorreu na ter\u00e7a-feira, dia quatro de fevereiro, promovida pelo Turismo Porto e Norte de Portugal. O vereador do Turismo, Jos\u00e9 Sousa, destacou que o objetivo \u00e9 valorizar a gastronomia local e atrair visitas ao concelho, consolidando a identidade e a economia locais. O Fim de Semana Gastron\u00f3mico de Celorico de Basto est\u00e1 marcado para 27, 28 e 29 de novembro de 2026, inserido na Feira Anual de Santa Catarina, com menus especiais nos restaurantes aderentes. A promo\u00e7\u00e3o insere-se numa estrat\u00e9gia para valorizar recursos end\u00f3genos, especialmente a gastronomia e o vinho, fortalecendo a oferta tur\u00edstica e a economia fora da \u00e9poca alta.","og_url":"https:\/\/portaltela.pt\/noticias\/2026\/02\/04\/celorico-de-basto-apresenta-cabrito-assado-e-vinho-verde-em-evento-nacional\/","og_site_name":"Portal Tela Portugal","article_published_time":"2026-02-04T09:02:43+00:00","author":"Telinha","twitter_card":"summary_large_image","twitter_misc":{"Escrito por":"Telinha","Tempo estimado de leitura":"1 minuto"},"schema":{"@context":"https:\/\/schema.org","@graph":[{"@type":"Article","@id":"https:\/\/portaltela.pt\/noticias\/2026\/02\/04\/celorico-de-basto-apresenta-cabrito-assado-e-vinho-verde-em-evento-nacional\/#article","isPartOf":{"@id":"https:\/\/portaltela.pt\/noticias\/2026\/02\/04\/celorico-de-basto-apresenta-cabrito-assado-e-vinho-verde-em-evento-nacional\/"},"author":{"name":"Telinha","@id":"https:\/\/portaltela.pt\/#\/schema\/person\/c4278d4a6028830caff9ee44b42d32ed"},"headline":"Celorico de Basto apresenta cabrito assado e vinho verde em evento nacional","datePublished":"2026-02-04T09:02:43+00:00","mainEntityOfPage":{"@id":"https:\/\/portaltela.pt\/noticias\/2026\/02\/04\/celorico-de-basto-apresenta-cabrito-assado-e-vinho-verde-em-evento-nacional\/"},"wordCount":280,"image":{"@id":"https:\/\/portaltela.pt\/noticias\/2026\/02\/04\/celorico-de-basto-apresenta-cabrito-assado-e-vinho-verde-em-evento-nacional\/#primaryimage"},"thumbnailUrl":"https:\/\/portaltela.pt\/s.01k8rhncp4jt1\/2026\/02\/unnamed-file-1115.jpg","keywords":["Barcelos","Celorico da Beira","gastronomia","turismo","vinhos","vinhos verdes"],"articleSection":["Not\u00edcias"],"inLanguage":"pt-PT"},{"@type":"WebPage","@id":"https:\/\/portaltela.pt\/noticias\/2026\/02\/04\/celorico-de-basto-apresenta-cabrito-assado-e-vinho-verde-em-evento-nacional\/","url":"https:\/\/portaltela.pt\/noticias\/2026\/02\/04\/celorico-de-basto-apresenta-cabrito-assado-e-vinho-verde-em-evento-nacional\/","name":"Celorico de Basto apresenta cabrito assado e vinho verde em evento nacional - Portal Tela Portugal","isPartOf":{"@id":"https:\/\/portaltela.pt\/#website"},"primaryImageOfPage":{"@id":"https:\/\/portaltela.pt\/noticias\/2026\/02\/04\/celorico-de-basto-apresenta-cabrito-assado-e-vinho-verde-em-evento-nacional\/#primaryimage"},"image":{"@id":"https:\/\/portaltela.pt\/noticias\/2026\/02\/04\/celorico-de-basto-apresenta-cabrito-assado-e-vinho-verde-em-evento-nacional\/#primaryimage"},"thumbnailUrl":"https:\/\/portaltela.pt\/s.01k8rhncp4jt1\/2026\/02\/unnamed-file-1115.jpg","datePublished":"2026-02-04T09:02:43+00:00","author":{"@id":"https:\/\/portaltela.pt\/#\/schema\/person\/c4278d4a6028830caff9ee44b42d32ed"},"breadcrumb":{"@id":"https:\/\/portaltela.pt\/noticias\/2026\/02\/04\/celorico-de-basto-apresenta-cabrito-assado-e-vinho-verde-em-evento-nacional\/#breadcrumb"},"inLanguage":"pt-PT","potentialAction":[{"@type":"ReadAction","target":["https:\/\/portaltela.pt\/noticias\/2026\/02\/04\/celorico-de-basto-apresenta-cabrito-assado-e-vinho-verde-em-evento-nacional\/"]}]},{"@type":"ImageObject","inLanguage":"pt-PT","@id":"https:\/\/portaltela.pt\/noticias\/2026\/02\/04\/celorico-de-basto-apresenta-cabrito-assado-e-vinho-verde-em-evento-nacional\/#primaryimage","url":"https:\/\/portaltela.pt\/s.01k8rhncp4jt1\/2026\/02\/unnamed-file-1115.jpg","contentUrl":"https:\/\/portaltela.pt\/s.01k8rhncp4jt1\/2026\/02\/unnamed-file-1115.jpg","width":796,"height":448,"caption":"Celorico de Basto promove cabrito assado e vinho verde na apresenta\u00e7\u00e3o nacional dos Fins de Semana Gastron\u00f3micos"},{"@type":"BreadcrumbList","@id":"https:\/\/portaltela.pt\/noticias\/2026\/02\/04\/celorico-de-basto-apresenta-cabrito-assado-e-vinho-verde-em-evento-nacional\/#breadcrumb","itemListElement":[{"@type":"ListItem","position":1,"name":"In\u00edcio","item":"https:\/\/portaltela.pt\/"},{"@type":"ListItem","position":2,"name":"Celorico de Basto apresenta cabrito assado e vinho verde em evento nacional"}]},{"@type":"WebSite","@id":"https:\/\/portaltela.pt\/#website","url":"https:\/\/portaltela.pt\/","name":"Portal Tela Portugal","description":"","potentialAction":[{"@type":"SearchAction","target":{"@type":"EntryPoint","urlTemplate":"https:\/\/portaltela.pt\/?s={search_term_string}"},"query-input":{"@type":"PropertyValueSpecification","valueRequired":true,"valueName":"search_term_string"}}],"inLanguage":"pt-PT"},{"@type":"Person","@id":"https:\/\/portaltela.pt\/#\/schema\/person\/c4278d4a6028830caff9ee44b42d32ed","name":"Telinha","image":{"@type":"ImageObject","inLanguage":"pt-PT","@id":"https:\/\/portaltela.pt\/s.01k8rhncp4jt1\/2025\/11\/talking-bot-125x125.png","url":"https:\/\/portaltela.pt\/s.01k8rhncp4jt1\/2025\/11\/talking-bot-125x125.png","contentUrl":"https:\/\/portaltela.pt\/s.01k8rhncp4jt1\/2025\/11\/talking-bot-125x125.png","caption":"Telinha"},"sameAs":["https:\/\/portaltela.pt\/"],"url":"https:\/\/portaltela.pt\/por\/367410592786\/"}]}},"_links":{"self":[{"href":"https:\/\/portaltela.pt\/api\/wp\/v2\/posts\/195922","targetHints":{"allow":["GET"]}}],"collection":[{"href":"https:\/\/portaltela.pt\/api\/wp\/v2\/posts"}],"about":[{"href":"https:\/\/portaltela.pt\/api\/wp\/v2\/types\/post"}],"author":[{"embeddable":true,"href":"https:\/\/portaltela.pt\/api\/wp\/v2\/users\/2"}],"replies":[{"embeddable":true,"href":"https:\/\/portaltela.pt\/api\/wp\/v2\/comments?post=195922"}],"version-history":[{"count":0,"href":"https:\/\/portaltela.pt\/api\/wp\/v2\/posts\/195922\/revisions"}],"wp:featuredmedia":[{"embeddable":true,"href":"https:\/\/portaltela.pt\/api\/wp\/v2\/media\/195928"}],"wp:attachment":[{"href":"https:\/\/portaltela.pt\/api\/wp\/v2\/media?parent=195922"}],"wp:term":[{"taxonomy":"category","embeddable":true,"href":"https:\/\/portaltela.pt\/api\/wp\/v2\/categories?post=195922"},{"taxonomy":"post_tag","embeddable":true,"href":"https:\/\/portaltela.pt\/api\/wp\/v2\/tags?post=195922"}],"curies":[{"name":"wp","href":"https:\/\/api.w.org\/{rel}","templated":true}]}}