{"id":195913,"date":"2026-02-04T05:48:07","date_gmt":"2026-02-04T08:48:07","guid":{"rendered":"https:\/\/portaltela.pt\/noticias\/2026\/02\/04\/seguro-e-ventura-concentram-campanha-presidencial-em-beja\/"},"modified":"2026-02-04T05:48:07","modified_gmt":"2026-02-04T08:48:07","slug":"seguro-e-ventura-concentram-campanha-presidencial-em-beja","status":"publish","type":"post","link":"https:\/\/portaltela.pt\/noticias\/politica\/2026\/02\/04\/seguro-e-ventura-concentram-campanha-presidencial-em-beja\/","title":{"rendered":"Seguro e Ventura concentram campanha presidencial em Beja"},"content":{"rendered":"<p>O oitavo dia de campanha para a segunda volta das presidenciais levou Ant\u00f3nio Jos\u00e9 Seguro e Andr\u00e9 Ventura ao distrito de Beja. Ambos os candidatos organizaram a\u00e7\u00f5es na regi\u00e3o sul do pa\u00eds, mantendo o ritmo apesar das condi\u00e7\u00f5es meteorol\u00f3gicas adversas.<\/p>\n<p>No distrito de Beja, a diferen\u00e7a entre os dois candidatos na primeira volta foi de cerca de 3.300 votos a favor de Seguro, que liderou com 33,70%. Seguro tem um almo\u00e7o marcado para as 12:30 no Cine-Castraense, em Castro Verde.<\/p>\n<p>Quanto a Ventura, as informa\u00e7\u00f5es at\u00e9 \u00e0s 21:00 de ter\u00e7a-feira indicavam que estaria igualmente no distrito de Beja pela manh\u00e3, mas sem detalhes divulgados sobre a agenda p\u00fablica da tarde. A campanha decorre em moldes condicionados pelo mau tempo prolongado.<\/p>\n<h3>Contexto da campanha<\/h3>\n<p>Esta segunda ronda ocorre ap\u00f3s a vota\u00e7\u00e3o de 18 de janeiro, com Seguro a obter 31,11% (1.755.563 votos) e Ventura 23,52% (1.327.021 votos) a n\u00edvel nacional. O voto antecipado realizou-se no domingo anterior, antes do escrut\u00ednio oficial de 08 de fevereiro.<\/p>\n<h3>Abrang\u00eancia regional<\/h3>\n<p>Apesar das dificuldades clim\u00e1ticas, os dois candidatos continuam a percorrer zonas afetadas pela depress\u00e3o Kristin. Seguro acompanhou a passagem da tempestade com cobertura medi\u00e1tica, enquanto Ventura tem procurado pontos de maior visibilidade p\u00fablica nas zonas mais afetadas.<\/p>\n","protected":false},"excerpt":{"rendered":"<ul>\n<li>No oitavo dia de campanha para a segunda volta, Ant\u00f3nio Jos\u00e9 Seguro e Andr\u00e9 Ventura concentram a\u00e7\u00f5es no distrito de Beja.<\/li>\n<li>Na primeira volta, Seguro liderou em Beja com 33,70% dos votos, estando Ventura cerca de 3.300 votos atr\u00e1s.<\/li>\n<li>Seguro tem almo\u00e7o marcado \u00e0s 12:30 no Cine-Castraense, em Castro Verde, enquanto Ventura ainda n\u00e3o divulgou a agenda at\u00e9 \u00e0s 21:00, sabendo-se apenas que estar\u00e1 no distrito ao final da manh\u00e3.<\/li>\n<li>A campanha decorre num contexto de crise provocada pelo mau tempo, com os dois candidatos j\u00e1 a visitar zonas afetadas pela depress\u00e3o Kristin.<\/li>\n<li>A segunda volta est\u00e1 marcada para 8 de fevereiro; na primeira volta, Seguro obteve 31,11% (1.755.563 votos) e Ventura 23,52% (1.327.021 votos).<\/li>\n<\/ul>\n","protected":false},"author":2,"featured_media":195919,"comment_status":"closed","ping_status":"closed","sticky":false,"template":"","format":"standard","meta":{"footnotes":""},"categories":[1,5],"tags":[943,823,5055,68,2832,30],"class_list":["post-195913","post","type-post","status-publish","format-standard","has-post-thumbnail","hentry","category-noticias","category-politica","tag-beja","tag-campanha","tag-castro-verde","tag-eleicoes","tag-politica","tag-presidente"],"yoast_head":"<!-- This site is optimized with the Yoast SEO plugin v27.2 - https:\/\/yoast.com\/product\/yoast-seo-wordpress\/ -->\n<title>Seguro e Ventura concentram campanha presidencial em Beja - Portal Tela Portugal<\/title>\n<meta name=\"robots\" content=\"index, follow, max-snippet:-1, max-image-preview:large, max-video-preview:-1\" \/>\n<meta property=\"og:locale\" content=\"pt_PT\" \/>\n<meta property=\"og:type\" content=\"article\" \/>\n<meta property=\"og:title\" content=\"Seguro e Ventura concentram campanha presidencial em Beja - Portal Tela Portugal\" \/>\n<meta property=\"og:description\" content=\"No oitavo dia de campanha para a segunda volta, Ant\u00f3nio Jos\u00e9 Seguro e Andr\u00e9 Ventura concentram a\u00e7\u00f5es no distrito de Beja. Na primeira volta, Seguro liderou em Beja com 33,70% dos votos, estando Ventura cerca de 3.300 votos atr\u00e1s. Seguro tem almo\u00e7o marcado \u00e0s 12:30 no Cine-Castraense, em Castro Verde, enquanto Ventura ainda n\u00e3o divulgou a agenda at\u00e9 \u00e0s 21:00, sabendo-se apenas que estar\u00e1 no distrito ao final da manh\u00e3. A campanha decorre num contexto de crise provocada pelo mau tempo, com os dois candidatos j\u00e1 a visitar zonas afetadas pela depress\u00e3o Kristin. A segunda volta est\u00e1 marcada para 8 de fevereiro; na primeira volta, Seguro obteve 31,11% (1.755.563 votos) e Ventura 23,52% (1.327.021 votos).\" \/>\n<meta property=\"og:url\" content=\"https:\/\/portaltela.pt\/noticias\/2026\/02\/04\/seguro-e-ventura-concentram-campanha-presidencial-em-beja\/\" \/>\n<meta property=\"og:site_name\" content=\"Portal Tela Portugal\" \/>\n<meta property=\"article:published_time\" content=\"2026-02-04T08:48:07+00:00\" \/>\n<meta name=\"author\" content=\"Telinha\" \/>\n<meta name=\"twitter:card\" content=\"summary_large_image\" \/>\n<meta name=\"twitter:label1\" content=\"Escrito por\" \/>\n\t<meta name=\"twitter:data1\" content=\"Telinha\" \/>\n\t<meta name=\"twitter:label2\" content=\"Tempo estimado de leitura\" \/>\n\t<meta name=\"twitter:data2\" content=\"1 minuto\" \/>\n<script type=\"application\/ld+json\" class=\"yoast-schema-graph\">{\"@context\":\"https:\/\/schema.org\",\"@graph\":[{\"@type\":\"Article\",\"@id\":\"https:\/\/portaltela.pt\/noticias\/2026\/02\/04\/seguro-e-ventura-concentram-campanha-presidencial-em-beja\/#article\",\"isPartOf\":{\"@id\":\"https:\/\/portaltela.pt\/noticias\/2026\/02\/04\/seguro-e-ventura-concentram-campanha-presidencial-em-beja\/\"},\"author\":{\"name\":\"Telinha\",\"@id\":\"https:\/\/portaltela.pt\/#\/schema\/person\/c4278d4a6028830caff9ee44b42d32ed\"},\"headline\":\"Seguro e Ventura concentram campanha presidencial em Beja\",\"datePublished\":\"2026-02-04T08:48:07+00:00\",\"mainEntityOfPage\":{\"@id\":\"https:\/\/portaltela.pt\/noticias\/2026\/02\/04\/seguro-e-ventura-concentram-campanha-presidencial-em-beja\/\"},\"wordCount\":221,\"image\":{\"@id\":\"https:\/\/portaltela.pt\/noticias\/2026\/02\/04\/seguro-e-ventura-concentram-campanha-presidencial-em-beja\/#primaryimage\"},\"thumbnailUrl\":\"https:\/\/portaltela.pt\/s.01k8rhncp4jt1\/2026\/02\/unnamed-file-1113.jpg\",\"keywords\":[\"Beja\",\"campanha\",\"Castro Verde\",\"elei\u00e7\u00f5es\",\"pol\u00edtica\",\"presidente\"],\"articleSection\":[\"Not\u00edcias\",\"Pol\u00edtica\"],\"inLanguage\":\"pt-PT\"},{\"@type\":\"WebPage\",\"@id\":\"https:\/\/portaltela.pt\/noticias\/2026\/02\/04\/seguro-e-ventura-concentram-campanha-presidencial-em-beja\/\",\"url\":\"https:\/\/portaltela.pt\/noticias\/2026\/02\/04\/seguro-e-ventura-concentram-campanha-presidencial-em-beja\/\",\"name\":\"Seguro e Ventura concentram campanha presidencial em Beja - Portal Tela Portugal\",\"isPartOf\":{\"@id\":\"https:\/\/portaltela.pt\/#website\"},\"primaryImageOfPage\":{\"@id\":\"https:\/\/portaltela.pt\/noticias\/2026\/02\/04\/seguro-e-ventura-concentram-campanha-presidencial-em-beja\/#primaryimage\"},\"image\":{\"@id\":\"https:\/\/portaltela.pt\/noticias\/2026\/02\/04\/seguro-e-ventura-concentram-campanha-presidencial-em-beja\/#primaryimage\"},\"thumbnailUrl\":\"https:\/\/portaltela.pt\/s.01k8rhncp4jt1\/2026\/02\/unnamed-file-1113.jpg\",\"datePublished\":\"2026-02-04T08:48:07+00:00\",\"author\":{\"@id\":\"https:\/\/portaltela.pt\/#\/schema\/person\/c4278d4a6028830caff9ee44b42d32ed\"},\"breadcrumb\":{\"@id\":\"https:\/\/portaltela.pt\/noticias\/2026\/02\/04\/seguro-e-ventura-concentram-campanha-presidencial-em-beja\/#breadcrumb\"},\"inLanguage\":\"pt-PT\",\"potentialAction\":[{\"@type\":\"ReadAction\",\"target\":[\"https:\/\/portaltela.pt\/noticias\/2026\/02\/04\/seguro-e-ventura-concentram-campanha-presidencial-em-beja\/\"]}]},{\"@type\":\"ImageObject\",\"inLanguage\":\"pt-PT\",\"@id\":\"https:\/\/portaltela.pt\/noticias\/2026\/02\/04\/seguro-e-ventura-concentram-campanha-presidencial-em-beja\/#primaryimage\",\"url\":\"https:\/\/portaltela.pt\/s.01k8rhncp4jt1\/2026\/02\/unnamed-file-1113.jpg\",\"contentUrl\":\"https:\/\/portaltela.pt\/s.01k8rhncp4jt1\/2026\/02\/unnamed-file-1113.jpg\",\"width\":796,\"height\":448,\"caption\":\"Seguro e Ventura doam lonas que seriam para cartazes para cobrirem telhados de casas afetadas pela tempestade\"},{\"@type\":\"BreadcrumbList\",\"@id\":\"https:\/\/portaltela.pt\/noticias\/2026\/02\/04\/seguro-e-ventura-concentram-campanha-presidencial-em-beja\/#breadcrumb\",\"itemListElement\":[{\"@type\":\"ListItem\",\"position\":1,\"name\":\"In\u00edcio\",\"item\":\"https:\/\/portaltela.pt\/\"},{\"@type\":\"ListItem\",\"position\":2,\"name\":\"Seguro e Ventura concentram campanha presidencial em Beja\"}]},{\"@type\":\"WebSite\",\"@id\":\"https:\/\/portaltela.pt\/#website\",\"url\":\"https:\/\/portaltela.pt\/\",\"name\":\"Portal Tela Portugal\",\"description\":\"\",\"potentialAction\":[{\"@type\":\"SearchAction\",\"target\":{\"@type\":\"EntryPoint\",\"urlTemplate\":\"https:\/\/portaltela.pt\/?s={search_term_string}\"},\"query-input\":{\"@type\":\"PropertyValueSpecification\",\"valueRequired\":true,\"valueName\":\"search_term_string\"}}],\"inLanguage\":\"pt-PT\"},{\"@type\":\"Person\",\"@id\":\"https:\/\/portaltela.pt\/#\/schema\/person\/c4278d4a6028830caff9ee44b42d32ed\",\"name\":\"Telinha\",\"image\":{\"@type\":\"ImageObject\",\"inLanguage\":\"pt-PT\",\"@id\":\"https:\/\/portaltela.pt\/s.01k8rhncp4jt1\/2025\/11\/talking-bot-125x125.png\",\"url\":\"https:\/\/portaltela.pt\/s.01k8rhncp4jt1\/2025\/11\/talking-bot-125x125.png\",\"contentUrl\":\"https:\/\/portaltela.pt\/s.01k8rhncp4jt1\/2025\/11\/talking-bot-125x125.png\",\"caption\":\"Telinha\"},\"sameAs\":[\"https:\/\/portaltela.pt\/\"],\"url\":\"https:\/\/portaltela.pt\/por\/367410592786\/\"}]}<\/script>\n<!-- \/ Yoast SEO plugin. -->","yoast_head_json":{"title":"Seguro e Ventura concentram campanha presidencial em Beja - Portal Tela Portugal","robots":{"index":"index","follow":"follow","max-snippet":"max-snippet:-1","max-image-preview":"max-image-preview:large","max-video-preview":"max-video-preview:-1"},"og_locale":"pt_PT","og_type":"article","og_title":"Seguro e Ventura concentram campanha presidencial em Beja - Portal Tela Portugal","og_description":"No oitavo dia de campanha para a segunda volta, Ant\u00f3nio Jos\u00e9 Seguro e Andr\u00e9 Ventura concentram a\u00e7\u00f5es no distrito de Beja. Na primeira volta, Seguro liderou em Beja com 33,70% dos votos, estando Ventura cerca de 3.300 votos atr\u00e1s. Seguro tem almo\u00e7o marcado \u00e0s 12:30 no Cine-Castraense, em Castro Verde, enquanto Ventura ainda n\u00e3o divulgou a agenda at\u00e9 \u00e0s 21:00, sabendo-se apenas que estar\u00e1 no distrito ao final da manh\u00e3. A campanha decorre num contexto de crise provocada pelo mau tempo, com os dois candidatos j\u00e1 a visitar zonas afetadas pela depress\u00e3o Kristin. A segunda volta est\u00e1 marcada para 8 de fevereiro; na primeira volta, Seguro obteve 31,11% (1.755.563 votos) e Ventura 23,52% (1.327.021 votos).","og_url":"https:\/\/portaltela.pt\/noticias\/2026\/02\/04\/seguro-e-ventura-concentram-campanha-presidencial-em-beja\/","og_site_name":"Portal Tela Portugal","article_published_time":"2026-02-04T08:48:07+00:00","author":"Telinha","twitter_card":"summary_large_image","twitter_misc":{"Escrito por":"Telinha","Tempo estimado de leitura":"1 minuto"},"schema":{"@context":"https:\/\/schema.org","@graph":[{"@type":"Article","@id":"https:\/\/portaltela.pt\/noticias\/2026\/02\/04\/seguro-e-ventura-concentram-campanha-presidencial-em-beja\/#article","isPartOf":{"@id":"https:\/\/portaltela.pt\/noticias\/2026\/02\/04\/seguro-e-ventura-concentram-campanha-presidencial-em-beja\/"},"author":{"name":"Telinha","@id":"https:\/\/portaltela.pt\/#\/schema\/person\/c4278d4a6028830caff9ee44b42d32ed"},"headline":"Seguro e Ventura concentram campanha presidencial em Beja","datePublished":"2026-02-04T08:48:07+00:00","mainEntityOfPage":{"@id":"https:\/\/portaltela.pt\/noticias\/2026\/02\/04\/seguro-e-ventura-concentram-campanha-presidencial-em-beja\/"},"wordCount":221,"image":{"@id":"https:\/\/portaltela.pt\/noticias\/2026\/02\/04\/seguro-e-ventura-concentram-campanha-presidencial-em-beja\/#primaryimage"},"thumbnailUrl":"https:\/\/portaltela.pt\/s.01k8rhncp4jt1\/2026\/02\/unnamed-file-1113.jpg","keywords":["Beja","campanha","Castro Verde","elei\u00e7\u00f5es","pol\u00edtica","presidente"],"articleSection":["Not\u00edcias","Pol\u00edtica"],"inLanguage":"pt-PT"},{"@type":"WebPage","@id":"https:\/\/portaltela.pt\/noticias\/2026\/02\/04\/seguro-e-ventura-concentram-campanha-presidencial-em-beja\/","url":"https:\/\/portaltela.pt\/noticias\/2026\/02\/04\/seguro-e-ventura-concentram-campanha-presidencial-em-beja\/","name":"Seguro e Ventura concentram campanha presidencial em Beja - Portal Tela Portugal","isPartOf":{"@id":"https:\/\/portaltela.pt\/#website"},"primaryImageOfPage":{"@id":"https:\/\/portaltela.pt\/noticias\/2026\/02\/04\/seguro-e-ventura-concentram-campanha-presidencial-em-beja\/#primaryimage"},"image":{"@id":"https:\/\/portaltela.pt\/noticias\/2026\/02\/04\/seguro-e-ventura-concentram-campanha-presidencial-em-beja\/#primaryimage"},"thumbnailUrl":"https:\/\/portaltela.pt\/s.01k8rhncp4jt1\/2026\/02\/unnamed-file-1113.jpg","datePublished":"2026-02-04T08:48:07+00:00","author":{"@id":"https:\/\/portaltela.pt\/#\/schema\/person\/c4278d4a6028830caff9ee44b42d32ed"},"breadcrumb":{"@id":"https:\/\/portaltela.pt\/noticias\/2026\/02\/04\/seguro-e-ventura-concentram-campanha-presidencial-em-beja\/#breadcrumb"},"inLanguage":"pt-PT","potentialAction":[{"@type":"ReadAction","target":["https:\/\/portaltela.pt\/noticias\/2026\/02\/04\/seguro-e-ventura-concentram-campanha-presidencial-em-beja\/"]}]},{"@type":"ImageObject","inLanguage":"pt-PT","@id":"https:\/\/portaltela.pt\/noticias\/2026\/02\/04\/seguro-e-ventura-concentram-campanha-presidencial-em-beja\/#primaryimage","url":"https:\/\/portaltela.pt\/s.01k8rhncp4jt1\/2026\/02\/unnamed-file-1113.jpg","contentUrl":"https:\/\/portaltela.pt\/s.01k8rhncp4jt1\/2026\/02\/unnamed-file-1113.jpg","width":796,"height":448,"caption":"Seguro e Ventura doam lonas que seriam para cartazes para cobrirem telhados de casas afetadas pela tempestade"},{"@type":"BreadcrumbList","@id":"https:\/\/portaltela.pt\/noticias\/2026\/02\/04\/seguro-e-ventura-concentram-campanha-presidencial-em-beja\/#breadcrumb","itemListElement":[{"@type":"ListItem","position":1,"name":"In\u00edcio","item":"https:\/\/portaltela.pt\/"},{"@type":"ListItem","position":2,"name":"Seguro e Ventura concentram campanha presidencial em Beja"}]},{"@type":"WebSite","@id":"https:\/\/portaltela.pt\/#website","url":"https:\/\/portaltela.pt\/","name":"Portal Tela Portugal","description":"","potentialAction":[{"@type":"SearchAction","target":{"@type":"EntryPoint","urlTemplate":"https:\/\/portaltela.pt\/?s={search_term_string}"},"query-input":{"@type":"PropertyValueSpecification","valueRequired":true,"valueName":"search_term_string"}}],"inLanguage":"pt-PT"},{"@type":"Person","@id":"https:\/\/portaltela.pt\/#\/schema\/person\/c4278d4a6028830caff9ee44b42d32ed","name":"Telinha","image":{"@type":"ImageObject","inLanguage":"pt-PT","@id":"https:\/\/portaltela.pt\/s.01k8rhncp4jt1\/2025\/11\/talking-bot-125x125.png","url":"https:\/\/portaltela.pt\/s.01k8rhncp4jt1\/2025\/11\/talking-bot-125x125.png","contentUrl":"https:\/\/portaltela.pt\/s.01k8rhncp4jt1\/2025\/11\/talking-bot-125x125.png","caption":"Telinha"},"sameAs":["https:\/\/portaltela.pt\/"],"url":"https:\/\/portaltela.pt\/por\/367410592786\/"}]}},"_links":{"self":[{"href":"https:\/\/portaltela.pt\/api\/wp\/v2\/posts\/195913","targetHints":{"allow":["GET"]}}],"collection":[{"href":"https:\/\/portaltela.pt\/api\/wp\/v2\/posts"}],"about":[{"href":"https:\/\/portaltela.pt\/api\/wp\/v2\/types\/post"}],"author":[{"embeddable":true,"href":"https:\/\/portaltela.pt\/api\/wp\/v2\/users\/2"}],"replies":[{"embeddable":true,"href":"https:\/\/portaltela.pt\/api\/wp\/v2\/comments?post=195913"}],"version-history":[{"count":0,"href":"https:\/\/portaltela.pt\/api\/wp\/v2\/posts\/195913\/revisions"}],"wp:featuredmedia":[{"embeddable":true,"href":"https:\/\/portaltela.pt\/api\/wp\/v2\/media\/195919"}],"wp:attachment":[{"href":"https:\/\/portaltela.pt\/api\/wp\/v2\/media?parent=195913"}],"wp:term":[{"taxonomy":"category","embeddable":true,"href":"https:\/\/portaltela.pt\/api\/wp\/v2\/categories?post=195913"},{"taxonomy":"post_tag","embeddable":true,"href":"https:\/\/portaltela.pt\/api\/wp\/v2\/tags?post=195913"}],"curies":[{"name":"wp","href":"https:\/\/api.w.org\/{rel}","templated":true}]}}