{"id":195881,"date":"2026-02-04T05:41:00","date_gmt":"2026-02-04T08:41:00","guid":{"rendered":"https:\/\/portaltela.pt\/noticias\/2026\/02\/04\/vila-gale-collection-tejo-abre-na-golega-em-2027\/"},"modified":"2026-02-04T05:41:00","modified_gmt":"2026-02-04T08:41:00","slug":"vila-gale-collection-tejo-abre-na-golega-em-2027","status":"publish","type":"post","link":"https:\/\/portaltela.pt\/noticias\/economia\/2026\/02\/04\/vila-gale-collection-tejo-abre-na-golega-em-2027\/","title":{"rendered":"Vila Gal\u00e9 Collection Tejo abre na Goleg\u00e3 em 2027"},"content":{"rendered":"<p>A Vila Gal\u00e9 prev\u00ea abrir 12 hot\u00e9is at\u00e9 ao in\u00edcio de 2028, num investimento estimado de 210 milh\u00f5es de euros. A informa\u00e7\u00e3o foi anunciada hoje pelo grupo, em Lisboa, durante encontro com jornalistas.<\/p>\n<p>O plano inclui seis unidades em Portugal e seis no Brasil. As primeiras aberturas devem ocorrer no Brasil, com foco no S\u00e3o Lu\u00eds do Maranh\u00e3o, onde j\u00e1 se desenvolvem dois hot\u00e9is: Vila Gal\u00e9 Collection S\u00e3o Lu\u00eds (51 quartos) e Vila Gal\u00e9 Collection Maranh\u00e3o (43 quartos).<\/p>\n<p>Para estes projetos no Maranh\u00e3o, a primeira fase abre em novembro e a segunda em junho de 2027, num investimento de 14 milh\u00f5es de euros. O grupo aponta mais quatro unidades no Brasil at\u00e9 2028, incluindo o Vila Gal\u00e9 Florian\u00f3polis (309 quartos, 27 milh\u00f5es de euros) e o Vila Gal\u00e9 Brumadinho (312 quartos, 27 milh\u00f5es), com aberturas previstas em 2028.<\/p>\n<p>Entre outros projetos no Brasil, constam ainda o Vila Gal\u00e9 Coruripe Nep Kids (350 quartos) e o Vila Gal\u00e9 Collection Coruripe Alagoas (144 quartos), com investimento de 35 milh\u00f5es de euros e previs\u00e3o de inaugura\u00e7\u00e3o em 2027. Em Portugal, destacam-se o Vila Gal\u00e9 Collection Pa\u00e7o Real de Caxias (Oeiras, 120 quartos, 16 milh\u00f5es, 2027), o Vila Gal\u00e9 Collection Lisboa (110 quartos, 35 milh\u00f5es, 2028) e o Vila Gal\u00e9 Collection Mirandum, em Miranda do Douro (100 quartos, 16 milh\u00f5es).<\/p>\n<p>Al\u00e9m disso, para 2027 est\u00e1 previsto o Vila Gal\u00e9 Collection Tejo, na Goleg\u00e3, com 116 quartos e 15 milh\u00f5es, e o Vila Gal\u00e9 Collection Penacova (84 quartos, 14 milh\u00f5es), ainda sem data concreta de abertura. O presidente Jorge Rebelo de Almeida apontou refor\u00e7o da presen\u00e7a nos A\u00e7ores, com o Vila Gal\u00e9 Collection Terceira (106 quartos, 16 milh\u00f5es), para 2028.<\/p>\n<p>A administra\u00e7\u00e3o destacou ainda que Mo\u00e7ambique est\u00e1 exclu\u00eddo do momento; Cabo Verde \u00e9 visto como prioridade, com visita prevista para a pr\u00f3xima semana. Em termos de resultados, a Vila Gal\u00e9 anunciou receitas de 321 milh\u00f5es de euros em 2025, mais 15% que o exerc\u00edcio anterior, com perspetivas de crescimento este ano.<\/p>\n<p>No conjunto atual, o grupo j\u00e1 det\u00e9m 52 hot\u00e9is \u2014 34 em Portugal, 13 no Brasil, quatro em Cuba e um na Espanha \u2014 totalizando mais de 10 mil quartos e 25 mil camas. Os hot\u00e9is de Cuba e da Espanha enfrentam sazonalidade e recupera\u00e7\u00e3o tur\u00edstica ap\u00f3s a pandemia, segundo a administra\u00e7\u00e3o.<\/p>\n","protected":false},"excerpt":{"rendered":"<ul>\n<li>A Vila Gal\u00e9 planeia abrir doze hot\u00e9is at\u00e9 ao in\u00edcio de 2028, sendo seis em Portugal e seis no Brasil, num investimento total de 210 milh\u00f5es de euros.<\/li>\n<li>No Brasil, as primeiras aberturas s\u00e3o em S\u00e3o Lu\u00eds do Maranh\u00e3o, com dois hot\u00e9is Vila Gal\u00e9 Collection S\u00e3o Lu\u00eds (51 quartos) e Vila Gal\u00e9 Collection Maranh\u00e3o (43 quartos); a primeira fase abre em novembro e a segunda em junho de 2027, num investimento de 14 milh\u00f5es.<\/li>\n<li>Ainda no Brasil, at\u00e9 2028 est\u00e3o previstas quatro unidades: Vila Gal\u00e9 Florian\u00f3polis (309 quartos, 27 milh\u00f5es de euros; abertura prevista para abril de 2028), Vila Gal\u00e9 Brumadinho (312 quartos; abertura em 2028; investimento de 27 milh\u00f5es), Vila Gal\u00e9 Coruripe Nep Kids (350 quartos; abertura prevista para maio de 2027) e Vila Gal\u00e9 Collection Coruripe Alagoas (144 quartos; investimento de 35 milh\u00f5es).<\/li>\n<li>Em Portugal, destacan-se seis hot\u00e9is, incluindo Vila Gal\u00e9 Collection Pa\u00e7o Real de Caxias, em Oeiras (120 quartos, 16 milh\u00f5es; abertura em 2027), Vila Gal\u00e9 Collection Lisboa (110 quartos, 35 milh\u00f5es; abertura em 2028) e Vila Gal\u00e9 Collection Mirandum, em Miranda do Douro (100 quartos, 16 milh\u00f5es).<\/li>\n<li>Outros projectos incluem Vila Gal\u00e9 Collection Tejo, na Goleg\u00e3 (116 quartos, 15 milh\u00f5es; abertura prevista para 2027) e Vila Gal\u00e9 Collection Penacova (84 quartos, 14 milh\u00f5es; abertura no primeiro trimestre de 2027). A rede inclui ainda a abrir Vila Gal\u00e9 Collection Terceira, nos A\u00e7ores (106 quartos, 16 milh\u00f5es; abertura em 2028).<\/li>\n<\/ul>\n","protected":false},"author":2,"featured_media":195887,"comment_status":"closed","ping_status":"closed","sticky":false,"template":"","format":"standard","meta":{"footnotes":""},"categories":[2,1],"tags":[2547,190,1917,316,1014,169],"class_list":["post-195881","post","type-post","status-publish","format-standard","has-post-thumbnail","hentry","category-economia","category-noticias","tag-brasil","tag-desenvolvimento-economico","tag-hospedagem-local","tag-investimento","tag-portugal","tag-turismo"],"yoast_head":"<!-- This site is optimized with the Yoast SEO plugin v27.2 - https:\/\/yoast.com\/product\/yoast-seo-wordpress\/ -->\n<title>Vila Gal\u00e9 Collection Tejo abre na Goleg\u00e3 em 2027 - Portal Tela Portugal<\/title>\n<meta name=\"robots\" content=\"index, follow, max-snippet:-1, max-image-preview:large, max-video-preview:-1\" \/>\n<meta property=\"og:locale\" content=\"pt_PT\" \/>\n<meta property=\"og:type\" content=\"article\" \/>\n<meta property=\"og:title\" content=\"Vila Gal\u00e9 Collection Tejo abre na Goleg\u00e3 em 2027 - Portal Tela Portugal\" \/>\n<meta property=\"og:description\" content=\"A Vila Gal\u00e9 planeia abrir doze hot\u00e9is at\u00e9 ao in\u00edcio de 2028, sendo seis em Portugal e seis no Brasil, num investimento total de 210 milh\u00f5es de euros. No Brasil, as primeiras aberturas s\u00e3o em S\u00e3o Lu\u00eds do Maranh\u00e3o, com dois hot\u00e9is Vila Gal\u00e9 Collection S\u00e3o Lu\u00eds (51 quartos) e Vila Gal\u00e9 Collection Maranh\u00e3o (43 quartos); a primeira fase abre em novembro e a segunda em junho de 2027, num investimento de 14 milh\u00f5es. Ainda no Brasil, at\u00e9 2028 est\u00e3o previstas quatro unidades: Vila Gal\u00e9 Florian\u00f3polis (309 quartos, 27 milh\u00f5es de euros; abertura prevista para abril de 2028), Vila Gal\u00e9 Brumadinho (312 quartos; abertura em 2028; investimento de 27 milh\u00f5es), Vila Gal\u00e9 Coruripe Nep Kids (350 quartos; abertura prevista para maio de 2027) e Vila Gal\u00e9 Collection Coruripe Alagoas (144 quartos; investimento de 35 milh\u00f5es). Em Portugal, destacan-se seis hot\u00e9is, incluindo Vila Gal\u00e9 Collection Pa\u00e7o Real de Caxias, em Oeiras (120 quartos, 16 milh\u00f5es; abertura em 2027), Vila Gal\u00e9 Collection Lisboa (110 quartos, 35 milh\u00f5es; abertura em 2028) e Vila Gal\u00e9 Collection Mirandum, em Miranda do Douro (100 quartos, 16 milh\u00f5es). Outros projectos incluem Vila Gal\u00e9 Collection Tejo, na Goleg\u00e3 (116 quartos, 15 milh\u00f5es; abertura prevista para 2027) e Vila Gal\u00e9 Collection Penacova (84 quartos, 14 milh\u00f5es; abertura no primeiro trimestre de 2027). A rede inclui ainda a abrir Vila Gal\u00e9 Collection Terceira, nos A\u00e7ores (106 quartos, 16 milh\u00f5es; abertura em 2028).\" \/>\n<meta property=\"og:url\" content=\"https:\/\/portaltela.pt\/noticias\/2026\/02\/04\/vila-gale-collection-tejo-abre-na-golega-em-2027\/\" \/>\n<meta property=\"og:site_name\" content=\"Portal Tela Portugal\" \/>\n<meta property=\"article:published_time\" content=\"2026-02-04T08:41:00+00:00\" \/>\n<meta name=\"author\" content=\"Telinha\" \/>\n<meta name=\"twitter:card\" content=\"summary_large_image\" \/>\n<meta name=\"twitter:label1\" content=\"Escrito por\" \/>\n\t<meta name=\"twitter:data1\" content=\"Telinha\" \/>\n\t<meta name=\"twitter:label2\" content=\"Tempo estimado de leitura\" \/>\n\t<meta name=\"twitter:data2\" content=\"2 minutos\" \/>\n<script type=\"application\/ld+json\" class=\"yoast-schema-graph\">{\"@context\":\"https:\/\/schema.org\",\"@graph\":[{\"@type\":\"Article\",\"@id\":\"https:\/\/portaltela.pt\/noticias\/2026\/02\/04\/vila-gale-collection-tejo-abre-na-golega-em-2027\/#article\",\"isPartOf\":{\"@id\":\"https:\/\/portaltela.pt\/noticias\/2026\/02\/04\/vila-gale-collection-tejo-abre-na-golega-em-2027\/\"},\"author\":{\"name\":\"Telinha\",\"@id\":\"https:\/\/portaltela.pt\/#\/schema\/person\/c4278d4a6028830caff9ee44b42d32ed\"},\"headline\":\"Vila Gal\u00e9 Collection Tejo abre na Goleg\u00e3 em 2027\",\"datePublished\":\"2026-02-04T08:41:00+00:00\",\"mainEntityOfPage\":{\"@id\":\"https:\/\/portaltela.pt\/noticias\/2026\/02\/04\/vila-gale-collection-tejo-abre-na-golega-em-2027\/\"},\"wordCount\":385,\"image\":{\"@id\":\"https:\/\/portaltela.pt\/noticias\/2026\/02\/04\/vila-gale-collection-tejo-abre-na-golega-em-2027\/#primaryimage\"},\"thumbnailUrl\":\"https:\/\/portaltela.pt\/s.01k8rhncp4jt1\/2026\/02\/Jorge_Rebelo_Almeida_Vila_Gale-scaled-1.jpg\",\"keywords\":[\"Brasil\",\"Desenvolvimento econ\u00f3mico\",\"hospedagem local\",\"investimento\",\"Portugal\",\"turismo\"],\"articleSection\":[\"Economia\",\"Not\u00edcias\"],\"inLanguage\":\"pt-PT\"},{\"@type\":\"WebPage\",\"@id\":\"https:\/\/portaltela.pt\/noticias\/2026\/02\/04\/vila-gale-collection-tejo-abre-na-golega-em-2027\/\",\"url\":\"https:\/\/portaltela.pt\/noticias\/2026\/02\/04\/vila-gale-collection-tejo-abre-na-golega-em-2027\/\",\"name\":\"Vila Gal\u00e9 Collection Tejo abre na Goleg\u00e3 em 2027 - Portal Tela Portugal\",\"isPartOf\":{\"@id\":\"https:\/\/portaltela.pt\/#website\"},\"primaryImageOfPage\":{\"@id\":\"https:\/\/portaltela.pt\/noticias\/2026\/02\/04\/vila-gale-collection-tejo-abre-na-golega-em-2027\/#primaryimage\"},\"image\":{\"@id\":\"https:\/\/portaltela.pt\/noticias\/2026\/02\/04\/vila-gale-collection-tejo-abre-na-golega-em-2027\/#primaryimage\"},\"thumbnailUrl\":\"https:\/\/portaltela.pt\/s.01k8rhncp4jt1\/2026\/02\/Jorge_Rebelo_Almeida_Vila_Gale-scaled-1.jpg\",\"datePublished\":\"2026-02-04T08:41:00+00:00\",\"author\":{\"@id\":\"https:\/\/portaltela.pt\/#\/schema\/person\/c4278d4a6028830caff9ee44b42d32ed\"},\"breadcrumb\":{\"@id\":\"https:\/\/portaltela.pt\/noticias\/2026\/02\/04\/vila-gale-collection-tejo-abre-na-golega-em-2027\/#breadcrumb\"},\"inLanguage\":\"pt-PT\",\"potentialAction\":[{\"@type\":\"ReadAction\",\"target\":[\"https:\/\/portaltela.pt\/noticias\/2026\/02\/04\/vila-gale-collection-tejo-abre-na-golega-em-2027\/\"]}]},{\"@type\":\"ImageObject\",\"inLanguage\":\"pt-PT\",\"@id\":\"https:\/\/portaltela.pt\/noticias\/2026\/02\/04\/vila-gale-collection-tejo-abre-na-golega-em-2027\/#primaryimage\",\"url\":\"https:\/\/portaltela.pt\/s.01k8rhncp4jt1\/2026\/02\/Jorge_Rebelo_Almeida_Vila_Gale-scaled-1.jpg\",\"contentUrl\":\"https:\/\/portaltela.pt\/s.01k8rhncp4jt1\/2026\/02\/Jorge_Rebelo_Almeida_Vila_Gale-scaled-1.jpg\",\"width\":796,\"height\":448,\"caption\":\"Vila Gal\u00e9 investe na transforma\u00e7\u00e3o da Escola Pr\u00e1tica de Cavalaria de Santar\u00e9m numa moderna unidade hoteleira\"},{\"@type\":\"BreadcrumbList\",\"@id\":\"https:\/\/portaltela.pt\/noticias\/2026\/02\/04\/vila-gale-collection-tejo-abre-na-golega-em-2027\/#breadcrumb\",\"itemListElement\":[{\"@type\":\"ListItem\",\"position\":1,\"name\":\"In\u00edcio\",\"item\":\"https:\/\/portaltela.pt\/\"},{\"@type\":\"ListItem\",\"position\":2,\"name\":\"Vila Gal\u00e9 Collection Tejo abre na Goleg\u00e3 em 2027\"}]},{\"@type\":\"WebSite\",\"@id\":\"https:\/\/portaltela.pt\/#website\",\"url\":\"https:\/\/portaltela.pt\/\",\"name\":\"Portal Tela Portugal\",\"description\":\"\",\"potentialAction\":[{\"@type\":\"SearchAction\",\"target\":{\"@type\":\"EntryPoint\",\"urlTemplate\":\"https:\/\/portaltela.pt\/?s={search_term_string}\"},\"query-input\":{\"@type\":\"PropertyValueSpecification\",\"valueRequired\":true,\"valueName\":\"search_term_string\"}}],\"inLanguage\":\"pt-PT\"},{\"@type\":\"Person\",\"@id\":\"https:\/\/portaltela.pt\/#\/schema\/person\/c4278d4a6028830caff9ee44b42d32ed\",\"name\":\"Telinha\",\"image\":{\"@type\":\"ImageObject\",\"inLanguage\":\"pt-PT\",\"@id\":\"https:\/\/portaltela.pt\/s.01k8rhncp4jt1\/2025\/11\/talking-bot-125x125.png\",\"url\":\"https:\/\/portaltela.pt\/s.01k8rhncp4jt1\/2025\/11\/talking-bot-125x125.png\",\"contentUrl\":\"https:\/\/portaltela.pt\/s.01k8rhncp4jt1\/2025\/11\/talking-bot-125x125.png\",\"caption\":\"Telinha\"},\"sameAs\":[\"https:\/\/portaltela.pt\/\"],\"url\":\"https:\/\/portaltela.pt\/por\/367410592786\/\"}]}<\/script>\n<!-- \/ Yoast SEO plugin. -->","yoast_head_json":{"title":"Vila Gal\u00e9 Collection Tejo abre na Goleg\u00e3 em 2027 - Portal Tela Portugal","robots":{"index":"index","follow":"follow","max-snippet":"max-snippet:-1","max-image-preview":"max-image-preview:large","max-video-preview":"max-video-preview:-1"},"og_locale":"pt_PT","og_type":"article","og_title":"Vila Gal\u00e9 Collection Tejo abre na Goleg\u00e3 em 2027 - Portal Tela Portugal","og_description":"A Vila Gal\u00e9 planeia abrir doze hot\u00e9is at\u00e9 ao in\u00edcio de 2028, sendo seis em Portugal e seis no Brasil, num investimento total de 210 milh\u00f5es de euros. No Brasil, as primeiras aberturas s\u00e3o em S\u00e3o Lu\u00eds do Maranh\u00e3o, com dois hot\u00e9is Vila Gal\u00e9 Collection S\u00e3o Lu\u00eds (51 quartos) e Vila Gal\u00e9 Collection Maranh\u00e3o (43 quartos); a primeira fase abre em novembro e a segunda em junho de 2027, num investimento de 14 milh\u00f5es. Ainda no Brasil, at\u00e9 2028 est\u00e3o previstas quatro unidades: Vila Gal\u00e9 Florian\u00f3polis (309 quartos, 27 milh\u00f5es de euros; abertura prevista para abril de 2028), Vila Gal\u00e9 Brumadinho (312 quartos; abertura em 2028; investimento de 27 milh\u00f5es), Vila Gal\u00e9 Coruripe Nep Kids (350 quartos; abertura prevista para maio de 2027) e Vila Gal\u00e9 Collection Coruripe Alagoas (144 quartos; investimento de 35 milh\u00f5es). Em Portugal, destacan-se seis hot\u00e9is, incluindo Vila Gal\u00e9 Collection Pa\u00e7o Real de Caxias, em Oeiras (120 quartos, 16 milh\u00f5es; abertura em 2027), Vila Gal\u00e9 Collection Lisboa (110 quartos, 35 milh\u00f5es; abertura em 2028) e Vila Gal\u00e9 Collection Mirandum, em Miranda do Douro (100 quartos, 16 milh\u00f5es). Outros projectos incluem Vila Gal\u00e9 Collection Tejo, na Goleg\u00e3 (116 quartos, 15 milh\u00f5es; abertura prevista para 2027) e Vila Gal\u00e9 Collection Penacova (84 quartos, 14 milh\u00f5es; abertura no primeiro trimestre de 2027). A rede inclui ainda a abrir Vila Gal\u00e9 Collection Terceira, nos A\u00e7ores (106 quartos, 16 milh\u00f5es; abertura em 2028).","og_url":"https:\/\/portaltela.pt\/noticias\/2026\/02\/04\/vila-gale-collection-tejo-abre-na-golega-em-2027\/","og_site_name":"Portal Tela Portugal","article_published_time":"2026-02-04T08:41:00+00:00","author":"Telinha","twitter_card":"summary_large_image","twitter_misc":{"Escrito por":"Telinha","Tempo estimado de leitura":"2 minutos"},"schema":{"@context":"https:\/\/schema.org","@graph":[{"@type":"Article","@id":"https:\/\/portaltela.pt\/noticias\/2026\/02\/04\/vila-gale-collection-tejo-abre-na-golega-em-2027\/#article","isPartOf":{"@id":"https:\/\/portaltela.pt\/noticias\/2026\/02\/04\/vila-gale-collection-tejo-abre-na-golega-em-2027\/"},"author":{"name":"Telinha","@id":"https:\/\/portaltela.pt\/#\/schema\/person\/c4278d4a6028830caff9ee44b42d32ed"},"headline":"Vila Gal\u00e9 Collection Tejo abre na Goleg\u00e3 em 2027","datePublished":"2026-02-04T08:41:00+00:00","mainEntityOfPage":{"@id":"https:\/\/portaltela.pt\/noticias\/2026\/02\/04\/vila-gale-collection-tejo-abre-na-golega-em-2027\/"},"wordCount":385,"image":{"@id":"https:\/\/portaltela.pt\/noticias\/2026\/02\/04\/vila-gale-collection-tejo-abre-na-golega-em-2027\/#primaryimage"},"thumbnailUrl":"https:\/\/portaltela.pt\/s.01k8rhncp4jt1\/2026\/02\/Jorge_Rebelo_Almeida_Vila_Gale-scaled-1.jpg","keywords":["Brasil","Desenvolvimento econ\u00f3mico","hospedagem local","investimento","Portugal","turismo"],"articleSection":["Economia","Not\u00edcias"],"inLanguage":"pt-PT"},{"@type":"WebPage","@id":"https:\/\/portaltela.pt\/noticias\/2026\/02\/04\/vila-gale-collection-tejo-abre-na-golega-em-2027\/","url":"https:\/\/portaltela.pt\/noticias\/2026\/02\/04\/vila-gale-collection-tejo-abre-na-golega-em-2027\/","name":"Vila Gal\u00e9 Collection Tejo abre na Goleg\u00e3 em 2027 - Portal Tela Portugal","isPartOf":{"@id":"https:\/\/portaltela.pt\/#website"},"primaryImageOfPage":{"@id":"https:\/\/portaltela.pt\/noticias\/2026\/02\/04\/vila-gale-collection-tejo-abre-na-golega-em-2027\/#primaryimage"},"image":{"@id":"https:\/\/portaltela.pt\/noticias\/2026\/02\/04\/vila-gale-collection-tejo-abre-na-golega-em-2027\/#primaryimage"},"thumbnailUrl":"https:\/\/portaltela.pt\/s.01k8rhncp4jt1\/2026\/02\/Jorge_Rebelo_Almeida_Vila_Gale-scaled-1.jpg","datePublished":"2026-02-04T08:41:00+00:00","author":{"@id":"https:\/\/portaltela.pt\/#\/schema\/person\/c4278d4a6028830caff9ee44b42d32ed"},"breadcrumb":{"@id":"https:\/\/portaltela.pt\/noticias\/2026\/02\/04\/vila-gale-collection-tejo-abre-na-golega-em-2027\/#breadcrumb"},"inLanguage":"pt-PT","potentialAction":[{"@type":"ReadAction","target":["https:\/\/portaltela.pt\/noticias\/2026\/02\/04\/vila-gale-collection-tejo-abre-na-golega-em-2027\/"]}]},{"@type":"ImageObject","inLanguage":"pt-PT","@id":"https:\/\/portaltela.pt\/noticias\/2026\/02\/04\/vila-gale-collection-tejo-abre-na-golega-em-2027\/#primaryimage","url":"https:\/\/portaltela.pt\/s.01k8rhncp4jt1\/2026\/02\/Jorge_Rebelo_Almeida_Vila_Gale-scaled-1.jpg","contentUrl":"https:\/\/portaltela.pt\/s.01k8rhncp4jt1\/2026\/02\/Jorge_Rebelo_Almeida_Vila_Gale-scaled-1.jpg","width":796,"height":448,"caption":"Vila Gal\u00e9 investe na transforma\u00e7\u00e3o da Escola Pr\u00e1tica de Cavalaria de Santar\u00e9m numa moderna unidade hoteleira"},{"@type":"BreadcrumbList","@id":"https:\/\/portaltela.pt\/noticias\/2026\/02\/04\/vila-gale-collection-tejo-abre-na-golega-em-2027\/#breadcrumb","itemListElement":[{"@type":"ListItem","position":1,"name":"In\u00edcio","item":"https:\/\/portaltela.pt\/"},{"@type":"ListItem","position":2,"name":"Vila Gal\u00e9 Collection Tejo abre na Goleg\u00e3 em 2027"}]},{"@type":"WebSite","@id":"https:\/\/portaltela.pt\/#website","url":"https:\/\/portaltela.pt\/","name":"Portal Tela Portugal","description":"","potentialAction":[{"@type":"SearchAction","target":{"@type":"EntryPoint","urlTemplate":"https:\/\/portaltela.pt\/?s={search_term_string}"},"query-input":{"@type":"PropertyValueSpecification","valueRequired":true,"valueName":"search_term_string"}}],"inLanguage":"pt-PT"},{"@type":"Person","@id":"https:\/\/portaltela.pt\/#\/schema\/person\/c4278d4a6028830caff9ee44b42d32ed","name":"Telinha","image":{"@type":"ImageObject","inLanguage":"pt-PT","@id":"https:\/\/portaltela.pt\/s.01k8rhncp4jt1\/2025\/11\/talking-bot-125x125.png","url":"https:\/\/portaltela.pt\/s.01k8rhncp4jt1\/2025\/11\/talking-bot-125x125.png","contentUrl":"https:\/\/portaltela.pt\/s.01k8rhncp4jt1\/2025\/11\/talking-bot-125x125.png","caption":"Telinha"},"sameAs":["https:\/\/portaltela.pt\/"],"url":"https:\/\/portaltela.pt\/por\/367410592786\/"}]}},"_links":{"self":[{"href":"https:\/\/portaltela.pt\/api\/wp\/v2\/posts\/195881","targetHints":{"allow":["GET"]}}],"collection":[{"href":"https:\/\/portaltela.pt\/api\/wp\/v2\/posts"}],"about":[{"href":"https:\/\/portaltela.pt\/api\/wp\/v2\/types\/post"}],"author":[{"embeddable":true,"href":"https:\/\/portaltela.pt\/api\/wp\/v2\/users\/2"}],"replies":[{"embeddable":true,"href":"https:\/\/portaltela.pt\/api\/wp\/v2\/comments?post=195881"}],"version-history":[{"count":0,"href":"https:\/\/portaltela.pt\/api\/wp\/v2\/posts\/195881\/revisions"}],"wp:featuredmedia":[{"embeddable":true,"href":"https:\/\/portaltela.pt\/api\/wp\/v2\/media\/195887"}],"wp:attachment":[{"href":"https:\/\/portaltela.pt\/api\/wp\/v2\/media?parent=195881"}],"wp:term":[{"taxonomy":"category","embeddable":true,"href":"https:\/\/portaltela.pt\/api\/wp\/v2\/categories?post=195881"},{"taxonomy":"post_tag","embeddable":true,"href":"https:\/\/portaltela.pt\/api\/wp\/v2\/tags?post=195881"}],"curies":[{"name":"wp","href":"https:\/\/api.w.org\/{rel}","templated":true}]}}