{"id":195857,"date":"2026-02-04T05:29:13","date_gmt":"2026-02-04T08:29:13","guid":{"rendered":"https:\/\/portaltela.pt\/noticias\/2026\/02\/04\/forcas-armadas-posicionam-42-botes-para-mitigar-mau-tempo\/"},"modified":"2026-02-04T05:29:13","modified_gmt":"2026-02-04T08:29:13","slug":"forcas-armadas-posicionam-42-botes-para-mitigar-mau-tempo","status":"publish","type":"post","link":"https:\/\/portaltela.pt\/noticias\/2026\/02\/04\/forcas-armadas-posicionam-42-botes-para-mitigar-mau-tempo\/","title":{"rendered":"For\u00e7as Armadas posicionam 42 botes para mitigar mau tempo"},"content":{"rendered":"<p>As for\u00e7as Armadas refor\u00e7aram o apoio \u00e0s popula\u00e7\u00f5es face \u00e0 previs\u00e3o de agravamento das condi\u00e7\u00f5es meteorol\u00f3gicas. O dispositivo inclui meios humanos e materiais distribu\u00eddos por v\u00e1rias zonas do pa\u00eds, para mitigar impactos de tempestades.<\/p>\n<p>Em comunicado citado pela ag\u00eancia Lusa, o gabinete do chefe do Estado-Maior-General das For\u00e7as Armadas anunciou o posicionamento de 42 botes e das respetivas equipas, com o objetivo de responder rapidamente a cheias, inunda\u00e7\u00f5es ou isolamentos.<\/p>\n<p>O refor\u00e7o foi efetuado na ter\u00e7a-feira e abrange as zonas de Coimbra, Tancos e \u00c1gueda, consideradas priorit\u00e1rias pelos riscos associados ao mau tempo. O objetivo \u00e9 assegurar capacidade de interven\u00e7\u00e3o r\u00e1pida junto de popula\u00e7\u00f5es vulner\u00e1veis.<\/p>\n<h3>Medidas e meios dispon\u00edveis<\/h3>\n<p>Desde 28 de janeiro, est\u00e3o em apoio direto 4.117 militares, apoiados por 478 viaturas e 46 m\u00e1quinas de engenharia, mobilizados para v\u00e1rias ocorr\u00eancias relacionadas com o mau tempo.<\/p>\n<p>Entre as a\u00e7\u00f5es, destacam-se 23 interven\u00e7\u00f5es de desobstru\u00e7\u00e3o e limpeza de vias rodovi\u00e1rias, com mais seis opera\u00e7\u00f5es em curso para esse fim.<\/p>\n<p>No apoio social, foram assistidas 361 pessoas com alojamento e alimenta\u00e7\u00e3o, e 80 sacos-cama foram disponibilizados para situa\u00e7\u00f5es de emerg\u00eancia.<\/p>\n<p>As For\u00e7as Armadas disponibilizaram ainda equipamentos para assegurar infraestruturas cr\u00edticas e manter comunica\u00e7\u00f5es: 28 geradores e 23 equipamentos Starlink, para refor\u00e7ar comunica\u00e7\u00f5es de emerg\u00eancia.<\/p>\n<p>O dispositivo tamb\u00e9m prev\u00ea capacidade de acolhimento, com 1.860 camas em 15 unidades militares, e alimenta\u00e7\u00e3o dispon\u00edvel em v\u00e1rias unidades, caso haja necessidade de apoiar deslocados.<\/p>\n<p>No plano a\u00e9reo, mant\u00eam-se seis helic\u00f3pteros dispon\u00edveis, uma aeronave C-130 da For\u00e7a A\u00e9rea e uma aeronave P3C de reconhecimento, para apoiar a resposta \u00e0 situa\u00e7\u00e3o meteorol\u00f3gica.<\/p>\n","protected":false},"excerpt":{"rendered":"<ul>\n<li>quarenta e dois botes e equipas foram posicionados pelas For\u00e7as Armadas em Coimbra, Tancos e \u00c1gueda, para mitigar impactos de mau tempo.<\/li>\n<li>o objetivo \u00e9 garantir resposta r\u00e1pida a cen\u00e1rios de cheias, inunda\u00e7\u00f5es ou isolamento de popula\u00e7\u00f5es, segundo o EMGFA, citado pela ag\u00eancia Lusa.<\/li>\n<li>desde vinte e oito de janeiro, quatro mil cento e dezessete militares apoiaram popula\u00e7\u00f5es, com quatrocentos e setenta e oito viaturas e quarenta e seis m\u00e1quinas de engenharia.<\/li>\n<li>pelas a\u00e7\u00f5es realizadas, destacam-se vinte e tr\u00eas interven\u00e7\u00f5es de desobstru\u00e7\u00e3o e limpeza de vias, seis em curso; trezentas e sessenta e um pessoas alojadas e alimentadas; oitenta sacos-cama dispon\u00edveis.<\/li>\n<li>no plano de meios, h\u00e1 vinte e oito geradores e vinte e tr\u00eas equipamentos Starlink; h\u00e1 mil oitocentos e sessenta camas dispon\u00edveis em quinze unidades; seis helic\u00f3pteros, uma aeronave C-130 e uma P-3C da For\u00e7a A\u00e9rea.<\/li>\n<\/ul>\n","protected":false},"author":2,"featured_media":195865,"comment_status":"closed","ping_status":"closed","sticky":false,"template":"","format":"standard","meta":{"footnotes":""},"categories":[1],"tags":[2625,1070,4519,1779,320,5351],"class_list":["post-195857","post","type-post","status-publish","format-standard","has-post-thumbnail","hentry","category-noticias","tag-aeronautica","tag-coimbra","tag-evacuacoes","tag-forcas-armadas","tag-protecao-civil","tag-tancos"],"yoast_head":"<!-- This site is optimized with the Yoast SEO plugin v27.2 - https:\/\/yoast.com\/product\/yoast-seo-wordpress\/ -->\n<title>For\u00e7as Armadas posicionam 42 botes para mitigar mau tempo - Portal Tela Portugal<\/title>\n<meta name=\"robots\" content=\"index, follow, max-snippet:-1, max-image-preview:large, max-video-preview:-1\" \/>\n<meta property=\"og:locale\" content=\"pt_PT\" \/>\n<meta property=\"og:type\" content=\"article\" \/>\n<meta property=\"og:title\" content=\"For\u00e7as Armadas posicionam 42 botes para mitigar mau tempo - Portal Tela Portugal\" \/>\n<meta property=\"og:description\" content=\"quarenta e dois botes e equipas foram posicionados pelas For\u00e7as Armadas em Coimbra, Tancos e \u00c1gueda, para mitigar impactos de mau tempo. o objetivo \u00e9 garantir resposta r\u00e1pida a cen\u00e1rios de cheias, inunda\u00e7\u00f5es ou isolamento de popula\u00e7\u00f5es, segundo o EMGFA, citado pela ag\u00eancia Lusa. desde vinte e oito de janeiro, quatro mil cento e dezessete militares apoiaram popula\u00e7\u00f5es, com quatrocentos e setenta e oito viaturas e quarenta e seis m\u00e1quinas de engenharia. pelas a\u00e7\u00f5es realizadas, destacam-se vinte e tr\u00eas interven\u00e7\u00f5es de desobstru\u00e7\u00e3o e limpeza de vias, seis em curso; trezentas e sessenta e um pessoas alojadas e alimentadas; oitenta sacos-cama dispon\u00edveis. no plano de meios, h\u00e1 vinte e oito geradores e vinte e tr\u00eas equipamentos Starlink; h\u00e1 mil oitocentos e sessenta camas dispon\u00edveis em quinze unidades; seis helic\u00f3pteros, uma aeronave C-130 e uma P-3C da For\u00e7a A\u00e9rea.\" \/>\n<meta property=\"og:url\" content=\"https:\/\/portaltela.pt\/noticias\/2026\/02\/04\/forcas-armadas-posicionam-42-botes-para-mitigar-mau-tempo\/\" \/>\n<meta property=\"og:site_name\" content=\"Portal Tela Portugal\" \/>\n<meta property=\"article:published_time\" content=\"2026-02-04T08:29:13+00:00\" \/>\n<meta name=\"author\" content=\"Telinha\" \/>\n<meta name=\"twitter:card\" content=\"summary_large_image\" \/>\n<meta name=\"twitter:label1\" content=\"Escrito por\" \/>\n\t<meta name=\"twitter:data1\" content=\"Telinha\" \/>\n\t<meta name=\"twitter:label2\" content=\"Tempo estimado de leitura\" \/>\n\t<meta name=\"twitter:data2\" content=\"1 minuto\" \/>\n<script type=\"application\/ld+json\" class=\"yoast-schema-graph\">{\"@context\":\"https:\/\/schema.org\",\"@graph\":[{\"@type\":\"Article\",\"@id\":\"https:\/\/portaltela.pt\/noticias\/2026\/02\/04\/forcas-armadas-posicionam-42-botes-para-mitigar-mau-tempo\/#article\",\"isPartOf\":{\"@id\":\"https:\/\/portaltela.pt\/noticias\/2026\/02\/04\/forcas-armadas-posicionam-42-botes-para-mitigar-mau-tempo\/\"},\"author\":{\"name\":\"Telinha\",\"@id\":\"https:\/\/portaltela.pt\/#\/schema\/person\/c4278d4a6028830caff9ee44b42d32ed\"},\"headline\":\"For\u00e7as Armadas posicionam 42 botes para mitigar mau tempo\",\"datePublished\":\"2026-02-04T08:29:13+00:00\",\"mainEntityOfPage\":{\"@id\":\"https:\/\/portaltela.pt\/noticias\/2026\/02\/04\/forcas-armadas-posicionam-42-botes-para-mitigar-mau-tempo\/\"},\"wordCount\":300,\"image\":{\"@id\":\"https:\/\/portaltela.pt\/noticias\/2026\/02\/04\/forcas-armadas-posicionam-42-botes-para-mitigar-mau-tempo\/#primaryimage\"},\"thumbnailUrl\":\"https:\/\/portaltela.pt\/s.01k8rhncp4jt1\/2026\/02\/unnamed-file-1109.jpg\",\"keywords\":[\"aeron\u00e1utica\",\"Coimbra\",\"evacua\u00e7\u00f5es\",\"For\u00e7as Armadas\",\"prote\u00e7\u00e3o civil\",\"Tancos\"],\"articleSection\":[\"Not\u00edcias\"],\"inLanguage\":\"pt-PT\"},{\"@type\":\"WebPage\",\"@id\":\"https:\/\/portaltela.pt\/noticias\/2026\/02\/04\/forcas-armadas-posicionam-42-botes-para-mitigar-mau-tempo\/\",\"url\":\"https:\/\/portaltela.pt\/noticias\/2026\/02\/04\/forcas-armadas-posicionam-42-botes-para-mitigar-mau-tempo\/\",\"name\":\"For\u00e7as Armadas posicionam 42 botes para mitigar mau tempo - Portal Tela Portugal\",\"isPartOf\":{\"@id\":\"https:\/\/portaltela.pt\/#website\"},\"primaryImageOfPage\":{\"@id\":\"https:\/\/portaltela.pt\/noticias\/2026\/02\/04\/forcas-armadas-posicionam-42-botes-para-mitigar-mau-tempo\/#primaryimage\"},\"image\":{\"@id\":\"https:\/\/portaltela.pt\/noticias\/2026\/02\/04\/forcas-armadas-posicionam-42-botes-para-mitigar-mau-tempo\/#primaryimage\"},\"thumbnailUrl\":\"https:\/\/portaltela.pt\/s.01k8rhncp4jt1\/2026\/02\/unnamed-file-1109.jpg\",\"datePublished\":\"2026-02-04T08:29:13+00:00\",\"author\":{\"@id\":\"https:\/\/portaltela.pt\/#\/schema\/person\/c4278d4a6028830caff9ee44b42d32ed\"},\"breadcrumb\":{\"@id\":\"https:\/\/portaltela.pt\/noticias\/2026\/02\/04\/forcas-armadas-posicionam-42-botes-para-mitigar-mau-tempo\/#breadcrumb\"},\"inLanguage\":\"pt-PT\",\"potentialAction\":[{\"@type\":\"ReadAction\",\"target\":[\"https:\/\/portaltela.pt\/noticias\/2026\/02\/04\/forcas-armadas-posicionam-42-botes-para-mitigar-mau-tempo\/\"]}]},{\"@type\":\"ImageObject\",\"inLanguage\":\"pt-PT\",\"@id\":\"https:\/\/portaltela.pt\/noticias\/2026\/02\/04\/forcas-armadas-posicionam-42-botes-para-mitigar-mau-tempo\/#primaryimage\",\"url\":\"https:\/\/portaltela.pt\/s.01k8rhncp4jt1\/2026\/02\/unnamed-file-1109.jpg\",\"contentUrl\":\"https:\/\/portaltela.pt\/s.01k8rhncp4jt1\/2026\/02\/unnamed-file-1109.jpg\",\"width\":796,\"height\":448,\"caption\":\"For\u00e7as Armadas posicionam 42 botes para mitigar impacto do mau tempo\"},{\"@type\":\"BreadcrumbList\",\"@id\":\"https:\/\/portaltela.pt\/noticias\/2026\/02\/04\/forcas-armadas-posicionam-42-botes-para-mitigar-mau-tempo\/#breadcrumb\",\"itemListElement\":[{\"@type\":\"ListItem\",\"position\":1,\"name\":\"In\u00edcio\",\"item\":\"https:\/\/portaltela.pt\/\"},{\"@type\":\"ListItem\",\"position\":2,\"name\":\"For\u00e7as Armadas posicionam 42 botes para mitigar mau tempo\"}]},{\"@type\":\"WebSite\",\"@id\":\"https:\/\/portaltela.pt\/#website\",\"url\":\"https:\/\/portaltela.pt\/\",\"name\":\"Portal Tela Portugal\",\"description\":\"\",\"potentialAction\":[{\"@type\":\"SearchAction\",\"target\":{\"@type\":\"EntryPoint\",\"urlTemplate\":\"https:\/\/portaltela.pt\/?s={search_term_string}\"},\"query-input\":{\"@type\":\"PropertyValueSpecification\",\"valueRequired\":true,\"valueName\":\"search_term_string\"}}],\"inLanguage\":\"pt-PT\"},{\"@type\":\"Person\",\"@id\":\"https:\/\/portaltela.pt\/#\/schema\/person\/c4278d4a6028830caff9ee44b42d32ed\",\"name\":\"Telinha\",\"image\":{\"@type\":\"ImageObject\",\"inLanguage\":\"pt-PT\",\"@id\":\"https:\/\/portaltela.pt\/s.01k8rhncp4jt1\/2025\/11\/talking-bot-125x125.png\",\"url\":\"https:\/\/portaltela.pt\/s.01k8rhncp4jt1\/2025\/11\/talking-bot-125x125.png\",\"contentUrl\":\"https:\/\/portaltela.pt\/s.01k8rhncp4jt1\/2025\/11\/talking-bot-125x125.png\",\"caption\":\"Telinha\"},\"sameAs\":[\"https:\/\/portaltela.pt\/\"],\"url\":\"https:\/\/portaltela.pt\/por\/367410592786\/\"}]}<\/script>\n<!-- \/ Yoast SEO plugin. -->","yoast_head_json":{"title":"For\u00e7as Armadas posicionam 42 botes para mitigar mau tempo - Portal Tela Portugal","robots":{"index":"index","follow":"follow","max-snippet":"max-snippet:-1","max-image-preview":"max-image-preview:large","max-video-preview":"max-video-preview:-1"},"og_locale":"pt_PT","og_type":"article","og_title":"For\u00e7as Armadas posicionam 42 botes para mitigar mau tempo - Portal Tela Portugal","og_description":"quarenta e dois botes e equipas foram posicionados pelas For\u00e7as Armadas em Coimbra, Tancos e \u00c1gueda, para mitigar impactos de mau tempo. o objetivo \u00e9 garantir resposta r\u00e1pida a cen\u00e1rios de cheias, inunda\u00e7\u00f5es ou isolamento de popula\u00e7\u00f5es, segundo o EMGFA, citado pela ag\u00eancia Lusa. desde vinte e oito de janeiro, quatro mil cento e dezessete militares apoiaram popula\u00e7\u00f5es, com quatrocentos e setenta e oito viaturas e quarenta e seis m\u00e1quinas de engenharia. pelas a\u00e7\u00f5es realizadas, destacam-se vinte e tr\u00eas interven\u00e7\u00f5es de desobstru\u00e7\u00e3o e limpeza de vias, seis em curso; trezentas e sessenta e um pessoas alojadas e alimentadas; oitenta sacos-cama dispon\u00edveis. no plano de meios, h\u00e1 vinte e oito geradores e vinte e tr\u00eas equipamentos Starlink; h\u00e1 mil oitocentos e sessenta camas dispon\u00edveis em quinze unidades; seis helic\u00f3pteros, uma aeronave C-130 e uma P-3C da For\u00e7a A\u00e9rea.","og_url":"https:\/\/portaltela.pt\/noticias\/2026\/02\/04\/forcas-armadas-posicionam-42-botes-para-mitigar-mau-tempo\/","og_site_name":"Portal Tela Portugal","article_published_time":"2026-02-04T08:29:13+00:00","author":"Telinha","twitter_card":"summary_large_image","twitter_misc":{"Escrito por":"Telinha","Tempo estimado de leitura":"1 minuto"},"schema":{"@context":"https:\/\/schema.org","@graph":[{"@type":"Article","@id":"https:\/\/portaltela.pt\/noticias\/2026\/02\/04\/forcas-armadas-posicionam-42-botes-para-mitigar-mau-tempo\/#article","isPartOf":{"@id":"https:\/\/portaltela.pt\/noticias\/2026\/02\/04\/forcas-armadas-posicionam-42-botes-para-mitigar-mau-tempo\/"},"author":{"name":"Telinha","@id":"https:\/\/portaltela.pt\/#\/schema\/person\/c4278d4a6028830caff9ee44b42d32ed"},"headline":"For\u00e7as Armadas posicionam 42 botes para mitigar mau tempo","datePublished":"2026-02-04T08:29:13+00:00","mainEntityOfPage":{"@id":"https:\/\/portaltela.pt\/noticias\/2026\/02\/04\/forcas-armadas-posicionam-42-botes-para-mitigar-mau-tempo\/"},"wordCount":300,"image":{"@id":"https:\/\/portaltela.pt\/noticias\/2026\/02\/04\/forcas-armadas-posicionam-42-botes-para-mitigar-mau-tempo\/#primaryimage"},"thumbnailUrl":"https:\/\/portaltela.pt\/s.01k8rhncp4jt1\/2026\/02\/unnamed-file-1109.jpg","keywords":["aeron\u00e1utica","Coimbra","evacua\u00e7\u00f5es","For\u00e7as Armadas","prote\u00e7\u00e3o civil","Tancos"],"articleSection":["Not\u00edcias"],"inLanguage":"pt-PT"},{"@type":"WebPage","@id":"https:\/\/portaltela.pt\/noticias\/2026\/02\/04\/forcas-armadas-posicionam-42-botes-para-mitigar-mau-tempo\/","url":"https:\/\/portaltela.pt\/noticias\/2026\/02\/04\/forcas-armadas-posicionam-42-botes-para-mitigar-mau-tempo\/","name":"For\u00e7as Armadas posicionam 42 botes para mitigar mau tempo - Portal Tela Portugal","isPartOf":{"@id":"https:\/\/portaltela.pt\/#website"},"primaryImageOfPage":{"@id":"https:\/\/portaltela.pt\/noticias\/2026\/02\/04\/forcas-armadas-posicionam-42-botes-para-mitigar-mau-tempo\/#primaryimage"},"image":{"@id":"https:\/\/portaltela.pt\/noticias\/2026\/02\/04\/forcas-armadas-posicionam-42-botes-para-mitigar-mau-tempo\/#primaryimage"},"thumbnailUrl":"https:\/\/portaltela.pt\/s.01k8rhncp4jt1\/2026\/02\/unnamed-file-1109.jpg","datePublished":"2026-02-04T08:29:13+00:00","author":{"@id":"https:\/\/portaltela.pt\/#\/schema\/person\/c4278d4a6028830caff9ee44b42d32ed"},"breadcrumb":{"@id":"https:\/\/portaltela.pt\/noticias\/2026\/02\/04\/forcas-armadas-posicionam-42-botes-para-mitigar-mau-tempo\/#breadcrumb"},"inLanguage":"pt-PT","potentialAction":[{"@type":"ReadAction","target":["https:\/\/portaltela.pt\/noticias\/2026\/02\/04\/forcas-armadas-posicionam-42-botes-para-mitigar-mau-tempo\/"]}]},{"@type":"ImageObject","inLanguage":"pt-PT","@id":"https:\/\/portaltela.pt\/noticias\/2026\/02\/04\/forcas-armadas-posicionam-42-botes-para-mitigar-mau-tempo\/#primaryimage","url":"https:\/\/portaltela.pt\/s.01k8rhncp4jt1\/2026\/02\/unnamed-file-1109.jpg","contentUrl":"https:\/\/portaltela.pt\/s.01k8rhncp4jt1\/2026\/02\/unnamed-file-1109.jpg","width":796,"height":448,"caption":"For\u00e7as Armadas posicionam 42 botes para mitigar impacto do mau tempo"},{"@type":"BreadcrumbList","@id":"https:\/\/portaltela.pt\/noticias\/2026\/02\/04\/forcas-armadas-posicionam-42-botes-para-mitigar-mau-tempo\/#breadcrumb","itemListElement":[{"@type":"ListItem","position":1,"name":"In\u00edcio","item":"https:\/\/portaltela.pt\/"},{"@type":"ListItem","position":2,"name":"For\u00e7as Armadas posicionam 42 botes para mitigar mau tempo"}]},{"@type":"WebSite","@id":"https:\/\/portaltela.pt\/#website","url":"https:\/\/portaltela.pt\/","name":"Portal Tela Portugal","description":"","potentialAction":[{"@type":"SearchAction","target":{"@type":"EntryPoint","urlTemplate":"https:\/\/portaltela.pt\/?s={search_term_string}"},"query-input":{"@type":"PropertyValueSpecification","valueRequired":true,"valueName":"search_term_string"}}],"inLanguage":"pt-PT"},{"@type":"Person","@id":"https:\/\/portaltela.pt\/#\/schema\/person\/c4278d4a6028830caff9ee44b42d32ed","name":"Telinha","image":{"@type":"ImageObject","inLanguage":"pt-PT","@id":"https:\/\/portaltela.pt\/s.01k8rhncp4jt1\/2025\/11\/talking-bot-125x125.png","url":"https:\/\/portaltela.pt\/s.01k8rhncp4jt1\/2025\/11\/talking-bot-125x125.png","contentUrl":"https:\/\/portaltela.pt\/s.01k8rhncp4jt1\/2025\/11\/talking-bot-125x125.png","caption":"Telinha"},"sameAs":["https:\/\/portaltela.pt\/"],"url":"https:\/\/portaltela.pt\/por\/367410592786\/"}]}},"_links":{"self":[{"href":"https:\/\/portaltela.pt\/api\/wp\/v2\/posts\/195857","targetHints":{"allow":["GET"]}}],"collection":[{"href":"https:\/\/portaltela.pt\/api\/wp\/v2\/posts"}],"about":[{"href":"https:\/\/portaltela.pt\/api\/wp\/v2\/types\/post"}],"author":[{"embeddable":true,"href":"https:\/\/portaltela.pt\/api\/wp\/v2\/users\/2"}],"replies":[{"embeddable":true,"href":"https:\/\/portaltela.pt\/api\/wp\/v2\/comments?post=195857"}],"version-history":[{"count":0,"href":"https:\/\/portaltela.pt\/api\/wp\/v2\/posts\/195857\/revisions"}],"wp:featuredmedia":[{"embeddable":true,"href":"https:\/\/portaltela.pt\/api\/wp\/v2\/media\/195865"}],"wp:attachment":[{"href":"https:\/\/portaltela.pt\/api\/wp\/v2\/media?parent=195857"}],"wp:term":[{"taxonomy":"category","embeddable":true,"href":"https:\/\/portaltela.pt\/api\/wp\/v2\/categories?post=195857"},{"taxonomy":"post_tag","embeddable":true,"href":"https:\/\/portaltela.pt\/api\/wp\/v2\/tags?post=195857"}],"curies":[{"name":"wp","href":"https:\/\/api.w.org\/{rel}","templated":true}]}}